{"id":256367,"date":"2017-05-17T14:59:00","date_gmt":"2017-05-17T12:59:00","guid":{"rendered":"http:\/\/hudo.com\/si\/2017\/05\/17\/bo-orban-lobiral-za-2-tir-pri-jansi-v-mariboru\/"},"modified":"2017-05-17T14:59:00","modified_gmt":"2017-05-17T12:59:00","slug":"bo-orban-lobiral-za-2-tir-pri-jansi-v-mariboru","status":"publish","type":"post","link":"https:\/\/hudo.com\/si\/aktualno\/bo-orban-lobiral-za-2-tir-pri-jansi-v-mariboru\/","title":{"rendered":"Bo Orban lobiral za 2. tir pri Jan\u0161i v Mariboru?"},"content":{"rendered":"<p>Kategorija: Politika Wed, 17 May 2017 16:59:00 +0200  Ljubljana &#8211; O morebitnem obisku predsednika Fidesz in predsednika mad\u017earske vlade v Mariboru Viktorju Orbanu se \u0161u\u0161lja \u017ee dalj \u010dasa, po vseh poizvedovanjih pa zanikanja informacije, da pride na kongres SDS, ni bilo. Janez Jan\u0161a in Viktor Orban sta namre\u010d velika prijatelja. Iz dobro obve\u0161\u010denih krogov vemo, da so mad\u017earske oblasti \u017ee pred nekaj meseci napovedale, da se lahko zgodi, da Viktor Orban pride v Slovenijo. Potrditve, da dejansko pride v soboto, nimamo, na mad\u017earskem veleposlani\u0161tvu kot v uradu predsednika mad\u017earske vlade so mol\u010de\u010di, ko ne zanikajo ne potrjujejo udele\u017ebe. Je pa lahko vloga Orbana zanimiva v lu\u010di izgradnje 2. tira, saj Mad\u017earska ka\u017ee mo\u010dan interes za sodelovanje, medtem ko je SDS napovedala zbiranje podpisov za razpis referenduma. Ko na to temo vpra\u0161amo premierja Mira Cerarja, kako komentira zanimiv troj\u010dek odnosov med Slovenijo,\u00a0&#8230;<\/p>\n","protected":false},"excerpt":{"rendered":"<p>Kategorija: Politika Wed, 17 May 2017 16:59:00 +0200  Ljubljana &#8211; O morebitnem obisku predsednika Fidesz in predsednika mad\u017earske vlade v Mariboru Viktorju Orbanu se \u0161u\u0161lja \u017ee dalj \u010dasa, po vseh poizvedovanjih pa zanikanja informacije, da pride na kongres SDS, ni bilo. Janez Jan\u0161a in Viktor Orban sta namre\u010d velika prijatelja. Iz dobro obve\u0161\u010denih krogov vemo, da so mad\u017earske oblasti \u017ee pred nekaj meseci napovedale, da se lahko zgodi, da Viktor Orban pride v Slovenijo. Potrditve, da dejansko pride v soboto, nimamo, na mad\u017earskem veleposlani\u0161tvu kot v uradu predsednika mad\u017earske vlade so mol\u010de\u010di, ko ne zanikajo ne potrjujejo udele\u017ebe. Je pa lahko vloga Orbana zanimiva v lu\u010di izgradnje 2. tira, saj Mad\u017earska ka\u017ee mo\u010dan interes za sodelovanje, medtem ko je SDS napovedala zbiranje podpisov za razpis referenduma. Ko na to temo vpra\u0161amo premierja Mira Cerarja, kako komentira zanimiv troj\u010dek odnosov med Slovenijo,\u00a0&#8230;<\/p>\n","protected":false},"author":1,"featured_media":0,"comment_status":"closed","ping_status":"closed","sticky":false,"template":"","format":"standard","meta":{"footnotes":""},"categories":[1179],"tags":[],"source":[1703],"supertag":[],"acf":[],"yoast_head":"<!-- This site is optimized with the Yoast SEO plugin v21.3 - https:\/\/yoast.com\/wordpress\/plugins\/seo\/ -->\n<title>Bo Orban lobiral za 2. tir pri Jan\u0161i v Mariboru? - Hudo Slovenija<\/title>\n<meta name=\"robots\" content=\"index, follow, max-snippet:-1, max-image-preview:large, max-video-preview:-1\" \/>\n<link rel=\"canonical\" href=\"https:\/\/hudo.com\/si\/aktualno\/bo-orban-lobiral-za-2-tir-pri-jansi-v-mariboru\/\" \/>\n<meta property=\"og:locale\" content=\"sl_SI\" \/>\n<meta property=\"og:type\" content=\"article\" \/>\n<meta property=\"og:title\" content=\"Bo Orban lobiral za 2. tir pri Jan\u0161i v Mariboru? - Hudo Slovenija\" \/>\n<meta property=\"og:description\" content=\"Kategorija: Politika Wed, 17 May 2017 16:59:00 +0200 Ljubljana - O morebitnem obisku predsednika Fidesz in predsednika mad\u017earske vlade v Mariboru Viktorju Orbanu se \u0161u\u0161lja \u017ee dalj \u010dasa, po vseh poizvedovanjih pa zanikanja informacije, da pride na kongres SDS, ni bilo. Janez Jan\u0161a in Viktor Orban sta namre\u010d velika prijatelja. Iz dobro obve\u0161\u010denih krogov vemo, da so mad\u017earske oblasti \u017ee pred nekaj meseci napovedale, da se lahko zgodi, da Viktor Orban pride v Slovenijo. Potrditve, da dejansko pride v soboto, nimamo, na mad\u017earskem veleposlani\u0161tvu kot v uradu predsednika mad\u017earske vlade so mol\u010de\u010di, ko ne zanikajo ne potrjujejo udele\u017ebe. Je pa lahko vloga Orbana zanimiva v lu\u010di izgradnje 2. tira, saj Mad\u017earska ka\u017ee mo\u010dan interes za sodelovanje, medtem ko je SDS napovedala zbiranje podpisov za razpis referenduma. Ko na to temo vpra\u0161amo premierja Mira Cerarja, kako komentira zanimiv troj\u010dek odnosov med Slovenijo,\u00a0...\" \/>\n<meta property=\"og:url\" content=\"https:\/\/hudo.com\/si\/aktualno\/bo-orban-lobiral-za-2-tir-pri-jansi-v-mariboru\/\" \/>\n<meta property=\"og:site_name\" content=\"Hudo Slovenija\" \/>\n<meta property=\"article:publisher\" content=\"https:\/\/www.facebook.com\/hudo.si\" \/>\n<meta property=\"article:published_time\" content=\"2017-05-17T12:59:00+00:00\" \/>\n<meta property=\"og:image\" content=\"https:\/\/hudo.com\/si\/wp-content\/uploads\/sites\/2\/2017\/05\/480x290_AFP_Photo-20170315133108-85719600.jpeg\" \/>\n\t<meta property=\"og:image:width\" content=\"480\" \/>\n\t<meta property=\"og:image:height\" content=\"290\" \/>\n\t<meta property=\"og:image:type\" content=\"image\/jpeg\" \/>\n<meta name=\"author\" content=\"hudo\" \/>\n<meta name=\"twitter:card\" content=\"summary_large_image\" \/>\n<meta name=\"twitter:creator\" content=\"@hudo_si\" \/>\n<meta name=\"twitter:site\" content=\"@hudo_si\" \/>\n<meta name=\"twitter:label1\" content=\"Written by\" \/>\n\t<meta name=\"twitter:data1\" content=\"hudo\" \/>\n\t<meta name=\"twitter:label2\" content=\"Est. reading time\" \/>\n\t<meta name=\"twitter:data2\" content=\"1 minuta\" \/>\n<script type=\"application\/ld+json\" class=\"yoast-schema-graph\">{\"@context\":\"https:\/\/schema.org\",\"@graph\":[{\"@type\":\"Article\",\"@id\":\"https:\/\/hudo.com\/si\/aktualno\/bo-orban-lobiral-za-2-tir-pri-jansi-v-mariboru\/#article\",\"isPartOf\":{\"@id\":\"https:\/\/hudo.com\/si\/aktualno\/bo-orban-lobiral-za-2-tir-pri-jansi-v-mariboru\/\"},\"author\":{\"name\":\"hudo\",\"@id\":\"https:\/\/hudo.com\/si\/#\/schema\/person\/601cf3379633985b20f7e50f2bb47707\"},\"headline\":\"Bo Orban lobiral za 2. tir pri Jan\u0161i v Mariboru?\",\"datePublished\":\"2017-05-17T12:59:00+00:00\",\"dateModified\":\"2017-05-17T12:59:00+00:00\",\"mainEntityOfPage\":{\"@id\":\"https:\/\/hudo.com\/si\/aktualno\/bo-orban-lobiral-za-2-tir-pri-jansi-v-mariboru\/\"},\"wordCount\":163,\"publisher\":{\"@id\":\"https:\/\/hudo.com\/si\/#organization\"},\"articleSection\":[\"Aktualno\"],\"inLanguage\":\"sl-SI\"},{\"@type\":\"WebPage\",\"@id\":\"https:\/\/hudo.com\/si\/aktualno\/bo-orban-lobiral-za-2-tir-pri-jansi-v-mariboru\/\",\"url\":\"https:\/\/hudo.com\/si\/aktualno\/bo-orban-lobiral-za-2-tir-pri-jansi-v-mariboru\/\",\"name\":\"Bo Orban lobiral za 2. tir pri Jan\u0161i v Mariboru? - Hudo Slovenija\",\"isPartOf\":{\"@id\":\"https:\/\/hudo.com\/si\/#website\"},\"datePublished\":\"2017-05-17T12:59:00+00:00\",\"dateModified\":\"2017-05-17T12:59:00+00:00\",\"breadcrumb\":{\"@id\":\"https:\/\/hudo.com\/si\/aktualno\/bo-orban-lobiral-za-2-tir-pri-jansi-v-mariboru\/#breadcrumb\"},\"inLanguage\":\"sl-SI\",\"potentialAction\":[{\"@type\":\"ReadAction\",\"target\":[\"https:\/\/hudo.com\/si\/aktualno\/bo-orban-lobiral-za-2-tir-pri-jansi-v-mariboru\/\"]}]},{\"@type\":\"BreadcrumbList\",\"@id\":\"https:\/\/hudo.com\/si\/aktualno\/bo-orban-lobiral-za-2-tir-pri-jansi-v-mariboru\/#breadcrumb\",\"itemListElement\":[{\"@type\":\"ListItem\",\"position\":1,\"name\":\"Home\",\"item\":\"https:\/\/hudo.com\/si\/\"},{\"@type\":\"ListItem\",\"position\":2,\"name\":\"Bo Orban lobiral za 2. tir pri Jan\u0161i v Mariboru?\"}]},{\"@type\":\"WebSite\",\"@id\":\"https:\/\/hudo.com\/si\/#website\",\"url\":\"https:\/\/hudo.com\/si\/\",\"name\":\"Hudo Slovenija\",\"description\":\"Vse novice iz Slovenije in sveta\",\"publisher\":{\"@id\":\"https:\/\/hudo.com\/si\/#organization\"},\"potentialAction\":[{\"@type\":\"SearchAction\",\"target\":{\"@type\":\"EntryPoint\",\"urlTemplate\":\"https:\/\/hudo.com\/si\/?s={search_term_string}\"},\"query-input\":\"required name=search_term_string\"}],\"inLanguage\":\"sl-SI\"},{\"@type\":\"Organization\",\"@id\":\"https:\/\/hudo.com\/si\/#organization\",\"name\":\"VSN Media\",\"url\":\"https:\/\/hudo.com\/si\/\",\"logo\":{\"@type\":\"ImageObject\",\"inLanguage\":\"sl-SI\",\"@id\":\"https:\/\/hudo.com\/si\/#\/schema\/logo\/image\/\",\"url\":\"https:\/\/hudo.com\/si\/wp-content\/uploads\/sites\/2\/2021\/03\/hudo-app-2.png\",\"contentUrl\":\"https:\/\/hudo.com\/si\/wp-content\/uploads\/sites\/2\/2021\/03\/hudo-app-2.png\",\"width\":2185,\"height\":2167,\"caption\":\"VSN Media\"},\"image\":{\"@id\":\"https:\/\/hudo.com\/si\/#\/schema\/logo\/image\/\"},\"sameAs\":[\"https:\/\/www.facebook.com\/hudo.si\",\"https:\/\/twitter.com\/hudo_si\"]},{\"@type\":\"Person\",\"@id\":\"https:\/\/hudo.com\/si\/#\/schema\/person\/601cf3379633985b20f7e50f2bb47707\",\"name\":\"hudo\",\"image\":{\"@type\":\"ImageObject\",\"inLanguage\":\"sl-SI\",\"@id\":\"https:\/\/hudo.com\/si\/#\/schema\/person\/image\/\",\"url\":\"https:\/\/secure.gravatar.com\/avatar\/c4ca25fa72cace7a696b52ff5db9e095?s=96&d=mm&r=g\",\"contentUrl\":\"https:\/\/secure.gravatar.com\/avatar\/c4ca25fa72cace7a696b52ff5db9e095?s=96&d=mm&r=g\",\"caption\":\"hudo\"},\"url\":\"https:\/\/hudo.com\/si\/author\/hudo\/\"}]}<\/script>\n<!-- \/ Yoast SEO plugin. -->","yoast_head_json":{"title":"Bo Orban lobiral za 2. tir pri Jan\u0161i v Mariboru? - Hudo Slovenija","robots":{"index":"index","follow":"follow","max-snippet":"max-snippet:-1","max-image-preview":"max-image-preview:large","max-video-preview":"max-video-preview:-1"},"canonical":"https:\/\/hudo.com\/si\/aktualno\/bo-orban-lobiral-za-2-tir-pri-jansi-v-mariboru\/","og_locale":"sl_SI","og_type":"article","og_title":"Bo Orban lobiral za 2. tir pri Jan\u0161i v Mariboru? - Hudo Slovenija","og_description":"Kategorija: Politika Wed, 17 May 2017 16:59:00 +0200 Ljubljana - O morebitnem obisku predsednika Fidesz in predsednika mad\u017earske vlade v Mariboru Viktorju Orbanu se \u0161u\u0161lja \u017ee dalj \u010dasa, po vseh poizvedovanjih pa zanikanja informacije, da pride na kongres SDS, ni bilo. Janez Jan\u0161a in Viktor Orban sta namre\u010d velika prijatelja. Iz dobro obve\u0161\u010denih krogov vemo, da so mad\u017earske oblasti \u017ee pred nekaj meseci napovedale, da se lahko zgodi, da Viktor Orban pride v Slovenijo. Potrditve, da dejansko pride v soboto, nimamo, na mad\u017earskem veleposlani\u0161tvu kot v uradu predsednika mad\u017earske vlade so mol\u010de\u010di, ko ne zanikajo ne potrjujejo udele\u017ebe. Je pa lahko vloga Orbana zanimiva v lu\u010di izgradnje 2. tira, saj Mad\u017earska ka\u017ee mo\u010dan interes za sodelovanje, medtem ko je SDS napovedala zbiranje podpisov za razpis referenduma. Ko na to temo vpra\u0161amo premierja Mira Cerarja, kako komentira zanimiv troj\u010dek odnosov med Slovenijo,\u00a0...","og_url":"https:\/\/hudo.com\/si\/aktualno\/bo-orban-lobiral-za-2-tir-pri-jansi-v-mariboru\/","og_site_name":"Hudo Slovenija","article_publisher":"https:\/\/www.facebook.com\/hudo.si","article_published_time":"2017-05-17T12:59:00+00:00","og_image":[{"width":480,"height":290,"url":"https:\/\/hudo.com\/si\/wp-content\/uploads\/sites\/2\/2017\/05\/480x290_AFP_Photo-20170315133108-85719600.jpeg","type":"image\/jpeg"}],"author":"hudo","twitter_card":"summary_large_image","twitter_creator":"@hudo_si","twitter_site":"@hudo_si","twitter_misc":{"Written by":"hudo","Est. reading time":"1 minuta"},"schema":{"@context":"https:\/\/schema.org","@graph":[{"@type":"Article","@id":"https:\/\/hudo.com\/si\/aktualno\/bo-orban-lobiral-za-2-tir-pri-jansi-v-mariboru\/#article","isPartOf":{"@id":"https:\/\/hudo.com\/si\/aktualno\/bo-orban-lobiral-za-2-tir-pri-jansi-v-mariboru\/"},"author":{"name":"hudo","@id":"https:\/\/hudo.com\/si\/#\/schema\/person\/601cf3379633985b20f7e50f2bb47707"},"headline":"Bo Orban lobiral za 2. tir pri Jan\u0161i v Mariboru?","datePublished":"2017-05-17T12:59:00+00:00","dateModified":"2017-05-17T12:59:00+00:00","mainEntityOfPage":{"@id":"https:\/\/hudo.com\/si\/aktualno\/bo-orban-lobiral-za-2-tir-pri-jansi-v-mariboru\/"},"wordCount":163,"publisher":{"@id":"https:\/\/hudo.com\/si\/#organization"},"articleSection":["Aktualno"],"inLanguage":"sl-SI"},{"@type":"WebPage","@id":"https:\/\/hudo.com\/si\/aktualno\/bo-orban-lobiral-za-2-tir-pri-jansi-v-mariboru\/","url":"https:\/\/hudo.com\/si\/aktualno\/bo-orban-lobiral-za-2-tir-pri-jansi-v-mariboru\/","name":"Bo Orban lobiral za 2. tir pri Jan\u0161i v Mariboru? - Hudo Slovenija","isPartOf":{"@id":"https:\/\/hudo.com\/si\/#website"},"datePublished":"2017-05-17T12:59:00+00:00","dateModified":"2017-05-17T12:59:00+00:00","breadcrumb":{"@id":"https:\/\/hudo.com\/si\/aktualno\/bo-orban-lobiral-za-2-tir-pri-jansi-v-mariboru\/#breadcrumb"},"inLanguage":"sl-SI","potentialAction":[{"@type":"ReadAction","target":["https:\/\/hudo.com\/si\/aktualno\/bo-orban-lobiral-za-2-tir-pri-jansi-v-mariboru\/"]}]},{"@type":"BreadcrumbList","@id":"https:\/\/hudo.com\/si\/aktualno\/bo-orban-lobiral-za-2-tir-pri-jansi-v-mariboru\/#breadcrumb","itemListElement":[{"@type":"ListItem","position":1,"name":"Home","item":"https:\/\/hudo.com\/si\/"},{"@type":"ListItem","position":2,"name":"Bo Orban lobiral za 2. tir pri Jan\u0161i v Mariboru?"}]},{"@type":"WebSite","@id":"https:\/\/hudo.com\/si\/#website","url":"https:\/\/hudo.com\/si\/","name":"Hudo Slovenija","description":"Vse novice iz Slovenije in sveta","publisher":{"@id":"https:\/\/hudo.com\/si\/#organization"},"potentialAction":[{"@type":"SearchAction","target":{"@type":"EntryPoint","urlTemplate":"https:\/\/hudo.com\/si\/?s={search_term_string}"},"query-input":"required name=search_term_string"}],"inLanguage":"sl-SI"},{"@type":"Organization","@id":"https:\/\/hudo.com\/si\/#organization","name":"VSN Media","url":"https:\/\/hudo.com\/si\/","logo":{"@type":"ImageObject","inLanguage":"sl-SI","@id":"https:\/\/hudo.com\/si\/#\/schema\/logo\/image\/","url":"https:\/\/hudo.com\/si\/wp-content\/uploads\/sites\/2\/2021\/03\/hudo-app-2.png","contentUrl":"https:\/\/hudo.com\/si\/wp-content\/uploads\/sites\/2\/2021\/03\/hudo-app-2.png","width":2185,"height":2167,"caption":"VSN Media"},"image":{"@id":"https:\/\/hudo.com\/si\/#\/schema\/logo\/image\/"},"sameAs":["https:\/\/www.facebook.com\/hudo.si","https:\/\/twitter.com\/hudo_si"]},{"@type":"Person","@id":"https:\/\/hudo.com\/si\/#\/schema\/person\/601cf3379633985b20f7e50f2bb47707","name":"hudo","image":{"@type":"ImageObject","inLanguage":"sl-SI","@id":"https:\/\/hudo.com\/si\/#\/schema\/person\/image\/","url":"https:\/\/secure.gravatar.com\/avatar\/c4ca25fa72cace7a696b52ff5db9e095?s=96&d=mm&r=g","contentUrl":"https:\/\/secure.gravatar.com\/avatar\/c4ca25fa72cace7a696b52ff5db9e095?s=96&d=mm&r=g","caption":"hudo"},"url":"https:\/\/hudo.com\/si\/author\/hudo\/"}]}},"amp_enabled":true,"_links":{"self":[{"href":"https:\/\/hudo.com\/si\/wp-json\/wp\/v2\/posts\/256367"}],"collection":[{"href":"https:\/\/hudo.com\/si\/wp-json\/wp\/v2\/posts"}],"about":[{"href":"https:\/\/hudo.com\/si\/wp-json\/wp\/v2\/types\/post"}],"author":[{"embeddable":true,"href":"https:\/\/hudo.com\/si\/wp-json\/wp\/v2\/users\/1"}],"replies":[{"embeddable":true,"href":"https:\/\/hudo.com\/si\/wp-json\/wp\/v2\/comments?post=256367"}],"version-history":[{"count":0,"href":"https:\/\/hudo.com\/si\/wp-json\/wp\/v2\/posts\/256367\/revisions"}],"wp:attachment":[{"href":"https:\/\/hudo.com\/si\/wp-json\/wp\/v2\/media?parent=256367"}],"wp:term":[{"taxonomy":"category","embeddable":true,"href":"https:\/\/hudo.com\/si\/wp-json\/wp\/v2\/categories?post=256367"},{"taxonomy":"post_tag","embeddable":true,"href":"https:\/\/hudo.com\/si\/wp-json\/wp\/v2\/tags?post=256367"},{"taxonomy":"source","embeddable":true,"href":"https:\/\/hudo.com\/si\/wp-json\/wp\/v2\/source?post=256367"},{"taxonomy":"supertag","embeddable":true,"href":"https:\/\/hudo.com\/si\/wp-json\/wp\/v2\/supertag?post=256367"}],"curies":[{"name":"wp","href":"https:\/\/api.w.org\/{rel}","templated":true}]}}