{"id":256412,"date":"2017-05-17T17:40:00","date_gmt":"2017-05-17T15:40:00","guid":{"rendered":"http:\/\/hudo.com\/si\/2017\/05\/17\/cerar-ce-bo-referendum-bo-ustavil-drugi-tir\/"},"modified":"2017-05-17T17:40:00","modified_gmt":"2017-05-17T15:40:00","slug":"cerar-ce-bo-referendum-bo-ustavil-drugi-tir","status":"publish","type":"post","link":"https:\/\/hudo.com\/si\/aktualno\/cerar-ce-bo-referendum-bo-ustavil-drugi-tir\/","title":{"rendered":"Cerar: \u010ce bo referendum, bo ustavil drugi tir"},"content":{"rendered":"<p>Kategorija: Politika Wed, 17 May 2017 19:40:00 +0200  Ljubljana \u2013 \u00bbTega referenduma ne sme biti. \u010ce bo, bo to ustavilo projekt, za katerega so si prizadevale vse dosedanje vlade. Vsem, ki zbirajo podpise za referendum, bi rad povedal, da s tem prevzemajo zelo veliko odgovornost, da bi zru\u0161ili projekt, ki je za vse v dr\u017eavi klju\u010den,\u00ab je dejal premier Miro Cerar na dana\u0161nji tiskovni konferenci. Ni se pustil zmotiti provokacijam glavnega nosilca referendumske pobude Vilija Kova\u010di\u010da z o\u010ditki, da je diktator. Premier Cerar je zagotovil, da njegova vlada vodi projekt ves \u010das transparentno, na o\u010deh javnosti, zakonito in na na\u010din, ki omogo\u010da stabilnost javnih financ. Upo\u0161tevali so tudi pripombe KPK in ra\u010dunskega sodi\u0161\u010da in vzpostavili konstruktiven dialog s svetoma za nadzor projekta in Luko Koper. Civilni iniciativi so omogo\u010dili, da ima predstavnika v projektnem finan\u010dnem svetu. \u00bbZaradi vlo\u017eenega\u00a0&#8230;<\/p>\n","protected":false},"excerpt":{"rendered":"<p>Kategorija: Politika Wed, 17 May 2017 19:40:00 +0200  Ljubljana \u2013 \u00bbTega referenduma ne sme biti. \u010ce bo, bo to ustavilo projekt, za katerega so si prizadevale vse dosedanje vlade. Vsem, ki zbirajo podpise za referendum, bi rad povedal, da s tem prevzemajo zelo veliko odgovornost, da bi zru\u0161ili projekt, ki je za vse v dr\u017eavi klju\u010den,\u00ab je dejal premier Miro Cerar na dana\u0161nji tiskovni konferenci. Ni se pustil zmotiti provokacijam glavnega nosilca referendumske pobude Vilija Kova\u010di\u010da z o\u010ditki, da je diktator. Premier Cerar je zagotovil, da njegova vlada vodi projekt ves \u010das transparentno, na o\u010deh javnosti, zakonito in na na\u010din, ki omogo\u010da stabilnost javnih financ. Upo\u0161tevali so tudi pripombe KPK in ra\u010dunskega sodi\u0161\u010da in vzpostavili konstruktiven dialog s svetoma za nadzor projekta in Luko Koper. Civilni iniciativi so omogo\u010dili, da ima predstavnika v projektnem finan\u010dnem svetu. \u00bbZaradi vlo\u017eenega\u00a0&#8230;<\/p>\n","protected":false},"author":1,"featured_media":0,"comment_status":"closed","ping_status":"closed","sticky":false,"template":"","format":"standard","meta":{"footnotes":""},"categories":[1179],"tags":[],"source":[1703],"supertag":[],"acf":[],"yoast_head":"<!-- This site is optimized with the Yoast SEO plugin v21.3 - https:\/\/yoast.com\/wordpress\/plugins\/seo\/ -->\n<title>Cerar: \u010ce bo referendum, bo ustavil drugi tir - Hudo Slovenija<\/title>\n<meta name=\"robots\" content=\"index, follow, max-snippet:-1, max-image-preview:large, max-video-preview:-1\" \/>\n<link rel=\"canonical\" href=\"https:\/\/hudo.com\/si\/aktualno\/cerar-ce-bo-referendum-bo-ustavil-drugi-tir\/\" \/>\n<meta property=\"og:locale\" content=\"sl_SI\" \/>\n<meta property=\"og:type\" content=\"article\" \/>\n<meta property=\"og:title\" content=\"Cerar: \u010ce bo referendum, bo ustavil drugi tir - Hudo Slovenija\" \/>\n<meta property=\"og:description\" content=\"Kategorija: Politika Wed, 17 May 2017 19:40:00 +0200 Ljubljana \u2013 \u00bbTega referenduma ne sme biti. \u010ce bo, bo to ustavilo projekt, za katerega so si prizadevale vse dosedanje vlade. Vsem, ki zbirajo podpise za referendum, bi rad povedal, da s tem prevzemajo zelo veliko odgovornost, da bi zru\u0161ili projekt, ki je za vse v dr\u017eavi klju\u010den,\u00ab je dejal premier Miro Cerar na dana\u0161nji tiskovni konferenci. Ni se pustil zmotiti provokacijam glavnega nosilca referendumske pobude Vilija Kova\u010di\u010da z o\u010ditki, da je diktator. Premier Cerar je zagotovil, da njegova vlada vodi projekt ves \u010das transparentno, na o\u010deh javnosti, zakonito in na na\u010din, ki omogo\u010da stabilnost javnih financ. Upo\u0161tevali so tudi pripombe KPK in ra\u010dunskega sodi\u0161\u010da in vzpostavili konstruktiven dialog s svetoma za nadzor projekta in Luko Koper. Civilni iniciativi so omogo\u010dili, da ima predstavnika v projektnem finan\u010dnem svetu. \u00bbZaradi vlo\u017eenega\u00a0...\" \/>\n<meta property=\"og:url\" content=\"https:\/\/hudo.com\/si\/aktualno\/cerar-ce-bo-referendum-bo-ustavil-drugi-tir\/\" \/>\n<meta property=\"og:site_name\" content=\"Hudo Slovenija\" \/>\n<meta property=\"article:publisher\" content=\"https:\/\/www.facebook.com\/hudo.si\" \/>\n<meta property=\"article:published_time\" content=\"2017-05-17T15:40:00+00:00\" \/>\n<meta property=\"og:image\" content=\"https:\/\/hudo.com\/si\/wp-content\/uploads\/sites\/2\/2017\/05\/480x290_3_stran__Delo_Foto_20170517.1_hires0.jpeg\" \/>\n\t<meta property=\"og:image:width\" content=\"480\" \/>\n\t<meta property=\"og:image:height\" content=\"290\" \/>\n\t<meta property=\"og:image:type\" content=\"image\/jpeg\" \/>\n<meta name=\"author\" content=\"hudo\" \/>\n<meta name=\"twitter:card\" content=\"summary_large_image\" \/>\n<meta name=\"twitter:creator\" content=\"@hudo_si\" \/>\n<meta name=\"twitter:site\" content=\"@hudo_si\" \/>\n<meta name=\"twitter:label1\" content=\"Written by\" \/>\n\t<meta name=\"twitter:data1\" content=\"hudo\" \/>\n\t<meta name=\"twitter:label2\" content=\"Est. reading time\" \/>\n\t<meta name=\"twitter:data2\" content=\"1 minuta\" \/>\n<script type=\"application\/ld+json\" class=\"yoast-schema-graph\">{\"@context\":\"https:\/\/schema.org\",\"@graph\":[{\"@type\":\"Article\",\"@id\":\"https:\/\/hudo.com\/si\/aktualno\/cerar-ce-bo-referendum-bo-ustavil-drugi-tir\/#article\",\"isPartOf\":{\"@id\":\"https:\/\/hudo.com\/si\/aktualno\/cerar-ce-bo-referendum-bo-ustavil-drugi-tir\/\"},\"author\":{\"name\":\"hudo\",\"@id\":\"https:\/\/hudo.com\/si\/#\/schema\/person\/601cf3379633985b20f7e50f2bb47707\"},\"headline\":\"Cerar: \u010ce bo referendum, bo ustavil drugi tir\",\"datePublished\":\"2017-05-17T15:40:00+00:00\",\"dateModified\":\"2017-05-17T15:40:00+00:00\",\"mainEntityOfPage\":{\"@id\":\"https:\/\/hudo.com\/si\/aktualno\/cerar-ce-bo-referendum-bo-ustavil-drugi-tir\/\"},\"wordCount\":157,\"publisher\":{\"@id\":\"https:\/\/hudo.com\/si\/#organization\"},\"articleSection\":[\"Aktualno\"],\"inLanguage\":\"sl-SI\"},{\"@type\":\"WebPage\",\"@id\":\"https:\/\/hudo.com\/si\/aktualno\/cerar-ce-bo-referendum-bo-ustavil-drugi-tir\/\",\"url\":\"https:\/\/hudo.com\/si\/aktualno\/cerar-ce-bo-referendum-bo-ustavil-drugi-tir\/\",\"name\":\"Cerar: \u010ce bo referendum, bo ustavil drugi tir - Hudo Slovenija\",\"isPartOf\":{\"@id\":\"https:\/\/hudo.com\/si\/#website\"},\"datePublished\":\"2017-05-17T15:40:00+00:00\",\"dateModified\":\"2017-05-17T15:40:00+00:00\",\"breadcrumb\":{\"@id\":\"https:\/\/hudo.com\/si\/aktualno\/cerar-ce-bo-referendum-bo-ustavil-drugi-tir\/#breadcrumb\"},\"inLanguage\":\"sl-SI\",\"potentialAction\":[{\"@type\":\"ReadAction\",\"target\":[\"https:\/\/hudo.com\/si\/aktualno\/cerar-ce-bo-referendum-bo-ustavil-drugi-tir\/\"]}]},{\"@type\":\"BreadcrumbList\",\"@id\":\"https:\/\/hudo.com\/si\/aktualno\/cerar-ce-bo-referendum-bo-ustavil-drugi-tir\/#breadcrumb\",\"itemListElement\":[{\"@type\":\"ListItem\",\"position\":1,\"name\":\"Home\",\"item\":\"https:\/\/hudo.com\/si\/\"},{\"@type\":\"ListItem\",\"position\":2,\"name\":\"Cerar: \u010ce bo referendum, bo ustavil drugi tir\"}]},{\"@type\":\"WebSite\",\"@id\":\"https:\/\/hudo.com\/si\/#website\",\"url\":\"https:\/\/hudo.com\/si\/\",\"name\":\"Hudo Slovenija\",\"description\":\"Vse novice iz Slovenije in sveta\",\"publisher\":{\"@id\":\"https:\/\/hudo.com\/si\/#organization\"},\"potentialAction\":[{\"@type\":\"SearchAction\",\"target\":{\"@type\":\"EntryPoint\",\"urlTemplate\":\"https:\/\/hudo.com\/si\/?s={search_term_string}\"},\"query-input\":\"required name=search_term_string\"}],\"inLanguage\":\"sl-SI\"},{\"@type\":\"Organization\",\"@id\":\"https:\/\/hudo.com\/si\/#organization\",\"name\":\"VSN Media\",\"url\":\"https:\/\/hudo.com\/si\/\",\"logo\":{\"@type\":\"ImageObject\",\"inLanguage\":\"sl-SI\",\"@id\":\"https:\/\/hudo.com\/si\/#\/schema\/logo\/image\/\",\"url\":\"https:\/\/hudo.com\/si\/wp-content\/uploads\/sites\/2\/2021\/03\/hudo-app-2.png\",\"contentUrl\":\"https:\/\/hudo.com\/si\/wp-content\/uploads\/sites\/2\/2021\/03\/hudo-app-2.png\",\"width\":2185,\"height\":2167,\"caption\":\"VSN Media\"},\"image\":{\"@id\":\"https:\/\/hudo.com\/si\/#\/schema\/logo\/image\/\"},\"sameAs\":[\"https:\/\/www.facebook.com\/hudo.si\",\"https:\/\/twitter.com\/hudo_si\"]},{\"@type\":\"Person\",\"@id\":\"https:\/\/hudo.com\/si\/#\/schema\/person\/601cf3379633985b20f7e50f2bb47707\",\"name\":\"hudo\",\"image\":{\"@type\":\"ImageObject\",\"inLanguage\":\"sl-SI\",\"@id\":\"https:\/\/hudo.com\/si\/#\/schema\/person\/image\/\",\"url\":\"https:\/\/secure.gravatar.com\/avatar\/c4ca25fa72cace7a696b52ff5db9e095?s=96&d=mm&r=g\",\"contentUrl\":\"https:\/\/secure.gravatar.com\/avatar\/c4ca25fa72cace7a696b52ff5db9e095?s=96&d=mm&r=g\",\"caption\":\"hudo\"},\"url\":\"https:\/\/hudo.com\/si\/author\/hudo\/\"}]}<\/script>\n<!-- \/ Yoast SEO plugin. -->","yoast_head_json":{"title":"Cerar: \u010ce bo referendum, bo ustavil drugi tir - Hudo Slovenija","robots":{"index":"index","follow":"follow","max-snippet":"max-snippet:-1","max-image-preview":"max-image-preview:large","max-video-preview":"max-video-preview:-1"},"canonical":"https:\/\/hudo.com\/si\/aktualno\/cerar-ce-bo-referendum-bo-ustavil-drugi-tir\/","og_locale":"sl_SI","og_type":"article","og_title":"Cerar: \u010ce bo referendum, bo ustavil drugi tir - Hudo Slovenija","og_description":"Kategorija: Politika Wed, 17 May 2017 19:40:00 +0200 Ljubljana \u2013 \u00bbTega referenduma ne sme biti. \u010ce bo, bo to ustavilo projekt, za katerega so si prizadevale vse dosedanje vlade. Vsem, ki zbirajo podpise za referendum, bi rad povedal, da s tem prevzemajo zelo veliko odgovornost, da bi zru\u0161ili projekt, ki je za vse v dr\u017eavi klju\u010den,\u00ab je dejal premier Miro Cerar na dana\u0161nji tiskovni konferenci. Ni se pustil zmotiti provokacijam glavnega nosilca referendumske pobude Vilija Kova\u010di\u010da z o\u010ditki, da je diktator. Premier Cerar je zagotovil, da njegova vlada vodi projekt ves \u010das transparentno, na o\u010deh javnosti, zakonito in na na\u010din, ki omogo\u010da stabilnost javnih financ. Upo\u0161tevali so tudi pripombe KPK in ra\u010dunskega sodi\u0161\u010da in vzpostavili konstruktiven dialog s svetoma za nadzor projekta in Luko Koper. Civilni iniciativi so omogo\u010dili, da ima predstavnika v projektnem finan\u010dnem svetu. \u00bbZaradi vlo\u017eenega\u00a0...","og_url":"https:\/\/hudo.com\/si\/aktualno\/cerar-ce-bo-referendum-bo-ustavil-drugi-tir\/","og_site_name":"Hudo Slovenija","article_publisher":"https:\/\/www.facebook.com\/hudo.si","article_published_time":"2017-05-17T15:40:00+00:00","og_image":[{"width":480,"height":290,"url":"https:\/\/hudo.com\/si\/wp-content\/uploads\/sites\/2\/2017\/05\/480x290_3_stran__Delo_Foto_20170517.1_hires0.jpeg","type":"image\/jpeg"}],"author":"hudo","twitter_card":"summary_large_image","twitter_creator":"@hudo_si","twitter_site":"@hudo_si","twitter_misc":{"Written by":"hudo","Est. reading time":"1 minuta"},"schema":{"@context":"https:\/\/schema.org","@graph":[{"@type":"Article","@id":"https:\/\/hudo.com\/si\/aktualno\/cerar-ce-bo-referendum-bo-ustavil-drugi-tir\/#article","isPartOf":{"@id":"https:\/\/hudo.com\/si\/aktualno\/cerar-ce-bo-referendum-bo-ustavil-drugi-tir\/"},"author":{"name":"hudo","@id":"https:\/\/hudo.com\/si\/#\/schema\/person\/601cf3379633985b20f7e50f2bb47707"},"headline":"Cerar: \u010ce bo referendum, bo ustavil drugi tir","datePublished":"2017-05-17T15:40:00+00:00","dateModified":"2017-05-17T15:40:00+00:00","mainEntityOfPage":{"@id":"https:\/\/hudo.com\/si\/aktualno\/cerar-ce-bo-referendum-bo-ustavil-drugi-tir\/"},"wordCount":157,"publisher":{"@id":"https:\/\/hudo.com\/si\/#organization"},"articleSection":["Aktualno"],"inLanguage":"sl-SI"},{"@type":"WebPage","@id":"https:\/\/hudo.com\/si\/aktualno\/cerar-ce-bo-referendum-bo-ustavil-drugi-tir\/","url":"https:\/\/hudo.com\/si\/aktualno\/cerar-ce-bo-referendum-bo-ustavil-drugi-tir\/","name":"Cerar: \u010ce bo referendum, bo ustavil drugi tir - Hudo Slovenija","isPartOf":{"@id":"https:\/\/hudo.com\/si\/#website"},"datePublished":"2017-05-17T15:40:00+00:00","dateModified":"2017-05-17T15:40:00+00:00","breadcrumb":{"@id":"https:\/\/hudo.com\/si\/aktualno\/cerar-ce-bo-referendum-bo-ustavil-drugi-tir\/#breadcrumb"},"inLanguage":"sl-SI","potentialAction":[{"@type":"ReadAction","target":["https:\/\/hudo.com\/si\/aktualno\/cerar-ce-bo-referendum-bo-ustavil-drugi-tir\/"]}]},{"@type":"BreadcrumbList","@id":"https:\/\/hudo.com\/si\/aktualno\/cerar-ce-bo-referendum-bo-ustavil-drugi-tir\/#breadcrumb","itemListElement":[{"@type":"ListItem","position":1,"name":"Home","item":"https:\/\/hudo.com\/si\/"},{"@type":"ListItem","position":2,"name":"Cerar: \u010ce bo referendum, bo ustavil drugi tir"}]},{"@type":"WebSite","@id":"https:\/\/hudo.com\/si\/#website","url":"https:\/\/hudo.com\/si\/","name":"Hudo Slovenija","description":"Vse novice iz Slovenije in sveta","publisher":{"@id":"https:\/\/hudo.com\/si\/#organization"},"potentialAction":[{"@type":"SearchAction","target":{"@type":"EntryPoint","urlTemplate":"https:\/\/hudo.com\/si\/?s={search_term_string}"},"query-input":"required name=search_term_string"}],"inLanguage":"sl-SI"},{"@type":"Organization","@id":"https:\/\/hudo.com\/si\/#organization","name":"VSN Media","url":"https:\/\/hudo.com\/si\/","logo":{"@type":"ImageObject","inLanguage":"sl-SI","@id":"https:\/\/hudo.com\/si\/#\/schema\/logo\/image\/","url":"https:\/\/hudo.com\/si\/wp-content\/uploads\/sites\/2\/2021\/03\/hudo-app-2.png","contentUrl":"https:\/\/hudo.com\/si\/wp-content\/uploads\/sites\/2\/2021\/03\/hudo-app-2.png","width":2185,"height":2167,"caption":"VSN Media"},"image":{"@id":"https:\/\/hudo.com\/si\/#\/schema\/logo\/image\/"},"sameAs":["https:\/\/www.facebook.com\/hudo.si","https:\/\/twitter.com\/hudo_si"]},{"@type":"Person","@id":"https:\/\/hudo.com\/si\/#\/schema\/person\/601cf3379633985b20f7e50f2bb47707","name":"hudo","image":{"@type":"ImageObject","inLanguage":"sl-SI","@id":"https:\/\/hudo.com\/si\/#\/schema\/person\/image\/","url":"https:\/\/secure.gravatar.com\/avatar\/c4ca25fa72cace7a696b52ff5db9e095?s=96&d=mm&r=g","contentUrl":"https:\/\/secure.gravatar.com\/avatar\/c4ca25fa72cace7a696b52ff5db9e095?s=96&d=mm&r=g","caption":"hudo"},"url":"https:\/\/hudo.com\/si\/author\/hudo\/"}]}},"amp_enabled":true,"_links":{"self":[{"href":"https:\/\/hudo.com\/si\/wp-json\/wp\/v2\/posts\/256412"}],"collection":[{"href":"https:\/\/hudo.com\/si\/wp-json\/wp\/v2\/posts"}],"about":[{"href":"https:\/\/hudo.com\/si\/wp-json\/wp\/v2\/types\/post"}],"author":[{"embeddable":true,"href":"https:\/\/hudo.com\/si\/wp-json\/wp\/v2\/users\/1"}],"replies":[{"embeddable":true,"href":"https:\/\/hudo.com\/si\/wp-json\/wp\/v2\/comments?post=256412"}],"version-history":[{"count":0,"href":"https:\/\/hudo.com\/si\/wp-json\/wp\/v2\/posts\/256412\/revisions"}],"wp:attachment":[{"href":"https:\/\/hudo.com\/si\/wp-json\/wp\/v2\/media?parent=256412"}],"wp:term":[{"taxonomy":"category","embeddable":true,"href":"https:\/\/hudo.com\/si\/wp-json\/wp\/v2\/categories?post=256412"},{"taxonomy":"post_tag","embeddable":true,"href":"https:\/\/hudo.com\/si\/wp-json\/wp\/v2\/tags?post=256412"},{"taxonomy":"source","embeddable":true,"href":"https:\/\/hudo.com\/si\/wp-json\/wp\/v2\/source?post=256412"},{"taxonomy":"supertag","embeddable":true,"href":"https:\/\/hudo.com\/si\/wp-json\/wp\/v2\/supertag?post=256412"}],"curies":[{"name":"wp","href":"https:\/\/api.w.org\/{rel}","templated":true}]}}