{"id":256430,"date":"2017-05-18T08:27:35","date_gmt":"2017-05-18T06:27:35","guid":{"rendered":"http:\/\/hudo.com\/si\/?p=256430"},"modified":"2017-05-18T08:27:35","modified_gmt":"2017-05-18T06:27:35","slug":"vrhnicani-po-pozaru-pripravljajo-protest-ljudje-jezni-ker-nimajo-informacij","status":"publish","type":"post","link":"https:\/\/hudo.com\/si\/aktualno\/vrhnicani-po-pozaru-pripravljajo-protest-ljudje-jezni-ker-nimajo-informacij\/","title":{"rendered":"Vrhni\u010dani po po\u017earu pripravljajo protest: Ljudje so jezni, ker nimajo informacij"},"content":{"rendered":"<div class=\"text\">\n<p>Vrhni\u0161ki ob\u010dinski svetnik Viktor Sladi\u010d je za STA opozoril, da so Vrhni\u010dani zaskrbljeni. &#8220;Ljudje so vznemirjeni, ker nimajo informacij,&#8221; je pojasnil.<\/p>\n<p>Po po\u017earu je na obmo\u010dju Vrhnike na tleh, rastlinju in objektih \u0161e vedno videti drobne delce. Kot pravi Sladi\u010d, sicer ob\u010dinski svetnik Liste za razvoj pode\u017eelja, ljudi skrbijo koncentracije \u017eivega srebra v zraku. Od pristojnih niso dobili nobenih pravih informacij o tem, kaj tak\u0161ne koncentracije \u017eivega srebra pomenijo.<\/p>\n<p>Sladi\u010d je napovedal, da bodo na dana\u0161nji seji ob\u010dinskega sveta od \u017eupana zahtevali pojasnila glede tega, kaj pomeni izpostavljenost ve\u010d kot tiso\u010dkrat prese\u017eeni vrednosti koncentracije \u017eivega srebra za zdravje Vrhni\u010danov.<\/p>\n<p>Za soboto pa iniciativa prebivalcev Vrhnike pripravlja miren shod v obliki enournega sprehajanja \u010dez prehod za pe\u0161ce brez semaforja. Zahtevajo umik nevarnih dejavnosti iz naseljenih obmo\u010dij ob\u010dine. Poleg Kemisa so za mnoge lokalne prebivalce sporna tudi podjetja Unichem, Silico in Hamex. Poleg tega zahtevajo odstop \u017eupana Stojana Jakina. Po besedah ob\u010dinskega svetnika na Vrhniki kro\u017ei tudi peticija za zaprtje Kemisa.<\/p>\n<p>Kemis je dru\u017eba, ki se ukvarja z zbiranjem, predelavo, odstranjevanjem ter posredovanjem razli\u010dnih vrst nevarnih odpadkov, kot so odpadna olja, laki, topila, barve in zdravil.<\/p>\n<p>Po\u017ear je izbruhnil v ponedeljek zve\u010der. Zajel je del objekta, kjer so skladi\u0161\u010dili manj nevarne odpadke. Ga\u0161enje je trajalo vse do torka dopoldne. Ob ga\u0161enju so odpadne vode, pome\u0161ane s kemikalijami, delno odtekale tudi v bli\u017enji potok Tojnica, zaradi \u010desar naj bi pomrl \u017eivelj v njem. \u010ci\u0161\u010denje objekta in potoka se je za\u010delo v sredo.<\/p>\n<\/div>\n","protected":false},"excerpt":{"rendered":"<p>Vrhni\u0161ki ob\u010dinski svet bo na dana\u0161nji seji najverjetneje razpravljal tudi o okoljskih posledicah po\u017eara, ki je v no\u010di s ponedeljka na torek prizadel kemijsko podjetje Kemis. Vrhni\u010dani, jezni zaradi premalo informacij o dejanskem stanju in tveganjih za zdravje, za soboto pripravljajo tudi protest.<\/p>\n","protected":false},"author":5,"featured_media":256431,"comment_status":"closed","ping_status":"closed","sticky":false,"template":"","format":"standard","meta":{"footnotes":""},"categories":[1179],"tags":[8712,4711,5016,5185,1595,4218,8697],"source":[4511],"supertag":[7541],"acf":[],"yoast_head":"<!-- This site is optimized with the Yoast SEO plugin v21.3 - https:\/\/yoast.com\/wordpress\/plugins\/seo\/ -->\n<title>Vrhni\u010dani po po\u017earu pripravljajo protest: Ljudje so jezni, ker nimajo informacij - Hudo Slovenija<\/title>\n<meta name=\"robots\" content=\"index, follow, max-snippet:-1, max-image-preview:large, max-video-preview:-1\" \/>\n<link rel=\"canonical\" href=\"https:\/\/hudo.com\/si\/aktualno\/vrhnicani-po-pozaru-pripravljajo-protest-ljudje-jezni-ker-nimajo-informacij\/\" \/>\n<meta property=\"og:locale\" content=\"sl_SI\" \/>\n<meta property=\"og:type\" content=\"article\" \/>\n<meta property=\"og:title\" content=\"Vrhni\u010dani po po\u017earu pripravljajo protest: Ljudje so jezni, ker nimajo informacij - Hudo Slovenija\" \/>\n<meta property=\"og:description\" content=\"Vrhni\u0161ki ob\u010dinski svet bo na dana\u0161nji seji najverjetneje razpravljal tudi o okoljskih posledicah po\u017eara, ki je v no\u010di s ponedeljka na torek prizadel kemijsko podjetje Kemis. Vrhni\u010dani, jezni zaradi premalo informacij o dejanskem stanju in tveganjih za zdravje, za soboto pripravljajo tudi protest.\" \/>\n<meta property=\"og:url\" content=\"https:\/\/hudo.com\/si\/aktualno\/vrhnicani-po-pozaru-pripravljajo-protest-ljudje-jezni-ker-nimajo-informacij\/\" \/>\n<meta property=\"og:site_name\" content=\"Hudo Slovenija\" \/>\n<meta property=\"article:publisher\" content=\"https:\/\/www.facebook.com\/hudo.si\" \/>\n<meta property=\"article:published_time\" content=\"2017-05-18T06:27:35+00:00\" \/>\n<meta property=\"og:image\" content=\"https:\/\/hudo.com\/si\/wp-content\/uploads\/sites\/2\/2017\/05\/20170516-00779723.jpg\" \/>\n\t<meta property=\"og:image:width\" content=\"640\" \/>\n\t<meta property=\"og:image:height\" content=\"442\" \/>\n\t<meta property=\"og:image:type\" content=\"image\/jpeg\" \/>\n<meta name=\"author\" content=\"A. G., STA\" \/>\n<meta name=\"twitter:card\" content=\"summary_large_image\" \/>\n<meta name=\"twitter:creator\" content=\"@hudo_si\" \/>\n<meta name=\"twitter:site\" content=\"@hudo_si\" \/>\n<meta name=\"twitter:label1\" content=\"Written by\" \/>\n\t<meta name=\"twitter:data1\" content=\"A. G., STA\" \/>\n\t<meta name=\"twitter:label2\" content=\"Est. reading time\" \/>\n\t<meta name=\"twitter:data2\" content=\"1 minuta\" \/>\n<script type=\"application\/ld+json\" class=\"yoast-schema-graph\">{\"@context\":\"https:\/\/schema.org\",\"@graph\":[{\"@type\":\"Article\",\"@id\":\"https:\/\/hudo.com\/si\/aktualno\/vrhnicani-po-pozaru-pripravljajo-protest-ljudje-jezni-ker-nimajo-informacij\/#article\",\"isPartOf\":{\"@id\":\"https:\/\/hudo.com\/si\/aktualno\/vrhnicani-po-pozaru-pripravljajo-protest-ljudje-jezni-ker-nimajo-informacij\/\"},\"author\":{\"name\":\"A. G., STA\",\"@id\":\"https:\/\/hudo.com\/si\/#\/schema\/person\/2391667a63ea075ba94f2f2dc6b77537\"},\"headline\":\"Vrhni\u010dani po po\u017earu pripravljajo protest: Ljudje so jezni, ker nimajo informacij\",\"datePublished\":\"2017-05-18T06:27:35+00:00\",\"dateModified\":\"2017-05-18T06:27:35+00:00\",\"mainEntityOfPage\":{\"@id\":\"https:\/\/hudo.com\/si\/aktualno\/vrhnicani-po-pozaru-pripravljajo-protest-ljudje-jezni-ker-nimajo-informacij\/\"},\"wordCount\":281,\"publisher\":{\"@id\":\"https:\/\/hudo.com\/si\/#organization\"},\"keywords\":[\"Kemis\",\"ob\u010dina\",\"po\u017ear\",\"protesti\",\"Slovenija\",\"slovenska podjetja\",\"vrhnika\"],\"articleSection\":[\"Aktualno\"],\"inLanguage\":\"sl-SI\"},{\"@type\":\"WebPage\",\"@id\":\"https:\/\/hudo.com\/si\/aktualno\/vrhnicani-po-pozaru-pripravljajo-protest-ljudje-jezni-ker-nimajo-informacij\/\",\"url\":\"https:\/\/hudo.com\/si\/aktualno\/vrhnicani-po-pozaru-pripravljajo-protest-ljudje-jezni-ker-nimajo-informacij\/\",\"name\":\"Vrhni\u010dani po po\u017earu pripravljajo protest: Ljudje so jezni, ker nimajo informacij - Hudo Slovenija\",\"isPartOf\":{\"@id\":\"https:\/\/hudo.com\/si\/#website\"},\"datePublished\":\"2017-05-18T06:27:35+00:00\",\"dateModified\":\"2017-05-18T06:27:35+00:00\",\"breadcrumb\":{\"@id\":\"https:\/\/hudo.com\/si\/aktualno\/vrhnicani-po-pozaru-pripravljajo-protest-ljudje-jezni-ker-nimajo-informacij\/#breadcrumb\"},\"inLanguage\":\"sl-SI\",\"potentialAction\":[{\"@type\":\"ReadAction\",\"target\":[\"https:\/\/hudo.com\/si\/aktualno\/vrhnicani-po-pozaru-pripravljajo-protest-ljudje-jezni-ker-nimajo-informacij\/\"]}]},{\"@type\":\"BreadcrumbList\",\"@id\":\"https:\/\/hudo.com\/si\/aktualno\/vrhnicani-po-pozaru-pripravljajo-protest-ljudje-jezni-ker-nimajo-informacij\/#breadcrumb\",\"itemListElement\":[{\"@type\":\"ListItem\",\"position\":1,\"name\":\"Home\",\"item\":\"https:\/\/hudo.com\/si\/\"},{\"@type\":\"ListItem\",\"position\":2,\"name\":\"Vrhni\u010dani po po\u017earu pripravljajo protest: Ljudje so jezni, ker nimajo informacij\"}]},{\"@type\":\"WebSite\",\"@id\":\"https:\/\/hudo.com\/si\/#website\",\"url\":\"https:\/\/hudo.com\/si\/\",\"name\":\"Hudo Slovenija\",\"description\":\"Vse novice iz Slovenije in sveta\",\"publisher\":{\"@id\":\"https:\/\/hudo.com\/si\/#organization\"},\"potentialAction\":[{\"@type\":\"SearchAction\",\"target\":{\"@type\":\"EntryPoint\",\"urlTemplate\":\"https:\/\/hudo.com\/si\/?s={search_term_string}\"},\"query-input\":\"required name=search_term_string\"}],\"inLanguage\":\"sl-SI\"},{\"@type\":\"Organization\",\"@id\":\"https:\/\/hudo.com\/si\/#organization\",\"name\":\"VSN Media\",\"url\":\"https:\/\/hudo.com\/si\/\",\"logo\":{\"@type\":\"ImageObject\",\"inLanguage\":\"sl-SI\",\"@id\":\"https:\/\/hudo.com\/si\/#\/schema\/logo\/image\/\",\"url\":\"https:\/\/hudo.com\/si\/wp-content\/uploads\/sites\/2\/2021\/03\/hudo-app-2.png\",\"contentUrl\":\"https:\/\/hudo.com\/si\/wp-content\/uploads\/sites\/2\/2021\/03\/hudo-app-2.png\",\"width\":2185,\"height\":2167,\"caption\":\"VSN Media\"},\"image\":{\"@id\":\"https:\/\/hudo.com\/si\/#\/schema\/logo\/image\/\"},\"sameAs\":[\"https:\/\/www.facebook.com\/hudo.si\",\"https:\/\/twitter.com\/hudo_si\"]},{\"@type\":\"Person\",\"@id\":\"https:\/\/hudo.com\/si\/#\/schema\/person\/2391667a63ea075ba94f2f2dc6b77537\",\"name\":\"A. G., STA\",\"image\":{\"@type\":\"ImageObject\",\"inLanguage\":\"sl-SI\",\"@id\":\"https:\/\/hudo.com\/si\/#\/schema\/person\/image\/\",\"url\":\"https:\/\/secure.gravatar.com\/avatar\/e13d22ac3e442658d5025fbbe6238a79?s=96&d=mm&r=g\",\"contentUrl\":\"https:\/\/secure.gravatar.com\/avatar\/e13d22ac3e442658d5025fbbe6238a79?s=96&d=mm&r=g\",\"caption\":\"A. G., STA\"},\"url\":\"https:\/\/hudo.com\/si\/author\/alenka\/\"}]}<\/script>\n<!-- \/ Yoast SEO plugin. -->","yoast_head_json":{"title":"Vrhni\u010dani po po\u017earu pripravljajo protest: Ljudje so jezni, ker nimajo informacij - Hudo Slovenija","robots":{"index":"index","follow":"follow","max-snippet":"max-snippet:-1","max-image-preview":"max-image-preview:large","max-video-preview":"max-video-preview:-1"},"canonical":"https:\/\/hudo.com\/si\/aktualno\/vrhnicani-po-pozaru-pripravljajo-protest-ljudje-jezni-ker-nimajo-informacij\/","og_locale":"sl_SI","og_type":"article","og_title":"Vrhni\u010dani po po\u017earu pripravljajo protest: Ljudje so jezni, ker nimajo informacij - Hudo Slovenija","og_description":"Vrhni\u0161ki ob\u010dinski svet bo na dana\u0161nji seji najverjetneje razpravljal tudi o okoljskih posledicah po\u017eara, ki je v no\u010di s ponedeljka na torek prizadel kemijsko podjetje Kemis. Vrhni\u010dani, jezni zaradi premalo informacij o dejanskem stanju in tveganjih za zdravje, za soboto pripravljajo tudi protest.","og_url":"https:\/\/hudo.com\/si\/aktualno\/vrhnicani-po-pozaru-pripravljajo-protest-ljudje-jezni-ker-nimajo-informacij\/","og_site_name":"Hudo Slovenija","article_publisher":"https:\/\/www.facebook.com\/hudo.si","article_published_time":"2017-05-18T06:27:35+00:00","og_image":[{"width":640,"height":442,"url":"https:\/\/hudo.com\/si\/wp-content\/uploads\/sites\/2\/2017\/05\/20170516-00779723.jpg","type":"image\/jpeg"}],"author":"A. G., STA","twitter_card":"summary_large_image","twitter_creator":"@hudo_si","twitter_site":"@hudo_si","twitter_misc":{"Written by":"A. G., STA","Est. reading time":"1 minuta"},"schema":{"@context":"https:\/\/schema.org","@graph":[{"@type":"Article","@id":"https:\/\/hudo.com\/si\/aktualno\/vrhnicani-po-pozaru-pripravljajo-protest-ljudje-jezni-ker-nimajo-informacij\/#article","isPartOf":{"@id":"https:\/\/hudo.com\/si\/aktualno\/vrhnicani-po-pozaru-pripravljajo-protest-ljudje-jezni-ker-nimajo-informacij\/"},"author":{"name":"A. G., STA","@id":"https:\/\/hudo.com\/si\/#\/schema\/person\/2391667a63ea075ba94f2f2dc6b77537"},"headline":"Vrhni\u010dani po po\u017earu pripravljajo protest: Ljudje so jezni, ker nimajo informacij","datePublished":"2017-05-18T06:27:35+00:00","dateModified":"2017-05-18T06:27:35+00:00","mainEntityOfPage":{"@id":"https:\/\/hudo.com\/si\/aktualno\/vrhnicani-po-pozaru-pripravljajo-protest-ljudje-jezni-ker-nimajo-informacij\/"},"wordCount":281,"publisher":{"@id":"https:\/\/hudo.com\/si\/#organization"},"keywords":["Kemis","ob\u010dina","po\u017ear","protesti","Slovenija","slovenska podjetja","vrhnika"],"articleSection":["Aktualno"],"inLanguage":"sl-SI"},{"@type":"WebPage","@id":"https:\/\/hudo.com\/si\/aktualno\/vrhnicani-po-pozaru-pripravljajo-protest-ljudje-jezni-ker-nimajo-informacij\/","url":"https:\/\/hudo.com\/si\/aktualno\/vrhnicani-po-pozaru-pripravljajo-protest-ljudje-jezni-ker-nimajo-informacij\/","name":"Vrhni\u010dani po po\u017earu pripravljajo protest: Ljudje so jezni, ker nimajo informacij - Hudo Slovenija","isPartOf":{"@id":"https:\/\/hudo.com\/si\/#website"},"datePublished":"2017-05-18T06:27:35+00:00","dateModified":"2017-05-18T06:27:35+00:00","breadcrumb":{"@id":"https:\/\/hudo.com\/si\/aktualno\/vrhnicani-po-pozaru-pripravljajo-protest-ljudje-jezni-ker-nimajo-informacij\/#breadcrumb"},"inLanguage":"sl-SI","potentialAction":[{"@type":"ReadAction","target":["https:\/\/hudo.com\/si\/aktualno\/vrhnicani-po-pozaru-pripravljajo-protest-ljudje-jezni-ker-nimajo-informacij\/"]}]},{"@type":"BreadcrumbList","@id":"https:\/\/hudo.com\/si\/aktualno\/vrhnicani-po-pozaru-pripravljajo-protest-ljudje-jezni-ker-nimajo-informacij\/#breadcrumb","itemListElement":[{"@type":"ListItem","position":1,"name":"Home","item":"https:\/\/hudo.com\/si\/"},{"@type":"ListItem","position":2,"name":"Vrhni\u010dani po po\u017earu pripravljajo protest: Ljudje so jezni, ker nimajo informacij"}]},{"@type":"WebSite","@id":"https:\/\/hudo.com\/si\/#website","url":"https:\/\/hudo.com\/si\/","name":"Hudo Slovenija","description":"Vse novice iz Slovenije in sveta","publisher":{"@id":"https:\/\/hudo.com\/si\/#organization"},"potentialAction":[{"@type":"SearchAction","target":{"@type":"EntryPoint","urlTemplate":"https:\/\/hudo.com\/si\/?s={search_term_string}"},"query-input":"required name=search_term_string"}],"inLanguage":"sl-SI"},{"@type":"Organization","@id":"https:\/\/hudo.com\/si\/#organization","name":"VSN Media","url":"https:\/\/hudo.com\/si\/","logo":{"@type":"ImageObject","inLanguage":"sl-SI","@id":"https:\/\/hudo.com\/si\/#\/schema\/logo\/image\/","url":"https:\/\/hudo.com\/si\/wp-content\/uploads\/sites\/2\/2021\/03\/hudo-app-2.png","contentUrl":"https:\/\/hudo.com\/si\/wp-content\/uploads\/sites\/2\/2021\/03\/hudo-app-2.png","width":2185,"height":2167,"caption":"VSN Media"},"image":{"@id":"https:\/\/hudo.com\/si\/#\/schema\/logo\/image\/"},"sameAs":["https:\/\/www.facebook.com\/hudo.si","https:\/\/twitter.com\/hudo_si"]},{"@type":"Person","@id":"https:\/\/hudo.com\/si\/#\/schema\/person\/2391667a63ea075ba94f2f2dc6b77537","name":"A. G., STA","image":{"@type":"ImageObject","inLanguage":"sl-SI","@id":"https:\/\/hudo.com\/si\/#\/schema\/person\/image\/","url":"https:\/\/secure.gravatar.com\/avatar\/e13d22ac3e442658d5025fbbe6238a79?s=96&d=mm&r=g","contentUrl":"https:\/\/secure.gravatar.com\/avatar\/e13d22ac3e442658d5025fbbe6238a79?s=96&d=mm&r=g","caption":"A. G., STA"},"url":"https:\/\/hudo.com\/si\/author\/alenka\/"}]}},"amp_enabled":true,"_links":{"self":[{"href":"https:\/\/hudo.com\/si\/wp-json\/wp\/v2\/posts\/256430"}],"collection":[{"href":"https:\/\/hudo.com\/si\/wp-json\/wp\/v2\/posts"}],"about":[{"href":"https:\/\/hudo.com\/si\/wp-json\/wp\/v2\/types\/post"}],"author":[{"embeddable":true,"href":"https:\/\/hudo.com\/si\/wp-json\/wp\/v2\/users\/5"}],"replies":[{"embeddable":true,"href":"https:\/\/hudo.com\/si\/wp-json\/wp\/v2\/comments?post=256430"}],"version-history":[{"count":1,"href":"https:\/\/hudo.com\/si\/wp-json\/wp\/v2\/posts\/256430\/revisions"}],"predecessor-version":[{"id":256432,"href":"https:\/\/hudo.com\/si\/wp-json\/wp\/v2\/posts\/256430\/revisions\/256432"}],"wp:featuredmedia":[{"embeddable":true,"href":"https:\/\/hudo.com\/si\/wp-json\/wp\/v2\/media\/256431"}],"wp:attachment":[{"href":"https:\/\/hudo.com\/si\/wp-json\/wp\/v2\/media?parent=256430"}],"wp:term":[{"taxonomy":"category","embeddable":true,"href":"https:\/\/hudo.com\/si\/wp-json\/wp\/v2\/categories?post=256430"},{"taxonomy":"post_tag","embeddable":true,"href":"https:\/\/hudo.com\/si\/wp-json\/wp\/v2\/tags?post=256430"},{"taxonomy":"source","embeddable":true,"href":"https:\/\/hudo.com\/si\/wp-json\/wp\/v2\/source?post=256430"},{"taxonomy":"supertag","embeddable":true,"href":"https:\/\/hudo.com\/si\/wp-json\/wp\/v2\/supertag?post=256430"}],"curies":[{"name":"wp","href":"https:\/\/api.w.org\/{rel}","templated":true}]}}