{"id":256903,"date":"2017-05-19T10:01:44","date_gmt":"2017-05-19T08:01:44","guid":{"rendered":"http:\/\/hudo.com\/si\/?p=256903"},"modified":"2017-05-19T10:01:44","modified_gmt":"2017-05-19T08:01:44","slug":"konec-tedna-zaradi-del-lahko-pricakujemo-zastoje-na-ljubljanski-obvoznici","status":"publish","type":"post","link":"https:\/\/hudo.com\/si\/aktualno\/konec-tedna-zaradi-del-lahko-pricakujemo-zastoje-na-ljubljanski-obvoznici\/","title":{"rendered":"Konec tedna zaradi del lahko pri\u010dakujemo zastoje na ljubljanski obvoznici"},"content":{"rendered":"<p>Promet na omenjenem odseku bo od 8. ure v soboto do predvidoma 17. ure v nedeljo v smeri proti Kosezam in Gorenjski urejen samo po prehitevalnem pasu, so danes sporo\u010dili iz Darsa.<\/p>\n<p>Zaprt bo vozni pas, kjer bodo poleg nujnega popravila po\u0161kodovanega gradbenega dela (dilatacije) na podvozu priklju\u010dka Brdo opravili tudi popravilo udarnih jam, kolesnic in razpok na zelo dotrajanem vozi\u0161\u010du.<\/p>\n<p>Na Darsu opozarjajo, da so glede na predvidene prometne tokove na zahodni obvoznici, iz smeri Vi\u010da in Brezovice proti Kosezam in Gorenjski, mo\u017eni tudi zelo dolgi zastoji.<\/p>\n<p>&#8220;Nujna vzdr\u017eevalna dela na enem najbolj obremenjenih odsekov izvajamo ob koncu tedna, saj se \u017eelimo izogniti prometnim konicam med delavniki, ko se ve\u010dina uporabnikov odpravlja v slu\u017ebo ali iz nje ter po opravkih,&#8221; izbiro termina pojasnjujejo na Darsu.<\/p>\n<p>Voznikom svetujejo, da pred odhodom na pot preverijo razmere na cestah, kar lahko storijo med drugim na spletni strani promet.si, brezpla\u010dnem odzivniku 080 22 44 Prometno-informacijskega centra za dr\u017eavne ceste, Darsovi mobilni aplikaciji DarsPromet+ ali spremljajo prometne informacije na radijskih postajah.<\/p>\n","protected":false},"excerpt":{"rendered":"<p>Dars bo na odseku zahodne ljubljanske obvoznice na trasi avtoceste mimo priklju\u010dka Brdo od sobote zjutraj do nedelje popoldne izvajal nujna vzdr\u017eevalna dela, zaradi katerih bo promet potekal le po enem voznem pasu. Pri\u010dakovati je zastoje, zato voznikom svetujejo preusmeritev na preostali del ljubljanskega avtocestnega obro\u010da.<\/p>\n","protected":false},"author":8,"featured_media":74493,"comment_status":"closed","ping_status":"closed","sticky":false,"template":"","format":"standard","meta":{"footnotes":""},"categories":[1179],"tags":[4942,1633,5802,1585,1595,8467],"source":[4511],"supertag":[],"acf":[],"yoast_head":"<!-- This site is optimized with the Yoast SEO plugin v21.3 - https:\/\/yoast.com\/wordpress\/plugins\/seo\/ -->\n<title>Konec tedna zaradi del lahko pri\u010dakujemo zastoje na ljubljanski obvoznici - Hudo Slovenija<\/title>\n<meta name=\"robots\" content=\"index, follow, max-snippet:-1, max-image-preview:large, max-video-preview:-1\" \/>\n<link rel=\"canonical\" href=\"https:\/\/hudo.com\/si\/aktualno\/konec-tedna-zaradi-del-lahko-pricakujemo-zastoje-na-ljubljanski-obvoznici\/\" \/>\n<meta property=\"og:locale\" content=\"sl_SI\" \/>\n<meta property=\"og:type\" content=\"article\" \/>\n<meta property=\"og:title\" content=\"Konec tedna zaradi del lahko pri\u010dakujemo zastoje na ljubljanski obvoznici - Hudo Slovenija\" \/>\n<meta property=\"og:description\" content=\"Dars bo na odseku zahodne ljubljanske obvoznice na trasi avtoceste mimo priklju\u010dka Brdo od sobote zjutraj do nedelje popoldne izvajal nujna vzdr\u017eevalna dela, zaradi katerih bo promet potekal le po enem voznem pasu. Pri\u010dakovati je zastoje, zato voznikom svetujejo preusmeritev na preostali del ljubljanskega avtocestnega obro\u010da.\" \/>\n<meta property=\"og:url\" content=\"https:\/\/hudo.com\/si\/aktualno\/konec-tedna-zaradi-del-lahko-pricakujemo-zastoje-na-ljubljanski-obvoznici\/\" \/>\n<meta property=\"og:site_name\" content=\"Hudo Slovenija\" \/>\n<meta property=\"article:publisher\" content=\"https:\/\/www.facebook.com\/hudo.si\" \/>\n<meta property=\"article:published_time\" content=\"2017-05-19T08:01:44+00:00\" \/>\n<meta property=\"og:image\" content=\"https:\/\/hudo.com\/si\/wp-content\/uploads\/sites\/2\/2016\/06\/20130829-00465030.jpg\" \/>\n\t<meta property=\"og:image:width\" content=\"640\" \/>\n\t<meta property=\"og:image:height\" content=\"425\" \/>\n\t<meta property=\"og:image:type\" content=\"image\/jpeg\" \/>\n<meta name=\"author\" content=\"M. N., STA\" \/>\n<meta name=\"twitter:card\" content=\"summary_large_image\" \/>\n<meta name=\"twitter:creator\" content=\"@hudo_si\" \/>\n<meta name=\"twitter:site\" content=\"@hudo_si\" \/>\n<meta name=\"twitter:label1\" content=\"Written by\" \/>\n\t<meta name=\"twitter:data1\" content=\"M. N., STA\" \/>\n\t<meta name=\"twitter:label2\" content=\"Est. reading time\" \/>\n\t<meta name=\"twitter:data2\" content=\"1 minuta\" \/>\n<script type=\"application\/ld+json\" class=\"yoast-schema-graph\">{\"@context\":\"https:\/\/schema.org\",\"@graph\":[{\"@type\":\"Article\",\"@id\":\"https:\/\/hudo.com\/si\/aktualno\/konec-tedna-zaradi-del-lahko-pricakujemo-zastoje-na-ljubljanski-obvoznici\/#article\",\"isPartOf\":{\"@id\":\"https:\/\/hudo.com\/si\/aktualno\/konec-tedna-zaradi-del-lahko-pricakujemo-zastoje-na-ljubljanski-obvoznici\/\"},\"author\":{\"name\":\"M. N., STA\",\"@id\":\"https:\/\/hudo.com\/si\/#\/schema\/person\/c2f10ce65d2e6ede2aeda5be2a0611fa\"},\"headline\":\"Konec tedna zaradi del lahko pri\u010dakujemo zastoje na ljubljanski obvoznici\",\"datePublished\":\"2017-05-19T08:01:44+00:00\",\"dateModified\":\"2017-05-19T08:01:44+00:00\",\"mainEntityOfPage\":{\"@id\":\"https:\/\/hudo.com\/si\/aktualno\/konec-tedna-zaradi-del-lahko-pricakujemo-zastoje-na-ljubljanski-obvoznici\/\"},\"wordCount\":185,\"publisher\":{\"@id\":\"https:\/\/hudo.com\/si\/#organization\"},\"keywords\":[\"Dars\",\"Ljubljana\",\"ljubljanska obvoznica\",\"prometni zastoj\",\"Slovenija\",\"zastoji\"],\"articleSection\":[\"Aktualno\"],\"inLanguage\":\"sl-SI\"},{\"@type\":\"WebPage\",\"@id\":\"https:\/\/hudo.com\/si\/aktualno\/konec-tedna-zaradi-del-lahko-pricakujemo-zastoje-na-ljubljanski-obvoznici\/\",\"url\":\"https:\/\/hudo.com\/si\/aktualno\/konec-tedna-zaradi-del-lahko-pricakujemo-zastoje-na-ljubljanski-obvoznici\/\",\"name\":\"Konec tedna zaradi del lahko pri\u010dakujemo zastoje na ljubljanski obvoznici - Hudo Slovenija\",\"isPartOf\":{\"@id\":\"https:\/\/hudo.com\/si\/#website\"},\"datePublished\":\"2017-05-19T08:01:44+00:00\",\"dateModified\":\"2017-05-19T08:01:44+00:00\",\"breadcrumb\":{\"@id\":\"https:\/\/hudo.com\/si\/aktualno\/konec-tedna-zaradi-del-lahko-pricakujemo-zastoje-na-ljubljanski-obvoznici\/#breadcrumb\"},\"inLanguage\":\"sl-SI\",\"potentialAction\":[{\"@type\":\"ReadAction\",\"target\":[\"https:\/\/hudo.com\/si\/aktualno\/konec-tedna-zaradi-del-lahko-pricakujemo-zastoje-na-ljubljanski-obvoznici\/\"]}]},{\"@type\":\"BreadcrumbList\",\"@id\":\"https:\/\/hudo.com\/si\/aktualno\/konec-tedna-zaradi-del-lahko-pricakujemo-zastoje-na-ljubljanski-obvoznici\/#breadcrumb\",\"itemListElement\":[{\"@type\":\"ListItem\",\"position\":1,\"name\":\"Home\",\"item\":\"https:\/\/hudo.com\/si\/\"},{\"@type\":\"ListItem\",\"position\":2,\"name\":\"Konec tedna zaradi del lahko pri\u010dakujemo zastoje na ljubljanski obvoznici\"}]},{\"@type\":\"WebSite\",\"@id\":\"https:\/\/hudo.com\/si\/#website\",\"url\":\"https:\/\/hudo.com\/si\/\",\"name\":\"Hudo Slovenija\",\"description\":\"Vse novice iz Slovenije in sveta\",\"publisher\":{\"@id\":\"https:\/\/hudo.com\/si\/#organization\"},\"potentialAction\":[{\"@type\":\"SearchAction\",\"target\":{\"@type\":\"EntryPoint\",\"urlTemplate\":\"https:\/\/hudo.com\/si\/?s={search_term_string}\"},\"query-input\":\"required name=search_term_string\"}],\"inLanguage\":\"sl-SI\"},{\"@type\":\"Organization\",\"@id\":\"https:\/\/hudo.com\/si\/#organization\",\"name\":\"VSN Media\",\"url\":\"https:\/\/hudo.com\/si\/\",\"logo\":{\"@type\":\"ImageObject\",\"inLanguage\":\"sl-SI\",\"@id\":\"https:\/\/hudo.com\/si\/#\/schema\/logo\/image\/\",\"url\":\"https:\/\/hudo.com\/si\/wp-content\/uploads\/sites\/2\/2021\/03\/hudo-app-2.png\",\"contentUrl\":\"https:\/\/hudo.com\/si\/wp-content\/uploads\/sites\/2\/2021\/03\/hudo-app-2.png\",\"width\":2185,\"height\":2167,\"caption\":\"VSN Media\"},\"image\":{\"@id\":\"https:\/\/hudo.com\/si\/#\/schema\/logo\/image\/\"},\"sameAs\":[\"https:\/\/www.facebook.com\/hudo.si\",\"https:\/\/twitter.com\/hudo_si\"]},{\"@type\":\"Person\",\"@id\":\"https:\/\/hudo.com\/si\/#\/schema\/person\/c2f10ce65d2e6ede2aeda5be2a0611fa\",\"name\":\"M. N., STA\",\"image\":{\"@type\":\"ImageObject\",\"inLanguage\":\"sl-SI\",\"@id\":\"https:\/\/hudo.com\/si\/#\/schema\/person\/image\/\",\"url\":\"https:\/\/secure.gravatar.com\/avatar\/f370d38daa10467f755c5c766a4cac20?s=96&d=mm&r=g\",\"contentUrl\":\"https:\/\/secure.gravatar.com\/avatar\/f370d38daa10467f755c5c766a4cac20?s=96&d=mm&r=g\",\"caption\":\"M. N., STA\"},\"url\":\"https:\/\/hudo.com\/si\/author\/mana\/\"}]}<\/script>\n<!-- \/ Yoast SEO plugin. -->","yoast_head_json":{"title":"Konec tedna zaradi del lahko pri\u010dakujemo zastoje na ljubljanski obvoznici - Hudo Slovenija","robots":{"index":"index","follow":"follow","max-snippet":"max-snippet:-1","max-image-preview":"max-image-preview:large","max-video-preview":"max-video-preview:-1"},"canonical":"https:\/\/hudo.com\/si\/aktualno\/konec-tedna-zaradi-del-lahko-pricakujemo-zastoje-na-ljubljanski-obvoznici\/","og_locale":"sl_SI","og_type":"article","og_title":"Konec tedna zaradi del lahko pri\u010dakujemo zastoje na ljubljanski obvoznici - Hudo Slovenija","og_description":"Dars bo na odseku zahodne ljubljanske obvoznice na trasi avtoceste mimo priklju\u010dka Brdo od sobote zjutraj do nedelje popoldne izvajal nujna vzdr\u017eevalna dela, zaradi katerih bo promet potekal le po enem voznem pasu. Pri\u010dakovati je zastoje, zato voznikom svetujejo preusmeritev na preostali del ljubljanskega avtocestnega obro\u010da.","og_url":"https:\/\/hudo.com\/si\/aktualno\/konec-tedna-zaradi-del-lahko-pricakujemo-zastoje-na-ljubljanski-obvoznici\/","og_site_name":"Hudo Slovenija","article_publisher":"https:\/\/www.facebook.com\/hudo.si","article_published_time":"2017-05-19T08:01:44+00:00","og_image":[{"width":640,"height":425,"url":"https:\/\/hudo.com\/si\/wp-content\/uploads\/sites\/2\/2016\/06\/20130829-00465030.jpg","type":"image\/jpeg"}],"author":"M. N., STA","twitter_card":"summary_large_image","twitter_creator":"@hudo_si","twitter_site":"@hudo_si","twitter_misc":{"Written by":"M. N., STA","Est. reading time":"1 minuta"},"schema":{"@context":"https:\/\/schema.org","@graph":[{"@type":"Article","@id":"https:\/\/hudo.com\/si\/aktualno\/konec-tedna-zaradi-del-lahko-pricakujemo-zastoje-na-ljubljanski-obvoznici\/#article","isPartOf":{"@id":"https:\/\/hudo.com\/si\/aktualno\/konec-tedna-zaradi-del-lahko-pricakujemo-zastoje-na-ljubljanski-obvoznici\/"},"author":{"name":"M. N., STA","@id":"https:\/\/hudo.com\/si\/#\/schema\/person\/c2f10ce65d2e6ede2aeda5be2a0611fa"},"headline":"Konec tedna zaradi del lahko pri\u010dakujemo zastoje na ljubljanski obvoznici","datePublished":"2017-05-19T08:01:44+00:00","dateModified":"2017-05-19T08:01:44+00:00","mainEntityOfPage":{"@id":"https:\/\/hudo.com\/si\/aktualno\/konec-tedna-zaradi-del-lahko-pricakujemo-zastoje-na-ljubljanski-obvoznici\/"},"wordCount":185,"publisher":{"@id":"https:\/\/hudo.com\/si\/#organization"},"keywords":["Dars","Ljubljana","ljubljanska obvoznica","prometni zastoj","Slovenija","zastoji"],"articleSection":["Aktualno"],"inLanguage":"sl-SI"},{"@type":"WebPage","@id":"https:\/\/hudo.com\/si\/aktualno\/konec-tedna-zaradi-del-lahko-pricakujemo-zastoje-na-ljubljanski-obvoznici\/","url":"https:\/\/hudo.com\/si\/aktualno\/konec-tedna-zaradi-del-lahko-pricakujemo-zastoje-na-ljubljanski-obvoznici\/","name":"Konec tedna zaradi del lahko pri\u010dakujemo zastoje na ljubljanski obvoznici - Hudo Slovenija","isPartOf":{"@id":"https:\/\/hudo.com\/si\/#website"},"datePublished":"2017-05-19T08:01:44+00:00","dateModified":"2017-05-19T08:01:44+00:00","breadcrumb":{"@id":"https:\/\/hudo.com\/si\/aktualno\/konec-tedna-zaradi-del-lahko-pricakujemo-zastoje-na-ljubljanski-obvoznici\/#breadcrumb"},"inLanguage":"sl-SI","potentialAction":[{"@type":"ReadAction","target":["https:\/\/hudo.com\/si\/aktualno\/konec-tedna-zaradi-del-lahko-pricakujemo-zastoje-na-ljubljanski-obvoznici\/"]}]},{"@type":"BreadcrumbList","@id":"https:\/\/hudo.com\/si\/aktualno\/konec-tedna-zaradi-del-lahko-pricakujemo-zastoje-na-ljubljanski-obvoznici\/#breadcrumb","itemListElement":[{"@type":"ListItem","position":1,"name":"Home","item":"https:\/\/hudo.com\/si\/"},{"@type":"ListItem","position":2,"name":"Konec tedna zaradi del lahko pri\u010dakujemo zastoje na ljubljanski obvoznici"}]},{"@type":"WebSite","@id":"https:\/\/hudo.com\/si\/#website","url":"https:\/\/hudo.com\/si\/","name":"Hudo Slovenija","description":"Vse novice iz Slovenije in sveta","publisher":{"@id":"https:\/\/hudo.com\/si\/#organization"},"potentialAction":[{"@type":"SearchAction","target":{"@type":"EntryPoint","urlTemplate":"https:\/\/hudo.com\/si\/?s={search_term_string}"},"query-input":"required name=search_term_string"}],"inLanguage":"sl-SI"},{"@type":"Organization","@id":"https:\/\/hudo.com\/si\/#organization","name":"VSN Media","url":"https:\/\/hudo.com\/si\/","logo":{"@type":"ImageObject","inLanguage":"sl-SI","@id":"https:\/\/hudo.com\/si\/#\/schema\/logo\/image\/","url":"https:\/\/hudo.com\/si\/wp-content\/uploads\/sites\/2\/2021\/03\/hudo-app-2.png","contentUrl":"https:\/\/hudo.com\/si\/wp-content\/uploads\/sites\/2\/2021\/03\/hudo-app-2.png","width":2185,"height":2167,"caption":"VSN Media"},"image":{"@id":"https:\/\/hudo.com\/si\/#\/schema\/logo\/image\/"},"sameAs":["https:\/\/www.facebook.com\/hudo.si","https:\/\/twitter.com\/hudo_si"]},{"@type":"Person","@id":"https:\/\/hudo.com\/si\/#\/schema\/person\/c2f10ce65d2e6ede2aeda5be2a0611fa","name":"M. N., STA","image":{"@type":"ImageObject","inLanguage":"sl-SI","@id":"https:\/\/hudo.com\/si\/#\/schema\/person\/image\/","url":"https:\/\/secure.gravatar.com\/avatar\/f370d38daa10467f755c5c766a4cac20?s=96&d=mm&r=g","contentUrl":"https:\/\/secure.gravatar.com\/avatar\/f370d38daa10467f755c5c766a4cac20?s=96&d=mm&r=g","caption":"M. N., STA"},"url":"https:\/\/hudo.com\/si\/author\/mana\/"}]}},"amp_enabled":true,"_links":{"self":[{"href":"https:\/\/hudo.com\/si\/wp-json\/wp\/v2\/posts\/256903"}],"collection":[{"href":"https:\/\/hudo.com\/si\/wp-json\/wp\/v2\/posts"}],"about":[{"href":"https:\/\/hudo.com\/si\/wp-json\/wp\/v2\/types\/post"}],"author":[{"embeddable":true,"href":"https:\/\/hudo.com\/si\/wp-json\/wp\/v2\/users\/8"}],"replies":[{"embeddable":true,"href":"https:\/\/hudo.com\/si\/wp-json\/wp\/v2\/comments?post=256903"}],"version-history":[{"count":1,"href":"https:\/\/hudo.com\/si\/wp-json\/wp\/v2\/posts\/256903\/revisions"}],"predecessor-version":[{"id":256904,"href":"https:\/\/hudo.com\/si\/wp-json\/wp\/v2\/posts\/256903\/revisions\/256904"}],"wp:featuredmedia":[{"embeddable":true,"href":"https:\/\/hudo.com\/si\/wp-json\/wp\/v2\/media\/74493"}],"wp:attachment":[{"href":"https:\/\/hudo.com\/si\/wp-json\/wp\/v2\/media?parent=256903"}],"wp:term":[{"taxonomy":"category","embeddable":true,"href":"https:\/\/hudo.com\/si\/wp-json\/wp\/v2\/categories?post=256903"},{"taxonomy":"post_tag","embeddable":true,"href":"https:\/\/hudo.com\/si\/wp-json\/wp\/v2\/tags?post=256903"},{"taxonomy":"source","embeddable":true,"href":"https:\/\/hudo.com\/si\/wp-json\/wp\/v2\/source?post=256903"},{"taxonomy":"supertag","embeddable":true,"href":"https:\/\/hudo.com\/si\/wp-json\/wp\/v2\/supertag?post=256903"}],"curies":[{"name":"wp","href":"https:\/\/api.w.org\/{rel}","templated":true}]}}