{"id":25733,"date":"2016-04-10T05:00:00","date_gmt":"2016-04-10T03:00:00","guid":{"rendered":"http:\/\/hudo.com\/si\/2016\/04\/10\/veliki-per-kot-mali-sagan\/"},"modified":"2016-04-10T09:11:18","modified_gmt":"2016-04-10T07:11:18","slug":"veliki-per-kot-mali-sagan","status":"publish","type":"post","link":"https:\/\/hudo.com\/si\/aktualno\/veliki-per-kot-mali-sagan\/","title":{"rendered":"Veliki Per kot \u00bbmali Sagan\u00ab"},"content":{"rendered":"<p>Kategorija: Kolesarstvo Sun, 10 Apr 2016 07:00:00 +0200  Oudenaarde \u2013 Tam, kjer je na 100. Rondi oziroma dirki Po Flandriji pred tednom dni zmagoslavno dvignil roke \u00bbveliki\u00ab Peter Sagan, je na \u00bbmali Rondi\u00ab za mlaj\u0161e \u010dlane do 23 let zmagal David Per oziroma \u00bbmali Sagan\u00ab, kot pravijo v kolesarskih krogih slovenskemu mladeni\u010du.David Per je zmagal v slogu Sagana. V zadnjih 27 kilometrih je narekoval vrhunski ritem ter se na koncu otresel vseh tekmecev. Zasledovalci ga niso ujeli, tako kot, denimo, na dirki za VN Adrie Mobila, ko se je moral zadovoljiti s \u010detrtim mestom. O\u010ditno je bila izku\u0161nja prav\u0161nja za vrhunec sezone. \u00bbFlandrijo sem imel v glavi \u017ee od za\u010detka sezone, ker je zaradi svoje izjemne zgodovine res nekaj posebnega v na\u0161em koledarju dirk. Klasike tak\u0161nega prereza mi ustrezajo. Naposled se mi je iz\u0161el tudi \u0161print,\u00ab je povedal\u00a0&#8230;<\/p>\n","protected":false},"excerpt":{"rendered":"<p>Kategorija: Kolesarstvo Sun, 10 Apr 2016 07:00:00 +0200  Oudenaarde \u2013 Tam, kjer je na 100. Rondi oziroma dirki Po Flandriji pred tednom dni zmagoslavno dvignil roke \u00bbveliki\u00ab Peter Sagan, je na \u00bbmali Rondi\u00ab za mlaj\u0161e \u010dlane do 23 let zmagal David Per oziroma \u00bbmali Sagan\u00ab, kot pravijo v kolesarskih krogih slovenskemu mladeni\u010du.David Per je zmagal v slogu Sagana. V zadnjih 27 kilometrih je narekoval vrhunski ritem ter se na koncu otresel vseh tekmecev. Zasledovalci ga niso ujeli, tako kot, denimo, na dirki za VN Adrie Mobila, ko se je moral zadovoljiti s \u010detrtim mestom. O\u010ditno je bila izku\u0161nja prav\u0161nja za vrhunec sezone. \u00bbFlandrijo sem imel v glavi \u017ee od za\u010detka sezone, ker je zaradi svoje izjemne zgodovine res nekaj posebnega v na\u0161em koledarju dirk. Klasike tak\u0161nega prereza mi ustrezajo. Naposled se mi je iz\u0161el tudi \u0161print,\u00ab je povedal\u00a0&#8230;<\/p>\n","protected":false},"author":1,"featured_media":0,"comment_status":"closed","ping_status":"closed","sticky":false,"template":"","format":"standard","meta":{"footnotes":""},"categories":[1179],"tags":[],"source":[4511],"supertag":[],"acf":[],"yoast_head":"<!-- This site is optimized with the Yoast SEO plugin v21.3 - https:\/\/yoast.com\/wordpress\/plugins\/seo\/ -->\n<title>Veliki Per kot \u00bbmali Sagan\u00ab - Hudo Slovenija<\/title>\n<meta name=\"robots\" content=\"index, follow, max-snippet:-1, max-image-preview:large, max-video-preview:-1\" \/>\n<link rel=\"canonical\" href=\"https:\/\/hudo.com\/si\/aktualno\/veliki-per-kot-mali-sagan\/\" \/>\n<meta property=\"og:locale\" content=\"sl_SI\" \/>\n<meta property=\"og:type\" content=\"article\" \/>\n<meta property=\"og:title\" content=\"Veliki Per kot \u00bbmali Sagan\u00ab - Hudo Slovenija\" \/>\n<meta property=\"og:description\" content=\"Kategorija: Kolesarstvo Sun, 10 Apr 2016 07:00:00 +0200 Oudenaarde \u2013 Tam, kjer je na 100. Rondi oziroma dirki Po Flandriji pred tednom dni zmagoslavno dvignil roke \u00bbveliki\u00ab Peter Sagan, je na \u00bbmali Rondi\u00ab za mlaj\u0161e \u010dlane do 23 let zmagal David Per oziroma \u00bbmali Sagan\u00ab, kot pravijo v kolesarskih krogih slovenskemu mladeni\u010du.David Per je zmagal v slogu Sagana. V zadnjih 27 kilometrih je narekoval vrhunski ritem ter se na koncu otresel vseh tekmecev. Zasledovalci ga niso ujeli, tako kot, denimo, na dirki za VN Adrie Mobila, ko se je moral zadovoljiti s \u010detrtim mestom. O\u010ditno je bila izku\u0161nja prav\u0161nja za vrhunec sezone. \u00bbFlandrijo sem imel v glavi \u017ee od za\u010detka sezone, ker je zaradi svoje izjemne zgodovine res nekaj posebnega v na\u0161em koledarju dirk. Klasike tak\u0161nega prereza mi ustrezajo. Naposled se mi je iz\u0161el tudi \u0161print,\u00ab je povedal\u00a0...\" \/>\n<meta property=\"og:url\" content=\"https:\/\/hudo.com\/si\/aktualno\/veliki-per-kot-mali-sagan\/\" \/>\n<meta property=\"og:site_name\" content=\"Hudo Slovenija\" \/>\n<meta property=\"article:publisher\" content=\"https:\/\/www.facebook.com\/hudo.si\" \/>\n<meta property=\"article:published_time\" content=\"2016-04-10T03:00:00+00:00\" \/>\n<meta property=\"article:modified_time\" content=\"2016-04-10T07:11:18+00:00\" \/>\n<meta property=\"og:image\" content=\"https:\/\/hudo.com\/si\/wp-content\/uploads\/sites\/2\/2016\/04\/480x290_David20Per.jpeg\" \/>\n\t<meta property=\"og:image:width\" content=\"480\" \/>\n\t<meta property=\"og:image:height\" content=\"290\" \/>\n\t<meta property=\"og:image:type\" content=\"image\/jpeg\" \/>\n<meta name=\"author\" content=\"hudo\" \/>\n<meta name=\"twitter:card\" content=\"summary_large_image\" \/>\n<meta name=\"twitter:creator\" content=\"@hudo_si\" \/>\n<meta name=\"twitter:site\" content=\"@hudo_si\" \/>\n<meta name=\"twitter:label1\" content=\"Written by\" \/>\n\t<meta name=\"twitter:data1\" content=\"hudo\" \/>\n\t<meta name=\"twitter:label2\" content=\"Est. reading time\" \/>\n\t<meta name=\"twitter:data2\" content=\"1 minuta\" \/>\n<script type=\"application\/ld+json\" class=\"yoast-schema-graph\">{\"@context\":\"https:\/\/schema.org\",\"@graph\":[{\"@type\":\"Article\",\"@id\":\"https:\/\/hudo.com\/si\/aktualno\/veliki-per-kot-mali-sagan\/#article\",\"isPartOf\":{\"@id\":\"https:\/\/hudo.com\/si\/aktualno\/veliki-per-kot-mali-sagan\/\"},\"author\":{\"name\":\"hudo\",\"@id\":\"https:\/\/hudo.com\/si\/#\/schema\/person\/601cf3379633985b20f7e50f2bb47707\"},\"headline\":\"Veliki Per kot \u00bbmali Sagan\u00ab\",\"datePublished\":\"2016-04-10T03:00:00+00:00\",\"dateModified\":\"2016-04-10T07:11:18+00:00\",\"mainEntityOfPage\":{\"@id\":\"https:\/\/hudo.com\/si\/aktualno\/veliki-per-kot-mali-sagan\/\"},\"wordCount\":145,\"publisher\":{\"@id\":\"https:\/\/hudo.com\/si\/#organization\"},\"articleSection\":[\"Aktualno\"],\"inLanguage\":\"sl-SI\"},{\"@type\":\"WebPage\",\"@id\":\"https:\/\/hudo.com\/si\/aktualno\/veliki-per-kot-mali-sagan\/\",\"url\":\"https:\/\/hudo.com\/si\/aktualno\/veliki-per-kot-mali-sagan\/\",\"name\":\"Veliki Per kot \u00bbmali Sagan\u00ab - Hudo Slovenija\",\"isPartOf\":{\"@id\":\"https:\/\/hudo.com\/si\/#website\"},\"datePublished\":\"2016-04-10T03:00:00+00:00\",\"dateModified\":\"2016-04-10T07:11:18+00:00\",\"breadcrumb\":{\"@id\":\"https:\/\/hudo.com\/si\/aktualno\/veliki-per-kot-mali-sagan\/#breadcrumb\"},\"inLanguage\":\"sl-SI\",\"potentialAction\":[{\"@type\":\"ReadAction\",\"target\":[\"https:\/\/hudo.com\/si\/aktualno\/veliki-per-kot-mali-sagan\/\"]}]},{\"@type\":\"BreadcrumbList\",\"@id\":\"https:\/\/hudo.com\/si\/aktualno\/veliki-per-kot-mali-sagan\/#breadcrumb\",\"itemListElement\":[{\"@type\":\"ListItem\",\"position\":1,\"name\":\"Home\",\"item\":\"https:\/\/hudo.com\/si\/\"},{\"@type\":\"ListItem\",\"position\":2,\"name\":\"Veliki Per kot \u00bbmali Sagan\u00ab\"}]},{\"@type\":\"WebSite\",\"@id\":\"https:\/\/hudo.com\/si\/#website\",\"url\":\"https:\/\/hudo.com\/si\/\",\"name\":\"Hudo Slovenija\",\"description\":\"Vse novice iz Slovenije in sveta\",\"publisher\":{\"@id\":\"https:\/\/hudo.com\/si\/#organization\"},\"potentialAction\":[{\"@type\":\"SearchAction\",\"target\":{\"@type\":\"EntryPoint\",\"urlTemplate\":\"https:\/\/hudo.com\/si\/?s={search_term_string}\"},\"query-input\":\"required name=search_term_string\"}],\"inLanguage\":\"sl-SI\"},{\"@type\":\"Organization\",\"@id\":\"https:\/\/hudo.com\/si\/#organization\",\"name\":\"VSN Media\",\"url\":\"https:\/\/hudo.com\/si\/\",\"logo\":{\"@type\":\"ImageObject\",\"inLanguage\":\"sl-SI\",\"@id\":\"https:\/\/hudo.com\/si\/#\/schema\/logo\/image\/\",\"url\":\"https:\/\/hudo.com\/si\/wp-content\/uploads\/sites\/2\/2021\/03\/hudo-app-2.png\",\"contentUrl\":\"https:\/\/hudo.com\/si\/wp-content\/uploads\/sites\/2\/2021\/03\/hudo-app-2.png\",\"width\":2185,\"height\":2167,\"caption\":\"VSN Media\"},\"image\":{\"@id\":\"https:\/\/hudo.com\/si\/#\/schema\/logo\/image\/\"},\"sameAs\":[\"https:\/\/www.facebook.com\/hudo.si\",\"https:\/\/twitter.com\/hudo_si\"]},{\"@type\":\"Person\",\"@id\":\"https:\/\/hudo.com\/si\/#\/schema\/person\/601cf3379633985b20f7e50f2bb47707\",\"name\":\"hudo\",\"image\":{\"@type\":\"ImageObject\",\"inLanguage\":\"sl-SI\",\"@id\":\"https:\/\/hudo.com\/si\/#\/schema\/person\/image\/\",\"url\":\"https:\/\/secure.gravatar.com\/avatar\/c4ca25fa72cace7a696b52ff5db9e095?s=96&d=mm&r=g\",\"contentUrl\":\"https:\/\/secure.gravatar.com\/avatar\/c4ca25fa72cace7a696b52ff5db9e095?s=96&d=mm&r=g\",\"caption\":\"hudo\"},\"url\":\"https:\/\/hudo.com\/si\/author\/hudo\/\"}]}<\/script>\n<!-- \/ Yoast SEO plugin. -->","yoast_head_json":{"title":"Veliki Per kot \u00bbmali Sagan\u00ab - Hudo Slovenija","robots":{"index":"index","follow":"follow","max-snippet":"max-snippet:-1","max-image-preview":"max-image-preview:large","max-video-preview":"max-video-preview:-1"},"canonical":"https:\/\/hudo.com\/si\/aktualno\/veliki-per-kot-mali-sagan\/","og_locale":"sl_SI","og_type":"article","og_title":"Veliki Per kot \u00bbmali Sagan\u00ab - Hudo Slovenija","og_description":"Kategorija: Kolesarstvo Sun, 10 Apr 2016 07:00:00 +0200 Oudenaarde \u2013 Tam, kjer je na 100. Rondi oziroma dirki Po Flandriji pred tednom dni zmagoslavno dvignil roke \u00bbveliki\u00ab Peter Sagan, je na \u00bbmali Rondi\u00ab za mlaj\u0161e \u010dlane do 23 let zmagal David Per oziroma \u00bbmali Sagan\u00ab, kot pravijo v kolesarskih krogih slovenskemu mladeni\u010du.David Per je zmagal v slogu Sagana. V zadnjih 27 kilometrih je narekoval vrhunski ritem ter se na koncu otresel vseh tekmecev. Zasledovalci ga niso ujeli, tako kot, denimo, na dirki za VN Adrie Mobila, ko se je moral zadovoljiti s \u010detrtim mestom. O\u010ditno je bila izku\u0161nja prav\u0161nja za vrhunec sezone. \u00bbFlandrijo sem imel v glavi \u017ee od za\u010detka sezone, ker je zaradi svoje izjemne zgodovine res nekaj posebnega v na\u0161em koledarju dirk. Klasike tak\u0161nega prereza mi ustrezajo. Naposled se mi je iz\u0161el tudi \u0161print,\u00ab je povedal\u00a0...","og_url":"https:\/\/hudo.com\/si\/aktualno\/veliki-per-kot-mali-sagan\/","og_site_name":"Hudo Slovenija","article_publisher":"https:\/\/www.facebook.com\/hudo.si","article_published_time":"2016-04-10T03:00:00+00:00","article_modified_time":"2016-04-10T07:11:18+00:00","og_image":[{"width":480,"height":290,"url":"https:\/\/hudo.com\/si\/wp-content\/uploads\/sites\/2\/2016\/04\/480x290_David20Per.jpeg","type":"image\/jpeg"}],"author":"hudo","twitter_card":"summary_large_image","twitter_creator":"@hudo_si","twitter_site":"@hudo_si","twitter_misc":{"Written by":"hudo","Est. reading time":"1 minuta"},"schema":{"@context":"https:\/\/schema.org","@graph":[{"@type":"Article","@id":"https:\/\/hudo.com\/si\/aktualno\/veliki-per-kot-mali-sagan\/#article","isPartOf":{"@id":"https:\/\/hudo.com\/si\/aktualno\/veliki-per-kot-mali-sagan\/"},"author":{"name":"hudo","@id":"https:\/\/hudo.com\/si\/#\/schema\/person\/601cf3379633985b20f7e50f2bb47707"},"headline":"Veliki Per kot \u00bbmali Sagan\u00ab","datePublished":"2016-04-10T03:00:00+00:00","dateModified":"2016-04-10T07:11:18+00:00","mainEntityOfPage":{"@id":"https:\/\/hudo.com\/si\/aktualno\/veliki-per-kot-mali-sagan\/"},"wordCount":145,"publisher":{"@id":"https:\/\/hudo.com\/si\/#organization"},"articleSection":["Aktualno"],"inLanguage":"sl-SI"},{"@type":"WebPage","@id":"https:\/\/hudo.com\/si\/aktualno\/veliki-per-kot-mali-sagan\/","url":"https:\/\/hudo.com\/si\/aktualno\/veliki-per-kot-mali-sagan\/","name":"Veliki Per kot \u00bbmali Sagan\u00ab - Hudo Slovenija","isPartOf":{"@id":"https:\/\/hudo.com\/si\/#website"},"datePublished":"2016-04-10T03:00:00+00:00","dateModified":"2016-04-10T07:11:18+00:00","breadcrumb":{"@id":"https:\/\/hudo.com\/si\/aktualno\/veliki-per-kot-mali-sagan\/#breadcrumb"},"inLanguage":"sl-SI","potentialAction":[{"@type":"ReadAction","target":["https:\/\/hudo.com\/si\/aktualno\/veliki-per-kot-mali-sagan\/"]}]},{"@type":"BreadcrumbList","@id":"https:\/\/hudo.com\/si\/aktualno\/veliki-per-kot-mali-sagan\/#breadcrumb","itemListElement":[{"@type":"ListItem","position":1,"name":"Home","item":"https:\/\/hudo.com\/si\/"},{"@type":"ListItem","position":2,"name":"Veliki Per kot \u00bbmali Sagan\u00ab"}]},{"@type":"WebSite","@id":"https:\/\/hudo.com\/si\/#website","url":"https:\/\/hudo.com\/si\/","name":"Hudo Slovenija","description":"Vse novice iz Slovenije in sveta","publisher":{"@id":"https:\/\/hudo.com\/si\/#organization"},"potentialAction":[{"@type":"SearchAction","target":{"@type":"EntryPoint","urlTemplate":"https:\/\/hudo.com\/si\/?s={search_term_string}"},"query-input":"required name=search_term_string"}],"inLanguage":"sl-SI"},{"@type":"Organization","@id":"https:\/\/hudo.com\/si\/#organization","name":"VSN Media","url":"https:\/\/hudo.com\/si\/","logo":{"@type":"ImageObject","inLanguage":"sl-SI","@id":"https:\/\/hudo.com\/si\/#\/schema\/logo\/image\/","url":"https:\/\/hudo.com\/si\/wp-content\/uploads\/sites\/2\/2021\/03\/hudo-app-2.png","contentUrl":"https:\/\/hudo.com\/si\/wp-content\/uploads\/sites\/2\/2021\/03\/hudo-app-2.png","width":2185,"height":2167,"caption":"VSN Media"},"image":{"@id":"https:\/\/hudo.com\/si\/#\/schema\/logo\/image\/"},"sameAs":["https:\/\/www.facebook.com\/hudo.si","https:\/\/twitter.com\/hudo_si"]},{"@type":"Person","@id":"https:\/\/hudo.com\/si\/#\/schema\/person\/601cf3379633985b20f7e50f2bb47707","name":"hudo","image":{"@type":"ImageObject","inLanguage":"sl-SI","@id":"https:\/\/hudo.com\/si\/#\/schema\/person\/image\/","url":"https:\/\/secure.gravatar.com\/avatar\/c4ca25fa72cace7a696b52ff5db9e095?s=96&d=mm&r=g","contentUrl":"https:\/\/secure.gravatar.com\/avatar\/c4ca25fa72cace7a696b52ff5db9e095?s=96&d=mm&r=g","caption":"hudo"},"url":"https:\/\/hudo.com\/si\/author\/hudo\/"}]}},"amp_enabled":true,"_links":{"self":[{"href":"https:\/\/hudo.com\/si\/wp-json\/wp\/v2\/posts\/25733"}],"collection":[{"href":"https:\/\/hudo.com\/si\/wp-json\/wp\/v2\/posts"}],"about":[{"href":"https:\/\/hudo.com\/si\/wp-json\/wp\/v2\/types\/post"}],"author":[{"embeddable":true,"href":"https:\/\/hudo.com\/si\/wp-json\/wp\/v2\/users\/1"}],"replies":[{"embeddable":true,"href":"https:\/\/hudo.com\/si\/wp-json\/wp\/v2\/comments?post=25733"}],"version-history":[{"count":1,"href":"https:\/\/hudo.com\/si\/wp-json\/wp\/v2\/posts\/25733\/revisions"}],"predecessor-version":[{"id":25762,"href":"https:\/\/hudo.com\/si\/wp-json\/wp\/v2\/posts\/25733\/revisions\/25762"}],"wp:attachment":[{"href":"https:\/\/hudo.com\/si\/wp-json\/wp\/v2\/media?parent=25733"}],"wp:term":[{"taxonomy":"category","embeddable":true,"href":"https:\/\/hudo.com\/si\/wp-json\/wp\/v2\/categories?post=25733"},{"taxonomy":"post_tag","embeddable":true,"href":"https:\/\/hudo.com\/si\/wp-json\/wp\/v2\/tags?post=25733"},{"taxonomy":"source","embeddable":true,"href":"https:\/\/hudo.com\/si\/wp-json\/wp\/v2\/source?post=25733"},{"taxonomy":"supertag","embeddable":true,"href":"https:\/\/hudo.com\/si\/wp-json\/wp\/v2\/supertag?post=25733"}],"curies":[{"name":"wp","href":"https:\/\/api.w.org\/{rel}","templated":true}]}}