{"id":257445,"date":"2017-05-20T17:00:00","date_gmt":"2017-05-20T15:00:00","guid":{"rendered":"http:\/\/hudo.com\/si\/2017\/05\/20\/brodet-s-skarpeno-lescurji-na-referendum\/"},"modified":"2017-05-20T17:00:00","modified_gmt":"2017-05-20T15:00:00","slug":"brodet-s-skarpeno-lescurji-na-referendum","status":"publish","type":"post","link":"https:\/\/hudo.com\/si\/aktualno\/brodet-s-skarpeno-lescurji-na-referendum\/","title":{"rendered":"Brodet s \u0161karpeno: Le\u0161\u010durji na referendum"},"content":{"rendered":"<p>Kategorija: Kolumne Sat, 20 May 2017 19:00:00 +0200  Pred dnevi je poslanka vpra\u0161ala premiera, kako je z varnostno situacijo in mo\u017enostjo teroristi\u010dnih akcij v Sloveniji. Sledil je odgovor Radia Erevan, da smo na\u010deloma varni in budni. Ker pijemo kavico. Pa \u0161e ta je iz cikorije. Potem je vlada sklicala tiskovno konferenco. Med novinarje se je pome\u0161al slepi potnik, ki si je privo\u0161\u010dil na kruhu namazanega prvega ministra. Preglasil ga je na doma\u010dem terenu in mu v treh minutah brez krjance nasul diktatorskega popra. Bil je na sre\u010do le slepi potnik. In ne Teleban. \u0160karpena res ni ra\u010dunala, da so pri Cerarjevih tako raztreseni. \u010ce bi se torej med novinarje po naklju\u010dju pome\u0161al Terminator (pa ne sosedov Arnold), bi imeli danes morda \u017ee novega predsednika vlade. K sre\u010di je \u0161lo le za na\u0161ega va\u0161kega posebne\u017ea Vilija. Ne glede na\u00a0&#8230;<\/p>\n","protected":false},"excerpt":{"rendered":"<p>Kategorija: Kolumne Sat, 20 May 2017 19:00:00 +0200  Pred dnevi je poslanka vpra\u0161ala premiera, kako je z varnostno situacijo in mo\u017enostjo teroristi\u010dnih akcij v Sloveniji. Sledil je odgovor Radia Erevan, da smo na\u010deloma varni in budni. Ker pijemo kavico. Pa \u0161e ta je iz cikorije. Potem je vlada sklicala tiskovno konferenco. Med novinarje se je pome\u0161al slepi potnik, ki si je privo\u0161\u010dil na kruhu namazanega prvega ministra. Preglasil ga je na doma\u010dem terenu in mu v treh minutah brez krjance nasul diktatorskega popra. Bil je na sre\u010do le slepi potnik. In ne Teleban. \u0160karpena res ni ra\u010dunala, da so pri Cerarjevih tako raztreseni. \u010ce bi se torej med novinarje po naklju\u010dju pome\u0161al Terminator (pa ne sosedov Arnold), bi imeli danes morda \u017ee novega predsednika vlade. K sre\u010di je \u0161lo le za na\u0161ega va\u0161kega posebne\u017ea Vilija. Ne glede na\u00a0&#8230;<\/p>\n","protected":false},"author":1,"featured_media":0,"comment_status":"closed","ping_status":"closed","sticky":false,"template":"","format":"standard","meta":{"footnotes":""},"categories":[1179],"tags":[],"source":[1703],"supertag":[],"acf":[],"yoast_head":"<!-- This site is optimized with the Yoast SEO plugin v21.3 - https:\/\/yoast.com\/wordpress\/plugins\/seo\/ -->\n<title>Brodet s \u0161karpeno: Le\u0161\u010durji na referendum - Hudo Slovenija<\/title>\n<meta name=\"robots\" content=\"index, follow, max-snippet:-1, max-image-preview:large, max-video-preview:-1\" \/>\n<link rel=\"canonical\" href=\"https:\/\/hudo.com\/si\/aktualno\/brodet-s-skarpeno-lescurji-na-referendum\/\" \/>\n<meta property=\"og:locale\" content=\"sl_SI\" \/>\n<meta property=\"og:type\" content=\"article\" \/>\n<meta property=\"og:title\" content=\"Brodet s \u0161karpeno: Le\u0161\u010durji na referendum - Hudo Slovenija\" \/>\n<meta property=\"og:description\" content=\"Kategorija: Kolumne Sat, 20 May 2017 19:00:00 +0200 Pred dnevi je poslanka vpra\u0161ala premiera, kako je z varnostno situacijo in mo\u017enostjo teroristi\u010dnih akcij v Sloveniji. Sledil je odgovor Radia Erevan, da smo na\u010deloma varni in budni. Ker pijemo kavico. Pa \u0161e ta je iz cikorije. Potem je vlada sklicala tiskovno konferenco. Med novinarje se je pome\u0161al slepi potnik, ki si je privo\u0161\u010dil na kruhu namazanega prvega ministra. Preglasil ga je na doma\u010dem terenu in mu v treh minutah brez krjance nasul diktatorskega popra. Bil je na sre\u010do le slepi potnik. In ne Teleban. \u0160karpena res ni ra\u010dunala, da so pri Cerarjevih tako raztreseni. \u010ce bi se torej med novinarje po naklju\u010dju pome\u0161al Terminator (pa ne sosedov Arnold), bi imeli danes morda \u017ee novega predsednika vlade. K sre\u010di je \u0161lo le za na\u0161ega va\u0161kega posebne\u017ea Vilija. Ne glede na\u00a0...\" \/>\n<meta property=\"og:url\" content=\"https:\/\/hudo.com\/si\/aktualno\/brodet-s-skarpeno-lescurji-na-referendum\/\" \/>\n<meta property=\"og:site_name\" content=\"Hudo Slovenija\" \/>\n<meta property=\"article:publisher\" content=\"https:\/\/www.facebook.com\/hudo.si\" \/>\n<meta property=\"article:published_time\" content=\"2017-05-20T15:00:00+00:00\" \/>\n<meta property=\"og:image\" content=\"https:\/\/hudo.com\/si\/wp-content\/uploads\/sites\/2\/2017\/05\/480x290_Delo_Foto-20140521103538-64532600.jpeg\" \/>\n\t<meta property=\"og:image:width\" content=\"480\" \/>\n\t<meta property=\"og:image:height\" content=\"290\" \/>\n\t<meta property=\"og:image:type\" content=\"image\/jpeg\" \/>\n<meta name=\"author\" content=\"hudo\" \/>\n<meta name=\"twitter:card\" content=\"summary_large_image\" \/>\n<meta name=\"twitter:creator\" content=\"@hudo_si\" \/>\n<meta name=\"twitter:site\" content=\"@hudo_si\" \/>\n<meta name=\"twitter:label1\" content=\"Written by\" \/>\n\t<meta name=\"twitter:data1\" content=\"hudo\" \/>\n\t<meta name=\"twitter:label2\" content=\"Est. reading time\" \/>\n\t<meta name=\"twitter:data2\" content=\"1 minuta\" \/>\n<script type=\"application\/ld+json\" class=\"yoast-schema-graph\">{\"@context\":\"https:\/\/schema.org\",\"@graph\":[{\"@type\":\"Article\",\"@id\":\"https:\/\/hudo.com\/si\/aktualno\/brodet-s-skarpeno-lescurji-na-referendum\/#article\",\"isPartOf\":{\"@id\":\"https:\/\/hudo.com\/si\/aktualno\/brodet-s-skarpeno-lescurji-na-referendum\/\"},\"author\":{\"name\":\"hudo\",\"@id\":\"https:\/\/hudo.com\/si\/#\/schema\/person\/601cf3379633985b20f7e50f2bb47707\"},\"headline\":\"Brodet s \u0161karpeno: Le\u0161\u010durji na referendum\",\"datePublished\":\"2017-05-20T15:00:00+00:00\",\"dateModified\":\"2017-05-20T15:00:00+00:00\",\"mainEntityOfPage\":{\"@id\":\"https:\/\/hudo.com\/si\/aktualno\/brodet-s-skarpeno-lescurji-na-referendum\/\"},\"wordCount\":156,\"publisher\":{\"@id\":\"https:\/\/hudo.com\/si\/#organization\"},\"articleSection\":[\"Aktualno\"],\"inLanguage\":\"sl-SI\"},{\"@type\":\"WebPage\",\"@id\":\"https:\/\/hudo.com\/si\/aktualno\/brodet-s-skarpeno-lescurji-na-referendum\/\",\"url\":\"https:\/\/hudo.com\/si\/aktualno\/brodet-s-skarpeno-lescurji-na-referendum\/\",\"name\":\"Brodet s \u0161karpeno: Le\u0161\u010durji na referendum - Hudo Slovenija\",\"isPartOf\":{\"@id\":\"https:\/\/hudo.com\/si\/#website\"},\"datePublished\":\"2017-05-20T15:00:00+00:00\",\"dateModified\":\"2017-05-20T15:00:00+00:00\",\"breadcrumb\":{\"@id\":\"https:\/\/hudo.com\/si\/aktualno\/brodet-s-skarpeno-lescurji-na-referendum\/#breadcrumb\"},\"inLanguage\":\"sl-SI\",\"potentialAction\":[{\"@type\":\"ReadAction\",\"target\":[\"https:\/\/hudo.com\/si\/aktualno\/brodet-s-skarpeno-lescurji-na-referendum\/\"]}]},{\"@type\":\"BreadcrumbList\",\"@id\":\"https:\/\/hudo.com\/si\/aktualno\/brodet-s-skarpeno-lescurji-na-referendum\/#breadcrumb\",\"itemListElement\":[{\"@type\":\"ListItem\",\"position\":1,\"name\":\"Home\",\"item\":\"https:\/\/hudo.com\/si\/\"},{\"@type\":\"ListItem\",\"position\":2,\"name\":\"Brodet s \u0161karpeno: Le\u0161\u010durji na referendum\"}]},{\"@type\":\"WebSite\",\"@id\":\"https:\/\/hudo.com\/si\/#website\",\"url\":\"https:\/\/hudo.com\/si\/\",\"name\":\"Hudo Slovenija\",\"description\":\"Vse novice iz Slovenije in sveta\",\"publisher\":{\"@id\":\"https:\/\/hudo.com\/si\/#organization\"},\"potentialAction\":[{\"@type\":\"SearchAction\",\"target\":{\"@type\":\"EntryPoint\",\"urlTemplate\":\"https:\/\/hudo.com\/si\/?s={search_term_string}\"},\"query-input\":\"required name=search_term_string\"}],\"inLanguage\":\"sl-SI\"},{\"@type\":\"Organization\",\"@id\":\"https:\/\/hudo.com\/si\/#organization\",\"name\":\"VSN Media\",\"url\":\"https:\/\/hudo.com\/si\/\",\"logo\":{\"@type\":\"ImageObject\",\"inLanguage\":\"sl-SI\",\"@id\":\"https:\/\/hudo.com\/si\/#\/schema\/logo\/image\/\",\"url\":\"https:\/\/hudo.com\/si\/wp-content\/uploads\/sites\/2\/2021\/03\/hudo-app-2.png\",\"contentUrl\":\"https:\/\/hudo.com\/si\/wp-content\/uploads\/sites\/2\/2021\/03\/hudo-app-2.png\",\"width\":2185,\"height\":2167,\"caption\":\"VSN Media\"},\"image\":{\"@id\":\"https:\/\/hudo.com\/si\/#\/schema\/logo\/image\/\"},\"sameAs\":[\"https:\/\/www.facebook.com\/hudo.si\",\"https:\/\/twitter.com\/hudo_si\"]},{\"@type\":\"Person\",\"@id\":\"https:\/\/hudo.com\/si\/#\/schema\/person\/601cf3379633985b20f7e50f2bb47707\",\"name\":\"hudo\",\"image\":{\"@type\":\"ImageObject\",\"inLanguage\":\"sl-SI\",\"@id\":\"https:\/\/hudo.com\/si\/#\/schema\/person\/image\/\",\"url\":\"https:\/\/secure.gravatar.com\/avatar\/c4ca25fa72cace7a696b52ff5db9e095?s=96&d=mm&r=g\",\"contentUrl\":\"https:\/\/secure.gravatar.com\/avatar\/c4ca25fa72cace7a696b52ff5db9e095?s=96&d=mm&r=g\",\"caption\":\"hudo\"},\"url\":\"https:\/\/hudo.com\/si\/author\/hudo\/\"}]}<\/script>\n<!-- \/ Yoast SEO plugin. -->","yoast_head_json":{"title":"Brodet s \u0161karpeno: Le\u0161\u010durji na referendum - Hudo Slovenija","robots":{"index":"index","follow":"follow","max-snippet":"max-snippet:-1","max-image-preview":"max-image-preview:large","max-video-preview":"max-video-preview:-1"},"canonical":"https:\/\/hudo.com\/si\/aktualno\/brodet-s-skarpeno-lescurji-na-referendum\/","og_locale":"sl_SI","og_type":"article","og_title":"Brodet s \u0161karpeno: Le\u0161\u010durji na referendum - Hudo Slovenija","og_description":"Kategorija: Kolumne Sat, 20 May 2017 19:00:00 +0200 Pred dnevi je poslanka vpra\u0161ala premiera, kako je z varnostno situacijo in mo\u017enostjo teroristi\u010dnih akcij v Sloveniji. Sledil je odgovor Radia Erevan, da smo na\u010deloma varni in budni. Ker pijemo kavico. Pa \u0161e ta je iz cikorije. Potem je vlada sklicala tiskovno konferenco. Med novinarje se je pome\u0161al slepi potnik, ki si je privo\u0161\u010dil na kruhu namazanega prvega ministra. Preglasil ga je na doma\u010dem terenu in mu v treh minutah brez krjance nasul diktatorskega popra. Bil je na sre\u010do le slepi potnik. In ne Teleban. \u0160karpena res ni ra\u010dunala, da so pri Cerarjevih tako raztreseni. \u010ce bi se torej med novinarje po naklju\u010dju pome\u0161al Terminator (pa ne sosedov Arnold), bi imeli danes morda \u017ee novega predsednika vlade. K sre\u010di je \u0161lo le za na\u0161ega va\u0161kega posebne\u017ea Vilija. Ne glede na\u00a0...","og_url":"https:\/\/hudo.com\/si\/aktualno\/brodet-s-skarpeno-lescurji-na-referendum\/","og_site_name":"Hudo Slovenija","article_publisher":"https:\/\/www.facebook.com\/hudo.si","article_published_time":"2017-05-20T15:00:00+00:00","og_image":[{"width":480,"height":290,"url":"https:\/\/hudo.com\/si\/wp-content\/uploads\/sites\/2\/2017\/05\/480x290_Delo_Foto-20140521103538-64532600.jpeg","type":"image\/jpeg"}],"author":"hudo","twitter_card":"summary_large_image","twitter_creator":"@hudo_si","twitter_site":"@hudo_si","twitter_misc":{"Written by":"hudo","Est. reading time":"1 minuta"},"schema":{"@context":"https:\/\/schema.org","@graph":[{"@type":"Article","@id":"https:\/\/hudo.com\/si\/aktualno\/brodet-s-skarpeno-lescurji-na-referendum\/#article","isPartOf":{"@id":"https:\/\/hudo.com\/si\/aktualno\/brodet-s-skarpeno-lescurji-na-referendum\/"},"author":{"name":"hudo","@id":"https:\/\/hudo.com\/si\/#\/schema\/person\/601cf3379633985b20f7e50f2bb47707"},"headline":"Brodet s \u0161karpeno: Le\u0161\u010durji na referendum","datePublished":"2017-05-20T15:00:00+00:00","dateModified":"2017-05-20T15:00:00+00:00","mainEntityOfPage":{"@id":"https:\/\/hudo.com\/si\/aktualno\/brodet-s-skarpeno-lescurji-na-referendum\/"},"wordCount":156,"publisher":{"@id":"https:\/\/hudo.com\/si\/#organization"},"articleSection":["Aktualno"],"inLanguage":"sl-SI"},{"@type":"WebPage","@id":"https:\/\/hudo.com\/si\/aktualno\/brodet-s-skarpeno-lescurji-na-referendum\/","url":"https:\/\/hudo.com\/si\/aktualno\/brodet-s-skarpeno-lescurji-na-referendum\/","name":"Brodet s \u0161karpeno: Le\u0161\u010durji na referendum - Hudo Slovenija","isPartOf":{"@id":"https:\/\/hudo.com\/si\/#website"},"datePublished":"2017-05-20T15:00:00+00:00","dateModified":"2017-05-20T15:00:00+00:00","breadcrumb":{"@id":"https:\/\/hudo.com\/si\/aktualno\/brodet-s-skarpeno-lescurji-na-referendum\/#breadcrumb"},"inLanguage":"sl-SI","potentialAction":[{"@type":"ReadAction","target":["https:\/\/hudo.com\/si\/aktualno\/brodet-s-skarpeno-lescurji-na-referendum\/"]}]},{"@type":"BreadcrumbList","@id":"https:\/\/hudo.com\/si\/aktualno\/brodet-s-skarpeno-lescurji-na-referendum\/#breadcrumb","itemListElement":[{"@type":"ListItem","position":1,"name":"Home","item":"https:\/\/hudo.com\/si\/"},{"@type":"ListItem","position":2,"name":"Brodet s \u0161karpeno: Le\u0161\u010durji na referendum"}]},{"@type":"WebSite","@id":"https:\/\/hudo.com\/si\/#website","url":"https:\/\/hudo.com\/si\/","name":"Hudo Slovenija","description":"Vse novice iz Slovenije in sveta","publisher":{"@id":"https:\/\/hudo.com\/si\/#organization"},"potentialAction":[{"@type":"SearchAction","target":{"@type":"EntryPoint","urlTemplate":"https:\/\/hudo.com\/si\/?s={search_term_string}"},"query-input":"required name=search_term_string"}],"inLanguage":"sl-SI"},{"@type":"Organization","@id":"https:\/\/hudo.com\/si\/#organization","name":"VSN Media","url":"https:\/\/hudo.com\/si\/","logo":{"@type":"ImageObject","inLanguage":"sl-SI","@id":"https:\/\/hudo.com\/si\/#\/schema\/logo\/image\/","url":"https:\/\/hudo.com\/si\/wp-content\/uploads\/sites\/2\/2021\/03\/hudo-app-2.png","contentUrl":"https:\/\/hudo.com\/si\/wp-content\/uploads\/sites\/2\/2021\/03\/hudo-app-2.png","width":2185,"height":2167,"caption":"VSN Media"},"image":{"@id":"https:\/\/hudo.com\/si\/#\/schema\/logo\/image\/"},"sameAs":["https:\/\/www.facebook.com\/hudo.si","https:\/\/twitter.com\/hudo_si"]},{"@type":"Person","@id":"https:\/\/hudo.com\/si\/#\/schema\/person\/601cf3379633985b20f7e50f2bb47707","name":"hudo","image":{"@type":"ImageObject","inLanguage":"sl-SI","@id":"https:\/\/hudo.com\/si\/#\/schema\/person\/image\/","url":"https:\/\/secure.gravatar.com\/avatar\/c4ca25fa72cace7a696b52ff5db9e095?s=96&d=mm&r=g","contentUrl":"https:\/\/secure.gravatar.com\/avatar\/c4ca25fa72cace7a696b52ff5db9e095?s=96&d=mm&r=g","caption":"hudo"},"url":"https:\/\/hudo.com\/si\/author\/hudo\/"}]}},"amp_enabled":true,"_links":{"self":[{"href":"https:\/\/hudo.com\/si\/wp-json\/wp\/v2\/posts\/257445"}],"collection":[{"href":"https:\/\/hudo.com\/si\/wp-json\/wp\/v2\/posts"}],"about":[{"href":"https:\/\/hudo.com\/si\/wp-json\/wp\/v2\/types\/post"}],"author":[{"embeddable":true,"href":"https:\/\/hudo.com\/si\/wp-json\/wp\/v2\/users\/1"}],"replies":[{"embeddable":true,"href":"https:\/\/hudo.com\/si\/wp-json\/wp\/v2\/comments?post=257445"}],"version-history":[{"count":0,"href":"https:\/\/hudo.com\/si\/wp-json\/wp\/v2\/posts\/257445\/revisions"}],"wp:attachment":[{"href":"https:\/\/hudo.com\/si\/wp-json\/wp\/v2\/media?parent=257445"}],"wp:term":[{"taxonomy":"category","embeddable":true,"href":"https:\/\/hudo.com\/si\/wp-json\/wp\/v2\/categories?post=257445"},{"taxonomy":"post_tag","embeddable":true,"href":"https:\/\/hudo.com\/si\/wp-json\/wp\/v2\/tags?post=257445"},{"taxonomy":"source","embeddable":true,"href":"https:\/\/hudo.com\/si\/wp-json\/wp\/v2\/source?post=257445"},{"taxonomy":"supertag","embeddable":true,"href":"https:\/\/hudo.com\/si\/wp-json\/wp\/v2\/supertag?post=257445"}],"curies":[{"name":"wp","href":"https:\/\/api.w.org\/{rel}","templated":true}]}}