{"id":257473,"date":"2017-05-20T20:16:00","date_gmt":"2017-05-20T18:16:00","guid":{"rendered":"http:\/\/hudo.com\/si\/2017\/05\/20\/llull-je-letosnji-mvp-kosarkarske-evrolige\/"},"modified":"2017-05-20T20:16:00","modified_gmt":"2017-05-20T18:16:00","slug":"llull-je-letosnji-mvp-kosarkarske-evrolige","status":"publish","type":"post","link":"https:\/\/hudo.com\/si\/aktualno\/llull-je-letosnji-mvp-kosarkarske-evrolige\/","title":{"rendered":"Llull je leto\u0161nji MVP ko\u0161arkarske evrolige"},"content":{"rendered":"<p>Kategorija: Ko\u0161arka Sat, 20 May 2017 22:16:00 +0200  Istanbul &#8211; Ko\u0161arkar madridskega Reala Sergio Llull je bil danes v Istanbulu na zaklju\u010dnem turnirju na gala prireditvi izbran za najbolj koristnega igralca leto\u0161nje evrolige. Devetindvajsetletni \u0160panec je \u017ee dvanajsti ko\u0161arkar, odkar so leta 2005 prvi\u010d podelili to priznanje. \u010ceprav se Llull z Realom ni uvrstil v finale evrolige, v polfinalu so Madrid\u010dani v petek morali priznati premo\u010d doma\u010dega Fenerbah\u010deja, je tudi v tej tekmi navdu\u0161il s svojo predstavo. Dosegel je 28 to\u010dk, k temu pa je dodal \u0161e osem podaj in skok, kar mu je prineslo statisti\u010dni indeks 32. Tudi v rednem delu sezone je imel odli\u010dno povpre\u010dje, na tekmo je dosegel 16,4 to\u010dke in imel 5,9 podaje na tekmo, njegov povpre\u010dni statisti\u010dni indeks pa je bil 16,8 na 32 tekmah. V svoji deseti sezoni v Realu je tako pri\u0161el do\u00a0&#8230;<\/p>\n","protected":false},"excerpt":{"rendered":"<p>Kategorija: Ko\u0161arka Sat, 20 May 2017 22:16:00 +0200  Istanbul &#8211; Ko\u0161arkar madridskega Reala Sergio Llull je bil danes v Istanbulu na zaklju\u010dnem turnirju na gala prireditvi izbran za najbolj koristnega igralca leto\u0161nje evrolige. Devetindvajsetletni \u0160panec je \u017ee dvanajsti ko\u0161arkar, odkar so leta 2005 prvi\u010d podelili to priznanje. \u010ceprav se Llull z Realom ni uvrstil v finale evrolige, v polfinalu so Madrid\u010dani v petek morali priznati premo\u010d doma\u010dega Fenerbah\u010deja, je tudi v tej tekmi navdu\u0161il s svojo predstavo. Dosegel je 28 to\u010dk, k temu pa je dodal \u0161e osem podaj in skok, kar mu je prineslo statisti\u010dni indeks 32. Tudi v rednem delu sezone je imel odli\u010dno povpre\u010dje, na tekmo je dosegel 16,4 to\u010dke in imel 5,9 podaje na tekmo, njegov povpre\u010dni statisti\u010dni indeks pa je bil 16,8 na 32 tekmah. V svoji deseti sezoni v Realu je tako pri\u0161el do\u00a0&#8230;<\/p>\n","protected":false},"author":1,"featured_media":0,"comment_status":"closed","ping_status":"closed","sticky":false,"template":"","format":"standard","meta":{"footnotes":""},"categories":[1179],"tags":[],"source":[1703],"supertag":[],"acf":[],"yoast_head":"<!-- This site is optimized with the Yoast SEO plugin v21.3 - https:\/\/yoast.com\/wordpress\/plugins\/seo\/ -->\n<title>Llull je leto\u0161nji MVP ko\u0161arkarske evrolige - Hudo Slovenija<\/title>\n<meta name=\"robots\" content=\"index, follow, max-snippet:-1, max-image-preview:large, max-video-preview:-1\" \/>\n<link rel=\"canonical\" href=\"https:\/\/hudo.com\/si\/aktualno\/llull-je-letosnji-mvp-kosarkarske-evrolige\/\" \/>\n<meta property=\"og:locale\" content=\"sl_SI\" \/>\n<meta property=\"og:type\" content=\"article\" \/>\n<meta property=\"og:title\" content=\"Llull je leto\u0161nji MVP ko\u0161arkarske evrolige - Hudo Slovenija\" \/>\n<meta property=\"og:description\" content=\"Kategorija: Ko\u0161arka Sat, 20 May 2017 22:16:00 +0200 Istanbul - Ko\u0161arkar madridskega Reala Sergio Llull je bil danes v Istanbulu na zaklju\u010dnem turnirju na gala prireditvi izbran za najbolj koristnega igralca leto\u0161nje evrolige. Devetindvajsetletni \u0160panec je \u017ee dvanajsti ko\u0161arkar, odkar so leta 2005 prvi\u010d podelili to priznanje. \u010ceprav se Llull z Realom ni uvrstil v finale evrolige, v polfinalu so Madrid\u010dani v petek morali priznati premo\u010d doma\u010dega Fenerbah\u010deja, je tudi v tej tekmi navdu\u0161il s svojo predstavo. Dosegel je 28 to\u010dk, k temu pa je dodal \u0161e osem podaj in skok, kar mu je prineslo statisti\u010dni indeks 32. Tudi v rednem delu sezone je imel odli\u010dno povpre\u010dje, na tekmo je dosegel 16,4 to\u010dke in imel 5,9 podaje na tekmo, njegov povpre\u010dni statisti\u010dni indeks pa je bil 16,8 na 32 tekmah. V svoji deseti sezoni v Realu je tako pri\u0161el do\u00a0...\" \/>\n<meta property=\"og:url\" content=\"https:\/\/hudo.com\/si\/aktualno\/llull-je-letosnji-mvp-kosarkarske-evrolige\/\" \/>\n<meta property=\"og:site_name\" content=\"Hudo Slovenija\" \/>\n<meta property=\"article:publisher\" content=\"https:\/\/www.facebook.com\/hudo.si\" \/>\n<meta property=\"article:published_time\" content=\"2017-05-20T18:16:00+00:00\" \/>\n<meta property=\"og:image\" content=\"https:\/\/hudo.com\/si\/wp-content\/uploads\/sites\/2\/2017\/05\/480x290_AFP_Photo-20170519221143-55669200.jpeg\" \/>\n\t<meta property=\"og:image:width\" content=\"480\" \/>\n\t<meta property=\"og:image:height\" content=\"290\" \/>\n\t<meta property=\"og:image:type\" content=\"image\/jpeg\" \/>\n<meta name=\"author\" content=\"hudo\" \/>\n<meta name=\"twitter:card\" content=\"summary_large_image\" \/>\n<meta name=\"twitter:creator\" content=\"@hudo_si\" \/>\n<meta name=\"twitter:site\" content=\"@hudo_si\" \/>\n<meta name=\"twitter:label1\" content=\"Written by\" \/>\n\t<meta name=\"twitter:data1\" content=\"hudo\" \/>\n\t<meta name=\"twitter:label2\" content=\"Est. reading time\" \/>\n\t<meta name=\"twitter:data2\" content=\"1 minuta\" \/>\n<script type=\"application\/ld+json\" class=\"yoast-schema-graph\">{\"@context\":\"https:\/\/schema.org\",\"@graph\":[{\"@type\":\"Article\",\"@id\":\"https:\/\/hudo.com\/si\/aktualno\/llull-je-letosnji-mvp-kosarkarske-evrolige\/#article\",\"isPartOf\":{\"@id\":\"https:\/\/hudo.com\/si\/aktualno\/llull-je-letosnji-mvp-kosarkarske-evrolige\/\"},\"author\":{\"name\":\"hudo\",\"@id\":\"https:\/\/hudo.com\/si\/#\/schema\/person\/601cf3379633985b20f7e50f2bb47707\"},\"headline\":\"Llull je leto\u0161nji MVP ko\u0161arkarske evrolige\",\"datePublished\":\"2017-05-20T18:16:00+00:00\",\"dateModified\":\"2017-05-20T18:16:00+00:00\",\"mainEntityOfPage\":{\"@id\":\"https:\/\/hudo.com\/si\/aktualno\/llull-je-letosnji-mvp-kosarkarske-evrolige\/\"},\"wordCount\":154,\"publisher\":{\"@id\":\"https:\/\/hudo.com\/si\/#organization\"},\"articleSection\":[\"Aktualno\"],\"inLanguage\":\"sl-SI\"},{\"@type\":\"WebPage\",\"@id\":\"https:\/\/hudo.com\/si\/aktualno\/llull-je-letosnji-mvp-kosarkarske-evrolige\/\",\"url\":\"https:\/\/hudo.com\/si\/aktualno\/llull-je-letosnji-mvp-kosarkarske-evrolige\/\",\"name\":\"Llull je leto\u0161nji MVP ko\u0161arkarske evrolige - Hudo Slovenija\",\"isPartOf\":{\"@id\":\"https:\/\/hudo.com\/si\/#website\"},\"datePublished\":\"2017-05-20T18:16:00+00:00\",\"dateModified\":\"2017-05-20T18:16:00+00:00\",\"breadcrumb\":{\"@id\":\"https:\/\/hudo.com\/si\/aktualno\/llull-je-letosnji-mvp-kosarkarske-evrolige\/#breadcrumb\"},\"inLanguage\":\"sl-SI\",\"potentialAction\":[{\"@type\":\"ReadAction\",\"target\":[\"https:\/\/hudo.com\/si\/aktualno\/llull-je-letosnji-mvp-kosarkarske-evrolige\/\"]}]},{\"@type\":\"BreadcrumbList\",\"@id\":\"https:\/\/hudo.com\/si\/aktualno\/llull-je-letosnji-mvp-kosarkarske-evrolige\/#breadcrumb\",\"itemListElement\":[{\"@type\":\"ListItem\",\"position\":1,\"name\":\"Home\",\"item\":\"https:\/\/hudo.com\/si\/\"},{\"@type\":\"ListItem\",\"position\":2,\"name\":\"Llull je leto\u0161nji MVP ko\u0161arkarske evrolige\"}]},{\"@type\":\"WebSite\",\"@id\":\"https:\/\/hudo.com\/si\/#website\",\"url\":\"https:\/\/hudo.com\/si\/\",\"name\":\"Hudo Slovenija\",\"description\":\"Vse novice iz Slovenije in sveta\",\"publisher\":{\"@id\":\"https:\/\/hudo.com\/si\/#organization\"},\"potentialAction\":[{\"@type\":\"SearchAction\",\"target\":{\"@type\":\"EntryPoint\",\"urlTemplate\":\"https:\/\/hudo.com\/si\/?s={search_term_string}\"},\"query-input\":\"required name=search_term_string\"}],\"inLanguage\":\"sl-SI\"},{\"@type\":\"Organization\",\"@id\":\"https:\/\/hudo.com\/si\/#organization\",\"name\":\"VSN Media\",\"url\":\"https:\/\/hudo.com\/si\/\",\"logo\":{\"@type\":\"ImageObject\",\"inLanguage\":\"sl-SI\",\"@id\":\"https:\/\/hudo.com\/si\/#\/schema\/logo\/image\/\",\"url\":\"https:\/\/hudo.com\/si\/wp-content\/uploads\/sites\/2\/2021\/03\/hudo-app-2.png\",\"contentUrl\":\"https:\/\/hudo.com\/si\/wp-content\/uploads\/sites\/2\/2021\/03\/hudo-app-2.png\",\"width\":2185,\"height\":2167,\"caption\":\"VSN Media\"},\"image\":{\"@id\":\"https:\/\/hudo.com\/si\/#\/schema\/logo\/image\/\"},\"sameAs\":[\"https:\/\/www.facebook.com\/hudo.si\",\"https:\/\/twitter.com\/hudo_si\"]},{\"@type\":\"Person\",\"@id\":\"https:\/\/hudo.com\/si\/#\/schema\/person\/601cf3379633985b20f7e50f2bb47707\",\"name\":\"hudo\",\"image\":{\"@type\":\"ImageObject\",\"inLanguage\":\"sl-SI\",\"@id\":\"https:\/\/hudo.com\/si\/#\/schema\/person\/image\/\",\"url\":\"https:\/\/secure.gravatar.com\/avatar\/c4ca25fa72cace7a696b52ff5db9e095?s=96&d=mm&r=g\",\"contentUrl\":\"https:\/\/secure.gravatar.com\/avatar\/c4ca25fa72cace7a696b52ff5db9e095?s=96&d=mm&r=g\",\"caption\":\"hudo\"},\"url\":\"https:\/\/hudo.com\/si\/author\/hudo\/\"}]}<\/script>\n<!-- \/ Yoast SEO plugin. -->","yoast_head_json":{"title":"Llull je leto\u0161nji MVP ko\u0161arkarske evrolige - Hudo Slovenija","robots":{"index":"index","follow":"follow","max-snippet":"max-snippet:-1","max-image-preview":"max-image-preview:large","max-video-preview":"max-video-preview:-1"},"canonical":"https:\/\/hudo.com\/si\/aktualno\/llull-je-letosnji-mvp-kosarkarske-evrolige\/","og_locale":"sl_SI","og_type":"article","og_title":"Llull je leto\u0161nji MVP ko\u0161arkarske evrolige - Hudo Slovenija","og_description":"Kategorija: Ko\u0161arka Sat, 20 May 2017 22:16:00 +0200 Istanbul - Ko\u0161arkar madridskega Reala Sergio Llull je bil danes v Istanbulu na zaklju\u010dnem turnirju na gala prireditvi izbran za najbolj koristnega igralca leto\u0161nje evrolige. Devetindvajsetletni \u0160panec je \u017ee dvanajsti ko\u0161arkar, odkar so leta 2005 prvi\u010d podelili to priznanje. \u010ceprav se Llull z Realom ni uvrstil v finale evrolige, v polfinalu so Madrid\u010dani v petek morali priznati premo\u010d doma\u010dega Fenerbah\u010deja, je tudi v tej tekmi navdu\u0161il s svojo predstavo. Dosegel je 28 to\u010dk, k temu pa je dodal \u0161e osem podaj in skok, kar mu je prineslo statisti\u010dni indeks 32. Tudi v rednem delu sezone je imel odli\u010dno povpre\u010dje, na tekmo je dosegel 16,4 to\u010dke in imel 5,9 podaje na tekmo, njegov povpre\u010dni statisti\u010dni indeks pa je bil 16,8 na 32 tekmah. V svoji deseti sezoni v Realu je tako pri\u0161el do\u00a0...","og_url":"https:\/\/hudo.com\/si\/aktualno\/llull-je-letosnji-mvp-kosarkarske-evrolige\/","og_site_name":"Hudo Slovenija","article_publisher":"https:\/\/www.facebook.com\/hudo.si","article_published_time":"2017-05-20T18:16:00+00:00","og_image":[{"width":480,"height":290,"url":"https:\/\/hudo.com\/si\/wp-content\/uploads\/sites\/2\/2017\/05\/480x290_AFP_Photo-20170519221143-55669200.jpeg","type":"image\/jpeg"}],"author":"hudo","twitter_card":"summary_large_image","twitter_creator":"@hudo_si","twitter_site":"@hudo_si","twitter_misc":{"Written by":"hudo","Est. reading time":"1 minuta"},"schema":{"@context":"https:\/\/schema.org","@graph":[{"@type":"Article","@id":"https:\/\/hudo.com\/si\/aktualno\/llull-je-letosnji-mvp-kosarkarske-evrolige\/#article","isPartOf":{"@id":"https:\/\/hudo.com\/si\/aktualno\/llull-je-letosnji-mvp-kosarkarske-evrolige\/"},"author":{"name":"hudo","@id":"https:\/\/hudo.com\/si\/#\/schema\/person\/601cf3379633985b20f7e50f2bb47707"},"headline":"Llull je leto\u0161nji MVP ko\u0161arkarske evrolige","datePublished":"2017-05-20T18:16:00+00:00","dateModified":"2017-05-20T18:16:00+00:00","mainEntityOfPage":{"@id":"https:\/\/hudo.com\/si\/aktualno\/llull-je-letosnji-mvp-kosarkarske-evrolige\/"},"wordCount":154,"publisher":{"@id":"https:\/\/hudo.com\/si\/#organization"},"articleSection":["Aktualno"],"inLanguage":"sl-SI"},{"@type":"WebPage","@id":"https:\/\/hudo.com\/si\/aktualno\/llull-je-letosnji-mvp-kosarkarske-evrolige\/","url":"https:\/\/hudo.com\/si\/aktualno\/llull-je-letosnji-mvp-kosarkarske-evrolige\/","name":"Llull je leto\u0161nji MVP ko\u0161arkarske evrolige - Hudo Slovenija","isPartOf":{"@id":"https:\/\/hudo.com\/si\/#website"},"datePublished":"2017-05-20T18:16:00+00:00","dateModified":"2017-05-20T18:16:00+00:00","breadcrumb":{"@id":"https:\/\/hudo.com\/si\/aktualno\/llull-je-letosnji-mvp-kosarkarske-evrolige\/#breadcrumb"},"inLanguage":"sl-SI","potentialAction":[{"@type":"ReadAction","target":["https:\/\/hudo.com\/si\/aktualno\/llull-je-letosnji-mvp-kosarkarske-evrolige\/"]}]},{"@type":"BreadcrumbList","@id":"https:\/\/hudo.com\/si\/aktualno\/llull-je-letosnji-mvp-kosarkarske-evrolige\/#breadcrumb","itemListElement":[{"@type":"ListItem","position":1,"name":"Home","item":"https:\/\/hudo.com\/si\/"},{"@type":"ListItem","position":2,"name":"Llull je leto\u0161nji MVP ko\u0161arkarske evrolige"}]},{"@type":"WebSite","@id":"https:\/\/hudo.com\/si\/#website","url":"https:\/\/hudo.com\/si\/","name":"Hudo Slovenija","description":"Vse novice iz Slovenije in sveta","publisher":{"@id":"https:\/\/hudo.com\/si\/#organization"},"potentialAction":[{"@type":"SearchAction","target":{"@type":"EntryPoint","urlTemplate":"https:\/\/hudo.com\/si\/?s={search_term_string}"},"query-input":"required name=search_term_string"}],"inLanguage":"sl-SI"},{"@type":"Organization","@id":"https:\/\/hudo.com\/si\/#organization","name":"VSN Media","url":"https:\/\/hudo.com\/si\/","logo":{"@type":"ImageObject","inLanguage":"sl-SI","@id":"https:\/\/hudo.com\/si\/#\/schema\/logo\/image\/","url":"https:\/\/hudo.com\/si\/wp-content\/uploads\/sites\/2\/2021\/03\/hudo-app-2.png","contentUrl":"https:\/\/hudo.com\/si\/wp-content\/uploads\/sites\/2\/2021\/03\/hudo-app-2.png","width":2185,"height":2167,"caption":"VSN Media"},"image":{"@id":"https:\/\/hudo.com\/si\/#\/schema\/logo\/image\/"},"sameAs":["https:\/\/www.facebook.com\/hudo.si","https:\/\/twitter.com\/hudo_si"]},{"@type":"Person","@id":"https:\/\/hudo.com\/si\/#\/schema\/person\/601cf3379633985b20f7e50f2bb47707","name":"hudo","image":{"@type":"ImageObject","inLanguage":"sl-SI","@id":"https:\/\/hudo.com\/si\/#\/schema\/person\/image\/","url":"https:\/\/secure.gravatar.com\/avatar\/c4ca25fa72cace7a696b52ff5db9e095?s=96&d=mm&r=g","contentUrl":"https:\/\/secure.gravatar.com\/avatar\/c4ca25fa72cace7a696b52ff5db9e095?s=96&d=mm&r=g","caption":"hudo"},"url":"https:\/\/hudo.com\/si\/author\/hudo\/"}]}},"amp_enabled":true,"_links":{"self":[{"href":"https:\/\/hudo.com\/si\/wp-json\/wp\/v2\/posts\/257473"}],"collection":[{"href":"https:\/\/hudo.com\/si\/wp-json\/wp\/v2\/posts"}],"about":[{"href":"https:\/\/hudo.com\/si\/wp-json\/wp\/v2\/types\/post"}],"author":[{"embeddable":true,"href":"https:\/\/hudo.com\/si\/wp-json\/wp\/v2\/users\/1"}],"replies":[{"embeddable":true,"href":"https:\/\/hudo.com\/si\/wp-json\/wp\/v2\/comments?post=257473"}],"version-history":[{"count":0,"href":"https:\/\/hudo.com\/si\/wp-json\/wp\/v2\/posts\/257473\/revisions"}],"wp:attachment":[{"href":"https:\/\/hudo.com\/si\/wp-json\/wp\/v2\/media?parent=257473"}],"wp:term":[{"taxonomy":"category","embeddable":true,"href":"https:\/\/hudo.com\/si\/wp-json\/wp\/v2\/categories?post=257473"},{"taxonomy":"post_tag","embeddable":true,"href":"https:\/\/hudo.com\/si\/wp-json\/wp\/v2\/tags?post=257473"},{"taxonomy":"source","embeddable":true,"href":"https:\/\/hudo.com\/si\/wp-json\/wp\/v2\/source?post=257473"},{"taxonomy":"supertag","embeddable":true,"href":"https:\/\/hudo.com\/si\/wp-json\/wp\/v2\/supertag?post=257473"}],"curies":[{"name":"wp","href":"https:\/\/api.w.org\/{rel}","templated":true}]}}