{"id":257779,"date":"2017-05-22T07:58:00","date_gmt":"2017-05-22T05:58:00","guid":{"rendered":"http:\/\/hudo.com\/si\/2017\/05\/22\/matjaz-kek-rad-imam-ko-so-ljudje-srecni\/"},"modified":"2017-05-22T07:58:00","modified_gmt":"2017-05-22T05:58:00","slug":"matjaz-kek-rad-imam-ko-so-ljudje-srecni","status":"publish","type":"post","link":"https:\/\/hudo.com\/si\/aktualno\/matjaz-kek-rad-imam-ko-so-ljudje-srecni\/","title":{"rendered":"Matja\u017e Kek: Rad imam, ko so ljudje sre\u010dni"},"content":{"rendered":"<p>Povsem umirjeno je stal ob robu igri\u0161\u010da, ko so nogometa\u0161i in navija\u010di Rijeke \u010dakali na zadnji \u017evi\u017eg. Rujevica je do\u010dakala veliko slavje, Cibalia je padla s 4:0, prednost pred zagreb\u0161kim Dinamom na lestvici je postala neulovljiva, igralci so se izgubili v mno\u017eici navija\u010dev, on pa se je umaknil. \u0160el je v garderobo. Proslavljat po svoje. &#8220;Verjetno sem najsre\u010dnej\u0161i \u010dlovek na svetu. Zgodilo se je, v kar sem verjel. To je eden od vrhuncev v moji nogometni karieri,&#8221; je dejal Matja\u017e Kek, trener nogometa\u0161ev Rijeke, novih hrva\u0161kih prvakov. \u010cude\u017e v narekovajih O \u010dude\u017eu so se pogovarjali v Kvarnerju. Klub z ve\u010d kot 70-letno zgodovino se je povzpel na prestol. Pred 18 leti je bil blizu, a v zadnjem krogu (tudi zaradi spornih sodni\u0161kih odlo\u010ditev) izgubil naslov. Travma iz leta 1999 je bila sino\u010di pozdravljena. &#8220;\u010cude\u017e v narekovajih. Skozi celotno prvenstvo smo bili ekipa, ki je igrala in bila kljub velikemu pritisku dovolj kvalitetna, da je sezono izpeljala do konca. Nekaj najlep\u0161ega je, ko krog pred koncem slavi\u0161 pred svojimi navija\u010di. Izredno ponosen sem na fante, ki so zdr\u017eali ta velik, velik pritisk,&#8221; je v pogovoru s slovenskimi novinarji dejal Maribor\u010dan.        Robert Balen &#8220;Nekaj najlep\u0161ega je, ko krog pred koncem slavi\u0161 pred svojimi navija\u010di,&#8221; pravi Matja\u017e Kek.   Februarja 2013 se je preselil na jadransko obalo, se dogovoril s klubom, ki se je le malo pred tem \u0161e boril za obstanek v najmo\u010dnej\u0161i hrva\u0161ki ligi. Po treh drugih mestih je Kek stopil na vrh. &#8220;Rijeki se ni bilo lahko umestiti med sever in jug, med Dinamo in Hajduk. Na\u0161el se je nekdo, ki so ga najprej smatrali za norega. Govorim o na\u0161em predsedniku, ki je podpisan pod zgodbo. \u010ce ne bi bilo njegove vizije, njegovih ljudi, ki so vlekli naprej, tudi te generacije igralcev in uspeha ne bi bilo. \u010cast in slava igralcem, velik poklon pa Damirju Mi\u0161kovi\u0107u, njegovi dru\u017eini in vsem, ki so z njim v tem projektu,&#8221; se je vodilnim mo\u017eem kluba poklonil nekdanji trener Maribora in slovenske nogometne reprezentance. Kek ni bil med<\/p>\n","protected":false},"excerpt":{"rendered":"<p>Povsem umirjeno je stal ob robu igri\u0161\u010da, ko so nogometa\u0161i in navija\u010di Rijeke \u010dakali na zadnji \u017evi\u017eg. Rujevica je do\u010dakala veliko slavje, Cibalia je padla s 4:0, prednost pred zagreb\u0161kim Dinamom na lestvici je postala neulovljiva, igralci so se izgubili v mno\u017eici navija\u010dev, on pa se je umaknil. \u0160el je v garderobo. Proslavljat po svoje. &#8220;Verjetno sem najsre\u010dnej\u0161i \u010dlovek na svetu. Zgodilo se je, v kar sem verjel. To je eden od vrhuncev v moji nogometni karieri,&#8221; je dejal Matja\u017e Kek, trener nogometa\u0161ev Rijeke, novih hrva\u0161kih prvakov. \u010cude\u017e v narekovajih O \u010dude\u017eu so se pogovarjali v Kvarnerju. Klub z ve\u010d kot 70-letno zgodovino se je povzpel na prestol. Pred 18 leti je bil blizu, a v zadnjem krogu (tudi zaradi spornih sodni\u0161kih odlo\u010ditev) izgubil naslov. Travma iz leta 1999 je bila sino\u010di pozdravljena. &#8220;\u010cude\u017e v narekovajih. Skozi celotno prvenstvo smo bili ekipa, ki je igrala in bila kljub velikemu pritisku dovolj kvalitetna, da je sezono izpeljala do konca. Nekaj najlep\u0161ega je, ko krog pred koncem slavi\u0161 pred svojimi navija\u010di. Izredno ponosen sem na fante, ki so zdr\u017eali ta velik, velik pritisk,&#8221; je v pogovoru s slovenskimi novinarji dejal Maribor\u010dan.        Robert Balen &#8220;Nekaj najlep\u0161ega je, ko krog pred koncem slavi\u0161 pred svojimi navija\u010di,&#8221; pravi Matja\u017e Kek.   Februarja 2013 se je preselil na jadransko obalo, se dogovoril s klubom, ki se je le malo pred tem \u0161e boril za obstanek v najmo\u010dnej\u0161i hrva\u0161ki ligi. Po treh drugih mestih je Kek stopil na vrh. &#8220;Rijeki se ni bilo lahko umestiti med sever in jug, med Dinamo in Hajduk. Na\u0161el se je nekdo, ki so ga najprej smatrali za norega. Govorim o na\u0161em predsedniku, ki je podpisan pod zgodbo. \u010ce ne bi bilo njegove vizije, njegovih ljudi, ki so vlekli naprej, tudi te generacije igralcev in uspeha ne bi bilo. \u010cast in slava igralcem, velik poklon pa Damirju Mi\u0161kovi\u0107u, njegovi dru\u017eini in vsem, ki so z njim v tem projektu,&#8221; se je vodilnim mo\u017eem kluba poklonil nekdanji trener Maribora in slovenske nogometne reprezentance. Kek ni bil med<\/p>\n","protected":false},"author":1,"featured_media":0,"comment_status":"closed","ping_status":"closed","sticky":false,"template":"","format":"standard","meta":{"footnotes":""},"categories":[1179],"tags":[],"source":[1711],"supertag":[],"acf":[],"yoast_head":"<!-- This site is optimized with the Yoast SEO plugin v21.3 - https:\/\/yoast.com\/wordpress\/plugins\/seo\/ -->\n<title>Matja\u017e Kek: Rad imam, ko so ljudje sre\u010dni - Hudo Slovenija<\/title>\n<meta name=\"robots\" content=\"index, follow, max-snippet:-1, max-image-preview:large, max-video-preview:-1\" \/>\n<link rel=\"canonical\" href=\"https:\/\/hudo.com\/si\/aktualno\/matjaz-kek-rad-imam-ko-so-ljudje-srecni\/\" \/>\n<meta property=\"og:locale\" content=\"sl_SI\" \/>\n<meta property=\"og:type\" content=\"article\" \/>\n<meta property=\"og:title\" content=\"Matja\u017e Kek: Rad imam, ko so ljudje sre\u010dni - Hudo Slovenija\" \/>\n<meta property=\"og:description\" content=\"Povsem umirjeno je stal ob robu igri\u0161\u010da, ko so nogometa\u0161i in navija\u010di Rijeke \u010dakali na zadnji \u017evi\u017eg. Rujevica je do\u010dakala veliko slavje, Cibalia je padla s 4:0, prednost pred zagreb\u0161kim Dinamom na lestvici je postala neulovljiva, igralci so se izgubili v mno\u017eici navija\u010dev, on pa se je umaknil. \u0160el je v garderobo. Proslavljat po svoje. &quot;Verjetno sem najsre\u010dnej\u0161i \u010dlovek na svetu. Zgodilo se je, v kar sem verjel. To je eden od vrhuncev v moji nogometni karieri,&quot; je dejal Matja\u017e Kek, trener nogometa\u0161ev Rijeke, novih hrva\u0161kih prvakov. \u010cude\u017e v narekovajih O \u010dude\u017eu so se pogovarjali v Kvarnerju. Klub z ve\u010d kot 70-letno zgodovino se je povzpel na prestol. Pred 18 leti je bil blizu, a v zadnjem krogu (tudi zaradi spornih sodni\u0161kih odlo\u010ditev) izgubil naslov. Travma iz leta 1999 je bila sino\u010di pozdravljena. &quot;\u010cude\u017e v narekovajih. Skozi celotno prvenstvo smo bili ekipa, ki je igrala in bila kljub velikemu pritisku dovolj kvalitetna, da je sezono izpeljala do konca. Nekaj najlep\u0161ega je, ko krog pred koncem slavi\u0161 pred svojimi navija\u010di. Izredno ponosen sem na fante, ki so zdr\u017eali ta velik, velik pritisk,&quot; je v pogovoru s slovenskimi novinarji dejal Maribor\u010dan.    Robert Balen &quot;Nekaj najlep\u0161ega je, ko krog pred koncem slavi\u0161 pred svojimi navija\u010di,&quot; pravi Matja\u017e Kek.  Februarja 2013 se je preselil na jadransko obalo, se dogovoril s klubom, ki se je le malo pred tem \u0161e boril za obstanek v najmo\u010dnej\u0161i hrva\u0161ki ligi. Po treh drugih mestih je Kek stopil na vrh. &quot;Rijeki se ni bilo lahko umestiti med sever in jug, med Dinamo in Hajduk. Na\u0161el se je nekdo, ki so ga najprej smatrali za norega. Govorim o na\u0161em predsedniku, ki je podpisan pod zgodbo. \u010ce ne bi bilo njegove vizije, njegovih ljudi, ki so vlekli naprej, tudi te generacije igralcev in uspeha ne bi bilo. \u010cast in slava igralcem, velik poklon pa Damirju Mi\u0161kovi\u0107u, njegovi dru\u017eini in vsem, ki so z njim v tem projektu,&quot; se je vodilnim mo\u017eem kluba poklonil nekdanji trener Maribora in slovenske nogometne reprezentance. Kek ni bil med\" \/>\n<meta property=\"og:url\" content=\"https:\/\/hudo.com\/si\/aktualno\/matjaz-kek-rad-imam-ko-so-ljudje-srecni\/\" \/>\n<meta property=\"og:site_name\" content=\"Hudo Slovenija\" \/>\n<meta property=\"article:publisher\" content=\"https:\/\/www.facebook.com\/hudo.si\" \/>\n<meta property=\"article:published_time\" content=\"2017-05-22T05:58:00+00:00\" \/>\n<meta property=\"og:image\" content=\"https:\/\/hudo.com\/si\/wp-content\/uploads\/sites\/2\/2017\/05\/veselje-300.jpg\" \/>\n\t<meta property=\"og:image:width\" content=\"450\" \/>\n\t<meta property=\"og:image:height\" content=\"270\" \/>\n\t<meta property=\"og:image:type\" content=\"image\/jpeg\" \/>\n<meta name=\"author\" content=\"hudo\" \/>\n<meta name=\"twitter:card\" content=\"summary_large_image\" \/>\n<meta name=\"twitter:creator\" content=\"@hudo_si\" \/>\n<meta name=\"twitter:site\" content=\"@hudo_si\" \/>\n<meta name=\"twitter:label1\" content=\"Written by\" \/>\n\t<meta name=\"twitter:data1\" content=\"hudo\" \/>\n\t<meta name=\"twitter:label2\" content=\"Est. reading time\" \/>\n\t<meta name=\"twitter:data2\" content=\"2 minuti\" \/>\n<script type=\"application\/ld+json\" class=\"yoast-schema-graph\">{\"@context\":\"https:\/\/schema.org\",\"@graph\":[{\"@type\":\"Article\",\"@id\":\"https:\/\/hudo.com\/si\/aktualno\/matjaz-kek-rad-imam-ko-so-ljudje-srecni\/#article\",\"isPartOf\":{\"@id\":\"https:\/\/hudo.com\/si\/aktualno\/matjaz-kek-rad-imam-ko-so-ljudje-srecni\/\"},\"author\":{\"name\":\"hudo\",\"@id\":\"https:\/\/hudo.com\/si\/#\/schema\/person\/601cf3379633985b20f7e50f2bb47707\"},\"headline\":\"Matja\u017e Kek: Rad imam, ko so ljudje sre\u010dni\",\"datePublished\":\"2017-05-22T05:58:00+00:00\",\"dateModified\":\"2017-05-22T05:58:00+00:00\",\"mainEntityOfPage\":{\"@id\":\"https:\/\/hudo.com\/si\/aktualno\/matjaz-kek-rad-imam-ko-so-ljudje-srecni\/\"},\"wordCount\":369,\"publisher\":{\"@id\":\"https:\/\/hudo.com\/si\/#organization\"},\"articleSection\":[\"Aktualno\"],\"inLanguage\":\"sl-SI\"},{\"@type\":\"WebPage\",\"@id\":\"https:\/\/hudo.com\/si\/aktualno\/matjaz-kek-rad-imam-ko-so-ljudje-srecni\/\",\"url\":\"https:\/\/hudo.com\/si\/aktualno\/matjaz-kek-rad-imam-ko-so-ljudje-srecni\/\",\"name\":\"Matja\u017e Kek: Rad imam, ko so ljudje sre\u010dni - Hudo Slovenija\",\"isPartOf\":{\"@id\":\"https:\/\/hudo.com\/si\/#website\"},\"datePublished\":\"2017-05-22T05:58:00+00:00\",\"dateModified\":\"2017-05-22T05:58:00+00:00\",\"breadcrumb\":{\"@id\":\"https:\/\/hudo.com\/si\/aktualno\/matjaz-kek-rad-imam-ko-so-ljudje-srecni\/#breadcrumb\"},\"inLanguage\":\"sl-SI\",\"potentialAction\":[{\"@type\":\"ReadAction\",\"target\":[\"https:\/\/hudo.com\/si\/aktualno\/matjaz-kek-rad-imam-ko-so-ljudje-srecni\/\"]}]},{\"@type\":\"BreadcrumbList\",\"@id\":\"https:\/\/hudo.com\/si\/aktualno\/matjaz-kek-rad-imam-ko-so-ljudje-srecni\/#breadcrumb\",\"itemListElement\":[{\"@type\":\"ListItem\",\"position\":1,\"name\":\"Home\",\"item\":\"https:\/\/hudo.com\/si\/\"},{\"@type\":\"ListItem\",\"position\":2,\"name\":\"Matja\u017e Kek: Rad imam, ko so ljudje sre\u010dni\"}]},{\"@type\":\"WebSite\",\"@id\":\"https:\/\/hudo.com\/si\/#website\",\"url\":\"https:\/\/hudo.com\/si\/\",\"name\":\"Hudo Slovenija\",\"description\":\"Vse novice iz Slovenije in sveta\",\"publisher\":{\"@id\":\"https:\/\/hudo.com\/si\/#organization\"},\"potentialAction\":[{\"@type\":\"SearchAction\",\"target\":{\"@type\":\"EntryPoint\",\"urlTemplate\":\"https:\/\/hudo.com\/si\/?s={search_term_string}\"},\"query-input\":\"required name=search_term_string\"}],\"inLanguage\":\"sl-SI\"},{\"@type\":\"Organization\",\"@id\":\"https:\/\/hudo.com\/si\/#organization\",\"name\":\"VSN Media\",\"url\":\"https:\/\/hudo.com\/si\/\",\"logo\":{\"@type\":\"ImageObject\",\"inLanguage\":\"sl-SI\",\"@id\":\"https:\/\/hudo.com\/si\/#\/schema\/logo\/image\/\",\"url\":\"https:\/\/hudo.com\/si\/wp-content\/uploads\/sites\/2\/2021\/03\/hudo-app-2.png\",\"contentUrl\":\"https:\/\/hudo.com\/si\/wp-content\/uploads\/sites\/2\/2021\/03\/hudo-app-2.png\",\"width\":2185,\"height\":2167,\"caption\":\"VSN Media\"},\"image\":{\"@id\":\"https:\/\/hudo.com\/si\/#\/schema\/logo\/image\/\"},\"sameAs\":[\"https:\/\/www.facebook.com\/hudo.si\",\"https:\/\/twitter.com\/hudo_si\"]},{\"@type\":\"Person\",\"@id\":\"https:\/\/hudo.com\/si\/#\/schema\/person\/601cf3379633985b20f7e50f2bb47707\",\"name\":\"hudo\",\"image\":{\"@type\":\"ImageObject\",\"inLanguage\":\"sl-SI\",\"@id\":\"https:\/\/hudo.com\/si\/#\/schema\/person\/image\/\",\"url\":\"https:\/\/secure.gravatar.com\/avatar\/c4ca25fa72cace7a696b52ff5db9e095?s=96&d=mm&r=g\",\"contentUrl\":\"https:\/\/secure.gravatar.com\/avatar\/c4ca25fa72cace7a696b52ff5db9e095?s=96&d=mm&r=g\",\"caption\":\"hudo\"},\"url\":\"https:\/\/hudo.com\/si\/author\/hudo\/\"}]}<\/script>\n<!-- \/ Yoast SEO plugin. -->","yoast_head_json":{"title":"Matja\u017e Kek: Rad imam, ko so ljudje sre\u010dni - Hudo Slovenija","robots":{"index":"index","follow":"follow","max-snippet":"max-snippet:-1","max-image-preview":"max-image-preview:large","max-video-preview":"max-video-preview:-1"},"canonical":"https:\/\/hudo.com\/si\/aktualno\/matjaz-kek-rad-imam-ko-so-ljudje-srecni\/","og_locale":"sl_SI","og_type":"article","og_title":"Matja\u017e Kek: Rad imam, ko so ljudje sre\u010dni - Hudo Slovenija","og_description":"Povsem umirjeno je stal ob robu igri\u0161\u010da, ko so nogometa\u0161i in navija\u010di Rijeke \u010dakali na zadnji \u017evi\u017eg. Rujevica je do\u010dakala veliko slavje, Cibalia je padla s 4:0, prednost pred zagreb\u0161kim Dinamom na lestvici je postala neulovljiva, igralci so se izgubili v mno\u017eici navija\u010dev, on pa se je umaknil. \u0160el je v garderobo. Proslavljat po svoje. \"Verjetno sem najsre\u010dnej\u0161i \u010dlovek na svetu. Zgodilo se je, v kar sem verjel. To je eden od vrhuncev v moji nogometni karieri,\" je dejal Matja\u017e Kek, trener nogometa\u0161ev Rijeke, novih hrva\u0161kih prvakov. \u010cude\u017e v narekovajih O \u010dude\u017eu so se pogovarjali v Kvarnerju. Klub z ve\u010d kot 70-letno zgodovino se je povzpel na prestol. Pred 18 leti je bil blizu, a v zadnjem krogu (tudi zaradi spornih sodni\u0161kih odlo\u010ditev) izgubil naslov. Travma iz leta 1999 je bila sino\u010di pozdravljena. \"\u010cude\u017e v narekovajih. Skozi celotno prvenstvo smo bili ekipa, ki je igrala in bila kljub velikemu pritisku dovolj kvalitetna, da je sezono izpeljala do konca. Nekaj najlep\u0161ega je, ko krog pred koncem slavi\u0161 pred svojimi navija\u010di. Izredno ponosen sem na fante, ki so zdr\u017eali ta velik, velik pritisk,\" je v pogovoru s slovenskimi novinarji dejal Maribor\u010dan.    Robert Balen \"Nekaj najlep\u0161ega je, ko krog pred koncem slavi\u0161 pred svojimi navija\u010di,\" pravi Matja\u017e Kek.  Februarja 2013 se je preselil na jadransko obalo, se dogovoril s klubom, ki se je le malo pred tem \u0161e boril za obstanek v najmo\u010dnej\u0161i hrva\u0161ki ligi. Po treh drugih mestih je Kek stopil na vrh. \"Rijeki se ni bilo lahko umestiti med sever in jug, med Dinamo in Hajduk. Na\u0161el se je nekdo, ki so ga najprej smatrali za norega. Govorim o na\u0161em predsedniku, ki je podpisan pod zgodbo. \u010ce ne bi bilo njegove vizije, njegovih ljudi, ki so vlekli naprej, tudi te generacije igralcev in uspeha ne bi bilo. \u010cast in slava igralcem, velik poklon pa Damirju Mi\u0161kovi\u0107u, njegovi dru\u017eini in vsem, ki so z njim v tem projektu,\" se je vodilnim mo\u017eem kluba poklonil nekdanji trener Maribora in slovenske nogometne reprezentance. Kek ni bil med","og_url":"https:\/\/hudo.com\/si\/aktualno\/matjaz-kek-rad-imam-ko-so-ljudje-srecni\/","og_site_name":"Hudo Slovenija","article_publisher":"https:\/\/www.facebook.com\/hudo.si","article_published_time":"2017-05-22T05:58:00+00:00","og_image":[{"width":450,"height":270,"url":"https:\/\/hudo.com\/si\/wp-content\/uploads\/sites\/2\/2017\/05\/veselje-300.jpg","type":"image\/jpeg"}],"author":"hudo","twitter_card":"summary_large_image","twitter_creator":"@hudo_si","twitter_site":"@hudo_si","twitter_misc":{"Written by":"hudo","Est. reading time":"2 minuti"},"schema":{"@context":"https:\/\/schema.org","@graph":[{"@type":"Article","@id":"https:\/\/hudo.com\/si\/aktualno\/matjaz-kek-rad-imam-ko-so-ljudje-srecni\/#article","isPartOf":{"@id":"https:\/\/hudo.com\/si\/aktualno\/matjaz-kek-rad-imam-ko-so-ljudje-srecni\/"},"author":{"name":"hudo","@id":"https:\/\/hudo.com\/si\/#\/schema\/person\/601cf3379633985b20f7e50f2bb47707"},"headline":"Matja\u017e Kek: Rad imam, ko so ljudje sre\u010dni","datePublished":"2017-05-22T05:58:00+00:00","dateModified":"2017-05-22T05:58:00+00:00","mainEntityOfPage":{"@id":"https:\/\/hudo.com\/si\/aktualno\/matjaz-kek-rad-imam-ko-so-ljudje-srecni\/"},"wordCount":369,"publisher":{"@id":"https:\/\/hudo.com\/si\/#organization"},"articleSection":["Aktualno"],"inLanguage":"sl-SI"},{"@type":"WebPage","@id":"https:\/\/hudo.com\/si\/aktualno\/matjaz-kek-rad-imam-ko-so-ljudje-srecni\/","url":"https:\/\/hudo.com\/si\/aktualno\/matjaz-kek-rad-imam-ko-so-ljudje-srecni\/","name":"Matja\u017e Kek: Rad imam, ko so ljudje sre\u010dni - Hudo Slovenija","isPartOf":{"@id":"https:\/\/hudo.com\/si\/#website"},"datePublished":"2017-05-22T05:58:00+00:00","dateModified":"2017-05-22T05:58:00+00:00","breadcrumb":{"@id":"https:\/\/hudo.com\/si\/aktualno\/matjaz-kek-rad-imam-ko-so-ljudje-srecni\/#breadcrumb"},"inLanguage":"sl-SI","potentialAction":[{"@type":"ReadAction","target":["https:\/\/hudo.com\/si\/aktualno\/matjaz-kek-rad-imam-ko-so-ljudje-srecni\/"]}]},{"@type":"BreadcrumbList","@id":"https:\/\/hudo.com\/si\/aktualno\/matjaz-kek-rad-imam-ko-so-ljudje-srecni\/#breadcrumb","itemListElement":[{"@type":"ListItem","position":1,"name":"Home","item":"https:\/\/hudo.com\/si\/"},{"@type":"ListItem","position":2,"name":"Matja\u017e Kek: Rad imam, ko so ljudje sre\u010dni"}]},{"@type":"WebSite","@id":"https:\/\/hudo.com\/si\/#website","url":"https:\/\/hudo.com\/si\/","name":"Hudo Slovenija","description":"Vse novice iz Slovenije in sveta","publisher":{"@id":"https:\/\/hudo.com\/si\/#organization"},"potentialAction":[{"@type":"SearchAction","target":{"@type":"EntryPoint","urlTemplate":"https:\/\/hudo.com\/si\/?s={search_term_string}"},"query-input":"required name=search_term_string"}],"inLanguage":"sl-SI"},{"@type":"Organization","@id":"https:\/\/hudo.com\/si\/#organization","name":"VSN Media","url":"https:\/\/hudo.com\/si\/","logo":{"@type":"ImageObject","inLanguage":"sl-SI","@id":"https:\/\/hudo.com\/si\/#\/schema\/logo\/image\/","url":"https:\/\/hudo.com\/si\/wp-content\/uploads\/sites\/2\/2021\/03\/hudo-app-2.png","contentUrl":"https:\/\/hudo.com\/si\/wp-content\/uploads\/sites\/2\/2021\/03\/hudo-app-2.png","width":2185,"height":2167,"caption":"VSN Media"},"image":{"@id":"https:\/\/hudo.com\/si\/#\/schema\/logo\/image\/"},"sameAs":["https:\/\/www.facebook.com\/hudo.si","https:\/\/twitter.com\/hudo_si"]},{"@type":"Person","@id":"https:\/\/hudo.com\/si\/#\/schema\/person\/601cf3379633985b20f7e50f2bb47707","name":"hudo","image":{"@type":"ImageObject","inLanguage":"sl-SI","@id":"https:\/\/hudo.com\/si\/#\/schema\/person\/image\/","url":"https:\/\/secure.gravatar.com\/avatar\/c4ca25fa72cace7a696b52ff5db9e095?s=96&d=mm&r=g","contentUrl":"https:\/\/secure.gravatar.com\/avatar\/c4ca25fa72cace7a696b52ff5db9e095?s=96&d=mm&r=g","caption":"hudo"},"url":"https:\/\/hudo.com\/si\/author\/hudo\/"}]}},"amp_enabled":true,"_links":{"self":[{"href":"https:\/\/hudo.com\/si\/wp-json\/wp\/v2\/posts\/257779"}],"collection":[{"href":"https:\/\/hudo.com\/si\/wp-json\/wp\/v2\/posts"}],"about":[{"href":"https:\/\/hudo.com\/si\/wp-json\/wp\/v2\/types\/post"}],"author":[{"embeddable":true,"href":"https:\/\/hudo.com\/si\/wp-json\/wp\/v2\/users\/1"}],"replies":[{"embeddable":true,"href":"https:\/\/hudo.com\/si\/wp-json\/wp\/v2\/comments?post=257779"}],"version-history":[{"count":0,"href":"https:\/\/hudo.com\/si\/wp-json\/wp\/v2\/posts\/257779\/revisions"}],"wp:attachment":[{"href":"https:\/\/hudo.com\/si\/wp-json\/wp\/v2\/media?parent=257779"}],"wp:term":[{"taxonomy":"category","embeddable":true,"href":"https:\/\/hudo.com\/si\/wp-json\/wp\/v2\/categories?post=257779"},{"taxonomy":"post_tag","embeddable":true,"href":"https:\/\/hudo.com\/si\/wp-json\/wp\/v2\/tags?post=257779"},{"taxonomy":"source","embeddable":true,"href":"https:\/\/hudo.com\/si\/wp-json\/wp\/v2\/source?post=257779"},{"taxonomy":"supertag","embeddable":true,"href":"https:\/\/hudo.com\/si\/wp-json\/wp\/v2\/supertag?post=257779"}],"curies":[{"name":"wp","href":"https:\/\/api.w.org\/{rel}","templated":true}]}}