{"id":257803,"date":"2017-05-22T07:00:00","date_gmt":"2017-05-22T05:00:00","guid":{"rendered":"http:\/\/hudo.com\/si\/2017\/05\/22\/dolgo-smo-cakali-na-podvig-rijeke-to-je-cudez\/"},"modified":"2017-05-22T07:00:00","modified_gmt":"2017-05-22T05:00:00","slug":"dolgo-smo-cakali-na-podvig-rijeke-to-je-cudez","status":"publish","type":"post","link":"https:\/\/hudo.com\/si\/aktualno\/dolgo-smo-cakali-na-podvig-rijeke-to-je-cudez\/","title":{"rendered":"\u00bbDolgo smo \u010dakali na podvig Rijeke. To je \u010dude\u017e.\u00ab"},"content":{"rendered":"<p>Kategorija: Nogomet Mon, 22 May 2017 09:00:00 +0200  Re\u010dani so sino\u010di prekinili enajst let trajaja\u010do vladavino Dinama na Hrva\u0161kem, potem ko so z zmago nad Cibalio postavili piko na i \u0161tiriletki pod vodstvom slovenskega trenerja Matja\u017ea Keka. Ob Kvarnerju se je ustavil \u010das, doslej nevidena evforija je zajela privr\u017eence kluba od \u010cila do Ju\u017ene Koreje. Prava misija nemogo\u010de je opisati navdu\u0161enje Re\u010danov nad nogometom, NK Rijeka, trenerjem Matja\u017eem Kekom in vsem, ki so po svojih mo\u010deh pomagali klubu do zgodovinskega podviga. Prebivalci obale Kvarnerskega zaliva in njene okolice so namre\u010d \u017eiveli za naslov prvaka dobrih 70 let. Nikdar se niso dotaknili sanj tako pristno kot prav sino\u010di, ko so tudi formalno sklatili s hrva\u0161kega vrha doslej nedotakljivi Dinamo Zagreb, ki premore petkrat ve\u010dji prora\u010dun za letne pla\u010de igralcev. \u00bbDa smo kon\u010dali na vrhu Hrva\u0161ke, je pravi \u010dude\u017e, dolgo\u00a0&#8230;<\/p>\n","protected":false},"excerpt":{"rendered":"<p>Kategorija: Nogomet Mon, 22 May 2017 09:00:00 +0200  Re\u010dani so sino\u010di prekinili enajst let trajaja\u010do vladavino Dinama na Hrva\u0161kem, potem ko so z zmago nad Cibalio postavili piko na i \u0161tiriletki pod vodstvom slovenskega trenerja Matja\u017ea Keka. Ob Kvarnerju se je ustavil \u010das, doslej nevidena evforija je zajela privr\u017eence kluba od \u010cila do Ju\u017ene Koreje. Prava misija nemogo\u010de je opisati navdu\u0161enje Re\u010danov nad nogometom, NK Rijeka, trenerjem Matja\u017eem Kekom in vsem, ki so po svojih mo\u010deh pomagali klubu do zgodovinskega podviga. Prebivalci obale Kvarnerskega zaliva in njene okolice so namre\u010d \u017eiveli za naslov prvaka dobrih 70 let. Nikdar se niso dotaknili sanj tako pristno kot prav sino\u010di, ko so tudi formalno sklatili s hrva\u0161kega vrha doslej nedotakljivi Dinamo Zagreb, ki premore petkrat ve\u010dji prora\u010dun za letne pla\u010de igralcev. \u00bbDa smo kon\u010dali na vrhu Hrva\u0161ke, je pravi \u010dude\u017e, dolgo\u00a0&#8230;<\/p>\n","protected":false},"author":1,"featured_media":0,"comment_status":"closed","ping_status":"closed","sticky":false,"template":"","format":"standard","meta":{"footnotes":""},"categories":[1179],"tags":[],"source":[1703],"supertag":[],"acf":[],"yoast_head":"<!-- This site is optimized with the Yoast SEO plugin v21.3 - https:\/\/yoast.com\/wordpress\/plugins\/seo\/ -->\n<title>\u00bbDolgo smo \u010dakali na podvig Rijeke. To je \u010dude\u017e.\u00ab - Hudo Slovenija<\/title>\n<meta name=\"robots\" content=\"index, follow, max-snippet:-1, max-image-preview:large, max-video-preview:-1\" \/>\n<link rel=\"canonical\" href=\"https:\/\/hudo.com\/si\/aktualno\/dolgo-smo-cakali-na-podvig-rijeke-to-je-cudez\/\" \/>\n<meta property=\"og:locale\" content=\"sl_SI\" \/>\n<meta property=\"og:type\" content=\"article\" \/>\n<meta property=\"og:title\" content=\"\u00bbDolgo smo \u010dakali na podvig Rijeke. To je \u010dude\u017e.\u00ab - Hudo Slovenija\" \/>\n<meta property=\"og:description\" content=\"Kategorija: Nogomet Mon, 22 May 2017 09:00:00 +0200 Re\u010dani so sino\u010di prekinili enajst let trajaja\u010do vladavino Dinama na Hrva\u0161kem, potem ko so z zmago nad Cibalio postavili piko na i \u0161tiriletki pod vodstvom slovenskega trenerja Matja\u017ea Keka. Ob Kvarnerju se je ustavil \u010das, doslej nevidena evforija je zajela privr\u017eence kluba od \u010cila do Ju\u017ene Koreje. Prava misija nemogo\u010de je opisati navdu\u0161enje Re\u010danov nad nogometom, NK Rijeka, trenerjem Matja\u017eem Kekom in vsem, ki so po svojih mo\u010deh pomagali klubu do zgodovinskega podviga. Prebivalci obale Kvarnerskega zaliva in njene okolice so namre\u010d \u017eiveli za naslov prvaka dobrih 70 let. Nikdar se niso dotaknili sanj tako pristno kot prav sino\u010di, ko so tudi formalno sklatili s hrva\u0161kega vrha doslej nedotakljivi Dinamo Zagreb, ki premore petkrat ve\u010dji prora\u010dun za letne pla\u010de igralcev. \u00bbDa smo kon\u010dali na vrhu Hrva\u0161ke, je pravi \u010dude\u017e, dolgo\u00a0...\" \/>\n<meta property=\"og:url\" content=\"https:\/\/hudo.com\/si\/aktualno\/dolgo-smo-cakali-na-podvig-rijeke-to-je-cudez\/\" \/>\n<meta property=\"og:site_name\" content=\"Hudo Slovenija\" \/>\n<meta property=\"article:publisher\" content=\"https:\/\/www.facebook.com\/hudo.si\" \/>\n<meta property=\"article:published_time\" content=\"2017-05-22T05:00:00+00:00\" \/>\n<meta property=\"og:image\" content=\"https:\/\/hudo.com\/si\/wp-content\/uploads\/sites\/2\/2017\/05\/480x290_Sport__Delo_Foto_2017052122_hires0.jpeg\" \/>\n\t<meta property=\"og:image:width\" content=\"480\" \/>\n\t<meta property=\"og:image:height\" content=\"290\" \/>\n\t<meta property=\"og:image:type\" content=\"image\/jpeg\" \/>\n<meta name=\"author\" content=\"hudo\" \/>\n<meta name=\"twitter:card\" content=\"summary_large_image\" \/>\n<meta name=\"twitter:creator\" content=\"@hudo_si\" \/>\n<meta name=\"twitter:site\" content=\"@hudo_si\" \/>\n<meta name=\"twitter:label1\" content=\"Written by\" \/>\n\t<meta name=\"twitter:data1\" content=\"hudo\" \/>\n\t<meta name=\"twitter:label2\" content=\"Est. reading time\" \/>\n\t<meta name=\"twitter:data2\" content=\"1 minuta\" \/>\n<script type=\"application\/ld+json\" class=\"yoast-schema-graph\">{\"@context\":\"https:\/\/schema.org\",\"@graph\":[{\"@type\":\"Article\",\"@id\":\"https:\/\/hudo.com\/si\/aktualno\/dolgo-smo-cakali-na-podvig-rijeke-to-je-cudez\/#article\",\"isPartOf\":{\"@id\":\"https:\/\/hudo.com\/si\/aktualno\/dolgo-smo-cakali-na-podvig-rijeke-to-je-cudez\/\"},\"author\":{\"name\":\"hudo\",\"@id\":\"https:\/\/hudo.com\/si\/#\/schema\/person\/601cf3379633985b20f7e50f2bb47707\"},\"headline\":\"\u00bbDolgo smo \u010dakali na podvig Rijeke. To je \u010dude\u017e.\u00ab\",\"datePublished\":\"2017-05-22T05:00:00+00:00\",\"dateModified\":\"2017-05-22T05:00:00+00:00\",\"mainEntityOfPage\":{\"@id\":\"https:\/\/hudo.com\/si\/aktualno\/dolgo-smo-cakali-na-podvig-rijeke-to-je-cudez\/\"},\"wordCount\":161,\"publisher\":{\"@id\":\"https:\/\/hudo.com\/si\/#organization\"},\"articleSection\":[\"Aktualno\"],\"inLanguage\":\"sl-SI\"},{\"@type\":\"WebPage\",\"@id\":\"https:\/\/hudo.com\/si\/aktualno\/dolgo-smo-cakali-na-podvig-rijeke-to-je-cudez\/\",\"url\":\"https:\/\/hudo.com\/si\/aktualno\/dolgo-smo-cakali-na-podvig-rijeke-to-je-cudez\/\",\"name\":\"\u00bbDolgo smo \u010dakali na podvig Rijeke. To je \u010dude\u017e.\u00ab - Hudo Slovenija\",\"isPartOf\":{\"@id\":\"https:\/\/hudo.com\/si\/#website\"},\"datePublished\":\"2017-05-22T05:00:00+00:00\",\"dateModified\":\"2017-05-22T05:00:00+00:00\",\"breadcrumb\":{\"@id\":\"https:\/\/hudo.com\/si\/aktualno\/dolgo-smo-cakali-na-podvig-rijeke-to-je-cudez\/#breadcrumb\"},\"inLanguage\":\"sl-SI\",\"potentialAction\":[{\"@type\":\"ReadAction\",\"target\":[\"https:\/\/hudo.com\/si\/aktualno\/dolgo-smo-cakali-na-podvig-rijeke-to-je-cudez\/\"]}]},{\"@type\":\"BreadcrumbList\",\"@id\":\"https:\/\/hudo.com\/si\/aktualno\/dolgo-smo-cakali-na-podvig-rijeke-to-je-cudez\/#breadcrumb\",\"itemListElement\":[{\"@type\":\"ListItem\",\"position\":1,\"name\":\"Home\",\"item\":\"https:\/\/hudo.com\/si\/\"},{\"@type\":\"ListItem\",\"position\":2,\"name\":\"\u00bbDolgo smo \u010dakali na podvig Rijeke. To je \u010dude\u017e.\u00ab\"}]},{\"@type\":\"WebSite\",\"@id\":\"https:\/\/hudo.com\/si\/#website\",\"url\":\"https:\/\/hudo.com\/si\/\",\"name\":\"Hudo Slovenija\",\"description\":\"Vse novice iz Slovenije in sveta\",\"publisher\":{\"@id\":\"https:\/\/hudo.com\/si\/#organization\"},\"potentialAction\":[{\"@type\":\"SearchAction\",\"target\":{\"@type\":\"EntryPoint\",\"urlTemplate\":\"https:\/\/hudo.com\/si\/?s={search_term_string}\"},\"query-input\":\"required name=search_term_string\"}],\"inLanguage\":\"sl-SI\"},{\"@type\":\"Organization\",\"@id\":\"https:\/\/hudo.com\/si\/#organization\",\"name\":\"VSN Media\",\"url\":\"https:\/\/hudo.com\/si\/\",\"logo\":{\"@type\":\"ImageObject\",\"inLanguage\":\"sl-SI\",\"@id\":\"https:\/\/hudo.com\/si\/#\/schema\/logo\/image\/\",\"url\":\"https:\/\/hudo.com\/si\/wp-content\/uploads\/sites\/2\/2021\/03\/hudo-app-2.png\",\"contentUrl\":\"https:\/\/hudo.com\/si\/wp-content\/uploads\/sites\/2\/2021\/03\/hudo-app-2.png\",\"width\":2185,\"height\":2167,\"caption\":\"VSN Media\"},\"image\":{\"@id\":\"https:\/\/hudo.com\/si\/#\/schema\/logo\/image\/\"},\"sameAs\":[\"https:\/\/www.facebook.com\/hudo.si\",\"https:\/\/twitter.com\/hudo_si\"]},{\"@type\":\"Person\",\"@id\":\"https:\/\/hudo.com\/si\/#\/schema\/person\/601cf3379633985b20f7e50f2bb47707\",\"name\":\"hudo\",\"image\":{\"@type\":\"ImageObject\",\"inLanguage\":\"sl-SI\",\"@id\":\"https:\/\/hudo.com\/si\/#\/schema\/person\/image\/\",\"url\":\"https:\/\/secure.gravatar.com\/avatar\/c4ca25fa72cace7a696b52ff5db9e095?s=96&d=mm&r=g\",\"contentUrl\":\"https:\/\/secure.gravatar.com\/avatar\/c4ca25fa72cace7a696b52ff5db9e095?s=96&d=mm&r=g\",\"caption\":\"hudo\"},\"url\":\"https:\/\/hudo.com\/si\/author\/hudo\/\"}]}<\/script>\n<!-- \/ Yoast SEO plugin. -->","yoast_head_json":{"title":"\u00bbDolgo smo \u010dakali na podvig Rijeke. To je \u010dude\u017e.\u00ab - Hudo Slovenija","robots":{"index":"index","follow":"follow","max-snippet":"max-snippet:-1","max-image-preview":"max-image-preview:large","max-video-preview":"max-video-preview:-1"},"canonical":"https:\/\/hudo.com\/si\/aktualno\/dolgo-smo-cakali-na-podvig-rijeke-to-je-cudez\/","og_locale":"sl_SI","og_type":"article","og_title":"\u00bbDolgo smo \u010dakali na podvig Rijeke. To je \u010dude\u017e.\u00ab - Hudo Slovenija","og_description":"Kategorija: Nogomet Mon, 22 May 2017 09:00:00 +0200 Re\u010dani so sino\u010di prekinili enajst let trajaja\u010do vladavino Dinama na Hrva\u0161kem, potem ko so z zmago nad Cibalio postavili piko na i \u0161tiriletki pod vodstvom slovenskega trenerja Matja\u017ea Keka. Ob Kvarnerju se je ustavil \u010das, doslej nevidena evforija je zajela privr\u017eence kluba od \u010cila do Ju\u017ene Koreje. Prava misija nemogo\u010de je opisati navdu\u0161enje Re\u010danov nad nogometom, NK Rijeka, trenerjem Matja\u017eem Kekom in vsem, ki so po svojih mo\u010deh pomagali klubu do zgodovinskega podviga. Prebivalci obale Kvarnerskega zaliva in njene okolice so namre\u010d \u017eiveli za naslov prvaka dobrih 70 let. Nikdar se niso dotaknili sanj tako pristno kot prav sino\u010di, ko so tudi formalno sklatili s hrva\u0161kega vrha doslej nedotakljivi Dinamo Zagreb, ki premore petkrat ve\u010dji prora\u010dun za letne pla\u010de igralcev. \u00bbDa smo kon\u010dali na vrhu Hrva\u0161ke, je pravi \u010dude\u017e, dolgo\u00a0...","og_url":"https:\/\/hudo.com\/si\/aktualno\/dolgo-smo-cakali-na-podvig-rijeke-to-je-cudez\/","og_site_name":"Hudo Slovenija","article_publisher":"https:\/\/www.facebook.com\/hudo.si","article_published_time":"2017-05-22T05:00:00+00:00","og_image":[{"width":480,"height":290,"url":"https:\/\/hudo.com\/si\/wp-content\/uploads\/sites\/2\/2017\/05\/480x290_Sport__Delo_Foto_2017052122_hires0.jpeg","type":"image\/jpeg"}],"author":"hudo","twitter_card":"summary_large_image","twitter_creator":"@hudo_si","twitter_site":"@hudo_si","twitter_misc":{"Written by":"hudo","Est. reading time":"1 minuta"},"schema":{"@context":"https:\/\/schema.org","@graph":[{"@type":"Article","@id":"https:\/\/hudo.com\/si\/aktualno\/dolgo-smo-cakali-na-podvig-rijeke-to-je-cudez\/#article","isPartOf":{"@id":"https:\/\/hudo.com\/si\/aktualno\/dolgo-smo-cakali-na-podvig-rijeke-to-je-cudez\/"},"author":{"name":"hudo","@id":"https:\/\/hudo.com\/si\/#\/schema\/person\/601cf3379633985b20f7e50f2bb47707"},"headline":"\u00bbDolgo smo \u010dakali na podvig Rijeke. To je \u010dude\u017e.\u00ab","datePublished":"2017-05-22T05:00:00+00:00","dateModified":"2017-05-22T05:00:00+00:00","mainEntityOfPage":{"@id":"https:\/\/hudo.com\/si\/aktualno\/dolgo-smo-cakali-na-podvig-rijeke-to-je-cudez\/"},"wordCount":161,"publisher":{"@id":"https:\/\/hudo.com\/si\/#organization"},"articleSection":["Aktualno"],"inLanguage":"sl-SI"},{"@type":"WebPage","@id":"https:\/\/hudo.com\/si\/aktualno\/dolgo-smo-cakali-na-podvig-rijeke-to-je-cudez\/","url":"https:\/\/hudo.com\/si\/aktualno\/dolgo-smo-cakali-na-podvig-rijeke-to-je-cudez\/","name":"\u00bbDolgo smo \u010dakali na podvig Rijeke. To je \u010dude\u017e.\u00ab - Hudo Slovenija","isPartOf":{"@id":"https:\/\/hudo.com\/si\/#website"},"datePublished":"2017-05-22T05:00:00+00:00","dateModified":"2017-05-22T05:00:00+00:00","breadcrumb":{"@id":"https:\/\/hudo.com\/si\/aktualno\/dolgo-smo-cakali-na-podvig-rijeke-to-je-cudez\/#breadcrumb"},"inLanguage":"sl-SI","potentialAction":[{"@type":"ReadAction","target":["https:\/\/hudo.com\/si\/aktualno\/dolgo-smo-cakali-na-podvig-rijeke-to-je-cudez\/"]}]},{"@type":"BreadcrumbList","@id":"https:\/\/hudo.com\/si\/aktualno\/dolgo-smo-cakali-na-podvig-rijeke-to-je-cudez\/#breadcrumb","itemListElement":[{"@type":"ListItem","position":1,"name":"Home","item":"https:\/\/hudo.com\/si\/"},{"@type":"ListItem","position":2,"name":"\u00bbDolgo smo \u010dakali na podvig Rijeke. To je \u010dude\u017e.\u00ab"}]},{"@type":"WebSite","@id":"https:\/\/hudo.com\/si\/#website","url":"https:\/\/hudo.com\/si\/","name":"Hudo Slovenija","description":"Vse novice iz Slovenije in sveta","publisher":{"@id":"https:\/\/hudo.com\/si\/#organization"},"potentialAction":[{"@type":"SearchAction","target":{"@type":"EntryPoint","urlTemplate":"https:\/\/hudo.com\/si\/?s={search_term_string}"},"query-input":"required name=search_term_string"}],"inLanguage":"sl-SI"},{"@type":"Organization","@id":"https:\/\/hudo.com\/si\/#organization","name":"VSN Media","url":"https:\/\/hudo.com\/si\/","logo":{"@type":"ImageObject","inLanguage":"sl-SI","@id":"https:\/\/hudo.com\/si\/#\/schema\/logo\/image\/","url":"https:\/\/hudo.com\/si\/wp-content\/uploads\/sites\/2\/2021\/03\/hudo-app-2.png","contentUrl":"https:\/\/hudo.com\/si\/wp-content\/uploads\/sites\/2\/2021\/03\/hudo-app-2.png","width":2185,"height":2167,"caption":"VSN Media"},"image":{"@id":"https:\/\/hudo.com\/si\/#\/schema\/logo\/image\/"},"sameAs":["https:\/\/www.facebook.com\/hudo.si","https:\/\/twitter.com\/hudo_si"]},{"@type":"Person","@id":"https:\/\/hudo.com\/si\/#\/schema\/person\/601cf3379633985b20f7e50f2bb47707","name":"hudo","image":{"@type":"ImageObject","inLanguage":"sl-SI","@id":"https:\/\/hudo.com\/si\/#\/schema\/person\/image\/","url":"https:\/\/secure.gravatar.com\/avatar\/c4ca25fa72cace7a696b52ff5db9e095?s=96&d=mm&r=g","contentUrl":"https:\/\/secure.gravatar.com\/avatar\/c4ca25fa72cace7a696b52ff5db9e095?s=96&d=mm&r=g","caption":"hudo"},"url":"https:\/\/hudo.com\/si\/author\/hudo\/"}]}},"amp_enabled":true,"_links":{"self":[{"href":"https:\/\/hudo.com\/si\/wp-json\/wp\/v2\/posts\/257803"}],"collection":[{"href":"https:\/\/hudo.com\/si\/wp-json\/wp\/v2\/posts"}],"about":[{"href":"https:\/\/hudo.com\/si\/wp-json\/wp\/v2\/types\/post"}],"author":[{"embeddable":true,"href":"https:\/\/hudo.com\/si\/wp-json\/wp\/v2\/users\/1"}],"replies":[{"embeddable":true,"href":"https:\/\/hudo.com\/si\/wp-json\/wp\/v2\/comments?post=257803"}],"version-history":[{"count":0,"href":"https:\/\/hudo.com\/si\/wp-json\/wp\/v2\/posts\/257803\/revisions"}],"wp:attachment":[{"href":"https:\/\/hudo.com\/si\/wp-json\/wp\/v2\/media?parent=257803"}],"wp:term":[{"taxonomy":"category","embeddable":true,"href":"https:\/\/hudo.com\/si\/wp-json\/wp\/v2\/categories?post=257803"},{"taxonomy":"post_tag","embeddable":true,"href":"https:\/\/hudo.com\/si\/wp-json\/wp\/v2\/tags?post=257803"},{"taxonomy":"source","embeddable":true,"href":"https:\/\/hudo.com\/si\/wp-json\/wp\/v2\/source?post=257803"},{"taxonomy":"supertag","embeddable":true,"href":"https:\/\/hudo.com\/si\/wp-json\/wp\/v2\/supertag?post=257803"}],"curies":[{"name":"wp","href":"https:\/\/api.w.org\/{rel}","templated":true}]}}