{"id":258051,"date":"2017-05-23T06:00:00","date_gmt":"2017-05-23T04:00:00","guid":{"rendered":"http:\/\/hudo.com\/si\/2017\/05\/23\/parkirisce-v-zelencih-je-crna-tocka-turizma\/"},"modified":"2017-05-23T06:00:00","modified_gmt":"2017-05-23T04:00:00","slug":"parkirisce-v-zelencih-je-crna-tocka-turizma","status":"publish","type":"post","link":"https:\/\/hudo.com\/si\/aktualno\/parkirisce-v-zelencih-je-crna-tocka-turizma\/","title":{"rendered":"Parkiri\u0161\u010de v Zelencih je \u010drna to\u010dka turizma"},"content":{"rendered":"<p>Kategorija: Slovenija Tue, 23 May 2017 08:00:00 +0200  Zelenci \u2013 V Agrarni skupnosti (AS) Podkoren so si zaradi ograje, ki so jo postavili na svojem parkiri\u0161\u010du ob naravnemu rezervatu Zelenci, prislu\u017eili kazensko ovadbo na to\u017eilstvo. \u010ceprav so Zelenci znamenitost, ki so za kranjskogorski turizem \u00bbvitalnega pomena\u00ab, vse ka\u017ee, da na parkiri\u0161\u010du v njihovi neposredni bli\u017eini v poletni turisti\u010dni sezoni ne bo mogo\u010de parkirati. Zaprt ostaja tudi tamkaj\u0161nji gostinski lokal. \u00bbKranjskogorski policisti so postopek kon\u010dali z vlo\u017eitvijo kazenske ovadbe na pristojno dr\u017eavno to\u017eilstvo proti posamezniku, ki je v povezavi s po\u0161kodbo ene osebe in ovirami na povr\u0161ini v Zelencih osumljen povzro\u010ditve splo\u0161ne nevarnosti po kazenskem zakoniku,\u00ab je sporo\u010dil Bojan Kos, tiskovni predstavnik kranjske policijske uprave. Dejal je, da gre po razpolo\u017eljivih podatkih za manj\u0161o rano, ki se je zgodila zaradi stika med osebo in kovinsko palico, ki je bila\u00a0&#8230;<\/p>\n","protected":false},"excerpt":{"rendered":"<p>Kategorija: Slovenija Tue, 23 May 2017 08:00:00 +0200  Zelenci \u2013 V Agrarni skupnosti (AS) Podkoren so si zaradi ograje, ki so jo postavili na svojem parkiri\u0161\u010du ob naravnemu rezervatu Zelenci, prislu\u017eili kazensko ovadbo na to\u017eilstvo. \u010ceprav so Zelenci znamenitost, ki so za kranjskogorski turizem \u00bbvitalnega pomena\u00ab, vse ka\u017ee, da na parkiri\u0161\u010du v njihovi neposredni bli\u017eini v poletni turisti\u010dni sezoni ne bo mogo\u010de parkirati. Zaprt ostaja tudi tamkaj\u0161nji gostinski lokal. \u00bbKranjskogorski policisti so postopek kon\u010dali z vlo\u017eitvijo kazenske ovadbe na pristojno dr\u017eavno to\u017eilstvo proti posamezniku, ki je v povezavi s po\u0161kodbo ene osebe in ovirami na povr\u0161ini v Zelencih osumljen povzro\u010ditve splo\u0161ne nevarnosti po kazenskem zakoniku,\u00ab je sporo\u010dil Bojan Kos, tiskovni predstavnik kranjske policijske uprave. Dejal je, da gre po razpolo\u017eljivih podatkih za manj\u0161o rano, ki se je zgodila zaradi stika med osebo in kovinsko palico, ki je bila\u00a0&#8230;<\/p>\n","protected":false},"author":1,"featured_media":0,"comment_status":"closed","ping_status":"closed","sticky":false,"template":"","format":"standard","meta":{"footnotes":""},"categories":[1179],"tags":[],"source":[1703],"supertag":[],"acf":[],"yoast_head":"<!-- This site is optimized with the Yoast SEO plugin v21.3 - https:\/\/yoast.com\/wordpress\/plugins\/seo\/ -->\n<title>Parkiri\u0161\u010de v Zelencih je \u010drna to\u010dka turizma - Hudo Slovenija<\/title>\n<meta name=\"robots\" content=\"index, follow, max-snippet:-1, max-image-preview:large, max-video-preview:-1\" \/>\n<link rel=\"canonical\" href=\"https:\/\/hudo.com\/si\/aktualno\/parkirisce-v-zelencih-je-crna-tocka-turizma\/\" \/>\n<meta property=\"og:locale\" content=\"sl_SI\" \/>\n<meta property=\"og:type\" content=\"article\" \/>\n<meta property=\"og:title\" content=\"Parkiri\u0161\u010de v Zelencih je \u010drna to\u010dka turizma - Hudo Slovenija\" \/>\n<meta property=\"og:description\" content=\"Kategorija: Slovenija Tue, 23 May 2017 08:00:00 +0200 Zelenci \u2013 V Agrarni skupnosti (AS) Podkoren so si zaradi ograje, ki so jo postavili na svojem parkiri\u0161\u010du ob naravnemu rezervatu Zelenci, prislu\u017eili kazensko ovadbo na to\u017eilstvo. \u010ceprav so Zelenci znamenitost, ki so za kranjskogorski turizem \u00bbvitalnega pomena\u00ab, vse ka\u017ee, da na parkiri\u0161\u010du v njihovi neposredni bli\u017eini v poletni turisti\u010dni sezoni ne bo mogo\u010de parkirati. Zaprt ostaja tudi tamkaj\u0161nji gostinski lokal. \u00bbKranjskogorski policisti so postopek kon\u010dali z vlo\u017eitvijo kazenske ovadbe na pristojno dr\u017eavno to\u017eilstvo proti posamezniku, ki je v povezavi s po\u0161kodbo ene osebe in ovirami na povr\u0161ini v Zelencih osumljen povzro\u010ditve splo\u0161ne nevarnosti po kazenskem zakoniku,\u00ab je sporo\u010dil Bojan Kos, tiskovni predstavnik kranjske policijske uprave. Dejal je, da gre po razpolo\u017eljivih podatkih za manj\u0161o rano, ki se je zgodila zaradi stika med osebo in kovinsko palico, ki je bila\u00a0...\" \/>\n<meta property=\"og:url\" content=\"https:\/\/hudo.com\/si\/aktualno\/parkirisce-v-zelencih-je-crna-tocka-turizma\/\" \/>\n<meta property=\"og:site_name\" content=\"Hudo Slovenija\" \/>\n<meta property=\"article:publisher\" content=\"https:\/\/www.facebook.com\/hudo.si\" \/>\n<meta property=\"article:published_time\" content=\"2017-05-23T04:00:00+00:00\" \/>\n<meta property=\"og:image\" content=\"https:\/\/hudo.com\/si\/wp-content\/uploads\/sites\/2\/2017\/05\/480x290_Sl_dopisnistvo__djvu_252571_hires0.jpeg\" \/>\n\t<meta property=\"og:image:width\" content=\"480\" \/>\n\t<meta property=\"og:image:height\" content=\"290\" \/>\n\t<meta property=\"og:image:type\" content=\"image\/jpeg\" \/>\n<meta name=\"author\" content=\"hudo\" \/>\n<meta name=\"twitter:card\" content=\"summary_large_image\" \/>\n<meta name=\"twitter:creator\" content=\"@hudo_si\" \/>\n<meta name=\"twitter:site\" content=\"@hudo_si\" \/>\n<meta name=\"twitter:label1\" content=\"Written by\" \/>\n\t<meta name=\"twitter:data1\" content=\"hudo\" \/>\n\t<meta name=\"twitter:label2\" content=\"Est. reading time\" \/>\n\t<meta name=\"twitter:data2\" content=\"1 minuta\" \/>\n<script type=\"application\/ld+json\" class=\"yoast-schema-graph\">{\"@context\":\"https:\/\/schema.org\",\"@graph\":[{\"@type\":\"Article\",\"@id\":\"https:\/\/hudo.com\/si\/aktualno\/parkirisce-v-zelencih-je-crna-tocka-turizma\/#article\",\"isPartOf\":{\"@id\":\"https:\/\/hudo.com\/si\/aktualno\/parkirisce-v-zelencih-je-crna-tocka-turizma\/\"},\"author\":{\"name\":\"hudo\",\"@id\":\"https:\/\/hudo.com\/si\/#\/schema\/person\/601cf3379633985b20f7e50f2bb47707\"},\"headline\":\"Parkiri\u0161\u010de v Zelencih je \u010drna to\u010dka turizma\",\"datePublished\":\"2017-05-23T04:00:00+00:00\",\"dateModified\":\"2017-05-23T04:00:00+00:00\",\"mainEntityOfPage\":{\"@id\":\"https:\/\/hudo.com\/si\/aktualno\/parkirisce-v-zelencih-je-crna-tocka-turizma\/\"},\"wordCount\":162,\"publisher\":{\"@id\":\"https:\/\/hudo.com\/si\/#organization\"},\"articleSection\":[\"Aktualno\"],\"inLanguage\":\"sl-SI\"},{\"@type\":\"WebPage\",\"@id\":\"https:\/\/hudo.com\/si\/aktualno\/parkirisce-v-zelencih-je-crna-tocka-turizma\/\",\"url\":\"https:\/\/hudo.com\/si\/aktualno\/parkirisce-v-zelencih-je-crna-tocka-turizma\/\",\"name\":\"Parkiri\u0161\u010de v Zelencih je \u010drna to\u010dka turizma - Hudo Slovenija\",\"isPartOf\":{\"@id\":\"https:\/\/hudo.com\/si\/#website\"},\"datePublished\":\"2017-05-23T04:00:00+00:00\",\"dateModified\":\"2017-05-23T04:00:00+00:00\",\"breadcrumb\":{\"@id\":\"https:\/\/hudo.com\/si\/aktualno\/parkirisce-v-zelencih-je-crna-tocka-turizma\/#breadcrumb\"},\"inLanguage\":\"sl-SI\",\"potentialAction\":[{\"@type\":\"ReadAction\",\"target\":[\"https:\/\/hudo.com\/si\/aktualno\/parkirisce-v-zelencih-je-crna-tocka-turizma\/\"]}]},{\"@type\":\"BreadcrumbList\",\"@id\":\"https:\/\/hudo.com\/si\/aktualno\/parkirisce-v-zelencih-je-crna-tocka-turizma\/#breadcrumb\",\"itemListElement\":[{\"@type\":\"ListItem\",\"position\":1,\"name\":\"Home\",\"item\":\"https:\/\/hudo.com\/si\/\"},{\"@type\":\"ListItem\",\"position\":2,\"name\":\"Parkiri\u0161\u010de v Zelencih je \u010drna to\u010dka turizma\"}]},{\"@type\":\"WebSite\",\"@id\":\"https:\/\/hudo.com\/si\/#website\",\"url\":\"https:\/\/hudo.com\/si\/\",\"name\":\"Hudo Slovenija\",\"description\":\"Vse novice iz Slovenije in sveta\",\"publisher\":{\"@id\":\"https:\/\/hudo.com\/si\/#organization\"},\"potentialAction\":[{\"@type\":\"SearchAction\",\"target\":{\"@type\":\"EntryPoint\",\"urlTemplate\":\"https:\/\/hudo.com\/si\/?s={search_term_string}\"},\"query-input\":\"required name=search_term_string\"}],\"inLanguage\":\"sl-SI\"},{\"@type\":\"Organization\",\"@id\":\"https:\/\/hudo.com\/si\/#organization\",\"name\":\"VSN Media\",\"url\":\"https:\/\/hudo.com\/si\/\",\"logo\":{\"@type\":\"ImageObject\",\"inLanguage\":\"sl-SI\",\"@id\":\"https:\/\/hudo.com\/si\/#\/schema\/logo\/image\/\",\"url\":\"https:\/\/hudo.com\/si\/wp-content\/uploads\/sites\/2\/2021\/03\/hudo-app-2.png\",\"contentUrl\":\"https:\/\/hudo.com\/si\/wp-content\/uploads\/sites\/2\/2021\/03\/hudo-app-2.png\",\"width\":2185,\"height\":2167,\"caption\":\"VSN Media\"},\"image\":{\"@id\":\"https:\/\/hudo.com\/si\/#\/schema\/logo\/image\/\"},\"sameAs\":[\"https:\/\/www.facebook.com\/hudo.si\",\"https:\/\/twitter.com\/hudo_si\"]},{\"@type\":\"Person\",\"@id\":\"https:\/\/hudo.com\/si\/#\/schema\/person\/601cf3379633985b20f7e50f2bb47707\",\"name\":\"hudo\",\"image\":{\"@type\":\"ImageObject\",\"inLanguage\":\"sl-SI\",\"@id\":\"https:\/\/hudo.com\/si\/#\/schema\/person\/image\/\",\"url\":\"https:\/\/secure.gravatar.com\/avatar\/c4ca25fa72cace7a696b52ff5db9e095?s=96&d=mm&r=g\",\"contentUrl\":\"https:\/\/secure.gravatar.com\/avatar\/c4ca25fa72cace7a696b52ff5db9e095?s=96&d=mm&r=g\",\"caption\":\"hudo\"},\"url\":\"https:\/\/hudo.com\/si\/author\/hudo\/\"}]}<\/script>\n<!-- \/ Yoast SEO plugin. -->","yoast_head_json":{"title":"Parkiri\u0161\u010de v Zelencih je \u010drna to\u010dka turizma - Hudo Slovenija","robots":{"index":"index","follow":"follow","max-snippet":"max-snippet:-1","max-image-preview":"max-image-preview:large","max-video-preview":"max-video-preview:-1"},"canonical":"https:\/\/hudo.com\/si\/aktualno\/parkirisce-v-zelencih-je-crna-tocka-turizma\/","og_locale":"sl_SI","og_type":"article","og_title":"Parkiri\u0161\u010de v Zelencih je \u010drna to\u010dka turizma - Hudo Slovenija","og_description":"Kategorija: Slovenija Tue, 23 May 2017 08:00:00 +0200 Zelenci \u2013 V Agrarni skupnosti (AS) Podkoren so si zaradi ograje, ki so jo postavili na svojem parkiri\u0161\u010du ob naravnemu rezervatu Zelenci, prislu\u017eili kazensko ovadbo na to\u017eilstvo. \u010ceprav so Zelenci znamenitost, ki so za kranjskogorski turizem \u00bbvitalnega pomena\u00ab, vse ka\u017ee, da na parkiri\u0161\u010du v njihovi neposredni bli\u017eini v poletni turisti\u010dni sezoni ne bo mogo\u010de parkirati. Zaprt ostaja tudi tamkaj\u0161nji gostinski lokal. \u00bbKranjskogorski policisti so postopek kon\u010dali z vlo\u017eitvijo kazenske ovadbe na pristojno dr\u017eavno to\u017eilstvo proti posamezniku, ki je v povezavi s po\u0161kodbo ene osebe in ovirami na povr\u0161ini v Zelencih osumljen povzro\u010ditve splo\u0161ne nevarnosti po kazenskem zakoniku,\u00ab je sporo\u010dil Bojan Kos, tiskovni predstavnik kranjske policijske uprave. Dejal je, da gre po razpolo\u017eljivih podatkih za manj\u0161o rano, ki se je zgodila zaradi stika med osebo in kovinsko palico, ki je bila\u00a0...","og_url":"https:\/\/hudo.com\/si\/aktualno\/parkirisce-v-zelencih-je-crna-tocka-turizma\/","og_site_name":"Hudo Slovenija","article_publisher":"https:\/\/www.facebook.com\/hudo.si","article_published_time":"2017-05-23T04:00:00+00:00","og_image":[{"width":480,"height":290,"url":"https:\/\/hudo.com\/si\/wp-content\/uploads\/sites\/2\/2017\/05\/480x290_Sl_dopisnistvo__djvu_252571_hires0.jpeg","type":"image\/jpeg"}],"author":"hudo","twitter_card":"summary_large_image","twitter_creator":"@hudo_si","twitter_site":"@hudo_si","twitter_misc":{"Written by":"hudo","Est. reading time":"1 minuta"},"schema":{"@context":"https:\/\/schema.org","@graph":[{"@type":"Article","@id":"https:\/\/hudo.com\/si\/aktualno\/parkirisce-v-zelencih-je-crna-tocka-turizma\/#article","isPartOf":{"@id":"https:\/\/hudo.com\/si\/aktualno\/parkirisce-v-zelencih-je-crna-tocka-turizma\/"},"author":{"name":"hudo","@id":"https:\/\/hudo.com\/si\/#\/schema\/person\/601cf3379633985b20f7e50f2bb47707"},"headline":"Parkiri\u0161\u010de v Zelencih je \u010drna to\u010dka turizma","datePublished":"2017-05-23T04:00:00+00:00","dateModified":"2017-05-23T04:00:00+00:00","mainEntityOfPage":{"@id":"https:\/\/hudo.com\/si\/aktualno\/parkirisce-v-zelencih-je-crna-tocka-turizma\/"},"wordCount":162,"publisher":{"@id":"https:\/\/hudo.com\/si\/#organization"},"articleSection":["Aktualno"],"inLanguage":"sl-SI"},{"@type":"WebPage","@id":"https:\/\/hudo.com\/si\/aktualno\/parkirisce-v-zelencih-je-crna-tocka-turizma\/","url":"https:\/\/hudo.com\/si\/aktualno\/parkirisce-v-zelencih-je-crna-tocka-turizma\/","name":"Parkiri\u0161\u010de v Zelencih je \u010drna to\u010dka turizma - Hudo Slovenija","isPartOf":{"@id":"https:\/\/hudo.com\/si\/#website"},"datePublished":"2017-05-23T04:00:00+00:00","dateModified":"2017-05-23T04:00:00+00:00","breadcrumb":{"@id":"https:\/\/hudo.com\/si\/aktualno\/parkirisce-v-zelencih-je-crna-tocka-turizma\/#breadcrumb"},"inLanguage":"sl-SI","potentialAction":[{"@type":"ReadAction","target":["https:\/\/hudo.com\/si\/aktualno\/parkirisce-v-zelencih-je-crna-tocka-turizma\/"]}]},{"@type":"BreadcrumbList","@id":"https:\/\/hudo.com\/si\/aktualno\/parkirisce-v-zelencih-je-crna-tocka-turizma\/#breadcrumb","itemListElement":[{"@type":"ListItem","position":1,"name":"Home","item":"https:\/\/hudo.com\/si\/"},{"@type":"ListItem","position":2,"name":"Parkiri\u0161\u010de v Zelencih je \u010drna to\u010dka turizma"}]},{"@type":"WebSite","@id":"https:\/\/hudo.com\/si\/#website","url":"https:\/\/hudo.com\/si\/","name":"Hudo Slovenija","description":"Vse novice iz Slovenije in sveta","publisher":{"@id":"https:\/\/hudo.com\/si\/#organization"},"potentialAction":[{"@type":"SearchAction","target":{"@type":"EntryPoint","urlTemplate":"https:\/\/hudo.com\/si\/?s={search_term_string}"},"query-input":"required name=search_term_string"}],"inLanguage":"sl-SI"},{"@type":"Organization","@id":"https:\/\/hudo.com\/si\/#organization","name":"VSN Media","url":"https:\/\/hudo.com\/si\/","logo":{"@type":"ImageObject","inLanguage":"sl-SI","@id":"https:\/\/hudo.com\/si\/#\/schema\/logo\/image\/","url":"https:\/\/hudo.com\/si\/wp-content\/uploads\/sites\/2\/2021\/03\/hudo-app-2.png","contentUrl":"https:\/\/hudo.com\/si\/wp-content\/uploads\/sites\/2\/2021\/03\/hudo-app-2.png","width":2185,"height":2167,"caption":"VSN Media"},"image":{"@id":"https:\/\/hudo.com\/si\/#\/schema\/logo\/image\/"},"sameAs":["https:\/\/www.facebook.com\/hudo.si","https:\/\/twitter.com\/hudo_si"]},{"@type":"Person","@id":"https:\/\/hudo.com\/si\/#\/schema\/person\/601cf3379633985b20f7e50f2bb47707","name":"hudo","image":{"@type":"ImageObject","inLanguage":"sl-SI","@id":"https:\/\/hudo.com\/si\/#\/schema\/person\/image\/","url":"https:\/\/secure.gravatar.com\/avatar\/c4ca25fa72cace7a696b52ff5db9e095?s=96&d=mm&r=g","contentUrl":"https:\/\/secure.gravatar.com\/avatar\/c4ca25fa72cace7a696b52ff5db9e095?s=96&d=mm&r=g","caption":"hudo"},"url":"https:\/\/hudo.com\/si\/author\/hudo\/"}]}},"amp_enabled":true,"_links":{"self":[{"href":"https:\/\/hudo.com\/si\/wp-json\/wp\/v2\/posts\/258051"}],"collection":[{"href":"https:\/\/hudo.com\/si\/wp-json\/wp\/v2\/posts"}],"about":[{"href":"https:\/\/hudo.com\/si\/wp-json\/wp\/v2\/types\/post"}],"author":[{"embeddable":true,"href":"https:\/\/hudo.com\/si\/wp-json\/wp\/v2\/users\/1"}],"replies":[{"embeddable":true,"href":"https:\/\/hudo.com\/si\/wp-json\/wp\/v2\/comments?post=258051"}],"version-history":[{"count":0,"href":"https:\/\/hudo.com\/si\/wp-json\/wp\/v2\/posts\/258051\/revisions"}],"wp:attachment":[{"href":"https:\/\/hudo.com\/si\/wp-json\/wp\/v2\/media?parent=258051"}],"wp:term":[{"taxonomy":"category","embeddable":true,"href":"https:\/\/hudo.com\/si\/wp-json\/wp\/v2\/categories?post=258051"},{"taxonomy":"post_tag","embeddable":true,"href":"https:\/\/hudo.com\/si\/wp-json\/wp\/v2\/tags?post=258051"},{"taxonomy":"source","embeddable":true,"href":"https:\/\/hudo.com\/si\/wp-json\/wp\/v2\/source?post=258051"},{"taxonomy":"supertag","embeddable":true,"href":"https:\/\/hudo.com\/si\/wp-json\/wp\/v2\/supertag?post=258051"}],"curies":[{"name":"wp","href":"https:\/\/api.w.org\/{rel}","templated":true}]}}