{"id":258390,"date":"2017-05-23T19:00:00","date_gmt":"2017-05-23T17:00:00","guid":{"rendered":"http:\/\/hudo.com\/si\/2017\/05\/23\/aerodrom-portoroz-bo-imel-dva-lastnika\/"},"modified":"2017-05-23T19:00:00","modified_gmt":"2017-05-23T17:00:00","slug":"aerodrom-portoroz-bo-imel-dva-lastnika","status":"publish","type":"post","link":"https:\/\/hudo.com\/si\/aktualno\/aerodrom-portoroz-bo-imel-dva-lastnika\/","title":{"rendered":"Aerodrom Portoro\u017e bo imel dva lastnika"},"content":{"rendered":"<p>Kategorija: Slovenija Tue, 23 May 2017 21:00:00 +0200  Piran, Se\u010dovlje \u2013 Vse ka\u017ee, da bosta ostala le dva lastnika Aerodroma Portoro\u017e: Ob\u010dina Piran in Miodrag Kosti\u0107. Piranski svetniki so danes soglasno podprli sklep o uveljavitvi predkupne pravice za 15,23 odstotka Aerodroma Portoro\u017e, ki ga prodaja finan\u010dni holding Istrabenz. Za ta dele\u017e bo morala ob\u010dina Istrabenzu od\u0161teti 85.000 evrov. V beograjski MK Group Miodraga Kosti\u0107a nam niso odgovorili, ali bodo tudi oni uveljavljali predkupno pravico. Toda po neuradnih virih sta Kosti\u0107 in piranski \u017eupan Peter Bossman glede tega \u017ee usklajena. \u010ce bo ob\u010dini nakup uspel, bo postala 44,06-odstotna lastnica podjetja. V Piranu so hoteli kupiti Istrabenzov dele\u017e \u017ee pred 15 meseci, \u0161e preden je postalo o\u010ditno, da Miodrag Kosti\u0107 \u017eeli prevzeti dru\u017ebo. Takrat je Istrabenz ponujal svoj \u0161estinski dele\u017e za 42.000 evrov. Ob\u010dina je \u017ee takrat menila, da je\u00a0&#8230;<\/p>\n","protected":false},"excerpt":{"rendered":"<p>Kategorija: Slovenija Tue, 23 May 2017 21:00:00 +0200  Piran, Se\u010dovlje \u2013 Vse ka\u017ee, da bosta ostala le dva lastnika Aerodroma Portoro\u017e: Ob\u010dina Piran in Miodrag Kosti\u0107. Piranski svetniki so danes soglasno podprli sklep o uveljavitvi predkupne pravice za 15,23 odstotka Aerodroma Portoro\u017e, ki ga prodaja finan\u010dni holding Istrabenz. Za ta dele\u017e bo morala ob\u010dina Istrabenzu od\u0161teti 85.000 evrov. V beograjski MK Group Miodraga Kosti\u0107a nam niso odgovorili, ali bodo tudi oni uveljavljali predkupno pravico. Toda po neuradnih virih sta Kosti\u0107 in piranski \u017eupan Peter Bossman glede tega \u017ee usklajena. \u010ce bo ob\u010dini nakup uspel, bo postala 44,06-odstotna lastnica podjetja. V Piranu so hoteli kupiti Istrabenzov dele\u017e \u017ee pred 15 meseci, \u0161e preden je postalo o\u010ditno, da Miodrag Kosti\u0107 \u017eeli prevzeti dru\u017ebo. Takrat je Istrabenz ponujal svoj \u0161estinski dele\u017e za 42.000 evrov. Ob\u010dina je \u017ee takrat menila, da je\u00a0&#8230;<\/p>\n","protected":false},"author":1,"featured_media":0,"comment_status":"closed","ping_status":"closed","sticky":false,"template":"","format":"standard","meta":{"footnotes":""},"categories":[1179],"tags":[],"source":[1703],"supertag":[],"acf":[],"yoast_head":"<!-- This site is optimized with the Yoast SEO plugin v21.3 - https:\/\/yoast.com\/wordpress\/plugins\/seo\/ -->\n<title>Aerodrom Portoro\u017e bo imel dva lastnika - Hudo Slovenija<\/title>\n<meta name=\"robots\" content=\"index, follow, max-snippet:-1, max-image-preview:large, max-video-preview:-1\" \/>\n<link rel=\"canonical\" href=\"https:\/\/hudo.com\/si\/aktualno\/aerodrom-portoroz-bo-imel-dva-lastnika\/\" \/>\n<meta property=\"og:locale\" content=\"sl_SI\" \/>\n<meta property=\"og:type\" content=\"article\" \/>\n<meta property=\"og:title\" content=\"Aerodrom Portoro\u017e bo imel dva lastnika - Hudo Slovenija\" \/>\n<meta property=\"og:description\" content=\"Kategorija: Slovenija Tue, 23 May 2017 21:00:00 +0200 Piran, Se\u010dovlje \u2013 Vse ka\u017ee, da bosta ostala le dva lastnika Aerodroma Portoro\u017e: Ob\u010dina Piran in Miodrag Kosti\u0107. Piranski svetniki so danes soglasno podprli sklep o uveljavitvi predkupne pravice za 15,23 odstotka Aerodroma Portoro\u017e, ki ga prodaja finan\u010dni holding Istrabenz. Za ta dele\u017e bo morala ob\u010dina Istrabenzu od\u0161teti 85.000 evrov. V beograjski MK Group Miodraga Kosti\u0107a nam niso odgovorili, ali bodo tudi oni uveljavljali predkupno pravico. Toda po neuradnih virih sta Kosti\u0107 in piranski \u017eupan Peter Bossman glede tega \u017ee usklajena. \u010ce bo ob\u010dini nakup uspel, bo postala 44,06-odstotna lastnica podjetja. V Piranu so hoteli kupiti Istrabenzov dele\u017e \u017ee pred 15 meseci, \u0161e preden je postalo o\u010ditno, da Miodrag Kosti\u0107 \u017eeli prevzeti dru\u017ebo. Takrat je Istrabenz ponujal svoj \u0161estinski dele\u017e za 42.000 evrov. Ob\u010dina je \u017ee takrat menila, da je\u00a0...\" \/>\n<meta property=\"og:url\" content=\"https:\/\/hudo.com\/si\/aktualno\/aerodrom-portoroz-bo-imel-dva-lastnika\/\" \/>\n<meta property=\"og:site_name\" content=\"Hudo Slovenija\" \/>\n<meta property=\"article:publisher\" content=\"https:\/\/www.facebook.com\/hudo.si\" \/>\n<meta property=\"article:published_time\" content=\"2017-05-23T17:00:00+00:00\" \/>\n<meta property=\"og:image\" content=\"https:\/\/hudo.com\/si\/wp-content\/uploads\/sites\/2\/2017\/05\/480x290_leta.jpeg\" \/>\n\t<meta property=\"og:image:width\" content=\"480\" \/>\n\t<meta property=\"og:image:height\" content=\"290\" \/>\n\t<meta property=\"og:image:type\" content=\"image\/jpeg\" \/>\n<meta name=\"author\" content=\"hudo\" \/>\n<meta name=\"twitter:card\" content=\"summary_large_image\" \/>\n<meta name=\"twitter:creator\" content=\"@hudo_si\" \/>\n<meta name=\"twitter:site\" content=\"@hudo_si\" \/>\n<meta name=\"twitter:label1\" content=\"Written by\" \/>\n\t<meta name=\"twitter:data1\" content=\"hudo\" \/>\n\t<meta name=\"twitter:label2\" content=\"Est. reading time\" \/>\n\t<meta name=\"twitter:data2\" content=\"1 minuta\" \/>\n<script type=\"application\/ld+json\" class=\"yoast-schema-graph\">{\"@context\":\"https:\/\/schema.org\",\"@graph\":[{\"@type\":\"Article\",\"@id\":\"https:\/\/hudo.com\/si\/aktualno\/aerodrom-portoroz-bo-imel-dva-lastnika\/#article\",\"isPartOf\":{\"@id\":\"https:\/\/hudo.com\/si\/aktualno\/aerodrom-portoroz-bo-imel-dva-lastnika\/\"},\"author\":{\"name\":\"hudo\",\"@id\":\"https:\/\/hudo.com\/si\/#\/schema\/person\/601cf3379633985b20f7e50f2bb47707\"},\"headline\":\"Aerodrom Portoro\u017e bo imel dva lastnika\",\"datePublished\":\"2017-05-23T17:00:00+00:00\",\"dateModified\":\"2017-05-23T17:00:00+00:00\",\"mainEntityOfPage\":{\"@id\":\"https:\/\/hudo.com\/si\/aktualno\/aerodrom-portoroz-bo-imel-dva-lastnika\/\"},\"wordCount\":146,\"publisher\":{\"@id\":\"https:\/\/hudo.com\/si\/#organization\"},\"articleSection\":[\"Aktualno\"],\"inLanguage\":\"sl-SI\"},{\"@type\":\"WebPage\",\"@id\":\"https:\/\/hudo.com\/si\/aktualno\/aerodrom-portoroz-bo-imel-dva-lastnika\/\",\"url\":\"https:\/\/hudo.com\/si\/aktualno\/aerodrom-portoroz-bo-imel-dva-lastnika\/\",\"name\":\"Aerodrom Portoro\u017e bo imel dva lastnika - Hudo Slovenija\",\"isPartOf\":{\"@id\":\"https:\/\/hudo.com\/si\/#website\"},\"datePublished\":\"2017-05-23T17:00:00+00:00\",\"dateModified\":\"2017-05-23T17:00:00+00:00\",\"breadcrumb\":{\"@id\":\"https:\/\/hudo.com\/si\/aktualno\/aerodrom-portoroz-bo-imel-dva-lastnika\/#breadcrumb\"},\"inLanguage\":\"sl-SI\",\"potentialAction\":[{\"@type\":\"ReadAction\",\"target\":[\"https:\/\/hudo.com\/si\/aktualno\/aerodrom-portoroz-bo-imel-dva-lastnika\/\"]}]},{\"@type\":\"BreadcrumbList\",\"@id\":\"https:\/\/hudo.com\/si\/aktualno\/aerodrom-portoroz-bo-imel-dva-lastnika\/#breadcrumb\",\"itemListElement\":[{\"@type\":\"ListItem\",\"position\":1,\"name\":\"Home\",\"item\":\"https:\/\/hudo.com\/si\/\"},{\"@type\":\"ListItem\",\"position\":2,\"name\":\"Aerodrom Portoro\u017e bo imel dva lastnika\"}]},{\"@type\":\"WebSite\",\"@id\":\"https:\/\/hudo.com\/si\/#website\",\"url\":\"https:\/\/hudo.com\/si\/\",\"name\":\"Hudo Slovenija\",\"description\":\"Vse novice iz Slovenije in sveta\",\"publisher\":{\"@id\":\"https:\/\/hudo.com\/si\/#organization\"},\"potentialAction\":[{\"@type\":\"SearchAction\",\"target\":{\"@type\":\"EntryPoint\",\"urlTemplate\":\"https:\/\/hudo.com\/si\/?s={search_term_string}\"},\"query-input\":\"required name=search_term_string\"}],\"inLanguage\":\"sl-SI\"},{\"@type\":\"Organization\",\"@id\":\"https:\/\/hudo.com\/si\/#organization\",\"name\":\"VSN Media\",\"url\":\"https:\/\/hudo.com\/si\/\",\"logo\":{\"@type\":\"ImageObject\",\"inLanguage\":\"sl-SI\",\"@id\":\"https:\/\/hudo.com\/si\/#\/schema\/logo\/image\/\",\"url\":\"https:\/\/hudo.com\/si\/wp-content\/uploads\/sites\/2\/2021\/03\/hudo-app-2.png\",\"contentUrl\":\"https:\/\/hudo.com\/si\/wp-content\/uploads\/sites\/2\/2021\/03\/hudo-app-2.png\",\"width\":2185,\"height\":2167,\"caption\":\"VSN Media\"},\"image\":{\"@id\":\"https:\/\/hudo.com\/si\/#\/schema\/logo\/image\/\"},\"sameAs\":[\"https:\/\/www.facebook.com\/hudo.si\",\"https:\/\/twitter.com\/hudo_si\"]},{\"@type\":\"Person\",\"@id\":\"https:\/\/hudo.com\/si\/#\/schema\/person\/601cf3379633985b20f7e50f2bb47707\",\"name\":\"hudo\",\"image\":{\"@type\":\"ImageObject\",\"inLanguage\":\"sl-SI\",\"@id\":\"https:\/\/hudo.com\/si\/#\/schema\/person\/image\/\",\"url\":\"https:\/\/secure.gravatar.com\/avatar\/c4ca25fa72cace7a696b52ff5db9e095?s=96&d=mm&r=g\",\"contentUrl\":\"https:\/\/secure.gravatar.com\/avatar\/c4ca25fa72cace7a696b52ff5db9e095?s=96&d=mm&r=g\",\"caption\":\"hudo\"},\"url\":\"https:\/\/hudo.com\/si\/author\/hudo\/\"}]}<\/script>\n<!-- \/ Yoast SEO plugin. -->","yoast_head_json":{"title":"Aerodrom Portoro\u017e bo imel dva lastnika - Hudo Slovenija","robots":{"index":"index","follow":"follow","max-snippet":"max-snippet:-1","max-image-preview":"max-image-preview:large","max-video-preview":"max-video-preview:-1"},"canonical":"https:\/\/hudo.com\/si\/aktualno\/aerodrom-portoroz-bo-imel-dva-lastnika\/","og_locale":"sl_SI","og_type":"article","og_title":"Aerodrom Portoro\u017e bo imel dva lastnika - Hudo Slovenija","og_description":"Kategorija: Slovenija Tue, 23 May 2017 21:00:00 +0200 Piran, Se\u010dovlje \u2013 Vse ka\u017ee, da bosta ostala le dva lastnika Aerodroma Portoro\u017e: Ob\u010dina Piran in Miodrag Kosti\u0107. Piranski svetniki so danes soglasno podprli sklep o uveljavitvi predkupne pravice za 15,23 odstotka Aerodroma Portoro\u017e, ki ga prodaja finan\u010dni holding Istrabenz. Za ta dele\u017e bo morala ob\u010dina Istrabenzu od\u0161teti 85.000 evrov. V beograjski MK Group Miodraga Kosti\u0107a nam niso odgovorili, ali bodo tudi oni uveljavljali predkupno pravico. Toda po neuradnih virih sta Kosti\u0107 in piranski \u017eupan Peter Bossman glede tega \u017ee usklajena. \u010ce bo ob\u010dini nakup uspel, bo postala 44,06-odstotna lastnica podjetja. V Piranu so hoteli kupiti Istrabenzov dele\u017e \u017ee pred 15 meseci, \u0161e preden je postalo o\u010ditno, da Miodrag Kosti\u0107 \u017eeli prevzeti dru\u017ebo. Takrat je Istrabenz ponujal svoj \u0161estinski dele\u017e za 42.000 evrov. Ob\u010dina je \u017ee takrat menila, da je\u00a0...","og_url":"https:\/\/hudo.com\/si\/aktualno\/aerodrom-portoroz-bo-imel-dva-lastnika\/","og_site_name":"Hudo Slovenija","article_publisher":"https:\/\/www.facebook.com\/hudo.si","article_published_time":"2017-05-23T17:00:00+00:00","og_image":[{"width":480,"height":290,"url":"https:\/\/hudo.com\/si\/wp-content\/uploads\/sites\/2\/2017\/05\/480x290_leta.jpeg","type":"image\/jpeg"}],"author":"hudo","twitter_card":"summary_large_image","twitter_creator":"@hudo_si","twitter_site":"@hudo_si","twitter_misc":{"Written by":"hudo","Est. reading time":"1 minuta"},"schema":{"@context":"https:\/\/schema.org","@graph":[{"@type":"Article","@id":"https:\/\/hudo.com\/si\/aktualno\/aerodrom-portoroz-bo-imel-dva-lastnika\/#article","isPartOf":{"@id":"https:\/\/hudo.com\/si\/aktualno\/aerodrom-portoroz-bo-imel-dva-lastnika\/"},"author":{"name":"hudo","@id":"https:\/\/hudo.com\/si\/#\/schema\/person\/601cf3379633985b20f7e50f2bb47707"},"headline":"Aerodrom Portoro\u017e bo imel dva lastnika","datePublished":"2017-05-23T17:00:00+00:00","dateModified":"2017-05-23T17:00:00+00:00","mainEntityOfPage":{"@id":"https:\/\/hudo.com\/si\/aktualno\/aerodrom-portoroz-bo-imel-dva-lastnika\/"},"wordCount":146,"publisher":{"@id":"https:\/\/hudo.com\/si\/#organization"},"articleSection":["Aktualno"],"inLanguage":"sl-SI"},{"@type":"WebPage","@id":"https:\/\/hudo.com\/si\/aktualno\/aerodrom-portoroz-bo-imel-dva-lastnika\/","url":"https:\/\/hudo.com\/si\/aktualno\/aerodrom-portoroz-bo-imel-dva-lastnika\/","name":"Aerodrom Portoro\u017e bo imel dva lastnika - Hudo Slovenija","isPartOf":{"@id":"https:\/\/hudo.com\/si\/#website"},"datePublished":"2017-05-23T17:00:00+00:00","dateModified":"2017-05-23T17:00:00+00:00","breadcrumb":{"@id":"https:\/\/hudo.com\/si\/aktualno\/aerodrom-portoroz-bo-imel-dva-lastnika\/#breadcrumb"},"inLanguage":"sl-SI","potentialAction":[{"@type":"ReadAction","target":["https:\/\/hudo.com\/si\/aktualno\/aerodrom-portoroz-bo-imel-dva-lastnika\/"]}]},{"@type":"BreadcrumbList","@id":"https:\/\/hudo.com\/si\/aktualno\/aerodrom-portoroz-bo-imel-dva-lastnika\/#breadcrumb","itemListElement":[{"@type":"ListItem","position":1,"name":"Home","item":"https:\/\/hudo.com\/si\/"},{"@type":"ListItem","position":2,"name":"Aerodrom Portoro\u017e bo imel dva lastnika"}]},{"@type":"WebSite","@id":"https:\/\/hudo.com\/si\/#website","url":"https:\/\/hudo.com\/si\/","name":"Hudo Slovenija","description":"Vse novice iz Slovenije in sveta","publisher":{"@id":"https:\/\/hudo.com\/si\/#organization"},"potentialAction":[{"@type":"SearchAction","target":{"@type":"EntryPoint","urlTemplate":"https:\/\/hudo.com\/si\/?s={search_term_string}"},"query-input":"required name=search_term_string"}],"inLanguage":"sl-SI"},{"@type":"Organization","@id":"https:\/\/hudo.com\/si\/#organization","name":"VSN Media","url":"https:\/\/hudo.com\/si\/","logo":{"@type":"ImageObject","inLanguage":"sl-SI","@id":"https:\/\/hudo.com\/si\/#\/schema\/logo\/image\/","url":"https:\/\/hudo.com\/si\/wp-content\/uploads\/sites\/2\/2021\/03\/hudo-app-2.png","contentUrl":"https:\/\/hudo.com\/si\/wp-content\/uploads\/sites\/2\/2021\/03\/hudo-app-2.png","width":2185,"height":2167,"caption":"VSN Media"},"image":{"@id":"https:\/\/hudo.com\/si\/#\/schema\/logo\/image\/"},"sameAs":["https:\/\/www.facebook.com\/hudo.si","https:\/\/twitter.com\/hudo_si"]},{"@type":"Person","@id":"https:\/\/hudo.com\/si\/#\/schema\/person\/601cf3379633985b20f7e50f2bb47707","name":"hudo","image":{"@type":"ImageObject","inLanguage":"sl-SI","@id":"https:\/\/hudo.com\/si\/#\/schema\/person\/image\/","url":"https:\/\/secure.gravatar.com\/avatar\/c4ca25fa72cace7a696b52ff5db9e095?s=96&d=mm&r=g","contentUrl":"https:\/\/secure.gravatar.com\/avatar\/c4ca25fa72cace7a696b52ff5db9e095?s=96&d=mm&r=g","caption":"hudo"},"url":"https:\/\/hudo.com\/si\/author\/hudo\/"}]}},"amp_enabled":true,"_links":{"self":[{"href":"https:\/\/hudo.com\/si\/wp-json\/wp\/v2\/posts\/258390"}],"collection":[{"href":"https:\/\/hudo.com\/si\/wp-json\/wp\/v2\/posts"}],"about":[{"href":"https:\/\/hudo.com\/si\/wp-json\/wp\/v2\/types\/post"}],"author":[{"embeddable":true,"href":"https:\/\/hudo.com\/si\/wp-json\/wp\/v2\/users\/1"}],"replies":[{"embeddable":true,"href":"https:\/\/hudo.com\/si\/wp-json\/wp\/v2\/comments?post=258390"}],"version-history":[{"count":0,"href":"https:\/\/hudo.com\/si\/wp-json\/wp\/v2\/posts\/258390\/revisions"}],"wp:attachment":[{"href":"https:\/\/hudo.com\/si\/wp-json\/wp\/v2\/media?parent=258390"}],"wp:term":[{"taxonomy":"category","embeddable":true,"href":"https:\/\/hudo.com\/si\/wp-json\/wp\/v2\/categories?post=258390"},{"taxonomy":"post_tag","embeddable":true,"href":"https:\/\/hudo.com\/si\/wp-json\/wp\/v2\/tags?post=258390"},{"taxonomy":"source","embeddable":true,"href":"https:\/\/hudo.com\/si\/wp-json\/wp\/v2\/source?post=258390"},{"taxonomy":"supertag","embeddable":true,"href":"https:\/\/hudo.com\/si\/wp-json\/wp\/v2\/supertag?post=258390"}],"curies":[{"name":"wp","href":"https:\/\/api.w.org\/{rel}","templated":true}]}}