{"id":258400,"date":"2017-05-23T18:30:00","date_gmt":"2017-05-23T16:30:00","guid":{"rendered":"http:\/\/hudo.com\/si\/2017\/05\/23\/z-ratasom-v-ljubljani-o-prioritetah-pri-bliznjem-predsedovanju-uniji\/"},"modified":"2017-05-23T18:30:00","modified_gmt":"2017-05-23T16:30:00","slug":"z-ratasom-v-ljubljani-o-prioritetah-pri-bliznjem-predsedovanju-uniji","status":"publish","type":"post","link":"https:\/\/hudo.com\/si\/aktualno\/z-ratasom-v-ljubljani-o-prioritetah-pri-bliznjem-predsedovanju-uniji\/","title":{"rendered":"Z Ratasom v Ljubljani o prioritetah pri bli\u017enjem predsedovanju Uniji"},"content":{"rendered":"<p>Kategorija: Novice Tue, 23 May 2017 20:30:00 +0200  Ljubljana &#8211; Estonija bo v \u010dasu svojega polletnega predsedovanja EU, ki se za\u010dne s 1. julijem, postavila v ospredje \u0161tiri glavne prioritete: odprto in inovativno evropsko gospodarstvo, varno Evropo, digitalno Evropo s prostim pretokom podatkov in vklju\u010dujo\u010do in vzdr\u017eno Evropo, je po sre\u010danju s premierjem Mirom Cerarjem povedal estonski premier J\u00fcri Ratas.\u00a0 Cerar in Ratas sta se zavzela za enotno in mo\u010dno unijo dr\u017eav EU 27, ki naj bi imela odprta vrata tudi za dr\u017eave Zahodnega Balkana. Poudarila sta dobre bilateralne odnose med dr\u017eavama, kjer je \u0161e veliko mo\u017enosti za krepitev gospodarskega sodelovanja, \u0161e posebej na podro\u010dju informacijskih in komunikacijskih tehnologij, Ratas je v okviru priprav za predsedovanje na tokratni srednjeevropski\u00a0 mini turneji poleg Slovenije obiskal \u0161e \u010ce\u0161ko, Slova\u0161ko in Mad\u017earsko. Estonija bo sicer Uniji predsedovala prvi\u010d, pod geslom Enotnost skozi ravnote\u017eje\u00a0&#8230;<\/p>\n","protected":false},"excerpt":{"rendered":"<p>Kategorija: Novice Tue, 23 May 2017 20:30:00 +0200  Ljubljana &#8211; Estonija bo v \u010dasu svojega polletnega predsedovanja EU, ki se za\u010dne s 1. julijem, postavila v ospredje \u0161tiri glavne prioritete: odprto in inovativno evropsko gospodarstvo, varno Evropo, digitalno Evropo s prostim pretokom podatkov in vklju\u010dujo\u010do in vzdr\u017eno Evropo, je po sre\u010danju s premierjem Mirom Cerarjem povedal estonski premier J\u00fcri Ratas.\u00a0 Cerar in Ratas sta se zavzela za enotno in mo\u010dno unijo dr\u017eav EU 27, ki naj bi imela odprta vrata tudi za dr\u017eave Zahodnega Balkana. Poudarila sta dobre bilateralne odnose med dr\u017eavama, kjer je \u0161e veliko mo\u017enosti za krepitev gospodarskega sodelovanja, \u0161e posebej na podro\u010dju informacijskih in komunikacijskih tehnologij, Ratas je v okviru priprav za predsedovanje na tokratni srednjeevropski\u00a0 mini turneji poleg Slovenije obiskal \u0161e \u010ce\u0161ko, Slova\u0161ko in Mad\u017earsko. Estonija bo sicer Uniji predsedovala prvi\u010d, pod geslom Enotnost skozi ravnote\u017eje\u00a0&#8230;<\/p>\n","protected":false},"author":1,"featured_media":0,"comment_status":"closed","ping_status":"closed","sticky":false,"template":"","format":"standard","meta":{"footnotes":""},"categories":[1179],"tags":[],"source":[1703],"supertag":[],"acf":[],"yoast_head":"<!-- This site is optimized with the Yoast SEO plugin v21.3 - https:\/\/yoast.com\/wordpress\/plugins\/seo\/ -->\n<title>Z Ratasom v Ljubljani o prioritetah pri bli\u017enjem predsedovanju Uniji - Hudo Slovenija<\/title>\n<meta name=\"robots\" content=\"index, follow, max-snippet:-1, max-image-preview:large, max-video-preview:-1\" \/>\n<link rel=\"canonical\" href=\"https:\/\/hudo.com\/si\/aktualno\/z-ratasom-v-ljubljani-o-prioritetah-pri-bliznjem-predsedovanju-uniji\/\" \/>\n<meta property=\"og:locale\" content=\"sl_SI\" \/>\n<meta property=\"og:type\" content=\"article\" \/>\n<meta property=\"og:title\" content=\"Z Ratasom v Ljubljani o prioritetah pri bli\u017enjem predsedovanju Uniji - Hudo Slovenija\" \/>\n<meta property=\"og:description\" content=\"Kategorija: Novice Tue, 23 May 2017 20:30:00 +0200 Ljubljana - Estonija bo v \u010dasu svojega polletnega predsedovanja EU, ki se za\u010dne s 1. julijem, postavila v ospredje \u0161tiri glavne prioritete: odprto in inovativno evropsko gospodarstvo, varno Evropo, digitalno Evropo s prostim pretokom podatkov in vklju\u010dujo\u010do in vzdr\u017eno Evropo, je po sre\u010danju s premierjem Mirom Cerarjem povedal estonski premier J\u00fcri Ratas.\u00a0 Cerar in Ratas sta se zavzela za enotno in mo\u010dno unijo dr\u017eav EU 27, ki naj bi imela odprta vrata tudi za dr\u017eave Zahodnega Balkana. Poudarila sta dobre bilateralne odnose med dr\u017eavama, kjer je \u0161e veliko mo\u017enosti za krepitev gospodarskega sodelovanja, \u0161e posebej na podro\u010dju informacijskih in komunikacijskih tehnologij, Ratas je v okviru priprav za predsedovanje na tokratni srednjeevropski\u00a0 mini turneji poleg Slovenije obiskal \u0161e \u010ce\u0161ko, Slova\u0161ko in Mad\u017earsko. Estonija bo sicer Uniji predsedovala prvi\u010d, pod geslom Enotnost skozi ravnote\u017eje\u00a0...\" \/>\n<meta property=\"og:url\" content=\"https:\/\/hudo.com\/si\/aktualno\/z-ratasom-v-ljubljani-o-prioritetah-pri-bliznjem-predsedovanju-uniji\/\" \/>\n<meta property=\"og:site_name\" content=\"Hudo Slovenija\" \/>\n<meta property=\"article:publisher\" content=\"https:\/\/www.facebook.com\/hudo.si\" \/>\n<meta property=\"article:published_time\" content=\"2017-05-23T16:30:00+00:00\" \/>\n<meta property=\"og:image\" content=\"https:\/\/hudo.com\/si\/wp-content\/uploads\/sites\/2\/2017\/05\/480x290_Delo_Foto-20170523202531-22555100.jpeg\" \/>\n\t<meta property=\"og:image:width\" content=\"480\" \/>\n\t<meta property=\"og:image:height\" content=\"290\" \/>\n\t<meta property=\"og:image:type\" content=\"image\/jpeg\" \/>\n<meta name=\"author\" content=\"hudo\" \/>\n<meta name=\"twitter:card\" content=\"summary_large_image\" \/>\n<meta name=\"twitter:creator\" content=\"@hudo_si\" \/>\n<meta name=\"twitter:site\" content=\"@hudo_si\" \/>\n<meta name=\"twitter:label1\" content=\"Written by\" \/>\n\t<meta name=\"twitter:data1\" content=\"hudo\" \/>\n\t<meta name=\"twitter:label2\" content=\"Est. reading time\" \/>\n\t<meta name=\"twitter:data2\" content=\"1 minuta\" \/>\n<script type=\"application\/ld+json\" class=\"yoast-schema-graph\">{\"@context\":\"https:\/\/schema.org\",\"@graph\":[{\"@type\":\"Article\",\"@id\":\"https:\/\/hudo.com\/si\/aktualno\/z-ratasom-v-ljubljani-o-prioritetah-pri-bliznjem-predsedovanju-uniji\/#article\",\"isPartOf\":{\"@id\":\"https:\/\/hudo.com\/si\/aktualno\/z-ratasom-v-ljubljani-o-prioritetah-pri-bliznjem-predsedovanju-uniji\/\"},\"author\":{\"name\":\"hudo\",\"@id\":\"https:\/\/hudo.com\/si\/#\/schema\/person\/601cf3379633985b20f7e50f2bb47707\"},\"headline\":\"Z Ratasom v Ljubljani o prioritetah pri bli\u017enjem predsedovanju Uniji\",\"datePublished\":\"2017-05-23T16:30:00+00:00\",\"dateModified\":\"2017-05-23T16:30:00+00:00\",\"mainEntityOfPage\":{\"@id\":\"https:\/\/hudo.com\/si\/aktualno\/z-ratasom-v-ljubljani-o-prioritetah-pri-bliznjem-predsedovanju-uniji\/\"},\"wordCount\":161,\"publisher\":{\"@id\":\"https:\/\/hudo.com\/si\/#organization\"},\"articleSection\":[\"Aktualno\"],\"inLanguage\":\"sl-SI\"},{\"@type\":\"WebPage\",\"@id\":\"https:\/\/hudo.com\/si\/aktualno\/z-ratasom-v-ljubljani-o-prioritetah-pri-bliznjem-predsedovanju-uniji\/\",\"url\":\"https:\/\/hudo.com\/si\/aktualno\/z-ratasom-v-ljubljani-o-prioritetah-pri-bliznjem-predsedovanju-uniji\/\",\"name\":\"Z Ratasom v Ljubljani o prioritetah pri bli\u017enjem predsedovanju Uniji - Hudo Slovenija\",\"isPartOf\":{\"@id\":\"https:\/\/hudo.com\/si\/#website\"},\"datePublished\":\"2017-05-23T16:30:00+00:00\",\"dateModified\":\"2017-05-23T16:30:00+00:00\",\"breadcrumb\":{\"@id\":\"https:\/\/hudo.com\/si\/aktualno\/z-ratasom-v-ljubljani-o-prioritetah-pri-bliznjem-predsedovanju-uniji\/#breadcrumb\"},\"inLanguage\":\"sl-SI\",\"potentialAction\":[{\"@type\":\"ReadAction\",\"target\":[\"https:\/\/hudo.com\/si\/aktualno\/z-ratasom-v-ljubljani-o-prioritetah-pri-bliznjem-predsedovanju-uniji\/\"]}]},{\"@type\":\"BreadcrumbList\",\"@id\":\"https:\/\/hudo.com\/si\/aktualno\/z-ratasom-v-ljubljani-o-prioritetah-pri-bliznjem-predsedovanju-uniji\/#breadcrumb\",\"itemListElement\":[{\"@type\":\"ListItem\",\"position\":1,\"name\":\"Home\",\"item\":\"https:\/\/hudo.com\/si\/\"},{\"@type\":\"ListItem\",\"position\":2,\"name\":\"Z Ratasom v Ljubljani o prioritetah pri bli\u017enjem predsedovanju Uniji\"}]},{\"@type\":\"WebSite\",\"@id\":\"https:\/\/hudo.com\/si\/#website\",\"url\":\"https:\/\/hudo.com\/si\/\",\"name\":\"Hudo Slovenija\",\"description\":\"Vse novice iz Slovenije in sveta\",\"publisher\":{\"@id\":\"https:\/\/hudo.com\/si\/#organization\"},\"potentialAction\":[{\"@type\":\"SearchAction\",\"target\":{\"@type\":\"EntryPoint\",\"urlTemplate\":\"https:\/\/hudo.com\/si\/?s={search_term_string}\"},\"query-input\":\"required name=search_term_string\"}],\"inLanguage\":\"sl-SI\"},{\"@type\":\"Organization\",\"@id\":\"https:\/\/hudo.com\/si\/#organization\",\"name\":\"VSN Media\",\"url\":\"https:\/\/hudo.com\/si\/\",\"logo\":{\"@type\":\"ImageObject\",\"inLanguage\":\"sl-SI\",\"@id\":\"https:\/\/hudo.com\/si\/#\/schema\/logo\/image\/\",\"url\":\"https:\/\/hudo.com\/si\/wp-content\/uploads\/sites\/2\/2021\/03\/hudo-app-2.png\",\"contentUrl\":\"https:\/\/hudo.com\/si\/wp-content\/uploads\/sites\/2\/2021\/03\/hudo-app-2.png\",\"width\":2185,\"height\":2167,\"caption\":\"VSN Media\"},\"image\":{\"@id\":\"https:\/\/hudo.com\/si\/#\/schema\/logo\/image\/\"},\"sameAs\":[\"https:\/\/www.facebook.com\/hudo.si\",\"https:\/\/twitter.com\/hudo_si\"]},{\"@type\":\"Person\",\"@id\":\"https:\/\/hudo.com\/si\/#\/schema\/person\/601cf3379633985b20f7e50f2bb47707\",\"name\":\"hudo\",\"image\":{\"@type\":\"ImageObject\",\"inLanguage\":\"sl-SI\",\"@id\":\"https:\/\/hudo.com\/si\/#\/schema\/person\/image\/\",\"url\":\"https:\/\/secure.gravatar.com\/avatar\/c4ca25fa72cace7a696b52ff5db9e095?s=96&d=mm&r=g\",\"contentUrl\":\"https:\/\/secure.gravatar.com\/avatar\/c4ca25fa72cace7a696b52ff5db9e095?s=96&d=mm&r=g\",\"caption\":\"hudo\"},\"url\":\"https:\/\/hudo.com\/si\/author\/hudo\/\"}]}<\/script>\n<!-- \/ Yoast SEO plugin. -->","yoast_head_json":{"title":"Z Ratasom v Ljubljani o prioritetah pri bli\u017enjem predsedovanju Uniji - Hudo Slovenija","robots":{"index":"index","follow":"follow","max-snippet":"max-snippet:-1","max-image-preview":"max-image-preview:large","max-video-preview":"max-video-preview:-1"},"canonical":"https:\/\/hudo.com\/si\/aktualno\/z-ratasom-v-ljubljani-o-prioritetah-pri-bliznjem-predsedovanju-uniji\/","og_locale":"sl_SI","og_type":"article","og_title":"Z Ratasom v Ljubljani o prioritetah pri bli\u017enjem predsedovanju Uniji - Hudo Slovenija","og_description":"Kategorija: Novice Tue, 23 May 2017 20:30:00 +0200 Ljubljana - Estonija bo v \u010dasu svojega polletnega predsedovanja EU, ki se za\u010dne s 1. julijem, postavila v ospredje \u0161tiri glavne prioritete: odprto in inovativno evropsko gospodarstvo, varno Evropo, digitalno Evropo s prostim pretokom podatkov in vklju\u010dujo\u010do in vzdr\u017eno Evropo, je po sre\u010danju s premierjem Mirom Cerarjem povedal estonski premier J\u00fcri Ratas.\u00a0 Cerar in Ratas sta se zavzela za enotno in mo\u010dno unijo dr\u017eav EU 27, ki naj bi imela odprta vrata tudi za dr\u017eave Zahodnega Balkana. Poudarila sta dobre bilateralne odnose med dr\u017eavama, kjer je \u0161e veliko mo\u017enosti za krepitev gospodarskega sodelovanja, \u0161e posebej na podro\u010dju informacijskih in komunikacijskih tehnologij, Ratas je v okviru priprav za predsedovanje na tokratni srednjeevropski\u00a0 mini turneji poleg Slovenije obiskal \u0161e \u010ce\u0161ko, Slova\u0161ko in Mad\u017earsko. Estonija bo sicer Uniji predsedovala prvi\u010d, pod geslom Enotnost skozi ravnote\u017eje\u00a0...","og_url":"https:\/\/hudo.com\/si\/aktualno\/z-ratasom-v-ljubljani-o-prioritetah-pri-bliznjem-predsedovanju-uniji\/","og_site_name":"Hudo Slovenija","article_publisher":"https:\/\/www.facebook.com\/hudo.si","article_published_time":"2017-05-23T16:30:00+00:00","og_image":[{"width":480,"height":290,"url":"https:\/\/hudo.com\/si\/wp-content\/uploads\/sites\/2\/2017\/05\/480x290_Delo_Foto-20170523202531-22555100.jpeg","type":"image\/jpeg"}],"author":"hudo","twitter_card":"summary_large_image","twitter_creator":"@hudo_si","twitter_site":"@hudo_si","twitter_misc":{"Written by":"hudo","Est. reading time":"1 minuta"},"schema":{"@context":"https:\/\/schema.org","@graph":[{"@type":"Article","@id":"https:\/\/hudo.com\/si\/aktualno\/z-ratasom-v-ljubljani-o-prioritetah-pri-bliznjem-predsedovanju-uniji\/#article","isPartOf":{"@id":"https:\/\/hudo.com\/si\/aktualno\/z-ratasom-v-ljubljani-o-prioritetah-pri-bliznjem-predsedovanju-uniji\/"},"author":{"name":"hudo","@id":"https:\/\/hudo.com\/si\/#\/schema\/person\/601cf3379633985b20f7e50f2bb47707"},"headline":"Z Ratasom v Ljubljani o prioritetah pri bli\u017enjem predsedovanju Uniji","datePublished":"2017-05-23T16:30:00+00:00","dateModified":"2017-05-23T16:30:00+00:00","mainEntityOfPage":{"@id":"https:\/\/hudo.com\/si\/aktualno\/z-ratasom-v-ljubljani-o-prioritetah-pri-bliznjem-predsedovanju-uniji\/"},"wordCount":161,"publisher":{"@id":"https:\/\/hudo.com\/si\/#organization"},"articleSection":["Aktualno"],"inLanguage":"sl-SI"},{"@type":"WebPage","@id":"https:\/\/hudo.com\/si\/aktualno\/z-ratasom-v-ljubljani-o-prioritetah-pri-bliznjem-predsedovanju-uniji\/","url":"https:\/\/hudo.com\/si\/aktualno\/z-ratasom-v-ljubljani-o-prioritetah-pri-bliznjem-predsedovanju-uniji\/","name":"Z Ratasom v Ljubljani o prioritetah pri bli\u017enjem predsedovanju Uniji - Hudo Slovenija","isPartOf":{"@id":"https:\/\/hudo.com\/si\/#website"},"datePublished":"2017-05-23T16:30:00+00:00","dateModified":"2017-05-23T16:30:00+00:00","breadcrumb":{"@id":"https:\/\/hudo.com\/si\/aktualno\/z-ratasom-v-ljubljani-o-prioritetah-pri-bliznjem-predsedovanju-uniji\/#breadcrumb"},"inLanguage":"sl-SI","potentialAction":[{"@type":"ReadAction","target":["https:\/\/hudo.com\/si\/aktualno\/z-ratasom-v-ljubljani-o-prioritetah-pri-bliznjem-predsedovanju-uniji\/"]}]},{"@type":"BreadcrumbList","@id":"https:\/\/hudo.com\/si\/aktualno\/z-ratasom-v-ljubljani-o-prioritetah-pri-bliznjem-predsedovanju-uniji\/#breadcrumb","itemListElement":[{"@type":"ListItem","position":1,"name":"Home","item":"https:\/\/hudo.com\/si\/"},{"@type":"ListItem","position":2,"name":"Z Ratasom v Ljubljani o prioritetah pri bli\u017enjem predsedovanju Uniji"}]},{"@type":"WebSite","@id":"https:\/\/hudo.com\/si\/#website","url":"https:\/\/hudo.com\/si\/","name":"Hudo Slovenija","description":"Vse novice iz Slovenije in sveta","publisher":{"@id":"https:\/\/hudo.com\/si\/#organization"},"potentialAction":[{"@type":"SearchAction","target":{"@type":"EntryPoint","urlTemplate":"https:\/\/hudo.com\/si\/?s={search_term_string}"},"query-input":"required name=search_term_string"}],"inLanguage":"sl-SI"},{"@type":"Organization","@id":"https:\/\/hudo.com\/si\/#organization","name":"VSN Media","url":"https:\/\/hudo.com\/si\/","logo":{"@type":"ImageObject","inLanguage":"sl-SI","@id":"https:\/\/hudo.com\/si\/#\/schema\/logo\/image\/","url":"https:\/\/hudo.com\/si\/wp-content\/uploads\/sites\/2\/2021\/03\/hudo-app-2.png","contentUrl":"https:\/\/hudo.com\/si\/wp-content\/uploads\/sites\/2\/2021\/03\/hudo-app-2.png","width":2185,"height":2167,"caption":"VSN Media"},"image":{"@id":"https:\/\/hudo.com\/si\/#\/schema\/logo\/image\/"},"sameAs":["https:\/\/www.facebook.com\/hudo.si","https:\/\/twitter.com\/hudo_si"]},{"@type":"Person","@id":"https:\/\/hudo.com\/si\/#\/schema\/person\/601cf3379633985b20f7e50f2bb47707","name":"hudo","image":{"@type":"ImageObject","inLanguage":"sl-SI","@id":"https:\/\/hudo.com\/si\/#\/schema\/person\/image\/","url":"https:\/\/secure.gravatar.com\/avatar\/c4ca25fa72cace7a696b52ff5db9e095?s=96&d=mm&r=g","contentUrl":"https:\/\/secure.gravatar.com\/avatar\/c4ca25fa72cace7a696b52ff5db9e095?s=96&d=mm&r=g","caption":"hudo"},"url":"https:\/\/hudo.com\/si\/author\/hudo\/"}]}},"amp_enabled":true,"_links":{"self":[{"href":"https:\/\/hudo.com\/si\/wp-json\/wp\/v2\/posts\/258400"}],"collection":[{"href":"https:\/\/hudo.com\/si\/wp-json\/wp\/v2\/posts"}],"about":[{"href":"https:\/\/hudo.com\/si\/wp-json\/wp\/v2\/types\/post"}],"author":[{"embeddable":true,"href":"https:\/\/hudo.com\/si\/wp-json\/wp\/v2\/users\/1"}],"replies":[{"embeddable":true,"href":"https:\/\/hudo.com\/si\/wp-json\/wp\/v2\/comments?post=258400"}],"version-history":[{"count":0,"href":"https:\/\/hudo.com\/si\/wp-json\/wp\/v2\/posts\/258400\/revisions"}],"wp:attachment":[{"href":"https:\/\/hudo.com\/si\/wp-json\/wp\/v2\/media?parent=258400"}],"wp:term":[{"taxonomy":"category","embeddable":true,"href":"https:\/\/hudo.com\/si\/wp-json\/wp\/v2\/categories?post=258400"},{"taxonomy":"post_tag","embeddable":true,"href":"https:\/\/hudo.com\/si\/wp-json\/wp\/v2\/tags?post=258400"},{"taxonomy":"source","embeddable":true,"href":"https:\/\/hudo.com\/si\/wp-json\/wp\/v2\/source?post=258400"},{"taxonomy":"supertag","embeddable":true,"href":"https:\/\/hudo.com\/si\/wp-json\/wp\/v2\/supertag?post=258400"}],"curies":[{"name":"wp","href":"https:\/\/api.w.org\/{rel}","templated":true}]}}