{"id":258414,"date":"2017-05-23T20:37:00","date_gmt":"2017-05-23T18:37:00","guid":{"rendered":"http:\/\/hudo.com\/si\/2017\/05\/23\/kako-resiti-nase-ozracje-in-okolje\/"},"modified":"2017-05-23T20:37:00","modified_gmt":"2017-05-23T18:37:00","slug":"kako-resiti-nase-ozracje-in-okolje","status":"publish","type":"post","link":"https:\/\/hudo.com\/si\/aktualno\/kako-resiti-nase-ozracje-in-okolje\/","title":{"rendered":"Kako re\u0161iti na\u0161e ozra\u010dje in okolje?"},"content":{"rendered":"<p>Kategorija: Globalno Tue, 23 May 2017 22:37:00 +0200  Berlin &#8211; V Organizaciji za gospodarsko sodelovanje in razvoj (OECD) verjamejo, da je s primernimi ukrepi mogo\u010de prepre\u010devati podnebne spremembe in pove\u010devati gospodarsko rast. Predstavniki 35 dr\u017eav, zbranih na peterbur\u0161kem dialogu, v nem\u0161ki prestolnici razpravljajo o na\u010dinih za zni\u017eanje globalnih temperatur na predindustrijsko raven, kot so se leta 2015 dogovorili v Parizu. Ameri\u0161ki predsednik Donald Trump je med predvolilno kampanjo napovedal celo izstop iz pari\u0161kega sporazuma, toda nem\u0161ka gostiteljica tokratnega peterbur\u0161kega podnebnega dialoga po poro\u010dilih dobro obve\u0161\u010denih bolj ra\u010duna na prvo h\u010der Ivanko Trump, ki jo skrbijo podnebne spremembe. \u00bbOdgovorni smo drug za drugega,\u00ab je v Berlinu povedala kanclerka Angela Merkel. \u00bbDvomljivce posku\u0161am prepri\u010dati.\u00ab A tudi Nem\u010dija ni brez okoljevarstvenih grehov, zato lahko tudi v Berlinu prisluhnejo poro\u010dilu OECD, ki napoveduje, da lahko \u00bbintegrirani\u00ab ukrepi za prepre\u010devanje podnebnih sprememb srednjero\u010dno in\u00a0&#8230;<\/p>\n","protected":false},"excerpt":{"rendered":"<p>Kategorija: Globalno Tue, 23 May 2017 22:37:00 +0200  Berlin &#8211; V Organizaciji za gospodarsko sodelovanje in razvoj (OECD) verjamejo, da je s primernimi ukrepi mogo\u010de prepre\u010devati podnebne spremembe in pove\u010devati gospodarsko rast. Predstavniki 35 dr\u017eav, zbranih na peterbur\u0161kem dialogu, v nem\u0161ki prestolnici razpravljajo o na\u010dinih za zni\u017eanje globalnih temperatur na predindustrijsko raven, kot so se leta 2015 dogovorili v Parizu. Ameri\u0161ki predsednik Donald Trump je med predvolilno kampanjo napovedal celo izstop iz pari\u0161kega sporazuma, toda nem\u0161ka gostiteljica tokratnega peterbur\u0161kega podnebnega dialoga po poro\u010dilih dobro obve\u0161\u010denih bolj ra\u010duna na prvo h\u010der Ivanko Trump, ki jo skrbijo podnebne spremembe. \u00bbOdgovorni smo drug za drugega,\u00ab je v Berlinu povedala kanclerka Angela Merkel. \u00bbDvomljivce posku\u0161am prepri\u010dati.\u00ab A tudi Nem\u010dija ni brez okoljevarstvenih grehov, zato lahko tudi v Berlinu prisluhnejo poro\u010dilu OECD, ki napoveduje, da lahko \u00bbintegrirani\u00ab ukrepi za prepre\u010devanje podnebnih sprememb srednjero\u010dno in\u00a0&#8230;<\/p>\n","protected":false},"author":1,"featured_media":0,"comment_status":"closed","ping_status":"closed","sticky":false,"template":"","format":"standard","meta":{"footnotes":""},"categories":[1179],"tags":[],"source":[1703],"supertag":[],"acf":[],"yoast_head":"<!-- This site is optimized with the Yoast SEO plugin v21.3 - https:\/\/yoast.com\/wordpress\/plugins\/seo\/ -->\n<title>Kako re\u0161iti na\u0161e ozra\u010dje in okolje? - Hudo Slovenija<\/title>\n<meta name=\"robots\" content=\"index, follow, max-snippet:-1, max-image-preview:large, max-video-preview:-1\" \/>\n<link rel=\"canonical\" href=\"https:\/\/hudo.com\/si\/aktualno\/kako-resiti-nase-ozracje-in-okolje\/\" \/>\n<meta property=\"og:locale\" content=\"sl_SI\" \/>\n<meta property=\"og:type\" content=\"article\" \/>\n<meta property=\"og:title\" content=\"Kako re\u0161iti na\u0161e ozra\u010dje in okolje? - Hudo Slovenija\" \/>\n<meta property=\"og:description\" content=\"Kategorija: Globalno Tue, 23 May 2017 22:37:00 +0200 Berlin - V Organizaciji za gospodarsko sodelovanje in razvoj (OECD) verjamejo, da je s primernimi ukrepi mogo\u010de prepre\u010devati podnebne spremembe in pove\u010devati gospodarsko rast. Predstavniki 35 dr\u017eav, zbranih na peterbur\u0161kem dialogu, v nem\u0161ki prestolnici razpravljajo o na\u010dinih za zni\u017eanje globalnih temperatur na predindustrijsko raven, kot so se leta 2015 dogovorili v Parizu. Ameri\u0161ki predsednik Donald Trump je med predvolilno kampanjo napovedal celo izstop iz pari\u0161kega sporazuma, toda nem\u0161ka gostiteljica tokratnega peterbur\u0161kega podnebnega dialoga po poro\u010dilih dobro obve\u0161\u010denih bolj ra\u010duna na prvo h\u010der Ivanko Trump, ki jo skrbijo podnebne spremembe. \u00bbOdgovorni smo drug za drugega,\u00ab je v Berlinu povedala kanclerka Angela Merkel. \u00bbDvomljivce posku\u0161am prepri\u010dati.\u00ab A tudi Nem\u010dija ni brez okoljevarstvenih grehov, zato lahko tudi v Berlinu prisluhnejo poro\u010dilu OECD, ki napoveduje, da lahko \u00bbintegrirani\u00ab ukrepi za prepre\u010devanje podnebnih sprememb srednjero\u010dno in\u00a0...\" \/>\n<meta property=\"og:url\" content=\"https:\/\/hudo.com\/si\/aktualno\/kako-resiti-nase-ozracje-in-okolje\/\" \/>\n<meta property=\"og:site_name\" content=\"Hudo Slovenija\" \/>\n<meta property=\"article:publisher\" content=\"https:\/\/www.facebook.com\/hudo.si\" \/>\n<meta property=\"article:published_time\" content=\"2017-05-23T18:37:00+00:00\" \/>\n<meta property=\"og:image\" content=\"https:\/\/hudo.com\/si\/wp-content\/uploads\/sites\/2\/2017\/05\/480x290_Zunanja__AFP_Photo_20170523_hires0.jpeg\" \/>\n\t<meta property=\"og:image:width\" content=\"480\" \/>\n\t<meta property=\"og:image:height\" content=\"290\" \/>\n\t<meta property=\"og:image:type\" content=\"image\/jpeg\" \/>\n<meta name=\"author\" content=\"hudo\" \/>\n<meta name=\"twitter:card\" content=\"summary_large_image\" \/>\n<meta name=\"twitter:creator\" content=\"@hudo_si\" \/>\n<meta name=\"twitter:site\" content=\"@hudo_si\" \/>\n<meta name=\"twitter:label1\" content=\"Written by\" \/>\n\t<meta name=\"twitter:data1\" content=\"hudo\" \/>\n\t<meta name=\"twitter:label2\" content=\"Est. reading time\" \/>\n\t<meta name=\"twitter:data2\" content=\"1 minuta\" \/>\n<script type=\"application\/ld+json\" class=\"yoast-schema-graph\">{\"@context\":\"https:\/\/schema.org\",\"@graph\":[{\"@type\":\"Article\",\"@id\":\"https:\/\/hudo.com\/si\/aktualno\/kako-resiti-nase-ozracje-in-okolje\/#article\",\"isPartOf\":{\"@id\":\"https:\/\/hudo.com\/si\/aktualno\/kako-resiti-nase-ozracje-in-okolje\/\"},\"author\":{\"name\":\"hudo\",\"@id\":\"https:\/\/hudo.com\/si\/#\/schema\/person\/601cf3379633985b20f7e50f2bb47707\"},\"headline\":\"Kako re\u0161iti na\u0161e ozra\u010dje in okolje?\",\"datePublished\":\"2017-05-23T18:37:00+00:00\",\"dateModified\":\"2017-05-23T18:37:00+00:00\",\"mainEntityOfPage\":{\"@id\":\"https:\/\/hudo.com\/si\/aktualno\/kako-resiti-nase-ozracje-in-okolje\/\"},\"wordCount\":164,\"publisher\":{\"@id\":\"https:\/\/hudo.com\/si\/#organization\"},\"articleSection\":[\"Aktualno\"],\"inLanguage\":\"sl-SI\"},{\"@type\":\"WebPage\",\"@id\":\"https:\/\/hudo.com\/si\/aktualno\/kako-resiti-nase-ozracje-in-okolje\/\",\"url\":\"https:\/\/hudo.com\/si\/aktualno\/kako-resiti-nase-ozracje-in-okolje\/\",\"name\":\"Kako re\u0161iti na\u0161e ozra\u010dje in okolje? - Hudo Slovenija\",\"isPartOf\":{\"@id\":\"https:\/\/hudo.com\/si\/#website\"},\"datePublished\":\"2017-05-23T18:37:00+00:00\",\"dateModified\":\"2017-05-23T18:37:00+00:00\",\"breadcrumb\":{\"@id\":\"https:\/\/hudo.com\/si\/aktualno\/kako-resiti-nase-ozracje-in-okolje\/#breadcrumb\"},\"inLanguage\":\"sl-SI\",\"potentialAction\":[{\"@type\":\"ReadAction\",\"target\":[\"https:\/\/hudo.com\/si\/aktualno\/kako-resiti-nase-ozracje-in-okolje\/\"]}]},{\"@type\":\"BreadcrumbList\",\"@id\":\"https:\/\/hudo.com\/si\/aktualno\/kako-resiti-nase-ozracje-in-okolje\/#breadcrumb\",\"itemListElement\":[{\"@type\":\"ListItem\",\"position\":1,\"name\":\"Home\",\"item\":\"https:\/\/hudo.com\/si\/\"},{\"@type\":\"ListItem\",\"position\":2,\"name\":\"Kako re\u0161iti na\u0161e ozra\u010dje in okolje?\"}]},{\"@type\":\"WebSite\",\"@id\":\"https:\/\/hudo.com\/si\/#website\",\"url\":\"https:\/\/hudo.com\/si\/\",\"name\":\"Hudo Slovenija\",\"description\":\"Vse novice iz Slovenije in sveta\",\"publisher\":{\"@id\":\"https:\/\/hudo.com\/si\/#organization\"},\"potentialAction\":[{\"@type\":\"SearchAction\",\"target\":{\"@type\":\"EntryPoint\",\"urlTemplate\":\"https:\/\/hudo.com\/si\/?s={search_term_string}\"},\"query-input\":\"required name=search_term_string\"}],\"inLanguage\":\"sl-SI\"},{\"@type\":\"Organization\",\"@id\":\"https:\/\/hudo.com\/si\/#organization\",\"name\":\"VSN Media\",\"url\":\"https:\/\/hudo.com\/si\/\",\"logo\":{\"@type\":\"ImageObject\",\"inLanguage\":\"sl-SI\",\"@id\":\"https:\/\/hudo.com\/si\/#\/schema\/logo\/image\/\",\"url\":\"https:\/\/hudo.com\/si\/wp-content\/uploads\/sites\/2\/2021\/03\/hudo-app-2.png\",\"contentUrl\":\"https:\/\/hudo.com\/si\/wp-content\/uploads\/sites\/2\/2021\/03\/hudo-app-2.png\",\"width\":2185,\"height\":2167,\"caption\":\"VSN Media\"},\"image\":{\"@id\":\"https:\/\/hudo.com\/si\/#\/schema\/logo\/image\/\"},\"sameAs\":[\"https:\/\/www.facebook.com\/hudo.si\",\"https:\/\/twitter.com\/hudo_si\"]},{\"@type\":\"Person\",\"@id\":\"https:\/\/hudo.com\/si\/#\/schema\/person\/601cf3379633985b20f7e50f2bb47707\",\"name\":\"hudo\",\"image\":{\"@type\":\"ImageObject\",\"inLanguage\":\"sl-SI\",\"@id\":\"https:\/\/hudo.com\/si\/#\/schema\/person\/image\/\",\"url\":\"https:\/\/secure.gravatar.com\/avatar\/c4ca25fa72cace7a696b52ff5db9e095?s=96&d=mm&r=g\",\"contentUrl\":\"https:\/\/secure.gravatar.com\/avatar\/c4ca25fa72cace7a696b52ff5db9e095?s=96&d=mm&r=g\",\"caption\":\"hudo\"},\"url\":\"https:\/\/hudo.com\/si\/author\/hudo\/\"}]}<\/script>\n<!-- \/ Yoast SEO plugin. -->","yoast_head_json":{"title":"Kako re\u0161iti na\u0161e ozra\u010dje in okolje? - Hudo Slovenija","robots":{"index":"index","follow":"follow","max-snippet":"max-snippet:-1","max-image-preview":"max-image-preview:large","max-video-preview":"max-video-preview:-1"},"canonical":"https:\/\/hudo.com\/si\/aktualno\/kako-resiti-nase-ozracje-in-okolje\/","og_locale":"sl_SI","og_type":"article","og_title":"Kako re\u0161iti na\u0161e ozra\u010dje in okolje? - Hudo Slovenija","og_description":"Kategorija: Globalno Tue, 23 May 2017 22:37:00 +0200 Berlin - V Organizaciji za gospodarsko sodelovanje in razvoj (OECD) verjamejo, da je s primernimi ukrepi mogo\u010de prepre\u010devati podnebne spremembe in pove\u010devati gospodarsko rast. Predstavniki 35 dr\u017eav, zbranih na peterbur\u0161kem dialogu, v nem\u0161ki prestolnici razpravljajo o na\u010dinih za zni\u017eanje globalnih temperatur na predindustrijsko raven, kot so se leta 2015 dogovorili v Parizu. Ameri\u0161ki predsednik Donald Trump je med predvolilno kampanjo napovedal celo izstop iz pari\u0161kega sporazuma, toda nem\u0161ka gostiteljica tokratnega peterbur\u0161kega podnebnega dialoga po poro\u010dilih dobro obve\u0161\u010denih bolj ra\u010duna na prvo h\u010der Ivanko Trump, ki jo skrbijo podnebne spremembe. \u00bbOdgovorni smo drug za drugega,\u00ab je v Berlinu povedala kanclerka Angela Merkel. \u00bbDvomljivce posku\u0161am prepri\u010dati.\u00ab A tudi Nem\u010dija ni brez okoljevarstvenih grehov, zato lahko tudi v Berlinu prisluhnejo poro\u010dilu OECD, ki napoveduje, da lahko \u00bbintegrirani\u00ab ukrepi za prepre\u010devanje podnebnih sprememb srednjero\u010dno in\u00a0...","og_url":"https:\/\/hudo.com\/si\/aktualno\/kako-resiti-nase-ozracje-in-okolje\/","og_site_name":"Hudo Slovenija","article_publisher":"https:\/\/www.facebook.com\/hudo.si","article_published_time":"2017-05-23T18:37:00+00:00","og_image":[{"width":480,"height":290,"url":"https:\/\/hudo.com\/si\/wp-content\/uploads\/sites\/2\/2017\/05\/480x290_Zunanja__AFP_Photo_20170523_hires0.jpeg","type":"image\/jpeg"}],"author":"hudo","twitter_card":"summary_large_image","twitter_creator":"@hudo_si","twitter_site":"@hudo_si","twitter_misc":{"Written by":"hudo","Est. reading time":"1 minuta"},"schema":{"@context":"https:\/\/schema.org","@graph":[{"@type":"Article","@id":"https:\/\/hudo.com\/si\/aktualno\/kako-resiti-nase-ozracje-in-okolje\/#article","isPartOf":{"@id":"https:\/\/hudo.com\/si\/aktualno\/kako-resiti-nase-ozracje-in-okolje\/"},"author":{"name":"hudo","@id":"https:\/\/hudo.com\/si\/#\/schema\/person\/601cf3379633985b20f7e50f2bb47707"},"headline":"Kako re\u0161iti na\u0161e ozra\u010dje in okolje?","datePublished":"2017-05-23T18:37:00+00:00","dateModified":"2017-05-23T18:37:00+00:00","mainEntityOfPage":{"@id":"https:\/\/hudo.com\/si\/aktualno\/kako-resiti-nase-ozracje-in-okolje\/"},"wordCount":164,"publisher":{"@id":"https:\/\/hudo.com\/si\/#organization"},"articleSection":["Aktualno"],"inLanguage":"sl-SI"},{"@type":"WebPage","@id":"https:\/\/hudo.com\/si\/aktualno\/kako-resiti-nase-ozracje-in-okolje\/","url":"https:\/\/hudo.com\/si\/aktualno\/kako-resiti-nase-ozracje-in-okolje\/","name":"Kako re\u0161iti na\u0161e ozra\u010dje in okolje? - Hudo Slovenija","isPartOf":{"@id":"https:\/\/hudo.com\/si\/#website"},"datePublished":"2017-05-23T18:37:00+00:00","dateModified":"2017-05-23T18:37:00+00:00","breadcrumb":{"@id":"https:\/\/hudo.com\/si\/aktualno\/kako-resiti-nase-ozracje-in-okolje\/#breadcrumb"},"inLanguage":"sl-SI","potentialAction":[{"@type":"ReadAction","target":["https:\/\/hudo.com\/si\/aktualno\/kako-resiti-nase-ozracje-in-okolje\/"]}]},{"@type":"BreadcrumbList","@id":"https:\/\/hudo.com\/si\/aktualno\/kako-resiti-nase-ozracje-in-okolje\/#breadcrumb","itemListElement":[{"@type":"ListItem","position":1,"name":"Home","item":"https:\/\/hudo.com\/si\/"},{"@type":"ListItem","position":2,"name":"Kako re\u0161iti na\u0161e ozra\u010dje in okolje?"}]},{"@type":"WebSite","@id":"https:\/\/hudo.com\/si\/#website","url":"https:\/\/hudo.com\/si\/","name":"Hudo Slovenija","description":"Vse novice iz Slovenije in sveta","publisher":{"@id":"https:\/\/hudo.com\/si\/#organization"},"potentialAction":[{"@type":"SearchAction","target":{"@type":"EntryPoint","urlTemplate":"https:\/\/hudo.com\/si\/?s={search_term_string}"},"query-input":"required name=search_term_string"}],"inLanguage":"sl-SI"},{"@type":"Organization","@id":"https:\/\/hudo.com\/si\/#organization","name":"VSN Media","url":"https:\/\/hudo.com\/si\/","logo":{"@type":"ImageObject","inLanguage":"sl-SI","@id":"https:\/\/hudo.com\/si\/#\/schema\/logo\/image\/","url":"https:\/\/hudo.com\/si\/wp-content\/uploads\/sites\/2\/2021\/03\/hudo-app-2.png","contentUrl":"https:\/\/hudo.com\/si\/wp-content\/uploads\/sites\/2\/2021\/03\/hudo-app-2.png","width":2185,"height":2167,"caption":"VSN Media"},"image":{"@id":"https:\/\/hudo.com\/si\/#\/schema\/logo\/image\/"},"sameAs":["https:\/\/www.facebook.com\/hudo.si","https:\/\/twitter.com\/hudo_si"]},{"@type":"Person","@id":"https:\/\/hudo.com\/si\/#\/schema\/person\/601cf3379633985b20f7e50f2bb47707","name":"hudo","image":{"@type":"ImageObject","inLanguage":"sl-SI","@id":"https:\/\/hudo.com\/si\/#\/schema\/person\/image\/","url":"https:\/\/secure.gravatar.com\/avatar\/c4ca25fa72cace7a696b52ff5db9e095?s=96&d=mm&r=g","contentUrl":"https:\/\/secure.gravatar.com\/avatar\/c4ca25fa72cace7a696b52ff5db9e095?s=96&d=mm&r=g","caption":"hudo"},"url":"https:\/\/hudo.com\/si\/author\/hudo\/"}]}},"amp_enabled":true,"_links":{"self":[{"href":"https:\/\/hudo.com\/si\/wp-json\/wp\/v2\/posts\/258414"}],"collection":[{"href":"https:\/\/hudo.com\/si\/wp-json\/wp\/v2\/posts"}],"about":[{"href":"https:\/\/hudo.com\/si\/wp-json\/wp\/v2\/types\/post"}],"author":[{"embeddable":true,"href":"https:\/\/hudo.com\/si\/wp-json\/wp\/v2\/users\/1"}],"replies":[{"embeddable":true,"href":"https:\/\/hudo.com\/si\/wp-json\/wp\/v2\/comments?post=258414"}],"version-history":[{"count":0,"href":"https:\/\/hudo.com\/si\/wp-json\/wp\/v2\/posts\/258414\/revisions"}],"wp:attachment":[{"href":"https:\/\/hudo.com\/si\/wp-json\/wp\/v2\/media?parent=258414"}],"wp:term":[{"taxonomy":"category","embeddable":true,"href":"https:\/\/hudo.com\/si\/wp-json\/wp\/v2\/categories?post=258414"},{"taxonomy":"post_tag","embeddable":true,"href":"https:\/\/hudo.com\/si\/wp-json\/wp\/v2\/tags?post=258414"},{"taxonomy":"source","embeddable":true,"href":"https:\/\/hudo.com\/si\/wp-json\/wp\/v2\/source?post=258414"},{"taxonomy":"supertag","embeddable":true,"href":"https:\/\/hudo.com\/si\/wp-json\/wp\/v2\/supertag?post=258414"}],"curies":[{"name":"wp","href":"https:\/\/api.w.org\/{rel}","templated":true}]}}