{"id":258441,"date":"2017-05-24T04:10:00","date_gmt":"2017-05-24T02:10:00","guid":{"rendered":"http:\/\/hudo.com\/si\/2017\/05\/24\/z-zeleno-obveznico-do-vec-soncnih-elektrarn\/"},"modified":"2017-05-24T04:10:00","modified_gmt":"2017-05-24T02:10:00","slug":"z-zeleno-obveznico-do-vec-soncnih-elektrarn","status":"publish","type":"post","link":"https:\/\/hudo.com\/si\/aktualno\/z-zeleno-obveznico-do-vec-soncnih-elektrarn\/","title":{"rendered":"Z zeleno obveznico do ve\u010d son\u010dnih elektrarn"},"content":{"rendered":"<p>Dru\u017eba Gen-I sonce, h\u010derinska dru\u017eba Gen-I, je kot prva v Sloveniji skupaj s SID banko in Novo KBM izdala zeleno obveznico v vi\u0161ini 14 milijonov evrov z zapadlostjo leta 2024. Denar bodo porabili izklju\u010dno za financiranje zelene energije oziroma projektov, ki pove\u010dujejo energetsko u\u010dinkovitost. Predvsem pa se bodo gospodinjstva la\u017ee odlo\u010dala za naro\u010dila mikro son\u010dnih elektrarn na klju\u010d.<\/p>\n","protected":false},"excerpt":{"rendered":"<p>Dru\u017eba Gen-I sonce, h\u010derinska dru\u017eba Gen-I, je kot prva v Sloveniji skupaj s SID banko in Novo KBM izdala zeleno obveznico v vi\u0161ini 14 milijonov evrov z zapadlostjo leta 2024. Denar bodo porabili izklju\u010dno za financiranje zelene energije oziroma projektov, ki pove\u010dujejo energetsko u\u010dinkovitost. Predvsem pa se bodo gospodinjstva la\u017ee odlo\u010dala za naro\u010dila mikro son\u010dnih elektrarn na klju\u010d.<\/p>\n","protected":false},"author":1,"featured_media":0,"comment_status":"closed","ping_status":"closed","sticky":false,"template":"","format":"standard","meta":{"footnotes":""},"categories":[1179],"tags":[],"source":[6627],"supertag":[],"acf":[],"yoast_head":"<!-- This site is optimized with the Yoast SEO plugin v21.3 - https:\/\/yoast.com\/wordpress\/plugins\/seo\/ -->\n<title>Z zeleno obveznico do ve\u010d son\u010dnih elektrarn - Hudo Slovenija<\/title>\n<meta name=\"robots\" content=\"index, follow, max-snippet:-1, max-image-preview:large, max-video-preview:-1\" \/>\n<link rel=\"canonical\" href=\"https:\/\/hudo.com\/si\/aktualno\/z-zeleno-obveznico-do-vec-soncnih-elektrarn\/\" \/>\n<meta property=\"og:locale\" content=\"sl_SI\" \/>\n<meta property=\"og:type\" content=\"article\" \/>\n<meta property=\"og:title\" content=\"Z zeleno obveznico do ve\u010d son\u010dnih elektrarn - Hudo Slovenija\" \/>\n<meta property=\"og:description\" content=\"Dru\u017eba Gen-I sonce, h\u010derinska dru\u017eba Gen-I, je kot prva v Sloveniji skupaj s SID banko in Novo KBM izdala zeleno obveznico v vi\u0161ini 14 milijonov evrov z zapadlostjo leta 2024. Denar bodo porabili izklju\u010dno za financiranje zelene energije oziroma projektov, ki pove\u010dujejo energetsko u\u010dinkovitost. Predvsem pa se bodo gospodinjstva la\u017ee odlo\u010dala za naro\u010dila mikro son\u010dnih elektrarn na klju\u010d.\" \/>\n<meta property=\"og:url\" content=\"https:\/\/hudo.com\/si\/aktualno\/z-zeleno-obveznico-do-vec-soncnih-elektrarn\/\" \/>\n<meta property=\"og:site_name\" content=\"Hudo Slovenija\" \/>\n<meta property=\"article:publisher\" content=\"https:\/\/www.facebook.com\/hudo.si\" \/>\n<meta property=\"article:published_time\" content=\"2017-05-24T02:10:00+00:00\" \/>\n<meta property=\"og:image\" content=\"https:\/\/hudo.com\/si\/wp-content\/uploads\/sites\/2\/2017\/05\/20c78dd91a1ee7c6b99b.jpeg\" \/>\n\t<meta property=\"og:image:width\" content=\"950\" \/>\n\t<meta property=\"og:image:height\" content=\"529\" \/>\n\t<meta property=\"og:image:type\" content=\"image\/jpeg\" \/>\n<meta name=\"author\" content=\"hudo\" \/>\n<meta name=\"twitter:card\" content=\"summary_large_image\" \/>\n<meta name=\"twitter:creator\" content=\"@hudo_si\" \/>\n<meta name=\"twitter:site\" content=\"@hudo_si\" \/>\n<meta name=\"twitter:label1\" content=\"Written by\" \/>\n\t<meta name=\"twitter:data1\" content=\"hudo\" \/>\n<script type=\"application\/ld+json\" class=\"yoast-schema-graph\">{\"@context\":\"https:\/\/schema.org\",\"@graph\":[{\"@type\":\"Article\",\"@id\":\"https:\/\/hudo.com\/si\/aktualno\/z-zeleno-obveznico-do-vec-soncnih-elektrarn\/#article\",\"isPartOf\":{\"@id\":\"https:\/\/hudo.com\/si\/aktualno\/z-zeleno-obveznico-do-vec-soncnih-elektrarn\/\"},\"author\":{\"name\":\"hudo\",\"@id\":\"https:\/\/hudo.com\/si\/#\/schema\/person\/601cf3379633985b20f7e50f2bb47707\"},\"headline\":\"Z zeleno obveznico do ve\u010d son\u010dnih elektrarn\",\"datePublished\":\"2017-05-24T02:10:00+00:00\",\"dateModified\":\"2017-05-24T02:10:00+00:00\",\"mainEntityOfPage\":{\"@id\":\"https:\/\/hudo.com\/si\/aktualno\/z-zeleno-obveznico-do-vec-soncnih-elektrarn\/\"},\"wordCount\":75,\"publisher\":{\"@id\":\"https:\/\/hudo.com\/si\/#organization\"},\"articleSection\":[\"Aktualno\"],\"inLanguage\":\"sl-SI\"},{\"@type\":\"WebPage\",\"@id\":\"https:\/\/hudo.com\/si\/aktualno\/z-zeleno-obveznico-do-vec-soncnih-elektrarn\/\",\"url\":\"https:\/\/hudo.com\/si\/aktualno\/z-zeleno-obveznico-do-vec-soncnih-elektrarn\/\",\"name\":\"Z zeleno obveznico do ve\u010d son\u010dnih elektrarn - Hudo Slovenija\",\"isPartOf\":{\"@id\":\"https:\/\/hudo.com\/si\/#website\"},\"datePublished\":\"2017-05-24T02:10:00+00:00\",\"dateModified\":\"2017-05-24T02:10:00+00:00\",\"breadcrumb\":{\"@id\":\"https:\/\/hudo.com\/si\/aktualno\/z-zeleno-obveznico-do-vec-soncnih-elektrarn\/#breadcrumb\"},\"inLanguage\":\"sl-SI\",\"potentialAction\":[{\"@type\":\"ReadAction\",\"target\":[\"https:\/\/hudo.com\/si\/aktualno\/z-zeleno-obveznico-do-vec-soncnih-elektrarn\/\"]}]},{\"@type\":\"BreadcrumbList\",\"@id\":\"https:\/\/hudo.com\/si\/aktualno\/z-zeleno-obveznico-do-vec-soncnih-elektrarn\/#breadcrumb\",\"itemListElement\":[{\"@type\":\"ListItem\",\"position\":1,\"name\":\"Home\",\"item\":\"https:\/\/hudo.com\/si\/\"},{\"@type\":\"ListItem\",\"position\":2,\"name\":\"Z zeleno obveznico do ve\u010d son\u010dnih elektrarn\"}]},{\"@type\":\"WebSite\",\"@id\":\"https:\/\/hudo.com\/si\/#website\",\"url\":\"https:\/\/hudo.com\/si\/\",\"name\":\"Hudo Slovenija\",\"description\":\"Vse novice iz Slovenije in sveta\",\"publisher\":{\"@id\":\"https:\/\/hudo.com\/si\/#organization\"},\"potentialAction\":[{\"@type\":\"SearchAction\",\"target\":{\"@type\":\"EntryPoint\",\"urlTemplate\":\"https:\/\/hudo.com\/si\/?s={search_term_string}\"},\"query-input\":\"required name=search_term_string\"}],\"inLanguage\":\"sl-SI\"},{\"@type\":\"Organization\",\"@id\":\"https:\/\/hudo.com\/si\/#organization\",\"name\":\"VSN Media\",\"url\":\"https:\/\/hudo.com\/si\/\",\"logo\":{\"@type\":\"ImageObject\",\"inLanguage\":\"sl-SI\",\"@id\":\"https:\/\/hudo.com\/si\/#\/schema\/logo\/image\/\",\"url\":\"https:\/\/hudo.com\/si\/wp-content\/uploads\/sites\/2\/2021\/03\/hudo-app-2.png\",\"contentUrl\":\"https:\/\/hudo.com\/si\/wp-content\/uploads\/sites\/2\/2021\/03\/hudo-app-2.png\",\"width\":2185,\"height\":2167,\"caption\":\"VSN Media\"},\"image\":{\"@id\":\"https:\/\/hudo.com\/si\/#\/schema\/logo\/image\/\"},\"sameAs\":[\"https:\/\/www.facebook.com\/hudo.si\",\"https:\/\/twitter.com\/hudo_si\"]},{\"@type\":\"Person\",\"@id\":\"https:\/\/hudo.com\/si\/#\/schema\/person\/601cf3379633985b20f7e50f2bb47707\",\"name\":\"hudo\",\"image\":{\"@type\":\"ImageObject\",\"inLanguage\":\"sl-SI\",\"@id\":\"https:\/\/hudo.com\/si\/#\/schema\/person\/image\/\",\"url\":\"https:\/\/secure.gravatar.com\/avatar\/c4ca25fa72cace7a696b52ff5db9e095?s=96&d=mm&r=g\",\"contentUrl\":\"https:\/\/secure.gravatar.com\/avatar\/c4ca25fa72cace7a696b52ff5db9e095?s=96&d=mm&r=g\",\"caption\":\"hudo\"},\"url\":\"https:\/\/hudo.com\/si\/author\/hudo\/\"}]}<\/script>\n<!-- \/ Yoast SEO plugin. -->","yoast_head_json":{"title":"Z zeleno obveznico do ve\u010d son\u010dnih elektrarn - Hudo Slovenija","robots":{"index":"index","follow":"follow","max-snippet":"max-snippet:-1","max-image-preview":"max-image-preview:large","max-video-preview":"max-video-preview:-1"},"canonical":"https:\/\/hudo.com\/si\/aktualno\/z-zeleno-obveznico-do-vec-soncnih-elektrarn\/","og_locale":"sl_SI","og_type":"article","og_title":"Z zeleno obveznico do ve\u010d son\u010dnih elektrarn - Hudo Slovenija","og_description":"Dru\u017eba Gen-I sonce, h\u010derinska dru\u017eba Gen-I, je kot prva v Sloveniji skupaj s SID banko in Novo KBM izdala zeleno obveznico v vi\u0161ini 14 milijonov evrov z zapadlostjo leta 2024. Denar bodo porabili izklju\u010dno za financiranje zelene energije oziroma projektov, ki pove\u010dujejo energetsko u\u010dinkovitost. Predvsem pa se bodo gospodinjstva la\u017ee odlo\u010dala za naro\u010dila mikro son\u010dnih elektrarn na klju\u010d.","og_url":"https:\/\/hudo.com\/si\/aktualno\/z-zeleno-obveznico-do-vec-soncnih-elektrarn\/","og_site_name":"Hudo Slovenija","article_publisher":"https:\/\/www.facebook.com\/hudo.si","article_published_time":"2017-05-24T02:10:00+00:00","og_image":[{"width":950,"height":529,"url":"https:\/\/hudo.com\/si\/wp-content\/uploads\/sites\/2\/2017\/05\/20c78dd91a1ee7c6b99b.jpeg","type":"image\/jpeg"}],"author":"hudo","twitter_card":"summary_large_image","twitter_creator":"@hudo_si","twitter_site":"@hudo_si","twitter_misc":{"Written by":"hudo"},"schema":{"@context":"https:\/\/schema.org","@graph":[{"@type":"Article","@id":"https:\/\/hudo.com\/si\/aktualno\/z-zeleno-obveznico-do-vec-soncnih-elektrarn\/#article","isPartOf":{"@id":"https:\/\/hudo.com\/si\/aktualno\/z-zeleno-obveznico-do-vec-soncnih-elektrarn\/"},"author":{"name":"hudo","@id":"https:\/\/hudo.com\/si\/#\/schema\/person\/601cf3379633985b20f7e50f2bb47707"},"headline":"Z zeleno obveznico do ve\u010d son\u010dnih elektrarn","datePublished":"2017-05-24T02:10:00+00:00","dateModified":"2017-05-24T02:10:00+00:00","mainEntityOfPage":{"@id":"https:\/\/hudo.com\/si\/aktualno\/z-zeleno-obveznico-do-vec-soncnih-elektrarn\/"},"wordCount":75,"publisher":{"@id":"https:\/\/hudo.com\/si\/#organization"},"articleSection":["Aktualno"],"inLanguage":"sl-SI"},{"@type":"WebPage","@id":"https:\/\/hudo.com\/si\/aktualno\/z-zeleno-obveznico-do-vec-soncnih-elektrarn\/","url":"https:\/\/hudo.com\/si\/aktualno\/z-zeleno-obveznico-do-vec-soncnih-elektrarn\/","name":"Z zeleno obveznico do ve\u010d son\u010dnih elektrarn - Hudo Slovenija","isPartOf":{"@id":"https:\/\/hudo.com\/si\/#website"},"datePublished":"2017-05-24T02:10:00+00:00","dateModified":"2017-05-24T02:10:00+00:00","breadcrumb":{"@id":"https:\/\/hudo.com\/si\/aktualno\/z-zeleno-obveznico-do-vec-soncnih-elektrarn\/#breadcrumb"},"inLanguage":"sl-SI","potentialAction":[{"@type":"ReadAction","target":["https:\/\/hudo.com\/si\/aktualno\/z-zeleno-obveznico-do-vec-soncnih-elektrarn\/"]}]},{"@type":"BreadcrumbList","@id":"https:\/\/hudo.com\/si\/aktualno\/z-zeleno-obveznico-do-vec-soncnih-elektrarn\/#breadcrumb","itemListElement":[{"@type":"ListItem","position":1,"name":"Home","item":"https:\/\/hudo.com\/si\/"},{"@type":"ListItem","position":2,"name":"Z zeleno obveznico do ve\u010d son\u010dnih elektrarn"}]},{"@type":"WebSite","@id":"https:\/\/hudo.com\/si\/#website","url":"https:\/\/hudo.com\/si\/","name":"Hudo Slovenija","description":"Vse novice iz Slovenije in sveta","publisher":{"@id":"https:\/\/hudo.com\/si\/#organization"},"potentialAction":[{"@type":"SearchAction","target":{"@type":"EntryPoint","urlTemplate":"https:\/\/hudo.com\/si\/?s={search_term_string}"},"query-input":"required name=search_term_string"}],"inLanguage":"sl-SI"},{"@type":"Organization","@id":"https:\/\/hudo.com\/si\/#organization","name":"VSN Media","url":"https:\/\/hudo.com\/si\/","logo":{"@type":"ImageObject","inLanguage":"sl-SI","@id":"https:\/\/hudo.com\/si\/#\/schema\/logo\/image\/","url":"https:\/\/hudo.com\/si\/wp-content\/uploads\/sites\/2\/2021\/03\/hudo-app-2.png","contentUrl":"https:\/\/hudo.com\/si\/wp-content\/uploads\/sites\/2\/2021\/03\/hudo-app-2.png","width":2185,"height":2167,"caption":"VSN Media"},"image":{"@id":"https:\/\/hudo.com\/si\/#\/schema\/logo\/image\/"},"sameAs":["https:\/\/www.facebook.com\/hudo.si","https:\/\/twitter.com\/hudo_si"]},{"@type":"Person","@id":"https:\/\/hudo.com\/si\/#\/schema\/person\/601cf3379633985b20f7e50f2bb47707","name":"hudo","image":{"@type":"ImageObject","inLanguage":"sl-SI","@id":"https:\/\/hudo.com\/si\/#\/schema\/person\/image\/","url":"https:\/\/secure.gravatar.com\/avatar\/c4ca25fa72cace7a696b52ff5db9e095?s=96&d=mm&r=g","contentUrl":"https:\/\/secure.gravatar.com\/avatar\/c4ca25fa72cace7a696b52ff5db9e095?s=96&d=mm&r=g","caption":"hudo"},"url":"https:\/\/hudo.com\/si\/author\/hudo\/"}]}},"amp_enabled":true,"_links":{"self":[{"href":"https:\/\/hudo.com\/si\/wp-json\/wp\/v2\/posts\/258441"}],"collection":[{"href":"https:\/\/hudo.com\/si\/wp-json\/wp\/v2\/posts"}],"about":[{"href":"https:\/\/hudo.com\/si\/wp-json\/wp\/v2\/types\/post"}],"author":[{"embeddable":true,"href":"https:\/\/hudo.com\/si\/wp-json\/wp\/v2\/users\/1"}],"replies":[{"embeddable":true,"href":"https:\/\/hudo.com\/si\/wp-json\/wp\/v2\/comments?post=258441"}],"version-history":[{"count":0,"href":"https:\/\/hudo.com\/si\/wp-json\/wp\/v2\/posts\/258441\/revisions"}],"wp:attachment":[{"href":"https:\/\/hudo.com\/si\/wp-json\/wp\/v2\/media?parent=258441"}],"wp:term":[{"taxonomy":"category","embeddable":true,"href":"https:\/\/hudo.com\/si\/wp-json\/wp\/v2\/categories?post=258441"},{"taxonomy":"post_tag","embeddable":true,"href":"https:\/\/hudo.com\/si\/wp-json\/wp\/v2\/tags?post=258441"},{"taxonomy":"source","embeddable":true,"href":"https:\/\/hudo.com\/si\/wp-json\/wp\/v2\/source?post=258441"},{"taxonomy":"supertag","embeddable":true,"href":"https:\/\/hudo.com\/si\/wp-json\/wp\/v2\/supertag?post=258441"}],"curies":[{"name":"wp","href":"https:\/\/api.w.org\/{rel}","templated":true}]}}