{"id":258447,"date":"2017-05-24T04:04:00","date_gmt":"2017-05-24T02:04:00","guid":{"rendered":"http:\/\/hudo.com\/si\/2017\/05\/24\/bavcarju-kmalu-v-roke-se-poziv-za-prestajanje-kazni\/"},"modified":"2017-05-24T04:04:00","modified_gmt":"2017-05-24T02:04:00","slug":"bavcarju-kmalu-v-roke-se-poziv-za-prestajanje-kazni","status":"publish","type":"post","link":"https:\/\/hudo.com\/si\/aktualno\/bavcarju-kmalu-v-roke-se-poziv-za-prestajanje-kazni\/","title":{"rendered":"Bav\u010darju kmalu v roke \u0161e poziv za prestajanje kazni?"},"content":{"rendered":"<p>Sodba vi\u0161jega sodi\u0161\u010da je \u017ee na poti k Igorju Bav\u010darju, nekdanjemu predsedniku uprave Istrabenza. Vi\u0161ji sodniki so po neuradnih informacijah za Bav\u010darja potrdili petletno zaporno kazen, kar pomeni, da mu bo sodi\u0161\u010de kmalu poslalo tudi poziv za prestajanje kazni. Ker sodbe vi\u0161jega sodi\u0161\u010da v\u010deraj \u0161e niso dobili, je niso mogli komentirati ne zagovorniki ne specializirano dr\u017eavno to\u017eilstvo.<\/p>\n","protected":false},"excerpt":{"rendered":"<p>Sodba vi\u0161jega sodi\u0161\u010da je \u017ee na poti k Igorju Bav\u010darju, nekdanjemu predsedniku uprave Istrabenza. Vi\u0161ji sodniki so po neuradnih informacijah za Bav\u010darja potrdili petletno zaporno kazen, kar pomeni, da mu bo sodi\u0161\u010de kmalu poslalo tudi poziv za prestajanje kazni. Ker sodbe vi\u0161jega sodi\u0161\u010da v\u010deraj \u0161e niso dobili, je niso mogli komentirati ne zagovorniki ne specializirano dr\u017eavno to\u017eilstvo.<\/p>\n","protected":false},"author":1,"featured_media":0,"comment_status":"closed","ping_status":"closed","sticky":false,"template":"","format":"standard","meta":{"footnotes":""},"categories":[1179],"tags":[],"source":[1707],"supertag":[],"acf":[],"yoast_head":"<!-- This site is optimized with the Yoast SEO plugin v21.3 - https:\/\/yoast.com\/wordpress\/plugins\/seo\/ -->\n<title>Bav\u010darju kmalu v roke \u0161e poziv za prestajanje kazni? - Hudo Slovenija<\/title>\n<meta name=\"robots\" content=\"index, follow, max-snippet:-1, max-image-preview:large, max-video-preview:-1\" \/>\n<link rel=\"canonical\" href=\"https:\/\/hudo.com\/si\/aktualno\/bavcarju-kmalu-v-roke-se-poziv-za-prestajanje-kazni\/\" \/>\n<meta property=\"og:locale\" content=\"sl_SI\" \/>\n<meta property=\"og:type\" content=\"article\" \/>\n<meta property=\"og:title\" content=\"Bav\u010darju kmalu v roke \u0161e poziv za prestajanje kazni? - Hudo Slovenija\" \/>\n<meta property=\"og:description\" content=\"Sodba vi\u0161jega sodi\u0161\u010da je \u017ee na poti k Igorju Bav\u010darju, nekdanjemu predsedniku uprave Istrabenza. Vi\u0161ji sodniki so po neuradnih informacijah za Bav\u010darja potrdili petletno zaporno kazen, kar pomeni, da mu bo sodi\u0161\u010de kmalu poslalo tudi poziv za prestajanje kazni. Ker sodbe vi\u0161jega sodi\u0161\u010da v\u010deraj \u0161e niso dobili, je niso mogli komentirati ne zagovorniki ne specializirano dr\u017eavno to\u017eilstvo.\" \/>\n<meta property=\"og:url\" content=\"https:\/\/hudo.com\/si\/aktualno\/bavcarju-kmalu-v-roke-se-poziv-za-prestajanje-kazni\/\" \/>\n<meta property=\"og:site_name\" content=\"Hudo Slovenija\" \/>\n<meta property=\"article:publisher\" content=\"https:\/\/www.facebook.com\/hudo.si\" \/>\n<meta property=\"article:published_time\" content=\"2017-05-24T02:04:00+00:00\" \/>\n<meta property=\"og:image\" content=\"https:\/\/hudo.com\/si\/wp-content\/uploads\/sites\/2\/2017\/05\/117-bavcar.jpg\" \/>\n\t<meta property=\"og:image:width\" content=\"620\" \/>\n\t<meta property=\"og:image:height\" content=\"463\" \/>\n\t<meta property=\"og:image:type\" content=\"image\/jpeg\" \/>\n<meta name=\"author\" content=\"hudo\" \/>\n<meta name=\"twitter:card\" content=\"summary_large_image\" \/>\n<meta name=\"twitter:creator\" content=\"@hudo_si\" \/>\n<meta name=\"twitter:site\" content=\"@hudo_si\" \/>\n<meta name=\"twitter:label1\" content=\"Written by\" \/>\n\t<meta name=\"twitter:data1\" content=\"hudo\" \/>\n<script type=\"application\/ld+json\" class=\"yoast-schema-graph\">{\"@context\":\"https:\/\/schema.org\",\"@graph\":[{\"@type\":\"Article\",\"@id\":\"https:\/\/hudo.com\/si\/aktualno\/bavcarju-kmalu-v-roke-se-poziv-za-prestajanje-kazni\/#article\",\"isPartOf\":{\"@id\":\"https:\/\/hudo.com\/si\/aktualno\/bavcarju-kmalu-v-roke-se-poziv-za-prestajanje-kazni\/\"},\"author\":{\"name\":\"hudo\",\"@id\":\"https:\/\/hudo.com\/si\/#\/schema\/person\/601cf3379633985b20f7e50f2bb47707\"},\"headline\":\"Bav\u010darju kmalu v roke \u0161e poziv za prestajanje kazni?\",\"datePublished\":\"2017-05-24T02:04:00+00:00\",\"dateModified\":\"2017-05-24T02:04:00+00:00\",\"mainEntityOfPage\":{\"@id\":\"https:\/\/hudo.com\/si\/aktualno\/bavcarju-kmalu-v-roke-se-poziv-za-prestajanje-kazni\/\"},\"wordCount\":78,\"publisher\":{\"@id\":\"https:\/\/hudo.com\/si\/#organization\"},\"articleSection\":[\"Aktualno\"],\"inLanguage\":\"sl-SI\"},{\"@type\":\"WebPage\",\"@id\":\"https:\/\/hudo.com\/si\/aktualno\/bavcarju-kmalu-v-roke-se-poziv-za-prestajanje-kazni\/\",\"url\":\"https:\/\/hudo.com\/si\/aktualno\/bavcarju-kmalu-v-roke-se-poziv-za-prestajanje-kazni\/\",\"name\":\"Bav\u010darju kmalu v roke \u0161e poziv za prestajanje kazni? - Hudo Slovenija\",\"isPartOf\":{\"@id\":\"https:\/\/hudo.com\/si\/#website\"},\"datePublished\":\"2017-05-24T02:04:00+00:00\",\"dateModified\":\"2017-05-24T02:04:00+00:00\",\"breadcrumb\":{\"@id\":\"https:\/\/hudo.com\/si\/aktualno\/bavcarju-kmalu-v-roke-se-poziv-za-prestajanje-kazni\/#breadcrumb\"},\"inLanguage\":\"sl-SI\",\"potentialAction\":[{\"@type\":\"ReadAction\",\"target\":[\"https:\/\/hudo.com\/si\/aktualno\/bavcarju-kmalu-v-roke-se-poziv-za-prestajanje-kazni\/\"]}]},{\"@type\":\"BreadcrumbList\",\"@id\":\"https:\/\/hudo.com\/si\/aktualno\/bavcarju-kmalu-v-roke-se-poziv-za-prestajanje-kazni\/#breadcrumb\",\"itemListElement\":[{\"@type\":\"ListItem\",\"position\":1,\"name\":\"Home\",\"item\":\"https:\/\/hudo.com\/si\/\"},{\"@type\":\"ListItem\",\"position\":2,\"name\":\"Bav\u010darju kmalu v roke \u0161e poziv za prestajanje kazni?\"}]},{\"@type\":\"WebSite\",\"@id\":\"https:\/\/hudo.com\/si\/#website\",\"url\":\"https:\/\/hudo.com\/si\/\",\"name\":\"Hudo Slovenija\",\"description\":\"Vse novice iz Slovenije in sveta\",\"publisher\":{\"@id\":\"https:\/\/hudo.com\/si\/#organization\"},\"potentialAction\":[{\"@type\":\"SearchAction\",\"target\":{\"@type\":\"EntryPoint\",\"urlTemplate\":\"https:\/\/hudo.com\/si\/?s={search_term_string}\"},\"query-input\":\"required name=search_term_string\"}],\"inLanguage\":\"sl-SI\"},{\"@type\":\"Organization\",\"@id\":\"https:\/\/hudo.com\/si\/#organization\",\"name\":\"VSN Media\",\"url\":\"https:\/\/hudo.com\/si\/\",\"logo\":{\"@type\":\"ImageObject\",\"inLanguage\":\"sl-SI\",\"@id\":\"https:\/\/hudo.com\/si\/#\/schema\/logo\/image\/\",\"url\":\"https:\/\/hudo.com\/si\/wp-content\/uploads\/sites\/2\/2021\/03\/hudo-app-2.png\",\"contentUrl\":\"https:\/\/hudo.com\/si\/wp-content\/uploads\/sites\/2\/2021\/03\/hudo-app-2.png\",\"width\":2185,\"height\":2167,\"caption\":\"VSN Media\"},\"image\":{\"@id\":\"https:\/\/hudo.com\/si\/#\/schema\/logo\/image\/\"},\"sameAs\":[\"https:\/\/www.facebook.com\/hudo.si\",\"https:\/\/twitter.com\/hudo_si\"]},{\"@type\":\"Person\",\"@id\":\"https:\/\/hudo.com\/si\/#\/schema\/person\/601cf3379633985b20f7e50f2bb47707\",\"name\":\"hudo\",\"image\":{\"@type\":\"ImageObject\",\"inLanguage\":\"sl-SI\",\"@id\":\"https:\/\/hudo.com\/si\/#\/schema\/person\/image\/\",\"url\":\"https:\/\/secure.gravatar.com\/avatar\/c4ca25fa72cace7a696b52ff5db9e095?s=96&d=mm&r=g\",\"contentUrl\":\"https:\/\/secure.gravatar.com\/avatar\/c4ca25fa72cace7a696b52ff5db9e095?s=96&d=mm&r=g\",\"caption\":\"hudo\"},\"url\":\"https:\/\/hudo.com\/si\/author\/hudo\/\"}]}<\/script>\n<!-- \/ Yoast SEO plugin. -->","yoast_head_json":{"title":"Bav\u010darju kmalu v roke \u0161e poziv za prestajanje kazni? - Hudo Slovenija","robots":{"index":"index","follow":"follow","max-snippet":"max-snippet:-1","max-image-preview":"max-image-preview:large","max-video-preview":"max-video-preview:-1"},"canonical":"https:\/\/hudo.com\/si\/aktualno\/bavcarju-kmalu-v-roke-se-poziv-za-prestajanje-kazni\/","og_locale":"sl_SI","og_type":"article","og_title":"Bav\u010darju kmalu v roke \u0161e poziv za prestajanje kazni? - Hudo Slovenija","og_description":"Sodba vi\u0161jega sodi\u0161\u010da je \u017ee na poti k Igorju Bav\u010darju, nekdanjemu predsedniku uprave Istrabenza. Vi\u0161ji sodniki so po neuradnih informacijah za Bav\u010darja potrdili petletno zaporno kazen, kar pomeni, da mu bo sodi\u0161\u010de kmalu poslalo tudi poziv za prestajanje kazni. Ker sodbe vi\u0161jega sodi\u0161\u010da v\u010deraj \u0161e niso dobili, je niso mogli komentirati ne zagovorniki ne specializirano dr\u017eavno to\u017eilstvo.","og_url":"https:\/\/hudo.com\/si\/aktualno\/bavcarju-kmalu-v-roke-se-poziv-za-prestajanje-kazni\/","og_site_name":"Hudo Slovenija","article_publisher":"https:\/\/www.facebook.com\/hudo.si","article_published_time":"2017-05-24T02:04:00+00:00","og_image":[{"width":620,"height":463,"url":"https:\/\/hudo.com\/si\/wp-content\/uploads\/sites\/2\/2017\/05\/117-bavcar.jpg","type":"image\/jpeg"}],"author":"hudo","twitter_card":"summary_large_image","twitter_creator":"@hudo_si","twitter_site":"@hudo_si","twitter_misc":{"Written by":"hudo"},"schema":{"@context":"https:\/\/schema.org","@graph":[{"@type":"Article","@id":"https:\/\/hudo.com\/si\/aktualno\/bavcarju-kmalu-v-roke-se-poziv-za-prestajanje-kazni\/#article","isPartOf":{"@id":"https:\/\/hudo.com\/si\/aktualno\/bavcarju-kmalu-v-roke-se-poziv-za-prestajanje-kazni\/"},"author":{"name":"hudo","@id":"https:\/\/hudo.com\/si\/#\/schema\/person\/601cf3379633985b20f7e50f2bb47707"},"headline":"Bav\u010darju kmalu v roke \u0161e poziv za prestajanje kazni?","datePublished":"2017-05-24T02:04:00+00:00","dateModified":"2017-05-24T02:04:00+00:00","mainEntityOfPage":{"@id":"https:\/\/hudo.com\/si\/aktualno\/bavcarju-kmalu-v-roke-se-poziv-za-prestajanje-kazni\/"},"wordCount":78,"publisher":{"@id":"https:\/\/hudo.com\/si\/#organization"},"articleSection":["Aktualno"],"inLanguage":"sl-SI"},{"@type":"WebPage","@id":"https:\/\/hudo.com\/si\/aktualno\/bavcarju-kmalu-v-roke-se-poziv-za-prestajanje-kazni\/","url":"https:\/\/hudo.com\/si\/aktualno\/bavcarju-kmalu-v-roke-se-poziv-za-prestajanje-kazni\/","name":"Bav\u010darju kmalu v roke \u0161e poziv za prestajanje kazni? - Hudo Slovenija","isPartOf":{"@id":"https:\/\/hudo.com\/si\/#website"},"datePublished":"2017-05-24T02:04:00+00:00","dateModified":"2017-05-24T02:04:00+00:00","breadcrumb":{"@id":"https:\/\/hudo.com\/si\/aktualno\/bavcarju-kmalu-v-roke-se-poziv-za-prestajanje-kazni\/#breadcrumb"},"inLanguage":"sl-SI","potentialAction":[{"@type":"ReadAction","target":["https:\/\/hudo.com\/si\/aktualno\/bavcarju-kmalu-v-roke-se-poziv-za-prestajanje-kazni\/"]}]},{"@type":"BreadcrumbList","@id":"https:\/\/hudo.com\/si\/aktualno\/bavcarju-kmalu-v-roke-se-poziv-za-prestajanje-kazni\/#breadcrumb","itemListElement":[{"@type":"ListItem","position":1,"name":"Home","item":"https:\/\/hudo.com\/si\/"},{"@type":"ListItem","position":2,"name":"Bav\u010darju kmalu v roke \u0161e poziv za prestajanje kazni?"}]},{"@type":"WebSite","@id":"https:\/\/hudo.com\/si\/#website","url":"https:\/\/hudo.com\/si\/","name":"Hudo Slovenija","description":"Vse novice iz Slovenije in sveta","publisher":{"@id":"https:\/\/hudo.com\/si\/#organization"},"potentialAction":[{"@type":"SearchAction","target":{"@type":"EntryPoint","urlTemplate":"https:\/\/hudo.com\/si\/?s={search_term_string}"},"query-input":"required name=search_term_string"}],"inLanguage":"sl-SI"},{"@type":"Organization","@id":"https:\/\/hudo.com\/si\/#organization","name":"VSN Media","url":"https:\/\/hudo.com\/si\/","logo":{"@type":"ImageObject","inLanguage":"sl-SI","@id":"https:\/\/hudo.com\/si\/#\/schema\/logo\/image\/","url":"https:\/\/hudo.com\/si\/wp-content\/uploads\/sites\/2\/2021\/03\/hudo-app-2.png","contentUrl":"https:\/\/hudo.com\/si\/wp-content\/uploads\/sites\/2\/2021\/03\/hudo-app-2.png","width":2185,"height":2167,"caption":"VSN Media"},"image":{"@id":"https:\/\/hudo.com\/si\/#\/schema\/logo\/image\/"},"sameAs":["https:\/\/www.facebook.com\/hudo.si","https:\/\/twitter.com\/hudo_si"]},{"@type":"Person","@id":"https:\/\/hudo.com\/si\/#\/schema\/person\/601cf3379633985b20f7e50f2bb47707","name":"hudo","image":{"@type":"ImageObject","inLanguage":"sl-SI","@id":"https:\/\/hudo.com\/si\/#\/schema\/person\/image\/","url":"https:\/\/secure.gravatar.com\/avatar\/c4ca25fa72cace7a696b52ff5db9e095?s=96&d=mm&r=g","contentUrl":"https:\/\/secure.gravatar.com\/avatar\/c4ca25fa72cace7a696b52ff5db9e095?s=96&d=mm&r=g","caption":"hudo"},"url":"https:\/\/hudo.com\/si\/author\/hudo\/"}]}},"amp_enabled":true,"_links":{"self":[{"href":"https:\/\/hudo.com\/si\/wp-json\/wp\/v2\/posts\/258447"}],"collection":[{"href":"https:\/\/hudo.com\/si\/wp-json\/wp\/v2\/posts"}],"about":[{"href":"https:\/\/hudo.com\/si\/wp-json\/wp\/v2\/types\/post"}],"author":[{"embeddable":true,"href":"https:\/\/hudo.com\/si\/wp-json\/wp\/v2\/users\/1"}],"replies":[{"embeddable":true,"href":"https:\/\/hudo.com\/si\/wp-json\/wp\/v2\/comments?post=258447"}],"version-history":[{"count":0,"href":"https:\/\/hudo.com\/si\/wp-json\/wp\/v2\/posts\/258447\/revisions"}],"wp:attachment":[{"href":"https:\/\/hudo.com\/si\/wp-json\/wp\/v2\/media?parent=258447"}],"wp:term":[{"taxonomy":"category","embeddable":true,"href":"https:\/\/hudo.com\/si\/wp-json\/wp\/v2\/categories?post=258447"},{"taxonomy":"post_tag","embeddable":true,"href":"https:\/\/hudo.com\/si\/wp-json\/wp\/v2\/tags?post=258447"},{"taxonomy":"source","embeddable":true,"href":"https:\/\/hudo.com\/si\/wp-json\/wp\/v2\/source?post=258447"},{"taxonomy":"supertag","embeddable":true,"href":"https:\/\/hudo.com\/si\/wp-json\/wp\/v2\/supertag?post=258447"}],"curies":[{"name":"wp","href":"https:\/\/api.w.org\/{rel}","templated":true}]}}