{"id":258536,"date":"2017-05-24T09:51:37","date_gmt":"2017-05-24T07:51:37","guid":{"rendered":"http:\/\/hudo.com\/si\/?p=258536"},"modified":"2017-05-24T11:03:42","modified_gmt":"2017-05-24T09:03:42","slug":"napadalec-iz-manchestra-je-bil-poznan-obvescevalnim-sluzbam","status":"publish","type":"post","link":"https:\/\/hudo.com\/si\/aktualno\/napadalec-iz-manchestra-je-bil-poznan-obvescevalnim-sluzbam\/","title":{"rendered":"Napadalec iz Manchestra je bil poznan obve\u0161\u010devalnim slu\u017ebam (foto)"},"content":{"rendered":"<p>&#8220;Prepri\u010dana sem, da bomo v prihodnjih dneh in tednih dobili ve\u010d informacij o njem,&#8221; je za Sky News dejala ministrica. Po njenih besedah se glede na dosedanje ugotovitve &#8220;zdi verjetno&#8221;, da ni deloval sam.<\/p>\n<p><a href=\"http:\/\/hudo.com\/si\/wp-content\/uploads\/sites\/2\/2017\/05\/40B8DD7B00000578-4536624-Salman_Abedi_pictured_had_only_just_returned_from_war_torn_Libya-a-40_1495613113965.jpg\"><img loading=\"lazy\" decoding=\"async\" class=\"alignnone size-full wp-image-258593\" src=\"http:\/\/hudo.com\/si\/wp-content\/uploads\/sites\/2\/2017\/05\/40B8DD7B00000578-4536624-Salman_Abedi_pictured_had_only_just_returned_from_war_torn_Libya-a-40_1495613113965.jpg\" alt=\"\" width=\"470\" height=\"679\" srcset=\"https:\/\/hudo.com\/si\/wp-content\/uploads\/sites\/2\/2017\/05\/40B8DD7B00000578-4536624-Salman_Abedi_pictured_had_only_just_returned_from_war_torn_Libya-a-40_1495613113965.jpg 470w, https:\/\/hudo.com\/si\/wp-content\/uploads\/sites\/2\/2017\/05\/40B8DD7B00000578-4536624-Salman_Abedi_pictured_had_only_just_returned_from_war_torn_Libya-a-40_1495613113965-208x300.jpg 208w, https:\/\/hudo.com\/si\/wp-content\/uploads\/sites\/2\/2017\/05\/40B8DD7B00000578-4536624-Salman_Abedi_pictured_had_only_just_returned_from_war_torn_Libya-a-40_1495613113965-300x433.jpg 300w\" sizes=\"(max-width: 470px) 100vw, 470px\" \/><\/a><\/p>\n<p>Pojasnila je, da varnostne slu\u017ebe sicer &#8220;poznajo&#8221; veliko ljudi, a to \u0161e ne pomeni, da morajo zato prijeti vsakega. Dodala je \u0161e, da je ne presene\u010da, da je skupina Islamska dr\u017eava takoj prevzela odgovornost za napad, vendar pa \u0161e vedno nimajo potrditve o neposredni vpletenosti te teroristi\u010dne organizacije.<\/p>\n<p><a href=\"http:\/\/hudo.com\/si\/wp-content\/uploads\/sites\/2\/2017\/05\/40B9018100000578-4536624-image-m-39_1495613105849.jpg\"><img loading=\"lazy\" decoding=\"async\" class=\"alignnone size-full wp-image-258592\" src=\"http:\/\/hudo.com\/si\/wp-content\/uploads\/sites\/2\/2017\/05\/40B9018100000578-4536624-image-m-39_1495613105849.jpg\" alt=\"\" width=\"470\" height=\"679\" srcset=\"https:\/\/hudo.com\/si\/wp-content\/uploads\/sites\/2\/2017\/05\/40B9018100000578-4536624-image-m-39_1495613105849.jpg 470w, https:\/\/hudo.com\/si\/wp-content\/uploads\/sites\/2\/2017\/05\/40B9018100000578-4536624-image-m-39_1495613105849-208x300.jpg 208w, https:\/\/hudo.com\/si\/wp-content\/uploads\/sites\/2\/2017\/05\/40B9018100000578-4536624-image-m-39_1495613105849-300x433.jpg 300w\" sizes=\"(max-width: 470px) 100vw, 470px\" \/><\/a><\/p>\n<p>V dr\u017eavi se tako nadaljuje preiskava napada, ki po navedbah manchestrske policije zelo dobro napreduje. Pri tem izpostavljajo torkovo aretacijo osumljenca in ve\u010d racij. \u010ceprav je napadalec &#8211; 22-letni Salman Abedi libijskega rodu &#8211; napad izvedel sam, policija \u017ee vse od za\u010detka preiskuje mo\u017enost, da je pri pripravi sodelovala \u0161ir\u0161a skupina.<\/p>\n<p>Po napadu so na Otoku pozno v torek povi\u0161ali stopnjo teroristi\u010dne gro\u017enje na najvi\u0161jo. Kot je pojasnila premierka Theresa May, bodo na klju\u010dna prizori\u0161\u010da v podporo policiji namestili vojake. Gre za Buckinghamsko pala\u010do, sede\u017e vlade na Downing Streetu, veleposlani\u0161tva in Westminstrsko pala\u010do.<\/p>\n<p>Voja\u0161ko osebje bo po potrebi v prihodnjih tednih prisotno tudi na dogodkih, kot so koncerti. Kot je poudarila Mayeva, ne \u017eeli, da bi to javnost prestra\u0161ilo, \u010de\u0161 da gre za &#8220;sorazmeren in razumen ukrep&#8221;.<\/p>\n<p>Identiteto treh smrtnih \u017ertev &#8211; osemletne deklice, 18-letnice in 28-letnega mo\u0161kega &#8211; so razkrili \u017ee v torek. Danes je smrt svoje 15-letne h\u010derke na Facebooku potrdila njena mati, potem ko jo je dru\u017eina ves torek v upanju, da je med ranjenimi iskala tudi prek dru\u017ebenih omre\u017eij.<\/p>\n<p>Poljsko zunanje ministrstvo je medtem danes sporo\u010dilo, da sta med smrtnimi \u017ertvami tudi dva poljska dr\u017eavljana, ki sta veljala za pogre\u0161ana. Gre za star\u0161e, ki so po koncertu pri\u0161li po h\u010derki. &#8220;Danes smo na \u017ealost prejeli novico, da nista pre\u017eivela eksplozije,&#8221; je povedal poljski zunanji minister Witold Waszczykowski.<\/p>\n<p>\u0160e en poljski dr\u017eavljan pa je med ranjenimi, je po poro\u010danju francoske tiskovne agencije AFP dodal minister. Gre za o\u010deta, ki se je skupaj z dru\u017eino udele\u017eil koncerta. V bolni\u0161nici so ga operirali in naj bi bil izven smrtne nevarnosti, je \u0161e povedal Waszczykowski.<\/p>\n<p>V kriti\u010dnem stanju naj bi bilo sicer okoli 20 ranjenih. Skupno so re\u0161evalci oskrbeli 64 ranjenih, je po poro\u010danju nem\u0161ke tiskovne agencije dpa povedal vodja zdravstvenih oblasti v Manchestru Jon Rouse. Kot je pojasnil, se soo\u010dajo z amputacijami okon\u010din.<\/p>\n<p>&#8220;To so zelo travmati\u010dne po\u0161kodbe,&#8221; je opisal Rouse in dejal, da bodo \u0161tevilni potrebovali veliko \u010dasa za okrevanje in vrnitev v normalno \u017eivljenje.<\/p>\n","protected":false},"excerpt":{"rendered":"<p>Napadalec, ki se je v ponedeljek zve\u010der razstrelil v Manchestru in ubil 22 ljudi, je bil &#8220;v dolo\u010deni meri&#8221; poznan obve\u0161\u010devalnim slu\u017ebam, je danes dejala britanska notranja ministrica Amber Rudd. Nadaljuje se preiskava napada, na dan prihaja tudi vse ve\u010d podatkov o smrtnih \u017ertvah, poro\u010da britanski BBC.<\/p>\n","protected":false},"author":8,"featured_media":258593,"comment_status":"closed","ping_status":"closed","sticky":false,"template":"","format":"standard","meta":{"footnotes":""},"categories":[1179],"tags":[8766,8768,4676,8767,2346],"source":[4511],"supertag":[7150,6103],"acf":[],"yoast_head":"<!-- This site is optimized with the Yoast SEO plugin v21.3 - https:\/\/yoast.com\/wordpress\/plugins\/seo\/ -->\n<title>Napadalec iz Manchestra je bil poznan obve\u0161\u010devalnim slu\u017ebam (foto) - Hudo Slovenija<\/title>\n<meta name=\"robots\" content=\"index, follow, max-snippet:-1, max-image-preview:large, max-video-preview:-1\" \/>\n<link rel=\"canonical\" href=\"https:\/\/hudo.com\/si\/aktualno\/napadalec-iz-manchestra-je-bil-poznan-obvescevalnim-sluzbam\/\" \/>\n<meta property=\"og:locale\" content=\"sl_SI\" \/>\n<meta property=\"og:type\" content=\"article\" \/>\n<meta property=\"og:title\" content=\"Napadalec iz Manchestra je bil poznan obve\u0161\u010devalnim slu\u017ebam (foto) - Hudo Slovenija\" \/>\n<meta property=\"og:description\" content=\"Napadalec, ki se je v ponedeljek zve\u010der razstrelil v Manchestru in ubil 22 ljudi, je bil &quot;v dolo\u010deni meri&quot; poznan obve\u0161\u010devalnim slu\u017ebam, je danes dejala britanska notranja ministrica Amber Rudd. Nadaljuje se preiskava napada, na dan prihaja tudi vse ve\u010d podatkov o smrtnih \u017ertvah, poro\u010da britanski BBC.\" \/>\n<meta property=\"og:url\" content=\"https:\/\/hudo.com\/si\/aktualno\/napadalec-iz-manchestra-je-bil-poznan-obvescevalnim-sluzbam\/\" \/>\n<meta property=\"og:site_name\" content=\"Hudo Slovenija\" \/>\n<meta property=\"article:publisher\" content=\"https:\/\/www.facebook.com\/hudo.si\" \/>\n<meta property=\"article:published_time\" content=\"2017-05-24T07:51:37+00:00\" \/>\n<meta property=\"article:modified_time\" content=\"2017-05-24T09:03:42+00:00\" \/>\n<meta property=\"og:image\" content=\"https:\/\/hudo.com\/si\/wp-content\/uploads\/sites\/2\/2017\/05\/40B8DD7B00000578-4536624-Salman_Abedi_pictured_had_only_just_returned_from_war_torn_Libya-a-40_1495613113965.jpg\" \/>\n\t<meta property=\"og:image:width\" content=\"470\" \/>\n\t<meta property=\"og:image:height\" content=\"679\" \/>\n\t<meta property=\"og:image:type\" content=\"image\/jpeg\" \/>\n<meta name=\"author\" content=\"M. N., STA\" \/>\n<meta name=\"twitter:card\" content=\"summary_large_image\" \/>\n<meta name=\"twitter:creator\" content=\"@hudo_si\" \/>\n<meta name=\"twitter:site\" content=\"@hudo_si\" \/>\n<meta name=\"twitter:label1\" content=\"Written by\" \/>\n\t<meta name=\"twitter:data1\" content=\"M. N., STA\" \/>\n\t<meta name=\"twitter:label2\" content=\"Est. reading time\" \/>\n\t<meta name=\"twitter:data2\" content=\"2 minuti\" \/>\n<script type=\"application\/ld+json\" class=\"yoast-schema-graph\">{\"@context\":\"https:\/\/schema.org\",\"@graph\":[{\"@type\":\"Article\",\"@id\":\"https:\/\/hudo.com\/si\/aktualno\/napadalec-iz-manchestra-je-bil-poznan-obvescevalnim-sluzbam\/#article\",\"isPartOf\":{\"@id\":\"https:\/\/hudo.com\/si\/aktualno\/napadalec-iz-manchestra-je-bil-poznan-obvescevalnim-sluzbam\/\"},\"author\":{\"name\":\"M. N., STA\",\"@id\":\"https:\/\/hudo.com\/si\/#\/schema\/person\/c2f10ce65d2e6ede2aeda5be2a0611fa\"},\"headline\":\"Napadalec iz Manchestra je bil poznan obve\u0161\u010devalnim slu\u017ebam (foto)\",\"datePublished\":\"2017-05-24T07:51:37+00:00\",\"dateModified\":\"2017-05-24T09:03:42+00:00\",\"mainEntityOfPage\":{\"@id\":\"https:\/\/hudo.com\/si\/aktualno\/napadalec-iz-manchestra-je-bil-poznan-obvescevalnim-sluzbam\/\"},\"wordCount\":464,\"publisher\":{\"@id\":\"https:\/\/hudo.com\/si\/#organization\"},\"keywords\":[\"Manchester\",\"Salman Abedi\",\"teroristi\u010dni napad\",\"teroristi\u010dni napad v Manchestru\",\"terorizem\"],\"articleSection\":[\"Aktualno\"],\"inLanguage\":\"sl-SI\"},{\"@type\":\"WebPage\",\"@id\":\"https:\/\/hudo.com\/si\/aktualno\/napadalec-iz-manchestra-je-bil-poznan-obvescevalnim-sluzbam\/\",\"url\":\"https:\/\/hudo.com\/si\/aktualno\/napadalec-iz-manchestra-je-bil-poznan-obvescevalnim-sluzbam\/\",\"name\":\"Napadalec iz Manchestra je bil poznan obve\u0161\u010devalnim slu\u017ebam (foto) - Hudo Slovenija\",\"isPartOf\":{\"@id\":\"https:\/\/hudo.com\/si\/#website\"},\"datePublished\":\"2017-05-24T07:51:37+00:00\",\"dateModified\":\"2017-05-24T09:03:42+00:00\",\"breadcrumb\":{\"@id\":\"https:\/\/hudo.com\/si\/aktualno\/napadalec-iz-manchestra-je-bil-poznan-obvescevalnim-sluzbam\/#breadcrumb\"},\"inLanguage\":\"sl-SI\",\"potentialAction\":[{\"@type\":\"ReadAction\",\"target\":[\"https:\/\/hudo.com\/si\/aktualno\/napadalec-iz-manchestra-je-bil-poznan-obvescevalnim-sluzbam\/\"]}]},{\"@type\":\"BreadcrumbList\",\"@id\":\"https:\/\/hudo.com\/si\/aktualno\/napadalec-iz-manchestra-je-bil-poznan-obvescevalnim-sluzbam\/#breadcrumb\",\"itemListElement\":[{\"@type\":\"ListItem\",\"position\":1,\"name\":\"Home\",\"item\":\"https:\/\/hudo.com\/si\/\"},{\"@type\":\"ListItem\",\"position\":2,\"name\":\"Napadalec iz Manchestra je bil poznan obve\u0161\u010devalnim slu\u017ebam (foto)\"}]},{\"@type\":\"WebSite\",\"@id\":\"https:\/\/hudo.com\/si\/#website\",\"url\":\"https:\/\/hudo.com\/si\/\",\"name\":\"Hudo Slovenija\",\"description\":\"Vse novice iz Slovenije in sveta\",\"publisher\":{\"@id\":\"https:\/\/hudo.com\/si\/#organization\"},\"potentialAction\":[{\"@type\":\"SearchAction\",\"target\":{\"@type\":\"EntryPoint\",\"urlTemplate\":\"https:\/\/hudo.com\/si\/?s={search_term_string}\"},\"query-input\":\"required name=search_term_string\"}],\"inLanguage\":\"sl-SI\"},{\"@type\":\"Organization\",\"@id\":\"https:\/\/hudo.com\/si\/#organization\",\"name\":\"VSN Media\",\"url\":\"https:\/\/hudo.com\/si\/\",\"logo\":{\"@type\":\"ImageObject\",\"inLanguage\":\"sl-SI\",\"@id\":\"https:\/\/hudo.com\/si\/#\/schema\/logo\/image\/\",\"url\":\"https:\/\/hudo.com\/si\/wp-content\/uploads\/sites\/2\/2021\/03\/hudo-app-2.png\",\"contentUrl\":\"https:\/\/hudo.com\/si\/wp-content\/uploads\/sites\/2\/2021\/03\/hudo-app-2.png\",\"width\":2185,\"height\":2167,\"caption\":\"VSN Media\"},\"image\":{\"@id\":\"https:\/\/hudo.com\/si\/#\/schema\/logo\/image\/\"},\"sameAs\":[\"https:\/\/www.facebook.com\/hudo.si\",\"https:\/\/twitter.com\/hudo_si\"]},{\"@type\":\"Person\",\"@id\":\"https:\/\/hudo.com\/si\/#\/schema\/person\/c2f10ce65d2e6ede2aeda5be2a0611fa\",\"name\":\"M. N., STA\",\"image\":{\"@type\":\"ImageObject\",\"inLanguage\":\"sl-SI\",\"@id\":\"https:\/\/hudo.com\/si\/#\/schema\/person\/image\/\",\"url\":\"https:\/\/secure.gravatar.com\/avatar\/f370d38daa10467f755c5c766a4cac20?s=96&d=mm&r=g\",\"contentUrl\":\"https:\/\/secure.gravatar.com\/avatar\/f370d38daa10467f755c5c766a4cac20?s=96&d=mm&r=g\",\"caption\":\"M. N., STA\"},\"url\":\"https:\/\/hudo.com\/si\/author\/mana\/\"}]}<\/script>\n<!-- \/ Yoast SEO plugin. -->","yoast_head_json":{"title":"Napadalec iz Manchestra je bil poznan obve\u0161\u010devalnim slu\u017ebam (foto) - Hudo Slovenija","robots":{"index":"index","follow":"follow","max-snippet":"max-snippet:-1","max-image-preview":"max-image-preview:large","max-video-preview":"max-video-preview:-1"},"canonical":"https:\/\/hudo.com\/si\/aktualno\/napadalec-iz-manchestra-je-bil-poznan-obvescevalnim-sluzbam\/","og_locale":"sl_SI","og_type":"article","og_title":"Napadalec iz Manchestra je bil poznan obve\u0161\u010devalnim slu\u017ebam (foto) - Hudo Slovenija","og_description":"Napadalec, ki se je v ponedeljek zve\u010der razstrelil v Manchestru in ubil 22 ljudi, je bil \"v dolo\u010deni meri\" poznan obve\u0161\u010devalnim slu\u017ebam, je danes dejala britanska notranja ministrica Amber Rudd. Nadaljuje se preiskava napada, na dan prihaja tudi vse ve\u010d podatkov o smrtnih \u017ertvah, poro\u010da britanski BBC.","og_url":"https:\/\/hudo.com\/si\/aktualno\/napadalec-iz-manchestra-je-bil-poznan-obvescevalnim-sluzbam\/","og_site_name":"Hudo Slovenija","article_publisher":"https:\/\/www.facebook.com\/hudo.si","article_published_time":"2017-05-24T07:51:37+00:00","article_modified_time":"2017-05-24T09:03:42+00:00","og_image":[{"width":470,"height":679,"url":"https:\/\/hudo.com\/si\/wp-content\/uploads\/sites\/2\/2017\/05\/40B8DD7B00000578-4536624-Salman_Abedi_pictured_had_only_just_returned_from_war_torn_Libya-a-40_1495613113965.jpg","type":"image\/jpeg"}],"author":"M. N., STA","twitter_card":"summary_large_image","twitter_creator":"@hudo_si","twitter_site":"@hudo_si","twitter_misc":{"Written by":"M. N., STA","Est. reading time":"2 minuti"},"schema":{"@context":"https:\/\/schema.org","@graph":[{"@type":"Article","@id":"https:\/\/hudo.com\/si\/aktualno\/napadalec-iz-manchestra-je-bil-poznan-obvescevalnim-sluzbam\/#article","isPartOf":{"@id":"https:\/\/hudo.com\/si\/aktualno\/napadalec-iz-manchestra-je-bil-poznan-obvescevalnim-sluzbam\/"},"author":{"name":"M. N., STA","@id":"https:\/\/hudo.com\/si\/#\/schema\/person\/c2f10ce65d2e6ede2aeda5be2a0611fa"},"headline":"Napadalec iz Manchestra je bil poznan obve\u0161\u010devalnim slu\u017ebam (foto)","datePublished":"2017-05-24T07:51:37+00:00","dateModified":"2017-05-24T09:03:42+00:00","mainEntityOfPage":{"@id":"https:\/\/hudo.com\/si\/aktualno\/napadalec-iz-manchestra-je-bil-poznan-obvescevalnim-sluzbam\/"},"wordCount":464,"publisher":{"@id":"https:\/\/hudo.com\/si\/#organization"},"keywords":["Manchester","Salman Abedi","teroristi\u010dni napad","teroristi\u010dni napad v Manchestru","terorizem"],"articleSection":["Aktualno"],"inLanguage":"sl-SI"},{"@type":"WebPage","@id":"https:\/\/hudo.com\/si\/aktualno\/napadalec-iz-manchestra-je-bil-poznan-obvescevalnim-sluzbam\/","url":"https:\/\/hudo.com\/si\/aktualno\/napadalec-iz-manchestra-je-bil-poznan-obvescevalnim-sluzbam\/","name":"Napadalec iz Manchestra je bil poznan obve\u0161\u010devalnim slu\u017ebam (foto) - Hudo Slovenija","isPartOf":{"@id":"https:\/\/hudo.com\/si\/#website"},"datePublished":"2017-05-24T07:51:37+00:00","dateModified":"2017-05-24T09:03:42+00:00","breadcrumb":{"@id":"https:\/\/hudo.com\/si\/aktualno\/napadalec-iz-manchestra-je-bil-poznan-obvescevalnim-sluzbam\/#breadcrumb"},"inLanguage":"sl-SI","potentialAction":[{"@type":"ReadAction","target":["https:\/\/hudo.com\/si\/aktualno\/napadalec-iz-manchestra-je-bil-poznan-obvescevalnim-sluzbam\/"]}]},{"@type":"BreadcrumbList","@id":"https:\/\/hudo.com\/si\/aktualno\/napadalec-iz-manchestra-je-bil-poznan-obvescevalnim-sluzbam\/#breadcrumb","itemListElement":[{"@type":"ListItem","position":1,"name":"Home","item":"https:\/\/hudo.com\/si\/"},{"@type":"ListItem","position":2,"name":"Napadalec iz Manchestra je bil poznan obve\u0161\u010devalnim slu\u017ebam (foto)"}]},{"@type":"WebSite","@id":"https:\/\/hudo.com\/si\/#website","url":"https:\/\/hudo.com\/si\/","name":"Hudo Slovenija","description":"Vse novice iz Slovenije in sveta","publisher":{"@id":"https:\/\/hudo.com\/si\/#organization"},"potentialAction":[{"@type":"SearchAction","target":{"@type":"EntryPoint","urlTemplate":"https:\/\/hudo.com\/si\/?s={search_term_string}"},"query-input":"required name=search_term_string"}],"inLanguage":"sl-SI"},{"@type":"Organization","@id":"https:\/\/hudo.com\/si\/#organization","name":"VSN Media","url":"https:\/\/hudo.com\/si\/","logo":{"@type":"ImageObject","inLanguage":"sl-SI","@id":"https:\/\/hudo.com\/si\/#\/schema\/logo\/image\/","url":"https:\/\/hudo.com\/si\/wp-content\/uploads\/sites\/2\/2021\/03\/hudo-app-2.png","contentUrl":"https:\/\/hudo.com\/si\/wp-content\/uploads\/sites\/2\/2021\/03\/hudo-app-2.png","width":2185,"height":2167,"caption":"VSN Media"},"image":{"@id":"https:\/\/hudo.com\/si\/#\/schema\/logo\/image\/"},"sameAs":["https:\/\/www.facebook.com\/hudo.si","https:\/\/twitter.com\/hudo_si"]},{"@type":"Person","@id":"https:\/\/hudo.com\/si\/#\/schema\/person\/c2f10ce65d2e6ede2aeda5be2a0611fa","name":"M. N., STA","image":{"@type":"ImageObject","inLanguage":"sl-SI","@id":"https:\/\/hudo.com\/si\/#\/schema\/person\/image\/","url":"https:\/\/secure.gravatar.com\/avatar\/f370d38daa10467f755c5c766a4cac20?s=96&d=mm&r=g","contentUrl":"https:\/\/secure.gravatar.com\/avatar\/f370d38daa10467f755c5c766a4cac20?s=96&d=mm&r=g","caption":"M. N., STA"},"url":"https:\/\/hudo.com\/si\/author\/mana\/"}]}},"amp_enabled":true,"_links":{"self":[{"href":"https:\/\/hudo.com\/si\/wp-json\/wp\/v2\/posts\/258536"}],"collection":[{"href":"https:\/\/hudo.com\/si\/wp-json\/wp\/v2\/posts"}],"about":[{"href":"https:\/\/hudo.com\/si\/wp-json\/wp\/v2\/types\/post"}],"author":[{"embeddable":true,"href":"https:\/\/hudo.com\/si\/wp-json\/wp\/v2\/users\/8"}],"replies":[{"embeddable":true,"href":"https:\/\/hudo.com\/si\/wp-json\/wp\/v2\/comments?post=258536"}],"version-history":[{"count":4,"href":"https:\/\/hudo.com\/si\/wp-json\/wp\/v2\/posts\/258536\/revisions"}],"predecessor-version":[{"id":258595,"href":"https:\/\/hudo.com\/si\/wp-json\/wp\/v2\/posts\/258536\/revisions\/258595"}],"wp:featuredmedia":[{"embeddable":true,"href":"https:\/\/hudo.com\/si\/wp-json\/wp\/v2\/media\/258593"}],"wp:attachment":[{"href":"https:\/\/hudo.com\/si\/wp-json\/wp\/v2\/media?parent=258536"}],"wp:term":[{"taxonomy":"category","embeddable":true,"href":"https:\/\/hudo.com\/si\/wp-json\/wp\/v2\/categories?post=258536"},{"taxonomy":"post_tag","embeddable":true,"href":"https:\/\/hudo.com\/si\/wp-json\/wp\/v2\/tags?post=258536"},{"taxonomy":"source","embeddable":true,"href":"https:\/\/hudo.com\/si\/wp-json\/wp\/v2\/source?post=258536"},{"taxonomy":"supertag","embeddable":true,"href":"https:\/\/hudo.com\/si\/wp-json\/wp\/v2\/supertag?post=258536"}],"curies":[{"name":"wp","href":"https:\/\/api.w.org\/{rel}","templated":true}]}}