{"id":258587,"date":"2017-05-24T10:40:15","date_gmt":"2017-05-24T08:40:15","guid":{"rendered":"http:\/\/hudo.com\/si\/?p=258587"},"modified":"2017-05-24T10:40:15","modified_gmt":"2017-05-24T08:40:15","slug":"vrh-g7-priloznost-za-trumpa-macrona-da-spoznata-svetovne-voditelje","status":"publish","type":"post","link":"https:\/\/hudo.com\/si\/aktualno\/vrh-g7-priloznost-za-trumpa-macrona-da-spoznata-svetovne-voditelje\/","title":{"rendered":"Vrh G7 prilo\u017enost za Trumpa in Macrona, da spoznata svetovne voditelje"},"content":{"rendered":"<p>Vsi \u017earometi bodo seveda usmerjeni v nepredvidljivega Trumpa, ki je do zdaj po\u0161iljal me\u0161ane signale glede klju\u010dnih globalnih vpra\u0161anja, kot so odnosi z Rusijo in Iranom, severnokorejska jedrska gro\u017enja, vojna v Siriji, podnebne spremembe in mednarodna trgovina.<\/p>\n<p>To bo nekoliko nenavaden vrh G7, saj so nekateri voditelji ravno pri\u0161li na sceno, drugi pa se morda \u017ee poslavljajo. &#8220;Bomo videli, ali bo vrh prinesel \u0161e kaj ve\u010d od sporo\u010dil &#8216;Bilo vas je prijetno spoznati&#8217;,&#8221; je za nem\u0161ko tiskovno agencijo dpa komentiral Simone Romano iz italijanskega thinka tanka IAI.<\/p>\n<p>Glede na urnik volitev v prihodnjih tednih in mesecih bi bilo sre\u010danje v Taormini lahko zadnje za britansko premierko Thereso May in italijanskega premierja Paola Gentilonija, ki bosta oba prvi\u010d na vrhu G7, sicer pa nista novinca v mednarodni politiki, ter nem\u0161ko kanclerko Angelo Merkel.<\/p>\n<p>Mednarodna skupnost je bila do lani bolj kot ne enotna glede boja proti podnebnim spremembam in protekcionizma v mednarodni trgovini, s prihodom Donalda Trumpa v Belo hi\u0161o pa se je vse obrnilo na glavo. Ameri\u0161ki predsednik namre\u010d glede trgovine zagovarja politiko Najprej Amerika, podnebne spremembe pa so po njegovem mnenju potegav\u0161\u010dina, ki so si jo izmislili Kitajci. Odlo\u010ditev o morebitnem umiku ZDA iz pari\u0161kega podnebnega sporazuma bo sporo\u010dil po vrhu G7.<\/p>\n<p>ZDA so \u017ee dosegle, da se je skupina 20 najve\u010djih gospodarstev na svetu G20 marca na sre\u010danju v Nem\u010diji odrekla tradicionalnemu pozivu v podporo prosti trgovini.<br \/>\nMedtem ko so voditelji G7 lani na vrhu na Japonskem potrdili zavezo, da bodo &#8220;ohranili svoje trge odprte in se borili proti vsem oblikam protekcionizma&#8221;, so na sre\u010danju G20 zgolj zapisali, da si &#8220;prizadevajo za pove\u010danje prispevka trgovine k na\u0161im gospodarstvom&#8221;.<\/p>\n<p>Nem\u010dija, \u010dlanica G7 z najve\u010djim trgovinskim prese\u017ekom, in Francija, najve\u010dja zagovornica boja proti podnebnim spremembam, bosta verjetno najglasneje nasprotovali ameri\u0161kim stali\u0161\u010dem.<\/p>\n<p>Gostitelji Italijani bodo po pri\u010dakovanjih posku\u0161ali zgladiti razlike. Italijanski diplomati sicer \u0161e vedno niso preboleli aprilskega sre\u010danja ministrov za energetiko skupine G7, ki se je zaradi ameri\u0161kih dvomov v podnebne spremembe kon\u010dalo brez sklepne izjave.<\/p>\n<p>Italija je na dnevni red vrha uvrstila tudi migracije, terorizem in razmere v Libiji. Migrantski tok v smeri Evrope je najmo\u010dnej\u0161i ravno v Italiji, kamor je lani prispelo ve\u010d kot 180.000 migrantov, letos pa jih pri\u010dakujejo \u0161e ve\u010d. Oblasti v Rimu \u017eelijo zajeziti tok s stabilizacijo Libije, od koder izpluje ve\u010dina \u010dolnov z migranti.<\/p>\n<p>Italija posreduje v pogajanjih med sprtimi stranmi v Libiji v upanju, da bo okrepila vlogo \u0161ibke vlade narodne enotnosti, ki bi nato prevzela boj proti tihotapcem migrantov. Pri tem i\u0161\u010de podporo partnerjev v G7.<\/p>\n<p>&#8220;Ne moremo tvegati, da bi bilo vpra\u0161anje Libije ob gro\u017enji iz Severne Koreje, vpra\u0161anju Ukrajine in tragediji v Siriji potisnjeno na stran,&#8221; je pred \u010dasom dejal italijanski zunanji minister Angelino Alfano.<\/p>\n<p>Italija, ki ima na tujem skoraj 7000 svojih vojakov, med drugim v Iraku, Libanonu in Afganistanu, se bo po pri\u010dakovanjih zavzela za obnovitev zaveze za izkoreninjenje teroristi\u010dne skupine Islamska dr\u017eava na Bli\u017enjem vzhodu in v severni Afriki.<\/p>\n<p>G7 je bil neko\u010d G8, dokler iz skupine niso izklju\u010dili Rusije zaradi priklju\u010ditve ukrajinskega polotoka Krim leta 2014. Za zdaj ni\u010d ne ka\u017ee, da jo bodo sprejeli nazaj, bo pa sodelovanje z Moskvo kljub temu visoko na dnevnem redu vrha.<\/p>\n<p>Rusija je eden glavnih igralcev pri vrsti aktualnih vpra\u0161anj, med drugim pri Severni Koreji, Siriji in Libiji. Zunanji ministri G7 so aprila zavrnili britanski predlog za uvedbo dodatnih sankcij proti Moskvi zaradi podpore sirskemu predsedniku Ba\u0161arju al Asadu.<\/p>\n<p>Ameri\u0161ka politika do Rusije sredi preiskave o domnevnem ruskem vme\u0161avanju v ameri\u0161ke predsedni\u0161ke volitve ostaja nejasna, iz Washingtona enkrat prihajajo ostri toni, drugi\u010d spet spravljivi.<\/p>\n<p>Italija, ki ima zgodovinsko tesne vezi s Kremljem, se je sicer poigravala z zamislijo, da bi v Taormino povabili tudi ruskega predsednika Vladimirja Putina, a si je po hladnem odzivu preostalih dr\u017eav G7, zlasti Nem\u010dije, premislila.<\/p>\n","protected":false},"excerpt":{"rendered":"<p>V slikovitem mestecu Taormina na Siciliji se bodo v petek in soboto sestali voditelji skupine sedmih najrazvitej\u0161ih dr\u017eav sveta G7. Za nova predsednika ZDA in Francije Donalda Trumpa in Emmanuela Macrona bo vrh prilo\u017enost, da spoznata voditelje preostalih petih dr\u017eav &#8211; Italije, Nem\u010dije, Velike Britanije, Kanade in Japonske.<\/p>\n","protected":false},"author":7,"featured_media":249339,"comment_status":"closed","ping_status":"closed","sticky":false,"template":"","format":"standard","meta":{"footnotes":""},"categories":[1179],"tags":[5129,1680,8549,5362],"source":[4511],"supertag":[],"acf":[],"yoast_head":"<!-- This site is optimized with the Yoast SEO plugin v21.3 - https:\/\/yoast.com\/wordpress\/plugins\/seo\/ -->\n<title>Vrh G7 prilo\u017enost za Trumpa in Macrona, da spoznata svetovne voditelje - Hudo Slovenija<\/title>\n<meta name=\"robots\" content=\"index, follow, max-snippet:-1, max-image-preview:large, max-video-preview:-1\" \/>\n<link rel=\"canonical\" href=\"https:\/\/hudo.com\/si\/aktualno\/vrh-g7-priloznost-za-trumpa-macrona-da-spoznata-svetovne-voditelje\/\" \/>\n<meta property=\"og:locale\" content=\"sl_SI\" \/>\n<meta property=\"og:type\" content=\"article\" \/>\n<meta property=\"og:title\" content=\"Vrh G7 prilo\u017enost za Trumpa in Macrona, da spoznata svetovne voditelje - Hudo Slovenija\" \/>\n<meta property=\"og:description\" content=\"V slikovitem mestecu Taormina na Siciliji se bodo v petek in soboto sestali voditelji skupine sedmih najrazvitej\u0161ih dr\u017eav sveta G7. Za nova predsednika ZDA in Francije Donalda Trumpa in Emmanuela Macrona bo vrh prilo\u017enost, da spoznata voditelje preostalih petih dr\u017eav - Italije, Nem\u010dije, Velike Britanije, Kanade in Japonske.\" \/>\n<meta property=\"og:url\" content=\"https:\/\/hudo.com\/si\/aktualno\/vrh-g7-priloznost-za-trumpa-macrona-da-spoznata-svetovne-voditelje\/\" \/>\n<meta property=\"og:site_name\" content=\"Hudo Slovenija\" \/>\n<meta property=\"article:publisher\" content=\"https:\/\/www.facebook.com\/hudo.si\" \/>\n<meta property=\"article:published_time\" content=\"2017-05-24T08:40:15+00:00\" \/>\n<meta property=\"og:image\" content=\"https:\/\/hudo.com\/si\/wp-content\/uploads\/sites\/2\/2017\/04\/profimedia-0330525885.jpg\" \/>\n\t<meta property=\"og:image:width\" content=\"1250\" \/>\n\t<meta property=\"og:image:height\" content=\"852\" \/>\n\t<meta property=\"og:image:type\" content=\"image\/jpeg\" \/>\n<meta name=\"author\" content=\"A. P., STA\" \/>\n<meta name=\"twitter:card\" content=\"summary_large_image\" \/>\n<meta name=\"twitter:creator\" content=\"@hudo_si\" \/>\n<meta name=\"twitter:site\" content=\"@hudo_si\" \/>\n<meta name=\"twitter:label1\" content=\"Written by\" \/>\n\t<meta name=\"twitter:data1\" content=\"A. P., STA\" \/>\n\t<meta name=\"twitter:label2\" content=\"Est. reading time\" \/>\n\t<meta name=\"twitter:data2\" content=\"3 minute\" \/>\n<script type=\"application\/ld+json\" class=\"yoast-schema-graph\">{\"@context\":\"https:\/\/schema.org\",\"@graph\":[{\"@type\":\"Article\",\"@id\":\"https:\/\/hudo.com\/si\/aktualno\/vrh-g7-priloznost-za-trumpa-macrona-da-spoznata-svetovne-voditelje\/#article\",\"isPartOf\":{\"@id\":\"https:\/\/hudo.com\/si\/aktualno\/vrh-g7-priloznost-za-trumpa-macrona-da-spoznata-svetovne-voditelje\/\"},\"author\":{\"name\":\"A. P., STA\",\"@id\":\"https:\/\/hudo.com\/si\/#\/schema\/person\/18f09c02475ba9e606e941a565b80cff\"},\"headline\":\"Vrh G7 prilo\u017enost za Trumpa in Macrona, da spoznata svetovne voditelje\",\"datePublished\":\"2017-05-24T08:40:15+00:00\",\"dateModified\":\"2017-05-24T08:40:15+00:00\",\"mainEntityOfPage\":{\"@id\":\"https:\/\/hudo.com\/si\/aktualno\/vrh-g7-priloznost-za-trumpa-macrona-da-spoznata-svetovne-voditelje\/\"},\"wordCount\":685,\"publisher\":{\"@id\":\"https:\/\/hudo.com\/si\/#organization\"},\"keywords\":[\"diplomacija\",\"Donald Trump\",\"Emmanuel Macron\",\"G7\"],\"articleSection\":[\"Aktualno\"],\"inLanguage\":\"sl-SI\"},{\"@type\":\"WebPage\",\"@id\":\"https:\/\/hudo.com\/si\/aktualno\/vrh-g7-priloznost-za-trumpa-macrona-da-spoznata-svetovne-voditelje\/\",\"url\":\"https:\/\/hudo.com\/si\/aktualno\/vrh-g7-priloznost-za-trumpa-macrona-da-spoznata-svetovne-voditelje\/\",\"name\":\"Vrh G7 prilo\u017enost za Trumpa in Macrona, da spoznata svetovne voditelje - Hudo Slovenija\",\"isPartOf\":{\"@id\":\"https:\/\/hudo.com\/si\/#website\"},\"datePublished\":\"2017-05-24T08:40:15+00:00\",\"dateModified\":\"2017-05-24T08:40:15+00:00\",\"breadcrumb\":{\"@id\":\"https:\/\/hudo.com\/si\/aktualno\/vrh-g7-priloznost-za-trumpa-macrona-da-spoznata-svetovne-voditelje\/#breadcrumb\"},\"inLanguage\":\"sl-SI\",\"potentialAction\":[{\"@type\":\"ReadAction\",\"target\":[\"https:\/\/hudo.com\/si\/aktualno\/vrh-g7-priloznost-za-trumpa-macrona-da-spoznata-svetovne-voditelje\/\"]}]},{\"@type\":\"BreadcrumbList\",\"@id\":\"https:\/\/hudo.com\/si\/aktualno\/vrh-g7-priloznost-za-trumpa-macrona-da-spoznata-svetovne-voditelje\/#breadcrumb\",\"itemListElement\":[{\"@type\":\"ListItem\",\"position\":1,\"name\":\"Home\",\"item\":\"https:\/\/hudo.com\/si\/\"},{\"@type\":\"ListItem\",\"position\":2,\"name\":\"Vrh G7 prilo\u017enost za Trumpa in Macrona, da spoznata svetovne voditelje\"}]},{\"@type\":\"WebSite\",\"@id\":\"https:\/\/hudo.com\/si\/#website\",\"url\":\"https:\/\/hudo.com\/si\/\",\"name\":\"Hudo Slovenija\",\"description\":\"Vse novice iz Slovenije in sveta\",\"publisher\":{\"@id\":\"https:\/\/hudo.com\/si\/#organization\"},\"potentialAction\":[{\"@type\":\"SearchAction\",\"target\":{\"@type\":\"EntryPoint\",\"urlTemplate\":\"https:\/\/hudo.com\/si\/?s={search_term_string}\"},\"query-input\":\"required name=search_term_string\"}],\"inLanguage\":\"sl-SI\"},{\"@type\":\"Organization\",\"@id\":\"https:\/\/hudo.com\/si\/#organization\",\"name\":\"VSN Media\",\"url\":\"https:\/\/hudo.com\/si\/\",\"logo\":{\"@type\":\"ImageObject\",\"inLanguage\":\"sl-SI\",\"@id\":\"https:\/\/hudo.com\/si\/#\/schema\/logo\/image\/\",\"url\":\"https:\/\/hudo.com\/si\/wp-content\/uploads\/sites\/2\/2021\/03\/hudo-app-2.png\",\"contentUrl\":\"https:\/\/hudo.com\/si\/wp-content\/uploads\/sites\/2\/2021\/03\/hudo-app-2.png\",\"width\":2185,\"height\":2167,\"caption\":\"VSN Media\"},\"image\":{\"@id\":\"https:\/\/hudo.com\/si\/#\/schema\/logo\/image\/\"},\"sameAs\":[\"https:\/\/www.facebook.com\/hudo.si\",\"https:\/\/twitter.com\/hudo_si\"]},{\"@type\":\"Person\",\"@id\":\"https:\/\/hudo.com\/si\/#\/schema\/person\/18f09c02475ba9e606e941a565b80cff\",\"name\":\"A. P., STA\",\"image\":{\"@type\":\"ImageObject\",\"inLanguage\":\"sl-SI\",\"@id\":\"https:\/\/hudo.com\/si\/#\/schema\/person\/image\/\",\"url\":\"https:\/\/secure.gravatar.com\/avatar\/03eac8e609f5f04383125d80eaeaaf3e?s=96&d=mm&r=g\",\"contentUrl\":\"https:\/\/secure.gravatar.com\/avatar\/03eac8e609f5f04383125d80eaeaaf3e?s=96&d=mm&r=g\",\"caption\":\"A. P., STA\"},\"url\":\"https:\/\/hudo.com\/si\/author\/lubu\/\"}]}<\/script>\n<!-- \/ Yoast SEO plugin. -->","yoast_head_json":{"title":"Vrh G7 prilo\u017enost za Trumpa in Macrona, da spoznata svetovne voditelje - Hudo Slovenija","robots":{"index":"index","follow":"follow","max-snippet":"max-snippet:-1","max-image-preview":"max-image-preview:large","max-video-preview":"max-video-preview:-1"},"canonical":"https:\/\/hudo.com\/si\/aktualno\/vrh-g7-priloznost-za-trumpa-macrona-da-spoznata-svetovne-voditelje\/","og_locale":"sl_SI","og_type":"article","og_title":"Vrh G7 prilo\u017enost za Trumpa in Macrona, da spoznata svetovne voditelje - Hudo Slovenija","og_description":"V slikovitem mestecu Taormina na Siciliji se bodo v petek in soboto sestali voditelji skupine sedmih najrazvitej\u0161ih dr\u017eav sveta G7. Za nova predsednika ZDA in Francije Donalda Trumpa in Emmanuela Macrona bo vrh prilo\u017enost, da spoznata voditelje preostalih petih dr\u017eav - Italije, Nem\u010dije, Velike Britanije, Kanade in Japonske.","og_url":"https:\/\/hudo.com\/si\/aktualno\/vrh-g7-priloznost-za-trumpa-macrona-da-spoznata-svetovne-voditelje\/","og_site_name":"Hudo Slovenija","article_publisher":"https:\/\/www.facebook.com\/hudo.si","article_published_time":"2017-05-24T08:40:15+00:00","og_image":[{"width":1250,"height":852,"url":"https:\/\/hudo.com\/si\/wp-content\/uploads\/sites\/2\/2017\/04\/profimedia-0330525885.jpg","type":"image\/jpeg"}],"author":"A. P., STA","twitter_card":"summary_large_image","twitter_creator":"@hudo_si","twitter_site":"@hudo_si","twitter_misc":{"Written by":"A. P., STA","Est. reading time":"3 minute"},"schema":{"@context":"https:\/\/schema.org","@graph":[{"@type":"Article","@id":"https:\/\/hudo.com\/si\/aktualno\/vrh-g7-priloznost-za-trumpa-macrona-da-spoznata-svetovne-voditelje\/#article","isPartOf":{"@id":"https:\/\/hudo.com\/si\/aktualno\/vrh-g7-priloznost-za-trumpa-macrona-da-spoznata-svetovne-voditelje\/"},"author":{"name":"A. P., STA","@id":"https:\/\/hudo.com\/si\/#\/schema\/person\/18f09c02475ba9e606e941a565b80cff"},"headline":"Vrh G7 prilo\u017enost za Trumpa in Macrona, da spoznata svetovne voditelje","datePublished":"2017-05-24T08:40:15+00:00","dateModified":"2017-05-24T08:40:15+00:00","mainEntityOfPage":{"@id":"https:\/\/hudo.com\/si\/aktualno\/vrh-g7-priloznost-za-trumpa-macrona-da-spoznata-svetovne-voditelje\/"},"wordCount":685,"publisher":{"@id":"https:\/\/hudo.com\/si\/#organization"},"keywords":["diplomacija","Donald Trump","Emmanuel Macron","G7"],"articleSection":["Aktualno"],"inLanguage":"sl-SI"},{"@type":"WebPage","@id":"https:\/\/hudo.com\/si\/aktualno\/vrh-g7-priloznost-za-trumpa-macrona-da-spoznata-svetovne-voditelje\/","url":"https:\/\/hudo.com\/si\/aktualno\/vrh-g7-priloznost-za-trumpa-macrona-da-spoznata-svetovne-voditelje\/","name":"Vrh G7 prilo\u017enost za Trumpa in Macrona, da spoznata svetovne voditelje - Hudo Slovenija","isPartOf":{"@id":"https:\/\/hudo.com\/si\/#website"},"datePublished":"2017-05-24T08:40:15+00:00","dateModified":"2017-05-24T08:40:15+00:00","breadcrumb":{"@id":"https:\/\/hudo.com\/si\/aktualno\/vrh-g7-priloznost-za-trumpa-macrona-da-spoznata-svetovne-voditelje\/#breadcrumb"},"inLanguage":"sl-SI","potentialAction":[{"@type":"ReadAction","target":["https:\/\/hudo.com\/si\/aktualno\/vrh-g7-priloznost-za-trumpa-macrona-da-spoznata-svetovne-voditelje\/"]}]},{"@type":"BreadcrumbList","@id":"https:\/\/hudo.com\/si\/aktualno\/vrh-g7-priloznost-za-trumpa-macrona-da-spoznata-svetovne-voditelje\/#breadcrumb","itemListElement":[{"@type":"ListItem","position":1,"name":"Home","item":"https:\/\/hudo.com\/si\/"},{"@type":"ListItem","position":2,"name":"Vrh G7 prilo\u017enost za Trumpa in Macrona, da spoznata svetovne voditelje"}]},{"@type":"WebSite","@id":"https:\/\/hudo.com\/si\/#website","url":"https:\/\/hudo.com\/si\/","name":"Hudo Slovenija","description":"Vse novice iz Slovenije in sveta","publisher":{"@id":"https:\/\/hudo.com\/si\/#organization"},"potentialAction":[{"@type":"SearchAction","target":{"@type":"EntryPoint","urlTemplate":"https:\/\/hudo.com\/si\/?s={search_term_string}"},"query-input":"required name=search_term_string"}],"inLanguage":"sl-SI"},{"@type":"Organization","@id":"https:\/\/hudo.com\/si\/#organization","name":"VSN Media","url":"https:\/\/hudo.com\/si\/","logo":{"@type":"ImageObject","inLanguage":"sl-SI","@id":"https:\/\/hudo.com\/si\/#\/schema\/logo\/image\/","url":"https:\/\/hudo.com\/si\/wp-content\/uploads\/sites\/2\/2021\/03\/hudo-app-2.png","contentUrl":"https:\/\/hudo.com\/si\/wp-content\/uploads\/sites\/2\/2021\/03\/hudo-app-2.png","width":2185,"height":2167,"caption":"VSN Media"},"image":{"@id":"https:\/\/hudo.com\/si\/#\/schema\/logo\/image\/"},"sameAs":["https:\/\/www.facebook.com\/hudo.si","https:\/\/twitter.com\/hudo_si"]},{"@type":"Person","@id":"https:\/\/hudo.com\/si\/#\/schema\/person\/18f09c02475ba9e606e941a565b80cff","name":"A. P., STA","image":{"@type":"ImageObject","inLanguage":"sl-SI","@id":"https:\/\/hudo.com\/si\/#\/schema\/person\/image\/","url":"https:\/\/secure.gravatar.com\/avatar\/03eac8e609f5f04383125d80eaeaaf3e?s=96&d=mm&r=g","contentUrl":"https:\/\/secure.gravatar.com\/avatar\/03eac8e609f5f04383125d80eaeaaf3e?s=96&d=mm&r=g","caption":"A. P., STA"},"url":"https:\/\/hudo.com\/si\/author\/lubu\/"}]}},"amp_enabled":true,"_links":{"self":[{"href":"https:\/\/hudo.com\/si\/wp-json\/wp\/v2\/posts\/258587"}],"collection":[{"href":"https:\/\/hudo.com\/si\/wp-json\/wp\/v2\/posts"}],"about":[{"href":"https:\/\/hudo.com\/si\/wp-json\/wp\/v2\/types\/post"}],"author":[{"embeddable":true,"href":"https:\/\/hudo.com\/si\/wp-json\/wp\/v2\/users\/7"}],"replies":[{"embeddable":true,"href":"https:\/\/hudo.com\/si\/wp-json\/wp\/v2\/comments?post=258587"}],"version-history":[{"count":1,"href":"https:\/\/hudo.com\/si\/wp-json\/wp\/v2\/posts\/258587\/revisions"}],"predecessor-version":[{"id":258588,"href":"https:\/\/hudo.com\/si\/wp-json\/wp\/v2\/posts\/258587\/revisions\/258588"}],"wp:featuredmedia":[{"embeddable":true,"href":"https:\/\/hudo.com\/si\/wp-json\/wp\/v2\/media\/249339"}],"wp:attachment":[{"href":"https:\/\/hudo.com\/si\/wp-json\/wp\/v2\/media?parent=258587"}],"wp:term":[{"taxonomy":"category","embeddable":true,"href":"https:\/\/hudo.com\/si\/wp-json\/wp\/v2\/categories?post=258587"},{"taxonomy":"post_tag","embeddable":true,"href":"https:\/\/hudo.com\/si\/wp-json\/wp\/v2\/tags?post=258587"},{"taxonomy":"source","embeddable":true,"href":"https:\/\/hudo.com\/si\/wp-json\/wp\/v2\/source?post=258587"},{"taxonomy":"supertag","embeddable":true,"href":"https:\/\/hudo.com\/si\/wp-json\/wp\/v2\/supertag?post=258587"}],"curies":[{"name":"wp","href":"https:\/\/api.w.org\/{rel}","templated":true}]}}