{"id":258636,"date":"2017-05-24T04:23:00","date_gmt":"2017-05-24T02:23:00","guid":{"rendered":"http:\/\/hudo.com\/si\/2017\/05\/24\/kdo-je-igor-bavcar-vse-pa-se-ne-izbrise\/"},"modified":"2017-05-24T04:23:00","modified_gmt":"2017-05-24T02:23:00","slug":"kdo-je-igor-bavcar-vse-pa-se-ne-izbrise","status":"publish","type":"post","link":"https:\/\/hudo.com\/si\/aktualno\/kdo-je-igor-bavcar-vse-pa-se-ne-izbrise\/","title":{"rendered":"Kdo je Igor Bav\u010dar: Vse pa se ne izbri\u0161e"},"content":{"rendered":"<p>Saj je bilo re\u010deno, da bodo letele glave, \u010de primer zastara. Ta pripomba je padla, ko se je razvedelo, da naj bi bilo ljubljansko vi\u0161je sodi\u0161\u010de potrdilo obsodbo Igorja Bav\u010darja. Obsodbo po obto\u017ebi, da je, tudi on, pral denar s preprodajo delnic Istrabenza. Kar naj bi bilo vpletenim navrglo 24 milijonov evrov. Obsodbo na pet let zapora. V prvi sodbi leta 2013 je bila kazen vi\u0161ja: sedem let. A jo je vrhovno sodi\u0161\u010de razveljavilo. Ponovno sojenje je obto\u017ebe na ra\u010dun padlega gospodarstvenika s (pred)osamosvojiteljskim politi\u010dnim zaledjem skraj\u0161alo napeljevanja k zlorabi polo\u017eaja. S padlimi glavami je lansko jesen zagrozil pravosodni minister Goran Klemen\u010di\u010d. Ne bo krepitev pravnosti in pravi\u010dnosti, \u010de kdaj to uporabi Bav\u010darjeva obramba. \u010ce uporabi pritisk izvr\u0161ne oblasti na sodno v dr\u017eavi, v kateri pol ljudi sveto verjame, da je krivosodna. No, saj ga je \u017ee uporabila. Ko se je \u010dakalo, kaj bo (\u010de bo) do junijskega zastaranja odlo\u010dilo vi\u0161je sodi\u0161\u010de, je Bav\u010darjev odvetnik izjavil, da je zaradi politi\u010dne gonje proti njegovemu klientu v Sloveniji padlo tisto, da so vsi nedol\u017eni, dokler jim ni dokazana krivda. Pravne poti nekdanjega istrabenzovca, ki je v za\u010detku tega desetletja nepovratno na kolena spravil primorskega giganta &#8211; pred velikim pokom je Istrabenz poleti 2010 prodal Drogo Kolinsko Atlantic Grupi enega najbogatej\u0161ih Hrvatov Emila Tedeschija; od 382 milijonov evrov, kolikor je bila dogovorjena cena, so od\u0161teli dolg Droge in okrog 240 milijonov evrov v gotovini jeseni polo\u017eili na ra\u010dun Istrabenza -, niso pri koncu. Z zahtevo za varstvo zakonitosti lahko gre, in \u0161el bo gotovo, na vrhovno sodi\u0161\u010de. Ki je enkrat \u017ee stopilo na njegovo stran. A to ne ustavi sankcije. Razen \u010de bi vrhovni sodniki ocenili, da bi prestajanje zaporne kazni, preden se vse ne raz\u010disti, lahko povzro\u010dilo nepopravljive posledice. Za odlog kazni navadno zdravni\u0161ko opravi\u010dilo ne bo dovolj. Ne ve\u010d. Osamosvojitelj na poti v zapor. Enkrat se je \u017ee zgodilo, za nekaj mesecev, dokler re\u0161etke niso bile prekl<\/p>\n","protected":false},"excerpt":{"rendered":"<p>Saj je bilo re\u010deno, da bodo letele glave, \u010de primer zastara. Ta pripomba je padla, ko se je razvedelo, da naj bi bilo ljubljansko vi\u0161je sodi\u0161\u010de potrdilo obsodbo Igorja Bav\u010darja. Obsodbo po obto\u017ebi, da je, tudi on, pral denar s preprodajo delnic Istrabenza. Kar naj bi bilo vpletenim navrglo 24 milijonov evrov. Obsodbo na pet let zapora. V prvi sodbi leta 2013 je bila kazen vi\u0161ja: sedem let. A jo je vrhovno sodi\u0161\u010de razveljavilo. Ponovno sojenje je obto\u017ebe na ra\u010dun padlega gospodarstvenika s (pred)osamosvojiteljskim politi\u010dnim zaledjem skraj\u0161alo napeljevanja k zlorabi polo\u017eaja. S padlimi glavami je lansko jesen zagrozil pravosodni minister Goran Klemen\u010di\u010d. Ne bo krepitev pravnosti in pravi\u010dnosti, \u010de kdaj to uporabi Bav\u010darjeva obramba. \u010ce uporabi pritisk izvr\u0161ne oblasti na sodno v dr\u017eavi, v kateri pol ljudi sveto verjame, da je krivosodna. No, saj ga je \u017ee uporabila. Ko se je \u010dakalo, kaj bo (\u010de bo) do junijskega zastaranja odlo\u010dilo vi\u0161je sodi\u0161\u010de, je Bav\u010darjev odvetnik izjavil, da je zaradi politi\u010dne gonje proti njegovemu klientu v Sloveniji padlo tisto, da so vsi nedol\u017eni, dokler jim ni dokazana krivda. Pravne poti nekdanjega istrabenzovca, ki je v za\u010detku tega desetletja nepovratno na kolena spravil primorskega giganta &#8211; pred velikim pokom je Istrabenz poleti 2010 prodal Drogo Kolinsko Atlantic Grupi enega najbogatej\u0161ih Hrvatov Emila Tedeschija; od 382 milijonov evrov, kolikor je bila dogovorjena cena, so od\u0161teli dolg Droge in okrog 240 milijonov evrov v gotovini jeseni polo\u017eili na ra\u010dun Istrabenza -, niso pri koncu. Z zahtevo za varstvo zakonitosti lahko gre, in \u0161el bo gotovo, na vrhovno sodi\u0161\u010de. Ki je enkrat \u017ee stopilo na njegovo stran. A to ne ustavi sankcije. Razen \u010de bi vrhovni sodniki ocenili, da bi prestajanje zaporne kazni, preden se vse ne raz\u010disti, lahko povzro\u010dilo nepopravljive posledice. Za odlog kazni navadno zdravni\u0161ko opravi\u010dilo ne bo dovolj. Ne ve\u010d. Osamosvojitelj na poti v zapor. Enkrat se je \u017ee zgodilo, za nekaj mesecev, dokler re\u0161etke niso bile prekl<\/p>\n","protected":false},"author":1,"featured_media":0,"comment_status":"closed","ping_status":"closed","sticky":false,"template":"","format":"standard","meta":{"footnotes":""},"categories":[1179],"tags":[],"source":[1711],"supertag":[],"acf":[],"yoast_head":"<!-- This site is optimized with the Yoast SEO plugin v21.3 - https:\/\/yoast.com\/wordpress\/plugins\/seo\/ -->\n<title>Kdo je Igor Bav\u010dar: Vse pa se ne izbri\u0161e - Hudo Slovenija<\/title>\n<meta name=\"robots\" content=\"index, follow, max-snippet:-1, max-image-preview:large, max-video-preview:-1\" \/>\n<link rel=\"canonical\" href=\"https:\/\/hudo.com\/si\/aktualno\/kdo-je-igor-bavcar-vse-pa-se-ne-izbrise\/\" \/>\n<meta property=\"og:locale\" content=\"sl_SI\" \/>\n<meta property=\"og:type\" content=\"article\" \/>\n<meta property=\"og:title\" content=\"Kdo je Igor Bav\u010dar: Vse pa se ne izbri\u0161e - Hudo Slovenija\" \/>\n<meta property=\"og:description\" content=\"Saj je bilo re\u010deno, da bodo letele glave, \u010de primer zastara. Ta pripomba je padla, ko se je razvedelo, da naj bi bilo ljubljansko vi\u0161je sodi\u0161\u010de potrdilo obsodbo Igorja Bav\u010darja. Obsodbo po obto\u017ebi, da je, tudi on, pral denar s preprodajo delnic Istrabenza. Kar naj bi bilo vpletenim navrglo 24 milijonov evrov. Obsodbo na pet let zapora. V prvi sodbi leta 2013 je bila kazen vi\u0161ja: sedem let. A jo je vrhovno sodi\u0161\u010de razveljavilo. Ponovno sojenje je obto\u017ebe na ra\u010dun padlega gospodarstvenika s (pred)osamosvojiteljskim politi\u010dnim zaledjem skraj\u0161alo napeljevanja k zlorabi polo\u017eaja. S padlimi glavami je lansko jesen zagrozil pravosodni minister Goran Klemen\u010di\u010d. Ne bo krepitev pravnosti in pravi\u010dnosti, \u010de kdaj to uporabi Bav\u010darjeva obramba. \u010ce uporabi pritisk izvr\u0161ne oblasti na sodno v dr\u017eavi, v kateri pol ljudi sveto verjame, da je krivosodna. No, saj ga je \u017ee uporabila. Ko se je \u010dakalo, kaj bo (\u010de bo) do junijskega zastaranja odlo\u010dilo vi\u0161je sodi\u0161\u010de, je Bav\u010darjev odvetnik izjavil, da je zaradi politi\u010dne gonje proti njegovemu klientu v Sloveniji padlo tisto, da so vsi nedol\u017eni, dokler jim ni dokazana krivda. Pravne poti nekdanjega istrabenzovca, ki je v za\u010detku tega desetletja nepovratno na kolena spravil primorskega giganta - pred velikim pokom je Istrabenz poleti 2010 prodal Drogo Kolinsko Atlantic Grupi enega najbogatej\u0161ih Hrvatov Emila Tedeschija; od 382 milijonov evrov, kolikor je bila dogovorjena cena, so od\u0161teli dolg Droge in okrog 240 milijonov evrov v gotovini jeseni polo\u017eili na ra\u010dun Istrabenza -, niso pri koncu. Z zahtevo za varstvo zakonitosti lahko gre, in \u0161el bo gotovo, na vrhovno sodi\u0161\u010de. Ki je enkrat \u017ee stopilo na njegovo stran. A to ne ustavi sankcije. Razen \u010de bi vrhovni sodniki ocenili, da bi prestajanje zaporne kazni, preden se vse ne raz\u010disti, lahko povzro\u010dilo nepopravljive posledice. Za odlog kazni navadno zdravni\u0161ko opravi\u010dilo ne bo dovolj. Ne ve\u010d. Osamosvojitelj na poti v zapor. Enkrat se je \u017ee zgodilo, za nekaj mesecev, dokler re\u0161etke niso bile prekl\" \/>\n<meta property=\"og:url\" content=\"https:\/\/hudo.com\/si\/aktualno\/kdo-je-igor-bavcar-vse-pa-se-ne-izbrise\/\" \/>\n<meta property=\"og:site_name\" content=\"Hudo Slovenija\" \/>\n<meta property=\"article:publisher\" content=\"https:\/\/www.facebook.com\/hudo.si\" \/>\n<meta property=\"article:published_time\" content=\"2017-05-24T02:23:00+00:00\" \/>\n<meta property=\"og:image\" content=\"https:\/\/hudo.com\/si\/wp-content\/uploads\/sites\/2\/2017\/05\/01508617F-300.jpg\" \/>\n\t<meta property=\"og:image:width\" content=\"450\" \/>\n\t<meta property=\"og:image:height\" content=\"340\" \/>\n\t<meta property=\"og:image:type\" content=\"image\/jpeg\" \/>\n<meta name=\"author\" content=\"hudo\" \/>\n<meta name=\"twitter:card\" content=\"summary_large_image\" \/>\n<meta name=\"twitter:creator\" content=\"@hudo_si\" \/>\n<meta name=\"twitter:site\" content=\"@hudo_si\" \/>\n<meta name=\"twitter:label1\" content=\"Written by\" \/>\n\t<meta name=\"twitter:data1\" content=\"hudo\" \/>\n\t<meta name=\"twitter:label2\" content=\"Est. reading time\" \/>\n\t<meta name=\"twitter:data2\" content=\"2 minuti\" \/>\n<script type=\"application\/ld+json\" class=\"yoast-schema-graph\">{\"@context\":\"https:\/\/schema.org\",\"@graph\":[{\"@type\":\"Article\",\"@id\":\"https:\/\/hudo.com\/si\/aktualno\/kdo-je-igor-bavcar-vse-pa-se-ne-izbrise\/#article\",\"isPartOf\":{\"@id\":\"https:\/\/hudo.com\/si\/aktualno\/kdo-je-igor-bavcar-vse-pa-se-ne-izbrise\/\"},\"author\":{\"name\":\"hudo\",\"@id\":\"https:\/\/hudo.com\/si\/#\/schema\/person\/601cf3379633985b20f7e50f2bb47707\"},\"headline\":\"Kdo je Igor Bav\u010dar: Vse pa se ne izbri\u0161e\",\"datePublished\":\"2017-05-24T02:23:00+00:00\",\"dateModified\":\"2017-05-24T02:23:00+00:00\",\"mainEntityOfPage\":{\"@id\":\"https:\/\/hudo.com\/si\/aktualno\/kdo-je-igor-bavcar-vse-pa-se-ne-izbrise\/\"},\"wordCount\":357,\"publisher\":{\"@id\":\"https:\/\/hudo.com\/si\/#organization\"},\"articleSection\":[\"Aktualno\"],\"inLanguage\":\"sl-SI\"},{\"@type\":\"WebPage\",\"@id\":\"https:\/\/hudo.com\/si\/aktualno\/kdo-je-igor-bavcar-vse-pa-se-ne-izbrise\/\",\"url\":\"https:\/\/hudo.com\/si\/aktualno\/kdo-je-igor-bavcar-vse-pa-se-ne-izbrise\/\",\"name\":\"Kdo je Igor Bav\u010dar: Vse pa se ne izbri\u0161e - Hudo Slovenija\",\"isPartOf\":{\"@id\":\"https:\/\/hudo.com\/si\/#website\"},\"datePublished\":\"2017-05-24T02:23:00+00:00\",\"dateModified\":\"2017-05-24T02:23:00+00:00\",\"breadcrumb\":{\"@id\":\"https:\/\/hudo.com\/si\/aktualno\/kdo-je-igor-bavcar-vse-pa-se-ne-izbrise\/#breadcrumb\"},\"inLanguage\":\"sl-SI\",\"potentialAction\":[{\"@type\":\"ReadAction\",\"target\":[\"https:\/\/hudo.com\/si\/aktualno\/kdo-je-igor-bavcar-vse-pa-se-ne-izbrise\/\"]}]},{\"@type\":\"BreadcrumbList\",\"@id\":\"https:\/\/hudo.com\/si\/aktualno\/kdo-je-igor-bavcar-vse-pa-se-ne-izbrise\/#breadcrumb\",\"itemListElement\":[{\"@type\":\"ListItem\",\"position\":1,\"name\":\"Home\",\"item\":\"https:\/\/hudo.com\/si\/\"},{\"@type\":\"ListItem\",\"position\":2,\"name\":\"Kdo je Igor Bav\u010dar: Vse pa se ne izbri\u0161e\"}]},{\"@type\":\"WebSite\",\"@id\":\"https:\/\/hudo.com\/si\/#website\",\"url\":\"https:\/\/hudo.com\/si\/\",\"name\":\"Hudo Slovenija\",\"description\":\"Vse novice iz Slovenije in sveta\",\"publisher\":{\"@id\":\"https:\/\/hudo.com\/si\/#organization\"},\"potentialAction\":[{\"@type\":\"SearchAction\",\"target\":{\"@type\":\"EntryPoint\",\"urlTemplate\":\"https:\/\/hudo.com\/si\/?s={search_term_string}\"},\"query-input\":\"required name=search_term_string\"}],\"inLanguage\":\"sl-SI\"},{\"@type\":\"Organization\",\"@id\":\"https:\/\/hudo.com\/si\/#organization\",\"name\":\"VSN Media\",\"url\":\"https:\/\/hudo.com\/si\/\",\"logo\":{\"@type\":\"ImageObject\",\"inLanguage\":\"sl-SI\",\"@id\":\"https:\/\/hudo.com\/si\/#\/schema\/logo\/image\/\",\"url\":\"https:\/\/hudo.com\/si\/wp-content\/uploads\/sites\/2\/2021\/03\/hudo-app-2.png\",\"contentUrl\":\"https:\/\/hudo.com\/si\/wp-content\/uploads\/sites\/2\/2021\/03\/hudo-app-2.png\",\"width\":2185,\"height\":2167,\"caption\":\"VSN Media\"},\"image\":{\"@id\":\"https:\/\/hudo.com\/si\/#\/schema\/logo\/image\/\"},\"sameAs\":[\"https:\/\/www.facebook.com\/hudo.si\",\"https:\/\/twitter.com\/hudo_si\"]},{\"@type\":\"Person\",\"@id\":\"https:\/\/hudo.com\/si\/#\/schema\/person\/601cf3379633985b20f7e50f2bb47707\",\"name\":\"hudo\",\"image\":{\"@type\":\"ImageObject\",\"inLanguage\":\"sl-SI\",\"@id\":\"https:\/\/hudo.com\/si\/#\/schema\/person\/image\/\",\"url\":\"https:\/\/secure.gravatar.com\/avatar\/c4ca25fa72cace7a696b52ff5db9e095?s=96&d=mm&r=g\",\"contentUrl\":\"https:\/\/secure.gravatar.com\/avatar\/c4ca25fa72cace7a696b52ff5db9e095?s=96&d=mm&r=g\",\"caption\":\"hudo\"},\"url\":\"https:\/\/hudo.com\/si\/author\/hudo\/\"}]}<\/script>\n<!-- \/ Yoast SEO plugin. -->","yoast_head_json":{"title":"Kdo je Igor Bav\u010dar: Vse pa se ne izbri\u0161e - Hudo Slovenija","robots":{"index":"index","follow":"follow","max-snippet":"max-snippet:-1","max-image-preview":"max-image-preview:large","max-video-preview":"max-video-preview:-1"},"canonical":"https:\/\/hudo.com\/si\/aktualno\/kdo-je-igor-bavcar-vse-pa-se-ne-izbrise\/","og_locale":"sl_SI","og_type":"article","og_title":"Kdo je Igor Bav\u010dar: Vse pa se ne izbri\u0161e - Hudo Slovenija","og_description":"Saj je bilo re\u010deno, da bodo letele glave, \u010de primer zastara. Ta pripomba je padla, ko se je razvedelo, da naj bi bilo ljubljansko vi\u0161je sodi\u0161\u010de potrdilo obsodbo Igorja Bav\u010darja. Obsodbo po obto\u017ebi, da je, tudi on, pral denar s preprodajo delnic Istrabenza. Kar naj bi bilo vpletenim navrglo 24 milijonov evrov. Obsodbo na pet let zapora. V prvi sodbi leta 2013 je bila kazen vi\u0161ja: sedem let. A jo je vrhovno sodi\u0161\u010de razveljavilo. Ponovno sojenje je obto\u017ebe na ra\u010dun padlega gospodarstvenika s (pred)osamosvojiteljskim politi\u010dnim zaledjem skraj\u0161alo napeljevanja k zlorabi polo\u017eaja. S padlimi glavami je lansko jesen zagrozil pravosodni minister Goran Klemen\u010di\u010d. Ne bo krepitev pravnosti in pravi\u010dnosti, \u010de kdaj to uporabi Bav\u010darjeva obramba. \u010ce uporabi pritisk izvr\u0161ne oblasti na sodno v dr\u017eavi, v kateri pol ljudi sveto verjame, da je krivosodna. No, saj ga je \u017ee uporabila. Ko se je \u010dakalo, kaj bo (\u010de bo) do junijskega zastaranja odlo\u010dilo vi\u0161je sodi\u0161\u010de, je Bav\u010darjev odvetnik izjavil, da je zaradi politi\u010dne gonje proti njegovemu klientu v Sloveniji padlo tisto, da so vsi nedol\u017eni, dokler jim ni dokazana krivda. Pravne poti nekdanjega istrabenzovca, ki je v za\u010detku tega desetletja nepovratno na kolena spravil primorskega giganta - pred velikim pokom je Istrabenz poleti 2010 prodal Drogo Kolinsko Atlantic Grupi enega najbogatej\u0161ih Hrvatov Emila Tedeschija; od 382 milijonov evrov, kolikor je bila dogovorjena cena, so od\u0161teli dolg Droge in okrog 240 milijonov evrov v gotovini jeseni polo\u017eili na ra\u010dun Istrabenza -, niso pri koncu. Z zahtevo za varstvo zakonitosti lahko gre, in \u0161el bo gotovo, na vrhovno sodi\u0161\u010de. Ki je enkrat \u017ee stopilo na njegovo stran. A to ne ustavi sankcije. Razen \u010de bi vrhovni sodniki ocenili, da bi prestajanje zaporne kazni, preden se vse ne raz\u010disti, lahko povzro\u010dilo nepopravljive posledice. Za odlog kazni navadno zdravni\u0161ko opravi\u010dilo ne bo dovolj. Ne ve\u010d. Osamosvojitelj na poti v zapor. Enkrat se je \u017ee zgodilo, za nekaj mesecev, dokler re\u0161etke niso bile prekl","og_url":"https:\/\/hudo.com\/si\/aktualno\/kdo-je-igor-bavcar-vse-pa-se-ne-izbrise\/","og_site_name":"Hudo Slovenija","article_publisher":"https:\/\/www.facebook.com\/hudo.si","article_published_time":"2017-05-24T02:23:00+00:00","og_image":[{"width":450,"height":340,"url":"https:\/\/hudo.com\/si\/wp-content\/uploads\/sites\/2\/2017\/05\/01508617F-300.jpg","type":"image\/jpeg"}],"author":"hudo","twitter_card":"summary_large_image","twitter_creator":"@hudo_si","twitter_site":"@hudo_si","twitter_misc":{"Written by":"hudo","Est. reading time":"2 minuti"},"schema":{"@context":"https:\/\/schema.org","@graph":[{"@type":"Article","@id":"https:\/\/hudo.com\/si\/aktualno\/kdo-je-igor-bavcar-vse-pa-se-ne-izbrise\/#article","isPartOf":{"@id":"https:\/\/hudo.com\/si\/aktualno\/kdo-je-igor-bavcar-vse-pa-se-ne-izbrise\/"},"author":{"name":"hudo","@id":"https:\/\/hudo.com\/si\/#\/schema\/person\/601cf3379633985b20f7e50f2bb47707"},"headline":"Kdo je Igor Bav\u010dar: Vse pa se ne izbri\u0161e","datePublished":"2017-05-24T02:23:00+00:00","dateModified":"2017-05-24T02:23:00+00:00","mainEntityOfPage":{"@id":"https:\/\/hudo.com\/si\/aktualno\/kdo-je-igor-bavcar-vse-pa-se-ne-izbrise\/"},"wordCount":357,"publisher":{"@id":"https:\/\/hudo.com\/si\/#organization"},"articleSection":["Aktualno"],"inLanguage":"sl-SI"},{"@type":"WebPage","@id":"https:\/\/hudo.com\/si\/aktualno\/kdo-je-igor-bavcar-vse-pa-se-ne-izbrise\/","url":"https:\/\/hudo.com\/si\/aktualno\/kdo-je-igor-bavcar-vse-pa-se-ne-izbrise\/","name":"Kdo je Igor Bav\u010dar: Vse pa se ne izbri\u0161e - Hudo Slovenija","isPartOf":{"@id":"https:\/\/hudo.com\/si\/#website"},"datePublished":"2017-05-24T02:23:00+00:00","dateModified":"2017-05-24T02:23:00+00:00","breadcrumb":{"@id":"https:\/\/hudo.com\/si\/aktualno\/kdo-je-igor-bavcar-vse-pa-se-ne-izbrise\/#breadcrumb"},"inLanguage":"sl-SI","potentialAction":[{"@type":"ReadAction","target":["https:\/\/hudo.com\/si\/aktualno\/kdo-je-igor-bavcar-vse-pa-se-ne-izbrise\/"]}]},{"@type":"BreadcrumbList","@id":"https:\/\/hudo.com\/si\/aktualno\/kdo-je-igor-bavcar-vse-pa-se-ne-izbrise\/#breadcrumb","itemListElement":[{"@type":"ListItem","position":1,"name":"Home","item":"https:\/\/hudo.com\/si\/"},{"@type":"ListItem","position":2,"name":"Kdo je Igor Bav\u010dar: Vse pa se ne izbri\u0161e"}]},{"@type":"WebSite","@id":"https:\/\/hudo.com\/si\/#website","url":"https:\/\/hudo.com\/si\/","name":"Hudo Slovenija","description":"Vse novice iz Slovenije in sveta","publisher":{"@id":"https:\/\/hudo.com\/si\/#organization"},"potentialAction":[{"@type":"SearchAction","target":{"@type":"EntryPoint","urlTemplate":"https:\/\/hudo.com\/si\/?s={search_term_string}"},"query-input":"required name=search_term_string"}],"inLanguage":"sl-SI"},{"@type":"Organization","@id":"https:\/\/hudo.com\/si\/#organization","name":"VSN Media","url":"https:\/\/hudo.com\/si\/","logo":{"@type":"ImageObject","inLanguage":"sl-SI","@id":"https:\/\/hudo.com\/si\/#\/schema\/logo\/image\/","url":"https:\/\/hudo.com\/si\/wp-content\/uploads\/sites\/2\/2021\/03\/hudo-app-2.png","contentUrl":"https:\/\/hudo.com\/si\/wp-content\/uploads\/sites\/2\/2021\/03\/hudo-app-2.png","width":2185,"height":2167,"caption":"VSN Media"},"image":{"@id":"https:\/\/hudo.com\/si\/#\/schema\/logo\/image\/"},"sameAs":["https:\/\/www.facebook.com\/hudo.si","https:\/\/twitter.com\/hudo_si"]},{"@type":"Person","@id":"https:\/\/hudo.com\/si\/#\/schema\/person\/601cf3379633985b20f7e50f2bb47707","name":"hudo","image":{"@type":"ImageObject","inLanguage":"sl-SI","@id":"https:\/\/hudo.com\/si\/#\/schema\/person\/image\/","url":"https:\/\/secure.gravatar.com\/avatar\/c4ca25fa72cace7a696b52ff5db9e095?s=96&d=mm&r=g","contentUrl":"https:\/\/secure.gravatar.com\/avatar\/c4ca25fa72cace7a696b52ff5db9e095?s=96&d=mm&r=g","caption":"hudo"},"url":"https:\/\/hudo.com\/si\/author\/hudo\/"}]}},"amp_enabled":true,"_links":{"self":[{"href":"https:\/\/hudo.com\/si\/wp-json\/wp\/v2\/posts\/258636"}],"collection":[{"href":"https:\/\/hudo.com\/si\/wp-json\/wp\/v2\/posts"}],"about":[{"href":"https:\/\/hudo.com\/si\/wp-json\/wp\/v2\/types\/post"}],"author":[{"embeddable":true,"href":"https:\/\/hudo.com\/si\/wp-json\/wp\/v2\/users\/1"}],"replies":[{"embeddable":true,"href":"https:\/\/hudo.com\/si\/wp-json\/wp\/v2\/comments?post=258636"}],"version-history":[{"count":0,"href":"https:\/\/hudo.com\/si\/wp-json\/wp\/v2\/posts\/258636\/revisions"}],"wp:attachment":[{"href":"https:\/\/hudo.com\/si\/wp-json\/wp\/v2\/media?parent=258636"}],"wp:term":[{"taxonomy":"category","embeddable":true,"href":"https:\/\/hudo.com\/si\/wp-json\/wp\/v2\/categories?post=258636"},{"taxonomy":"post_tag","embeddable":true,"href":"https:\/\/hudo.com\/si\/wp-json\/wp\/v2\/tags?post=258636"},{"taxonomy":"source","embeddable":true,"href":"https:\/\/hudo.com\/si\/wp-json\/wp\/v2\/source?post=258636"},{"taxonomy":"supertag","embeddable":true,"href":"https:\/\/hudo.com\/si\/wp-json\/wp\/v2\/supertag?post=258636"}],"curies":[{"name":"wp","href":"https:\/\/api.w.org\/{rel}","templated":true}]}}