{"id":258793,"date":"2017-05-24T14:53:00","date_gmt":"2017-05-24T12:53:00","guid":{"rendered":"http:\/\/hudo.com\/si\/2017\/05\/24\/nemskih-poslance-zaradi-nesoglasij-ne-bo-v-turcijo\/"},"modified":"2017-05-24T14:53:00","modified_gmt":"2017-05-24T12:53:00","slug":"nemskih-poslance-zaradi-nesoglasij-ne-bo-v-turcijo","status":"publish","type":"post","link":"https:\/\/hudo.com\/si\/aktualno\/nemskih-poslance-zaradi-nesoglasij-ne-bo-v-turcijo\/","title":{"rendered":"Nem\u0161kih poslance zaradi nesoglasij ne bo v Tur\u010dijo"},"content":{"rendered":"<p>Kategorija: Evropa Wed, 24 May 2017 16:53:00 +0200  Nem\u0161ki poslanci, ki bi morali ta teden obiskati Tur\u010dijo, so odpovedali svoj obisk. Kot je pojasnila podpredsednica bundestaga Claudia Roth so se za odpoved obiska odlo\u010dili zaradi hudih pritiskov iz Ankare. Dodala je, da so poslanci s tur\u0161kega vrha dobili sporo\u010dilo, da obisk ne bi bil ustrezen, poro\u010da Slovenska tiskovna agencija. Prav tako naj ne bi bili mogo\u010di uradnih pogovori poslancev ter obisk tur\u0161kega parlamenta. Nem\u0161ki poslanci so tudi ostali brez varnostnega spremstva, ki bi ga morala zagotoviti tur\u0161ka stran. Gre za novo eskalacijo v \u017ee tako slabih nem\u0161ko-tur\u0161kih odnosih, je \u0161e dejala Rothova, ki prihaja iz vrst nem\u0161kih Zelenih. Dejansko gre za odpoved politi\u010dnega dialoga, je \u0161e dodala. Prvotno je bilo predvideno, da bo delegacija nem\u0161kega parlamenta od \u010detrtka do\u00a0&#8230;<\/p>\n","protected":false},"excerpt":{"rendered":"<p>Kategorija: Evropa Wed, 24 May 2017 16:53:00 +0200  Nem\u0161ki poslanci, ki bi morali ta teden obiskati Tur\u010dijo, so odpovedali svoj obisk. Kot je pojasnila podpredsednica bundestaga Claudia Roth so se za odpoved obiska odlo\u010dili zaradi hudih pritiskov iz Ankare. Dodala je, da so poslanci s tur\u0161kega vrha dobili sporo\u010dilo, da obisk ne bi bil ustrezen, poro\u010da Slovenska tiskovna agencija. Prav tako naj ne bi bili mogo\u010di uradnih pogovori poslancev ter obisk tur\u0161kega parlamenta. Nem\u0161ki poslanci so tudi ostali brez varnostnega spremstva, ki bi ga morala zagotoviti tur\u0161ka stran. Gre za novo eskalacijo v \u017ee tako slabih nem\u0161ko-tur\u0161kih odnosih, je \u0161e dejala Rothova, ki prihaja iz vrst nem\u0161kih Zelenih. Dejansko gre za odpoved politi\u010dnega dialoga, je \u0161e dodala. Prvotno je bilo predvideno, da bo delegacija nem\u0161kega parlamenta od \u010detrtka do\u00a0&#8230;<\/p>\n","protected":false},"author":1,"featured_media":0,"comment_status":"closed","ping_status":"closed","sticky":false,"template":"","format":"standard","meta":{"footnotes":""},"categories":[1179],"tags":[],"source":[1703],"supertag":[],"acf":[],"yoast_head":"<!-- This site is optimized with the Yoast SEO plugin v21.3 - https:\/\/yoast.com\/wordpress\/plugins\/seo\/ -->\n<title>Nem\u0161kih poslance zaradi nesoglasij ne bo v Tur\u010dijo - Hudo Slovenija<\/title>\n<meta name=\"robots\" content=\"index, follow, max-snippet:-1, max-image-preview:large, max-video-preview:-1\" \/>\n<link rel=\"canonical\" href=\"https:\/\/hudo.com\/si\/aktualno\/nemskih-poslance-zaradi-nesoglasij-ne-bo-v-turcijo\/\" \/>\n<meta property=\"og:locale\" content=\"sl_SI\" \/>\n<meta property=\"og:type\" content=\"article\" \/>\n<meta property=\"og:title\" content=\"Nem\u0161kih poslance zaradi nesoglasij ne bo v Tur\u010dijo - Hudo Slovenija\" \/>\n<meta property=\"og:description\" content=\"Kategorija: Evropa Wed, 24 May 2017 16:53:00 +0200 Nem\u0161ki poslanci, ki bi morali ta teden obiskati Tur\u010dijo, so odpovedali svoj obisk. Kot je pojasnila podpredsednica bundestaga Claudia Roth so se za odpoved obiska odlo\u010dili zaradi hudih pritiskov iz Ankare. Dodala je, da so poslanci s tur\u0161kega vrha dobili sporo\u010dilo, da obisk ne bi bil ustrezen, poro\u010da Slovenska tiskovna agencija. Prav tako naj ne bi bili mogo\u010di uradnih pogovori poslancev ter obisk tur\u0161kega parlamenta. Nem\u0161ki poslanci so tudi ostali brez varnostnega spremstva, ki bi ga morala zagotoviti tur\u0161ka stran. Gre za novo eskalacijo v \u017ee tako slabih nem\u0161ko-tur\u0161kih odnosih, je \u0161e dejala Rothova, ki prihaja iz vrst nem\u0161kih Zelenih. Dejansko gre za odpoved politi\u010dnega dialoga, je \u0161e dodala. Prvotno je bilo predvideno, da bo delegacija nem\u0161kega parlamenta od \u010detrtka do\u00a0...\" \/>\n<meta property=\"og:url\" content=\"https:\/\/hudo.com\/si\/aktualno\/nemskih-poslance-zaradi-nesoglasij-ne-bo-v-turcijo\/\" \/>\n<meta property=\"og:site_name\" content=\"Hudo Slovenija\" \/>\n<meta property=\"article:publisher\" content=\"https:\/\/www.facebook.com\/hudo.si\" \/>\n<meta property=\"article:published_time\" content=\"2017-05-24T12:53:00+00:00\" \/>\n<meta property=\"og:image\" content=\"https:\/\/hudo.com\/si\/wp-content\/uploads\/sites\/2\/2017\/05\/480x290_RTX2SH64.jpeg\" \/>\n\t<meta property=\"og:image:width\" content=\"480\" \/>\n\t<meta property=\"og:image:height\" content=\"290\" \/>\n\t<meta property=\"og:image:type\" content=\"image\/jpeg\" \/>\n<meta name=\"author\" content=\"hudo\" \/>\n<meta name=\"twitter:card\" content=\"summary_large_image\" \/>\n<meta name=\"twitter:creator\" content=\"@hudo_si\" \/>\n<meta name=\"twitter:site\" content=\"@hudo_si\" \/>\n<meta name=\"twitter:label1\" content=\"Written by\" \/>\n\t<meta name=\"twitter:data1\" content=\"hudo\" \/>\n\t<meta name=\"twitter:label2\" content=\"Est. reading time\" \/>\n\t<meta name=\"twitter:data2\" content=\"1 minuta\" \/>\n<script type=\"application\/ld+json\" class=\"yoast-schema-graph\">{\"@context\":\"https:\/\/schema.org\",\"@graph\":[{\"@type\":\"Article\",\"@id\":\"https:\/\/hudo.com\/si\/aktualno\/nemskih-poslance-zaradi-nesoglasij-ne-bo-v-turcijo\/#article\",\"isPartOf\":{\"@id\":\"https:\/\/hudo.com\/si\/aktualno\/nemskih-poslance-zaradi-nesoglasij-ne-bo-v-turcijo\/\"},\"author\":{\"name\":\"hudo\",\"@id\":\"https:\/\/hudo.com\/si\/#\/schema\/person\/601cf3379633985b20f7e50f2bb47707\"},\"headline\":\"Nem\u0161kih poslance zaradi nesoglasij ne bo v Tur\u010dijo\",\"datePublished\":\"2017-05-24T12:53:00+00:00\",\"dateModified\":\"2017-05-24T12:53:00+00:00\",\"mainEntityOfPage\":{\"@id\":\"https:\/\/hudo.com\/si\/aktualno\/nemskih-poslance-zaradi-nesoglasij-ne-bo-v-turcijo\/\"},\"wordCount\":150,\"publisher\":{\"@id\":\"https:\/\/hudo.com\/si\/#organization\"},\"articleSection\":[\"Aktualno\"],\"inLanguage\":\"sl-SI\"},{\"@type\":\"WebPage\",\"@id\":\"https:\/\/hudo.com\/si\/aktualno\/nemskih-poslance-zaradi-nesoglasij-ne-bo-v-turcijo\/\",\"url\":\"https:\/\/hudo.com\/si\/aktualno\/nemskih-poslance-zaradi-nesoglasij-ne-bo-v-turcijo\/\",\"name\":\"Nem\u0161kih poslance zaradi nesoglasij ne bo v Tur\u010dijo - Hudo Slovenija\",\"isPartOf\":{\"@id\":\"https:\/\/hudo.com\/si\/#website\"},\"datePublished\":\"2017-05-24T12:53:00+00:00\",\"dateModified\":\"2017-05-24T12:53:00+00:00\",\"breadcrumb\":{\"@id\":\"https:\/\/hudo.com\/si\/aktualno\/nemskih-poslance-zaradi-nesoglasij-ne-bo-v-turcijo\/#breadcrumb\"},\"inLanguage\":\"sl-SI\",\"potentialAction\":[{\"@type\":\"ReadAction\",\"target\":[\"https:\/\/hudo.com\/si\/aktualno\/nemskih-poslance-zaradi-nesoglasij-ne-bo-v-turcijo\/\"]}]},{\"@type\":\"BreadcrumbList\",\"@id\":\"https:\/\/hudo.com\/si\/aktualno\/nemskih-poslance-zaradi-nesoglasij-ne-bo-v-turcijo\/#breadcrumb\",\"itemListElement\":[{\"@type\":\"ListItem\",\"position\":1,\"name\":\"Home\",\"item\":\"https:\/\/hudo.com\/si\/\"},{\"@type\":\"ListItem\",\"position\":2,\"name\":\"Nem\u0161kih poslance zaradi nesoglasij ne bo v Tur\u010dijo\"}]},{\"@type\":\"WebSite\",\"@id\":\"https:\/\/hudo.com\/si\/#website\",\"url\":\"https:\/\/hudo.com\/si\/\",\"name\":\"Hudo Slovenija\",\"description\":\"Vse novice iz Slovenije in sveta\",\"publisher\":{\"@id\":\"https:\/\/hudo.com\/si\/#organization\"},\"potentialAction\":[{\"@type\":\"SearchAction\",\"target\":{\"@type\":\"EntryPoint\",\"urlTemplate\":\"https:\/\/hudo.com\/si\/?s={search_term_string}\"},\"query-input\":\"required name=search_term_string\"}],\"inLanguage\":\"sl-SI\"},{\"@type\":\"Organization\",\"@id\":\"https:\/\/hudo.com\/si\/#organization\",\"name\":\"VSN Media\",\"url\":\"https:\/\/hudo.com\/si\/\",\"logo\":{\"@type\":\"ImageObject\",\"inLanguage\":\"sl-SI\",\"@id\":\"https:\/\/hudo.com\/si\/#\/schema\/logo\/image\/\",\"url\":\"https:\/\/hudo.com\/si\/wp-content\/uploads\/sites\/2\/2021\/03\/hudo-app-2.png\",\"contentUrl\":\"https:\/\/hudo.com\/si\/wp-content\/uploads\/sites\/2\/2021\/03\/hudo-app-2.png\",\"width\":2185,\"height\":2167,\"caption\":\"VSN Media\"},\"image\":{\"@id\":\"https:\/\/hudo.com\/si\/#\/schema\/logo\/image\/\"},\"sameAs\":[\"https:\/\/www.facebook.com\/hudo.si\",\"https:\/\/twitter.com\/hudo_si\"]},{\"@type\":\"Person\",\"@id\":\"https:\/\/hudo.com\/si\/#\/schema\/person\/601cf3379633985b20f7e50f2bb47707\",\"name\":\"hudo\",\"image\":{\"@type\":\"ImageObject\",\"inLanguage\":\"sl-SI\",\"@id\":\"https:\/\/hudo.com\/si\/#\/schema\/person\/image\/\",\"url\":\"https:\/\/secure.gravatar.com\/avatar\/c4ca25fa72cace7a696b52ff5db9e095?s=96&d=mm&r=g\",\"contentUrl\":\"https:\/\/secure.gravatar.com\/avatar\/c4ca25fa72cace7a696b52ff5db9e095?s=96&d=mm&r=g\",\"caption\":\"hudo\"},\"url\":\"https:\/\/hudo.com\/si\/author\/hudo\/\"}]}<\/script>\n<!-- \/ Yoast SEO plugin. -->","yoast_head_json":{"title":"Nem\u0161kih poslance zaradi nesoglasij ne bo v Tur\u010dijo - Hudo Slovenija","robots":{"index":"index","follow":"follow","max-snippet":"max-snippet:-1","max-image-preview":"max-image-preview:large","max-video-preview":"max-video-preview:-1"},"canonical":"https:\/\/hudo.com\/si\/aktualno\/nemskih-poslance-zaradi-nesoglasij-ne-bo-v-turcijo\/","og_locale":"sl_SI","og_type":"article","og_title":"Nem\u0161kih poslance zaradi nesoglasij ne bo v Tur\u010dijo - Hudo Slovenija","og_description":"Kategorija: Evropa Wed, 24 May 2017 16:53:00 +0200 Nem\u0161ki poslanci, ki bi morali ta teden obiskati Tur\u010dijo, so odpovedali svoj obisk. Kot je pojasnila podpredsednica bundestaga Claudia Roth so se za odpoved obiska odlo\u010dili zaradi hudih pritiskov iz Ankare. Dodala je, da so poslanci s tur\u0161kega vrha dobili sporo\u010dilo, da obisk ne bi bil ustrezen, poro\u010da Slovenska tiskovna agencija. Prav tako naj ne bi bili mogo\u010di uradnih pogovori poslancev ter obisk tur\u0161kega parlamenta. Nem\u0161ki poslanci so tudi ostali brez varnostnega spremstva, ki bi ga morala zagotoviti tur\u0161ka stran. Gre za novo eskalacijo v \u017ee tako slabih nem\u0161ko-tur\u0161kih odnosih, je \u0161e dejala Rothova, ki prihaja iz vrst nem\u0161kih Zelenih. Dejansko gre za odpoved politi\u010dnega dialoga, je \u0161e dodala. Prvotno je bilo predvideno, da bo delegacija nem\u0161kega parlamenta od \u010detrtka do\u00a0...","og_url":"https:\/\/hudo.com\/si\/aktualno\/nemskih-poslance-zaradi-nesoglasij-ne-bo-v-turcijo\/","og_site_name":"Hudo Slovenija","article_publisher":"https:\/\/www.facebook.com\/hudo.si","article_published_time":"2017-05-24T12:53:00+00:00","og_image":[{"width":480,"height":290,"url":"https:\/\/hudo.com\/si\/wp-content\/uploads\/sites\/2\/2017\/05\/480x290_RTX2SH64.jpeg","type":"image\/jpeg"}],"author":"hudo","twitter_card":"summary_large_image","twitter_creator":"@hudo_si","twitter_site":"@hudo_si","twitter_misc":{"Written by":"hudo","Est. reading time":"1 minuta"},"schema":{"@context":"https:\/\/schema.org","@graph":[{"@type":"Article","@id":"https:\/\/hudo.com\/si\/aktualno\/nemskih-poslance-zaradi-nesoglasij-ne-bo-v-turcijo\/#article","isPartOf":{"@id":"https:\/\/hudo.com\/si\/aktualno\/nemskih-poslance-zaradi-nesoglasij-ne-bo-v-turcijo\/"},"author":{"name":"hudo","@id":"https:\/\/hudo.com\/si\/#\/schema\/person\/601cf3379633985b20f7e50f2bb47707"},"headline":"Nem\u0161kih poslance zaradi nesoglasij ne bo v Tur\u010dijo","datePublished":"2017-05-24T12:53:00+00:00","dateModified":"2017-05-24T12:53:00+00:00","mainEntityOfPage":{"@id":"https:\/\/hudo.com\/si\/aktualno\/nemskih-poslance-zaradi-nesoglasij-ne-bo-v-turcijo\/"},"wordCount":150,"publisher":{"@id":"https:\/\/hudo.com\/si\/#organization"},"articleSection":["Aktualno"],"inLanguage":"sl-SI"},{"@type":"WebPage","@id":"https:\/\/hudo.com\/si\/aktualno\/nemskih-poslance-zaradi-nesoglasij-ne-bo-v-turcijo\/","url":"https:\/\/hudo.com\/si\/aktualno\/nemskih-poslance-zaradi-nesoglasij-ne-bo-v-turcijo\/","name":"Nem\u0161kih poslance zaradi nesoglasij ne bo v Tur\u010dijo - Hudo Slovenija","isPartOf":{"@id":"https:\/\/hudo.com\/si\/#website"},"datePublished":"2017-05-24T12:53:00+00:00","dateModified":"2017-05-24T12:53:00+00:00","breadcrumb":{"@id":"https:\/\/hudo.com\/si\/aktualno\/nemskih-poslance-zaradi-nesoglasij-ne-bo-v-turcijo\/#breadcrumb"},"inLanguage":"sl-SI","potentialAction":[{"@type":"ReadAction","target":["https:\/\/hudo.com\/si\/aktualno\/nemskih-poslance-zaradi-nesoglasij-ne-bo-v-turcijo\/"]}]},{"@type":"BreadcrumbList","@id":"https:\/\/hudo.com\/si\/aktualno\/nemskih-poslance-zaradi-nesoglasij-ne-bo-v-turcijo\/#breadcrumb","itemListElement":[{"@type":"ListItem","position":1,"name":"Home","item":"https:\/\/hudo.com\/si\/"},{"@type":"ListItem","position":2,"name":"Nem\u0161kih poslance zaradi nesoglasij ne bo v Tur\u010dijo"}]},{"@type":"WebSite","@id":"https:\/\/hudo.com\/si\/#website","url":"https:\/\/hudo.com\/si\/","name":"Hudo Slovenija","description":"Vse novice iz Slovenije in sveta","publisher":{"@id":"https:\/\/hudo.com\/si\/#organization"},"potentialAction":[{"@type":"SearchAction","target":{"@type":"EntryPoint","urlTemplate":"https:\/\/hudo.com\/si\/?s={search_term_string}"},"query-input":"required name=search_term_string"}],"inLanguage":"sl-SI"},{"@type":"Organization","@id":"https:\/\/hudo.com\/si\/#organization","name":"VSN Media","url":"https:\/\/hudo.com\/si\/","logo":{"@type":"ImageObject","inLanguage":"sl-SI","@id":"https:\/\/hudo.com\/si\/#\/schema\/logo\/image\/","url":"https:\/\/hudo.com\/si\/wp-content\/uploads\/sites\/2\/2021\/03\/hudo-app-2.png","contentUrl":"https:\/\/hudo.com\/si\/wp-content\/uploads\/sites\/2\/2021\/03\/hudo-app-2.png","width":2185,"height":2167,"caption":"VSN Media"},"image":{"@id":"https:\/\/hudo.com\/si\/#\/schema\/logo\/image\/"},"sameAs":["https:\/\/www.facebook.com\/hudo.si","https:\/\/twitter.com\/hudo_si"]},{"@type":"Person","@id":"https:\/\/hudo.com\/si\/#\/schema\/person\/601cf3379633985b20f7e50f2bb47707","name":"hudo","image":{"@type":"ImageObject","inLanguage":"sl-SI","@id":"https:\/\/hudo.com\/si\/#\/schema\/person\/image\/","url":"https:\/\/secure.gravatar.com\/avatar\/c4ca25fa72cace7a696b52ff5db9e095?s=96&d=mm&r=g","contentUrl":"https:\/\/secure.gravatar.com\/avatar\/c4ca25fa72cace7a696b52ff5db9e095?s=96&d=mm&r=g","caption":"hudo"},"url":"https:\/\/hudo.com\/si\/author\/hudo\/"}]}},"amp_enabled":true,"_links":{"self":[{"href":"https:\/\/hudo.com\/si\/wp-json\/wp\/v2\/posts\/258793"}],"collection":[{"href":"https:\/\/hudo.com\/si\/wp-json\/wp\/v2\/posts"}],"about":[{"href":"https:\/\/hudo.com\/si\/wp-json\/wp\/v2\/types\/post"}],"author":[{"embeddable":true,"href":"https:\/\/hudo.com\/si\/wp-json\/wp\/v2\/users\/1"}],"replies":[{"embeddable":true,"href":"https:\/\/hudo.com\/si\/wp-json\/wp\/v2\/comments?post=258793"}],"version-history":[{"count":0,"href":"https:\/\/hudo.com\/si\/wp-json\/wp\/v2\/posts\/258793\/revisions"}],"wp:attachment":[{"href":"https:\/\/hudo.com\/si\/wp-json\/wp\/v2\/media?parent=258793"}],"wp:term":[{"taxonomy":"category","embeddable":true,"href":"https:\/\/hudo.com\/si\/wp-json\/wp\/v2\/categories?post=258793"},{"taxonomy":"post_tag","embeddable":true,"href":"https:\/\/hudo.com\/si\/wp-json\/wp\/v2\/tags?post=258793"},{"taxonomy":"source","embeddable":true,"href":"https:\/\/hudo.com\/si\/wp-json\/wp\/v2\/source?post=258793"},{"taxonomy":"supertag","embeddable":true,"href":"https:\/\/hudo.com\/si\/wp-json\/wp\/v2\/supertag?post=258793"}],"curies":[{"name":"wp","href":"https:\/\/api.w.org\/{rel}","templated":true}]}}