{"id":258904,"date":"2017-05-25T05:28:00","date_gmt":"2017-05-25T03:28:00","guid":{"rendered":"http:\/\/hudo.com\/si\/2017\/05\/25\/brazilski-predsednik-na-ulice-poslal-vojsko\/"},"modified":"2017-05-25T05:28:00","modified_gmt":"2017-05-25T03:28:00","slug":"brazilski-predsednik-na-ulice-poslal-vojsko","status":"publish","type":"post","link":"https:\/\/hudo.com\/si\/aktualno\/brazilski-predsednik-na-ulice-poslal-vojsko\/","title":{"rendered":"Brazilski predsednik na ulice poslal vojsko"},"content":{"rendered":"<p>Kategorija: Globalno Thu, 25 May 2017 07:28:00 +0200  Brasilia &#8211; Brazilski predsednik Michel Temer, ki se soo\u010da z zahtevami po odstopu, je v sredo na ulice prestolnice Brasilie poslal vojsko. Pred tem so morali zaradi hudih protestov evakuirati in zapreti nekaj ministrstev. Policija mno\u017eice protestnikov, ki poleg Temerjevega odstop zahtevajo pred\u010dasne volitve, ni bila sposobna sama obvladati. Proti poslopju brazilskega kongresa se je v sredo odpravilo ve\u010d deset tiso\u010d ljudi. Nekateri med njimi so se spopadli s policijo, ki je \u0161\u010ditila uradne stavbe. Policija je proti protestnikom, ki so tudi zanetili nekaj po\u017earov, uporabila solzivec. Vojska je posredovala s streli v zrak. Ena oseba je bila pri tem ranjena, zaradi \u010desar so uvedli preiskavo. Lokalni mediji poro\u010dajo, da je bilo v sredinih nemirih v prestolnici ranjenih najmanj 30 ljudi. Protestniki so med drugim zanetili ogenj v brazilskem ministrstvu za kmetijstvo. Na\u00a0&#8230;<\/p>\n","protected":false},"excerpt":{"rendered":"<p>Kategorija: Globalno Thu, 25 May 2017 07:28:00 +0200  Brasilia &#8211; Brazilski predsednik Michel Temer, ki se soo\u010da z zahtevami po odstopu, je v sredo na ulice prestolnice Brasilie poslal vojsko. Pred tem so morali zaradi hudih protestov evakuirati in zapreti nekaj ministrstev. Policija mno\u017eice protestnikov, ki poleg Temerjevega odstop zahtevajo pred\u010dasne volitve, ni bila sposobna sama obvladati. Proti poslopju brazilskega kongresa se je v sredo odpravilo ve\u010d deset tiso\u010d ljudi. Nekateri med njimi so se spopadli s policijo, ki je \u0161\u010ditila uradne stavbe. Policija je proti protestnikom, ki so tudi zanetili nekaj po\u017earov, uporabila solzivec. Vojska je posredovala s streli v zrak. Ena oseba je bila pri tem ranjena, zaradi \u010desar so uvedli preiskavo. Lokalni mediji poro\u010dajo, da je bilo v sredinih nemirih v prestolnici ranjenih najmanj 30 ljudi. Protestniki so med drugim zanetili ogenj v brazilskem ministrstvu za kmetijstvo. Na\u00a0&#8230;<\/p>\n","protected":false},"author":1,"featured_media":0,"comment_status":"closed","ping_status":"closed","sticky":false,"template":"","format":"standard","meta":{"footnotes":""},"categories":[1179],"tags":[],"source":[1703],"supertag":[],"acf":[],"yoast_head":"<!-- This site is optimized with the Yoast SEO plugin v21.3 - https:\/\/yoast.com\/wordpress\/plugins\/seo\/ -->\n<title>Brazilski predsednik na ulice poslal vojsko - Hudo Slovenija<\/title>\n<meta name=\"robots\" content=\"index, follow, max-snippet:-1, max-image-preview:large, max-video-preview:-1\" \/>\n<link rel=\"canonical\" href=\"https:\/\/hudo.com\/si\/aktualno\/brazilski-predsednik-na-ulice-poslal-vojsko\/\" \/>\n<meta property=\"og:locale\" content=\"sl_SI\" \/>\n<meta property=\"og:type\" content=\"article\" \/>\n<meta property=\"og:title\" content=\"Brazilski predsednik na ulice poslal vojsko - Hudo Slovenija\" \/>\n<meta property=\"og:description\" content=\"Kategorija: Globalno Thu, 25 May 2017 07:28:00 +0200 Brasilia - Brazilski predsednik Michel Temer, ki se soo\u010da z zahtevami po odstopu, je v sredo na ulice prestolnice Brasilie poslal vojsko. Pred tem so morali zaradi hudih protestov evakuirati in zapreti nekaj ministrstev. Policija mno\u017eice protestnikov, ki poleg Temerjevega odstop zahtevajo pred\u010dasne volitve, ni bila sposobna sama obvladati. Proti poslopju brazilskega kongresa se je v sredo odpravilo ve\u010d deset tiso\u010d ljudi. Nekateri med njimi so se spopadli s policijo, ki je \u0161\u010ditila uradne stavbe. Policija je proti protestnikom, ki so tudi zanetili nekaj po\u017earov, uporabila solzivec. Vojska je posredovala s streli v zrak. Ena oseba je bila pri tem ranjena, zaradi \u010desar so uvedli preiskavo. Lokalni mediji poro\u010dajo, da je bilo v sredinih nemirih v prestolnici ranjenih najmanj 30 ljudi. Protestniki so med drugim zanetili ogenj v brazilskem ministrstvu za kmetijstvo. Na\u00a0...\" \/>\n<meta property=\"og:url\" content=\"https:\/\/hudo.com\/si\/aktualno\/brazilski-predsednik-na-ulice-poslal-vojsko\/\" \/>\n<meta property=\"og:site_name\" content=\"Hudo Slovenija\" \/>\n<meta property=\"article:publisher\" content=\"https:\/\/www.facebook.com\/hudo.si\" \/>\n<meta property=\"article:published_time\" content=\"2017-05-25T03:28:00+00:00\" \/>\n<meta property=\"og:image\" content=\"https:\/\/hudo.com\/si\/wp-content\/uploads\/sites\/2\/2017\/05\/480x290_AFP_Photo-20170524233045-73671100.jpeg\" \/>\n\t<meta property=\"og:image:width\" content=\"480\" \/>\n\t<meta property=\"og:image:height\" content=\"290\" \/>\n\t<meta property=\"og:image:type\" content=\"image\/jpeg\" \/>\n<meta name=\"author\" content=\"hudo\" \/>\n<meta name=\"twitter:card\" content=\"summary_large_image\" \/>\n<meta name=\"twitter:creator\" content=\"@hudo_si\" \/>\n<meta name=\"twitter:site\" content=\"@hudo_si\" \/>\n<meta name=\"twitter:label1\" content=\"Written by\" \/>\n\t<meta name=\"twitter:data1\" content=\"hudo\" \/>\n\t<meta name=\"twitter:label2\" content=\"Est. reading time\" \/>\n\t<meta name=\"twitter:data2\" content=\"1 minuta\" \/>\n<script type=\"application\/ld+json\" class=\"yoast-schema-graph\">{\"@context\":\"https:\/\/schema.org\",\"@graph\":[{\"@type\":\"Article\",\"@id\":\"https:\/\/hudo.com\/si\/aktualno\/brazilski-predsednik-na-ulice-poslal-vojsko\/#article\",\"isPartOf\":{\"@id\":\"https:\/\/hudo.com\/si\/aktualno\/brazilski-predsednik-na-ulice-poslal-vojsko\/\"},\"author\":{\"name\":\"hudo\",\"@id\":\"https:\/\/hudo.com\/si\/#\/schema\/person\/601cf3379633985b20f7e50f2bb47707\"},\"headline\":\"Brazilski predsednik na ulice poslal vojsko\",\"datePublished\":\"2017-05-25T03:28:00+00:00\",\"dateModified\":\"2017-05-25T03:28:00+00:00\",\"mainEntityOfPage\":{\"@id\":\"https:\/\/hudo.com\/si\/aktualno\/brazilski-predsednik-na-ulice-poslal-vojsko\/\"},\"wordCount\":147,\"publisher\":{\"@id\":\"https:\/\/hudo.com\/si\/#organization\"},\"articleSection\":[\"Aktualno\"],\"inLanguage\":\"sl-SI\"},{\"@type\":\"WebPage\",\"@id\":\"https:\/\/hudo.com\/si\/aktualno\/brazilski-predsednik-na-ulice-poslal-vojsko\/\",\"url\":\"https:\/\/hudo.com\/si\/aktualno\/brazilski-predsednik-na-ulice-poslal-vojsko\/\",\"name\":\"Brazilski predsednik na ulice poslal vojsko - Hudo Slovenija\",\"isPartOf\":{\"@id\":\"https:\/\/hudo.com\/si\/#website\"},\"datePublished\":\"2017-05-25T03:28:00+00:00\",\"dateModified\":\"2017-05-25T03:28:00+00:00\",\"breadcrumb\":{\"@id\":\"https:\/\/hudo.com\/si\/aktualno\/brazilski-predsednik-na-ulice-poslal-vojsko\/#breadcrumb\"},\"inLanguage\":\"sl-SI\",\"potentialAction\":[{\"@type\":\"ReadAction\",\"target\":[\"https:\/\/hudo.com\/si\/aktualno\/brazilski-predsednik-na-ulice-poslal-vojsko\/\"]}]},{\"@type\":\"BreadcrumbList\",\"@id\":\"https:\/\/hudo.com\/si\/aktualno\/brazilski-predsednik-na-ulice-poslal-vojsko\/#breadcrumb\",\"itemListElement\":[{\"@type\":\"ListItem\",\"position\":1,\"name\":\"Home\",\"item\":\"https:\/\/hudo.com\/si\/\"},{\"@type\":\"ListItem\",\"position\":2,\"name\":\"Brazilski predsednik na ulice poslal vojsko\"}]},{\"@type\":\"WebSite\",\"@id\":\"https:\/\/hudo.com\/si\/#website\",\"url\":\"https:\/\/hudo.com\/si\/\",\"name\":\"Hudo Slovenija\",\"description\":\"Vse novice iz Slovenije in sveta\",\"publisher\":{\"@id\":\"https:\/\/hudo.com\/si\/#organization\"},\"potentialAction\":[{\"@type\":\"SearchAction\",\"target\":{\"@type\":\"EntryPoint\",\"urlTemplate\":\"https:\/\/hudo.com\/si\/?s={search_term_string}\"},\"query-input\":\"required name=search_term_string\"}],\"inLanguage\":\"sl-SI\"},{\"@type\":\"Organization\",\"@id\":\"https:\/\/hudo.com\/si\/#organization\",\"name\":\"VSN Media\",\"url\":\"https:\/\/hudo.com\/si\/\",\"logo\":{\"@type\":\"ImageObject\",\"inLanguage\":\"sl-SI\",\"@id\":\"https:\/\/hudo.com\/si\/#\/schema\/logo\/image\/\",\"url\":\"https:\/\/hudo.com\/si\/wp-content\/uploads\/sites\/2\/2021\/03\/hudo-app-2.png\",\"contentUrl\":\"https:\/\/hudo.com\/si\/wp-content\/uploads\/sites\/2\/2021\/03\/hudo-app-2.png\",\"width\":2185,\"height\":2167,\"caption\":\"VSN Media\"},\"image\":{\"@id\":\"https:\/\/hudo.com\/si\/#\/schema\/logo\/image\/\"},\"sameAs\":[\"https:\/\/www.facebook.com\/hudo.si\",\"https:\/\/twitter.com\/hudo_si\"]},{\"@type\":\"Person\",\"@id\":\"https:\/\/hudo.com\/si\/#\/schema\/person\/601cf3379633985b20f7e50f2bb47707\",\"name\":\"hudo\",\"image\":{\"@type\":\"ImageObject\",\"inLanguage\":\"sl-SI\",\"@id\":\"https:\/\/hudo.com\/si\/#\/schema\/person\/image\/\",\"url\":\"https:\/\/secure.gravatar.com\/avatar\/c4ca25fa72cace7a696b52ff5db9e095?s=96&d=mm&r=g\",\"contentUrl\":\"https:\/\/secure.gravatar.com\/avatar\/c4ca25fa72cace7a696b52ff5db9e095?s=96&d=mm&r=g\",\"caption\":\"hudo\"},\"url\":\"https:\/\/hudo.com\/si\/author\/hudo\/\"}]}<\/script>\n<!-- \/ Yoast SEO plugin. -->","yoast_head_json":{"title":"Brazilski predsednik na ulice poslal vojsko - Hudo Slovenija","robots":{"index":"index","follow":"follow","max-snippet":"max-snippet:-1","max-image-preview":"max-image-preview:large","max-video-preview":"max-video-preview:-1"},"canonical":"https:\/\/hudo.com\/si\/aktualno\/brazilski-predsednik-na-ulice-poslal-vojsko\/","og_locale":"sl_SI","og_type":"article","og_title":"Brazilski predsednik na ulice poslal vojsko - Hudo Slovenija","og_description":"Kategorija: Globalno Thu, 25 May 2017 07:28:00 +0200 Brasilia - Brazilski predsednik Michel Temer, ki se soo\u010da z zahtevami po odstopu, je v sredo na ulice prestolnice Brasilie poslal vojsko. Pred tem so morali zaradi hudih protestov evakuirati in zapreti nekaj ministrstev. Policija mno\u017eice protestnikov, ki poleg Temerjevega odstop zahtevajo pred\u010dasne volitve, ni bila sposobna sama obvladati. Proti poslopju brazilskega kongresa se je v sredo odpravilo ve\u010d deset tiso\u010d ljudi. Nekateri med njimi so se spopadli s policijo, ki je \u0161\u010ditila uradne stavbe. Policija je proti protestnikom, ki so tudi zanetili nekaj po\u017earov, uporabila solzivec. Vojska je posredovala s streli v zrak. Ena oseba je bila pri tem ranjena, zaradi \u010desar so uvedli preiskavo. Lokalni mediji poro\u010dajo, da je bilo v sredinih nemirih v prestolnici ranjenih najmanj 30 ljudi. Protestniki so med drugim zanetili ogenj v brazilskem ministrstvu za kmetijstvo. Na\u00a0...","og_url":"https:\/\/hudo.com\/si\/aktualno\/brazilski-predsednik-na-ulice-poslal-vojsko\/","og_site_name":"Hudo Slovenija","article_publisher":"https:\/\/www.facebook.com\/hudo.si","article_published_time":"2017-05-25T03:28:00+00:00","og_image":[{"width":480,"height":290,"url":"https:\/\/hudo.com\/si\/wp-content\/uploads\/sites\/2\/2017\/05\/480x290_AFP_Photo-20170524233045-73671100.jpeg","type":"image\/jpeg"}],"author":"hudo","twitter_card":"summary_large_image","twitter_creator":"@hudo_si","twitter_site":"@hudo_si","twitter_misc":{"Written by":"hudo","Est. reading time":"1 minuta"},"schema":{"@context":"https:\/\/schema.org","@graph":[{"@type":"Article","@id":"https:\/\/hudo.com\/si\/aktualno\/brazilski-predsednik-na-ulice-poslal-vojsko\/#article","isPartOf":{"@id":"https:\/\/hudo.com\/si\/aktualno\/brazilski-predsednik-na-ulice-poslal-vojsko\/"},"author":{"name":"hudo","@id":"https:\/\/hudo.com\/si\/#\/schema\/person\/601cf3379633985b20f7e50f2bb47707"},"headline":"Brazilski predsednik na ulice poslal vojsko","datePublished":"2017-05-25T03:28:00+00:00","dateModified":"2017-05-25T03:28:00+00:00","mainEntityOfPage":{"@id":"https:\/\/hudo.com\/si\/aktualno\/brazilski-predsednik-na-ulice-poslal-vojsko\/"},"wordCount":147,"publisher":{"@id":"https:\/\/hudo.com\/si\/#organization"},"articleSection":["Aktualno"],"inLanguage":"sl-SI"},{"@type":"WebPage","@id":"https:\/\/hudo.com\/si\/aktualno\/brazilski-predsednik-na-ulice-poslal-vojsko\/","url":"https:\/\/hudo.com\/si\/aktualno\/brazilski-predsednik-na-ulice-poslal-vojsko\/","name":"Brazilski predsednik na ulice poslal vojsko - Hudo Slovenija","isPartOf":{"@id":"https:\/\/hudo.com\/si\/#website"},"datePublished":"2017-05-25T03:28:00+00:00","dateModified":"2017-05-25T03:28:00+00:00","breadcrumb":{"@id":"https:\/\/hudo.com\/si\/aktualno\/brazilski-predsednik-na-ulice-poslal-vojsko\/#breadcrumb"},"inLanguage":"sl-SI","potentialAction":[{"@type":"ReadAction","target":["https:\/\/hudo.com\/si\/aktualno\/brazilski-predsednik-na-ulice-poslal-vojsko\/"]}]},{"@type":"BreadcrumbList","@id":"https:\/\/hudo.com\/si\/aktualno\/brazilski-predsednik-na-ulice-poslal-vojsko\/#breadcrumb","itemListElement":[{"@type":"ListItem","position":1,"name":"Home","item":"https:\/\/hudo.com\/si\/"},{"@type":"ListItem","position":2,"name":"Brazilski predsednik na ulice poslal vojsko"}]},{"@type":"WebSite","@id":"https:\/\/hudo.com\/si\/#website","url":"https:\/\/hudo.com\/si\/","name":"Hudo Slovenija","description":"Vse novice iz Slovenije in sveta","publisher":{"@id":"https:\/\/hudo.com\/si\/#organization"},"potentialAction":[{"@type":"SearchAction","target":{"@type":"EntryPoint","urlTemplate":"https:\/\/hudo.com\/si\/?s={search_term_string}"},"query-input":"required name=search_term_string"}],"inLanguage":"sl-SI"},{"@type":"Organization","@id":"https:\/\/hudo.com\/si\/#organization","name":"VSN Media","url":"https:\/\/hudo.com\/si\/","logo":{"@type":"ImageObject","inLanguage":"sl-SI","@id":"https:\/\/hudo.com\/si\/#\/schema\/logo\/image\/","url":"https:\/\/hudo.com\/si\/wp-content\/uploads\/sites\/2\/2021\/03\/hudo-app-2.png","contentUrl":"https:\/\/hudo.com\/si\/wp-content\/uploads\/sites\/2\/2021\/03\/hudo-app-2.png","width":2185,"height":2167,"caption":"VSN Media"},"image":{"@id":"https:\/\/hudo.com\/si\/#\/schema\/logo\/image\/"},"sameAs":["https:\/\/www.facebook.com\/hudo.si","https:\/\/twitter.com\/hudo_si"]},{"@type":"Person","@id":"https:\/\/hudo.com\/si\/#\/schema\/person\/601cf3379633985b20f7e50f2bb47707","name":"hudo","image":{"@type":"ImageObject","inLanguage":"sl-SI","@id":"https:\/\/hudo.com\/si\/#\/schema\/person\/image\/","url":"https:\/\/secure.gravatar.com\/avatar\/c4ca25fa72cace7a696b52ff5db9e095?s=96&d=mm&r=g","contentUrl":"https:\/\/secure.gravatar.com\/avatar\/c4ca25fa72cace7a696b52ff5db9e095?s=96&d=mm&r=g","caption":"hudo"},"url":"https:\/\/hudo.com\/si\/author\/hudo\/"}]}},"amp_enabled":true,"_links":{"self":[{"href":"https:\/\/hudo.com\/si\/wp-json\/wp\/v2\/posts\/258904"}],"collection":[{"href":"https:\/\/hudo.com\/si\/wp-json\/wp\/v2\/posts"}],"about":[{"href":"https:\/\/hudo.com\/si\/wp-json\/wp\/v2\/types\/post"}],"author":[{"embeddable":true,"href":"https:\/\/hudo.com\/si\/wp-json\/wp\/v2\/users\/1"}],"replies":[{"embeddable":true,"href":"https:\/\/hudo.com\/si\/wp-json\/wp\/v2\/comments?post=258904"}],"version-history":[{"count":0,"href":"https:\/\/hudo.com\/si\/wp-json\/wp\/v2\/posts\/258904\/revisions"}],"wp:attachment":[{"href":"https:\/\/hudo.com\/si\/wp-json\/wp\/v2\/media?parent=258904"}],"wp:term":[{"taxonomy":"category","embeddable":true,"href":"https:\/\/hudo.com\/si\/wp-json\/wp\/v2\/categories?post=258904"},{"taxonomy":"post_tag","embeddable":true,"href":"https:\/\/hudo.com\/si\/wp-json\/wp\/v2\/tags?post=258904"},{"taxonomy":"source","embeddable":true,"href":"https:\/\/hudo.com\/si\/wp-json\/wp\/v2\/source?post=258904"},{"taxonomy":"supertag","embeddable":true,"href":"https:\/\/hudo.com\/si\/wp-json\/wp\/v2\/supertag?post=258904"}],"curies":[{"name":"wp","href":"https:\/\/api.w.org\/{rel}","templated":true}]}}