{"id":258972,"date":"2017-05-25T07:00:00","date_gmt":"2017-05-25T05:00:00","guid":{"rendered":"http:\/\/hudo.com\/si\/2017\/05\/25\/na-hzs-idilicno-na-jesenicah-ne\/"},"modified":"2017-05-25T07:00:00","modified_gmt":"2017-05-25T05:00:00","slug":"na-hzs-idilicno-na-jesenicah-ne","status":"publish","type":"post","link":"https:\/\/hudo.com\/si\/aktualno\/na-hzs-idilicno-na-jesenicah-ne\/","title":{"rendered":"Na HZS idili\u010dno, na Jesenicah ne"},"content":{"rendered":"<p>Kategorija: Hokej Thu, 25 May 2017 09:00:00 +0200  Ljubljana \u2013 Oddaljujejo se \u010dasi, ko so se zasedanja letne skup\u0161\u010dine Hokejske zveze Slovenije raztegnila v ve\u010durne razprave, prepire, prekinitve in brezplodna natolcevanja. Tudi v\u010deraj\u0161nje sre\u010danje je minilo mirno, kot vedno Matja\u017e Rakovec, prvi mo\u017e zveze, razgrinja optimizem, \u010detudi brezskrbnosti glede slovenske hokejske scene zagotovo ni. Nekaj smernic o prihodnosti iz svojega zornega kota je Rakovec pred dnevi razkril v pogovoru za na\u0161 \u010dasnik ob koncu svetovnega prvenstva, podobno vsebino je ponudil v\u010deraj na dobro zasedenem zboru \u2013 med 26 delegati se jih je tokrat v Tivoliju zbralo 23. Ti so pozorno prisluhnili pri\u010dakovanim poro\u010dilom brez senzacionalnih novic. Rakovec je omenjal \u00bbzadovoljivo\u00ab poslovanje, pritrdil mu je tudi dolgoletni hokejski delavec Brane Terglav, ki v zadnjih letih pri zvezi skrbi za nadzor, tudi sam je omenil pove\u010dane stro\u0161ke delovanja v prej\u0161njem\u00a0&#8230;<\/p>\n","protected":false},"excerpt":{"rendered":"<p>Kategorija: Hokej Thu, 25 May 2017 09:00:00 +0200  Ljubljana \u2013 Oddaljujejo se \u010dasi, ko so se zasedanja letne skup\u0161\u010dine Hokejske zveze Slovenije raztegnila v ve\u010durne razprave, prepire, prekinitve in brezplodna natolcevanja. Tudi v\u010deraj\u0161nje sre\u010danje je minilo mirno, kot vedno Matja\u017e Rakovec, prvi mo\u017e zveze, razgrinja optimizem, \u010detudi brezskrbnosti glede slovenske hokejske scene zagotovo ni. Nekaj smernic o prihodnosti iz svojega zornega kota je Rakovec pred dnevi razkril v pogovoru za na\u0161 \u010dasnik ob koncu svetovnega prvenstva, podobno vsebino je ponudil v\u010deraj na dobro zasedenem zboru \u2013 med 26 delegati se jih je tokrat v Tivoliju zbralo 23. Ti so pozorno prisluhnili pri\u010dakovanim poro\u010dilom brez senzacionalnih novic. Rakovec je omenjal \u00bbzadovoljivo\u00ab poslovanje, pritrdil mu je tudi dolgoletni hokejski delavec Brane Terglav, ki v zadnjih letih pri zvezi skrbi za nadzor, tudi sam je omenil pove\u010dane stro\u0161ke delovanja v prej\u0161njem\u00a0&#8230;<\/p>\n","protected":false},"author":1,"featured_media":0,"comment_status":"closed","ping_status":"closed","sticky":false,"template":"","format":"standard","meta":{"footnotes":""},"categories":[1179],"tags":[],"source":[1703],"supertag":[],"acf":[],"yoast_head":"<!-- This site is optimized with the Yoast SEO plugin v21.3 - https:\/\/yoast.com\/wordpress\/plugins\/seo\/ -->\n<title>Na HZS idili\u010dno, na Jesenicah ne - Hudo Slovenija<\/title>\n<meta name=\"robots\" content=\"index, follow, max-snippet:-1, max-image-preview:large, max-video-preview:-1\" \/>\n<link rel=\"canonical\" href=\"https:\/\/hudo.com\/si\/aktualno\/na-hzs-idilicno-na-jesenicah-ne\/\" \/>\n<meta property=\"og:locale\" content=\"sl_SI\" \/>\n<meta property=\"og:type\" content=\"article\" \/>\n<meta property=\"og:title\" content=\"Na HZS idili\u010dno, na Jesenicah ne - Hudo Slovenija\" \/>\n<meta property=\"og:description\" content=\"Kategorija: Hokej Thu, 25 May 2017 09:00:00 +0200 Ljubljana \u2013 Oddaljujejo se \u010dasi, ko so se zasedanja letne skup\u0161\u010dine Hokejske zveze Slovenije raztegnila v ve\u010durne razprave, prepire, prekinitve in brezplodna natolcevanja. Tudi v\u010deraj\u0161nje sre\u010danje je minilo mirno, kot vedno Matja\u017e Rakovec, prvi mo\u017e zveze, razgrinja optimizem, \u010detudi brezskrbnosti glede slovenske hokejske scene zagotovo ni. Nekaj smernic o prihodnosti iz svojega zornega kota je Rakovec pred dnevi razkril v pogovoru za na\u0161 \u010dasnik ob koncu svetovnega prvenstva, podobno vsebino je ponudil v\u010deraj na dobro zasedenem zboru \u2013 med 26 delegati se jih je tokrat v Tivoliju zbralo 23. Ti so pozorno prisluhnili pri\u010dakovanim poro\u010dilom brez senzacionalnih novic. Rakovec je omenjal \u00bbzadovoljivo\u00ab poslovanje, pritrdil mu je tudi dolgoletni hokejski delavec Brane Terglav, ki v zadnjih letih pri zvezi skrbi za nadzor, tudi sam je omenil pove\u010dane stro\u0161ke delovanja v prej\u0161njem\u00a0...\" \/>\n<meta property=\"og:url\" content=\"https:\/\/hudo.com\/si\/aktualno\/na-hzs-idilicno-na-jesenicah-ne\/\" \/>\n<meta property=\"og:site_name\" content=\"Hudo Slovenija\" \/>\n<meta property=\"article:publisher\" content=\"https:\/\/www.facebook.com\/hudo.si\" \/>\n<meta property=\"article:published_time\" content=\"2017-05-25T05:00:00+00:00\" \/>\n<meta property=\"og:image\" content=\"https:\/\/hudo.com\/si\/wp-content\/uploads\/sites\/2\/2017\/05\/480x290_Sport__djvu_774193_sinisa_a_hires0.jpeg\" \/>\n\t<meta property=\"og:image:width\" content=\"480\" \/>\n\t<meta property=\"og:image:height\" content=\"290\" \/>\n\t<meta property=\"og:image:type\" content=\"image\/jpeg\" \/>\n<meta name=\"author\" content=\"hudo\" \/>\n<meta name=\"twitter:card\" content=\"summary_large_image\" \/>\n<meta name=\"twitter:creator\" content=\"@hudo_si\" \/>\n<meta name=\"twitter:site\" content=\"@hudo_si\" \/>\n<meta name=\"twitter:label1\" content=\"Written by\" \/>\n\t<meta name=\"twitter:data1\" content=\"hudo\" \/>\n\t<meta name=\"twitter:label2\" content=\"Est. reading time\" \/>\n\t<meta name=\"twitter:data2\" content=\"1 minuta\" \/>\n<script type=\"application\/ld+json\" class=\"yoast-schema-graph\">{\"@context\":\"https:\/\/schema.org\",\"@graph\":[{\"@type\":\"Article\",\"@id\":\"https:\/\/hudo.com\/si\/aktualno\/na-hzs-idilicno-na-jesenicah-ne\/#article\",\"isPartOf\":{\"@id\":\"https:\/\/hudo.com\/si\/aktualno\/na-hzs-idilicno-na-jesenicah-ne\/\"},\"author\":{\"name\":\"hudo\",\"@id\":\"https:\/\/hudo.com\/si\/#\/schema\/person\/601cf3379633985b20f7e50f2bb47707\"},\"headline\":\"Na HZS idili\u010dno, na Jesenicah ne\",\"datePublished\":\"2017-05-25T05:00:00+00:00\",\"dateModified\":\"2017-05-25T05:00:00+00:00\",\"mainEntityOfPage\":{\"@id\":\"https:\/\/hudo.com\/si\/aktualno\/na-hzs-idilicno-na-jesenicah-ne\/\"},\"wordCount\":148,\"publisher\":{\"@id\":\"https:\/\/hudo.com\/si\/#organization\"},\"articleSection\":[\"Aktualno\"],\"inLanguage\":\"sl-SI\"},{\"@type\":\"WebPage\",\"@id\":\"https:\/\/hudo.com\/si\/aktualno\/na-hzs-idilicno-na-jesenicah-ne\/\",\"url\":\"https:\/\/hudo.com\/si\/aktualno\/na-hzs-idilicno-na-jesenicah-ne\/\",\"name\":\"Na HZS idili\u010dno, na Jesenicah ne - Hudo Slovenija\",\"isPartOf\":{\"@id\":\"https:\/\/hudo.com\/si\/#website\"},\"datePublished\":\"2017-05-25T05:00:00+00:00\",\"dateModified\":\"2017-05-25T05:00:00+00:00\",\"breadcrumb\":{\"@id\":\"https:\/\/hudo.com\/si\/aktualno\/na-hzs-idilicno-na-jesenicah-ne\/#breadcrumb\"},\"inLanguage\":\"sl-SI\",\"potentialAction\":[{\"@type\":\"ReadAction\",\"target\":[\"https:\/\/hudo.com\/si\/aktualno\/na-hzs-idilicno-na-jesenicah-ne\/\"]}]},{\"@type\":\"BreadcrumbList\",\"@id\":\"https:\/\/hudo.com\/si\/aktualno\/na-hzs-idilicno-na-jesenicah-ne\/#breadcrumb\",\"itemListElement\":[{\"@type\":\"ListItem\",\"position\":1,\"name\":\"Home\",\"item\":\"https:\/\/hudo.com\/si\/\"},{\"@type\":\"ListItem\",\"position\":2,\"name\":\"Na HZS idili\u010dno, na Jesenicah ne\"}]},{\"@type\":\"WebSite\",\"@id\":\"https:\/\/hudo.com\/si\/#website\",\"url\":\"https:\/\/hudo.com\/si\/\",\"name\":\"Hudo Slovenija\",\"description\":\"Vse novice iz Slovenije in sveta\",\"publisher\":{\"@id\":\"https:\/\/hudo.com\/si\/#organization\"},\"potentialAction\":[{\"@type\":\"SearchAction\",\"target\":{\"@type\":\"EntryPoint\",\"urlTemplate\":\"https:\/\/hudo.com\/si\/?s={search_term_string}\"},\"query-input\":\"required name=search_term_string\"}],\"inLanguage\":\"sl-SI\"},{\"@type\":\"Organization\",\"@id\":\"https:\/\/hudo.com\/si\/#organization\",\"name\":\"VSN Media\",\"url\":\"https:\/\/hudo.com\/si\/\",\"logo\":{\"@type\":\"ImageObject\",\"inLanguage\":\"sl-SI\",\"@id\":\"https:\/\/hudo.com\/si\/#\/schema\/logo\/image\/\",\"url\":\"https:\/\/hudo.com\/si\/wp-content\/uploads\/sites\/2\/2021\/03\/hudo-app-2.png\",\"contentUrl\":\"https:\/\/hudo.com\/si\/wp-content\/uploads\/sites\/2\/2021\/03\/hudo-app-2.png\",\"width\":2185,\"height\":2167,\"caption\":\"VSN Media\"},\"image\":{\"@id\":\"https:\/\/hudo.com\/si\/#\/schema\/logo\/image\/\"},\"sameAs\":[\"https:\/\/www.facebook.com\/hudo.si\",\"https:\/\/twitter.com\/hudo_si\"]},{\"@type\":\"Person\",\"@id\":\"https:\/\/hudo.com\/si\/#\/schema\/person\/601cf3379633985b20f7e50f2bb47707\",\"name\":\"hudo\",\"image\":{\"@type\":\"ImageObject\",\"inLanguage\":\"sl-SI\",\"@id\":\"https:\/\/hudo.com\/si\/#\/schema\/person\/image\/\",\"url\":\"https:\/\/secure.gravatar.com\/avatar\/c4ca25fa72cace7a696b52ff5db9e095?s=96&d=mm&r=g\",\"contentUrl\":\"https:\/\/secure.gravatar.com\/avatar\/c4ca25fa72cace7a696b52ff5db9e095?s=96&d=mm&r=g\",\"caption\":\"hudo\"},\"url\":\"https:\/\/hudo.com\/si\/author\/hudo\/\"}]}<\/script>\n<!-- \/ Yoast SEO plugin. -->","yoast_head_json":{"title":"Na HZS idili\u010dno, na Jesenicah ne - Hudo Slovenija","robots":{"index":"index","follow":"follow","max-snippet":"max-snippet:-1","max-image-preview":"max-image-preview:large","max-video-preview":"max-video-preview:-1"},"canonical":"https:\/\/hudo.com\/si\/aktualno\/na-hzs-idilicno-na-jesenicah-ne\/","og_locale":"sl_SI","og_type":"article","og_title":"Na HZS idili\u010dno, na Jesenicah ne - Hudo Slovenija","og_description":"Kategorija: Hokej Thu, 25 May 2017 09:00:00 +0200 Ljubljana \u2013 Oddaljujejo se \u010dasi, ko so se zasedanja letne skup\u0161\u010dine Hokejske zveze Slovenije raztegnila v ve\u010durne razprave, prepire, prekinitve in brezplodna natolcevanja. Tudi v\u010deraj\u0161nje sre\u010danje je minilo mirno, kot vedno Matja\u017e Rakovec, prvi mo\u017e zveze, razgrinja optimizem, \u010detudi brezskrbnosti glede slovenske hokejske scene zagotovo ni. Nekaj smernic o prihodnosti iz svojega zornega kota je Rakovec pred dnevi razkril v pogovoru za na\u0161 \u010dasnik ob koncu svetovnega prvenstva, podobno vsebino je ponudil v\u010deraj na dobro zasedenem zboru \u2013 med 26 delegati se jih je tokrat v Tivoliju zbralo 23. Ti so pozorno prisluhnili pri\u010dakovanim poro\u010dilom brez senzacionalnih novic. Rakovec je omenjal \u00bbzadovoljivo\u00ab poslovanje, pritrdil mu je tudi dolgoletni hokejski delavec Brane Terglav, ki v zadnjih letih pri zvezi skrbi za nadzor, tudi sam je omenil pove\u010dane stro\u0161ke delovanja v prej\u0161njem\u00a0...","og_url":"https:\/\/hudo.com\/si\/aktualno\/na-hzs-idilicno-na-jesenicah-ne\/","og_site_name":"Hudo Slovenija","article_publisher":"https:\/\/www.facebook.com\/hudo.si","article_published_time":"2017-05-25T05:00:00+00:00","og_image":[{"width":480,"height":290,"url":"https:\/\/hudo.com\/si\/wp-content\/uploads\/sites\/2\/2017\/05\/480x290_Sport__djvu_774193_sinisa_a_hires0.jpeg","type":"image\/jpeg"}],"author":"hudo","twitter_card":"summary_large_image","twitter_creator":"@hudo_si","twitter_site":"@hudo_si","twitter_misc":{"Written by":"hudo","Est. reading time":"1 minuta"},"schema":{"@context":"https:\/\/schema.org","@graph":[{"@type":"Article","@id":"https:\/\/hudo.com\/si\/aktualno\/na-hzs-idilicno-na-jesenicah-ne\/#article","isPartOf":{"@id":"https:\/\/hudo.com\/si\/aktualno\/na-hzs-idilicno-na-jesenicah-ne\/"},"author":{"name":"hudo","@id":"https:\/\/hudo.com\/si\/#\/schema\/person\/601cf3379633985b20f7e50f2bb47707"},"headline":"Na HZS idili\u010dno, na Jesenicah ne","datePublished":"2017-05-25T05:00:00+00:00","dateModified":"2017-05-25T05:00:00+00:00","mainEntityOfPage":{"@id":"https:\/\/hudo.com\/si\/aktualno\/na-hzs-idilicno-na-jesenicah-ne\/"},"wordCount":148,"publisher":{"@id":"https:\/\/hudo.com\/si\/#organization"},"articleSection":["Aktualno"],"inLanguage":"sl-SI"},{"@type":"WebPage","@id":"https:\/\/hudo.com\/si\/aktualno\/na-hzs-idilicno-na-jesenicah-ne\/","url":"https:\/\/hudo.com\/si\/aktualno\/na-hzs-idilicno-na-jesenicah-ne\/","name":"Na HZS idili\u010dno, na Jesenicah ne - Hudo Slovenija","isPartOf":{"@id":"https:\/\/hudo.com\/si\/#website"},"datePublished":"2017-05-25T05:00:00+00:00","dateModified":"2017-05-25T05:00:00+00:00","breadcrumb":{"@id":"https:\/\/hudo.com\/si\/aktualno\/na-hzs-idilicno-na-jesenicah-ne\/#breadcrumb"},"inLanguage":"sl-SI","potentialAction":[{"@type":"ReadAction","target":["https:\/\/hudo.com\/si\/aktualno\/na-hzs-idilicno-na-jesenicah-ne\/"]}]},{"@type":"BreadcrumbList","@id":"https:\/\/hudo.com\/si\/aktualno\/na-hzs-idilicno-na-jesenicah-ne\/#breadcrumb","itemListElement":[{"@type":"ListItem","position":1,"name":"Home","item":"https:\/\/hudo.com\/si\/"},{"@type":"ListItem","position":2,"name":"Na HZS idili\u010dno, na Jesenicah ne"}]},{"@type":"WebSite","@id":"https:\/\/hudo.com\/si\/#website","url":"https:\/\/hudo.com\/si\/","name":"Hudo Slovenija","description":"Vse novice iz Slovenije in sveta","publisher":{"@id":"https:\/\/hudo.com\/si\/#organization"},"potentialAction":[{"@type":"SearchAction","target":{"@type":"EntryPoint","urlTemplate":"https:\/\/hudo.com\/si\/?s={search_term_string}"},"query-input":"required name=search_term_string"}],"inLanguage":"sl-SI"},{"@type":"Organization","@id":"https:\/\/hudo.com\/si\/#organization","name":"VSN Media","url":"https:\/\/hudo.com\/si\/","logo":{"@type":"ImageObject","inLanguage":"sl-SI","@id":"https:\/\/hudo.com\/si\/#\/schema\/logo\/image\/","url":"https:\/\/hudo.com\/si\/wp-content\/uploads\/sites\/2\/2021\/03\/hudo-app-2.png","contentUrl":"https:\/\/hudo.com\/si\/wp-content\/uploads\/sites\/2\/2021\/03\/hudo-app-2.png","width":2185,"height":2167,"caption":"VSN Media"},"image":{"@id":"https:\/\/hudo.com\/si\/#\/schema\/logo\/image\/"},"sameAs":["https:\/\/www.facebook.com\/hudo.si","https:\/\/twitter.com\/hudo_si"]},{"@type":"Person","@id":"https:\/\/hudo.com\/si\/#\/schema\/person\/601cf3379633985b20f7e50f2bb47707","name":"hudo","image":{"@type":"ImageObject","inLanguage":"sl-SI","@id":"https:\/\/hudo.com\/si\/#\/schema\/person\/image\/","url":"https:\/\/secure.gravatar.com\/avatar\/c4ca25fa72cace7a696b52ff5db9e095?s=96&d=mm&r=g","contentUrl":"https:\/\/secure.gravatar.com\/avatar\/c4ca25fa72cace7a696b52ff5db9e095?s=96&d=mm&r=g","caption":"hudo"},"url":"https:\/\/hudo.com\/si\/author\/hudo\/"}]}},"amp_enabled":true,"_links":{"self":[{"href":"https:\/\/hudo.com\/si\/wp-json\/wp\/v2\/posts\/258972"}],"collection":[{"href":"https:\/\/hudo.com\/si\/wp-json\/wp\/v2\/posts"}],"about":[{"href":"https:\/\/hudo.com\/si\/wp-json\/wp\/v2\/types\/post"}],"author":[{"embeddable":true,"href":"https:\/\/hudo.com\/si\/wp-json\/wp\/v2\/users\/1"}],"replies":[{"embeddable":true,"href":"https:\/\/hudo.com\/si\/wp-json\/wp\/v2\/comments?post=258972"}],"version-history":[{"count":0,"href":"https:\/\/hudo.com\/si\/wp-json\/wp\/v2\/posts\/258972\/revisions"}],"wp:attachment":[{"href":"https:\/\/hudo.com\/si\/wp-json\/wp\/v2\/media?parent=258972"}],"wp:term":[{"taxonomy":"category","embeddable":true,"href":"https:\/\/hudo.com\/si\/wp-json\/wp\/v2\/categories?post=258972"},{"taxonomy":"post_tag","embeddable":true,"href":"https:\/\/hudo.com\/si\/wp-json\/wp\/v2\/tags?post=258972"},{"taxonomy":"source","embeddable":true,"href":"https:\/\/hudo.com\/si\/wp-json\/wp\/v2\/source?post=258972"},{"taxonomy":"supertag","embeddable":true,"href":"https:\/\/hudo.com\/si\/wp-json\/wp\/v2\/supertag?post=258972"}],"curies":[{"name":"wp","href":"https:\/\/api.w.org\/{rel}","templated":true}]}}