{"id":259002,"date":"2017-05-25T08:05:00","date_gmt":"2017-05-25T06:05:00","guid":{"rendered":"http:\/\/hudo.com\/si\/2017\/05\/25\/markotic-zaokroza-gorenjev-kader-za-prihodnjo-sezono\/"},"modified":"2017-05-25T08:05:00","modified_gmt":"2017-05-25T06:05:00","slug":"markotic-zaokroza-gorenjev-kader-za-prihodnjo-sezono","status":"publish","type":"post","link":"https:\/\/hudo.com\/si\/aktualno\/markotic-zaokroza-gorenjev-kader-za-prihodnjo-sezono\/","title":{"rendered":"Markoti\u0107 zaokro\u017ea Gorenjev kader za prihodnjo sezono"},"content":{"rendered":"<p>Kategorija: Rokomet Thu, 25 May 2017 10:05:00 +0200  Velenje &#8211; Slovenski rokometni prvoliga\u0161 Gorenje se je okrepil s predvidoma \u0161e zadnjim novincem za prihodnjo sezono. Poleti se bo mo\u0161tvu pridru\u017eil 27-letni hrva\u0161ki desni zunanji igralec Robert Markoti\u0107, ki je s klubom sklenil enoletno sodelovanje z mo\u017enostjo podalj\u0161anja \u0161e za dodatno leto. Pred njim je prihodnji trener Velenj\u010danov \u017deljko Babi\u0107 na seznam okrepitev dodal \u0161e slovenskega reprezentanta Jana Grebenca iz Rika Ribnice in \u010crnogorca \u017darka Pejovi\u0107a. Tako kot slednji je tudi 193 centimetrov visoki levi\u010dar Markoti\u0107 v mladih letih vpisal enak reprezentan\u010dni uspeh: s hrva\u0161ko zasedbo do 19 let se je namre\u010d leta 2009 v Tuniziji dokopal do naslova svetovnega prvaka. Svojo \u0161portno pot je za\u010del v rodnem \u0110akovu, od koder ga je na pragu polnoletnosti pot vodila v Na\u0161ice, kjer je ostal pet let, v sezoni 2013\/14 pa je\u00a0&#8230;<\/p>\n","protected":false},"excerpt":{"rendered":"<p>Kategorija: Rokomet Thu, 25 May 2017 10:05:00 +0200  Velenje &#8211; Slovenski rokometni prvoliga\u0161 Gorenje se je okrepil s predvidoma \u0161e zadnjim novincem za prihodnjo sezono. Poleti se bo mo\u0161tvu pridru\u017eil 27-letni hrva\u0161ki desni zunanji igralec Robert Markoti\u0107, ki je s klubom sklenil enoletno sodelovanje z mo\u017enostjo podalj\u0161anja \u0161e za dodatno leto. Pred njim je prihodnji trener Velenj\u010danov \u017deljko Babi\u0107 na seznam okrepitev dodal \u0161e slovenskega reprezentanta Jana Grebenca iz Rika Ribnice in \u010crnogorca \u017darka Pejovi\u0107a. Tako kot slednji je tudi 193 centimetrov visoki levi\u010dar Markoti\u0107 v mladih letih vpisal enak reprezentan\u010dni uspeh: s hrva\u0161ko zasedbo do 19 let se je namre\u010d leta 2009 v Tuniziji dokopal do naslova svetovnega prvaka. Svojo \u0161portno pot je za\u010del v rodnem \u0110akovu, od koder ga je na pragu polnoletnosti pot vodila v Na\u0161ice, kjer je ostal pet let, v sezoni 2013\/14 pa je\u00a0&#8230;<\/p>\n","protected":false},"author":1,"featured_media":0,"comment_status":"closed","ping_status":"closed","sticky":false,"template":"","format":"standard","meta":{"footnotes":""},"categories":[1179],"tags":[],"source":[1703],"supertag":[],"acf":[],"yoast_head":"<!-- This site is optimized with the Yoast SEO plugin v21.3 - https:\/\/yoast.com\/wordpress\/plugins\/seo\/ -->\n<title>Markoti\u0107 zaokro\u017ea Gorenjev kader za prihodnjo sezono - Hudo Slovenija<\/title>\n<meta name=\"robots\" content=\"index, follow, max-snippet:-1, max-image-preview:large, max-video-preview:-1\" \/>\n<link rel=\"canonical\" href=\"https:\/\/hudo.com\/si\/aktualno\/markotic-zaokroza-gorenjev-kader-za-prihodnjo-sezono\/\" \/>\n<meta property=\"og:locale\" content=\"sl_SI\" \/>\n<meta property=\"og:type\" content=\"article\" \/>\n<meta property=\"og:title\" content=\"Markoti\u0107 zaokro\u017ea Gorenjev kader za prihodnjo sezono - Hudo Slovenija\" \/>\n<meta property=\"og:description\" content=\"Kategorija: Rokomet Thu, 25 May 2017 10:05:00 +0200 Velenje - Slovenski rokometni prvoliga\u0161 Gorenje se je okrepil s predvidoma \u0161e zadnjim novincem za prihodnjo sezono. Poleti se bo mo\u0161tvu pridru\u017eil 27-letni hrva\u0161ki desni zunanji igralec Robert Markoti\u0107, ki je s klubom sklenil enoletno sodelovanje z mo\u017enostjo podalj\u0161anja \u0161e za dodatno leto. Pred njim je prihodnji trener Velenj\u010danov \u017deljko Babi\u0107 na seznam okrepitev dodal \u0161e slovenskega reprezentanta Jana Grebenca iz Rika Ribnice in \u010crnogorca \u017darka Pejovi\u0107a. Tako kot slednji je tudi 193 centimetrov visoki levi\u010dar Markoti\u0107 v mladih letih vpisal enak reprezentan\u010dni uspeh: s hrva\u0161ko zasedbo do 19 let se je namre\u010d leta 2009 v Tuniziji dokopal do naslova svetovnega prvaka. Svojo \u0161portno pot je za\u010del v rodnem \u0110akovu, od koder ga je na pragu polnoletnosti pot vodila v Na\u0161ice, kjer je ostal pet let, v sezoni 2013\/14 pa je\u00a0...\" \/>\n<meta property=\"og:url\" content=\"https:\/\/hudo.com\/si\/aktualno\/markotic-zaokroza-gorenjev-kader-za-prihodnjo-sezono\/\" \/>\n<meta property=\"og:site_name\" content=\"Hudo Slovenija\" \/>\n<meta property=\"article:publisher\" content=\"https:\/\/www.facebook.com\/hudo.si\" \/>\n<meta property=\"article:published_time\" content=\"2017-05-25T06:05:00+00:00\" \/>\n<meta property=\"og:image\" content=\"https:\/\/hudo.com\/si\/wp-content\/uploads\/sites\/2\/2017\/05\/480x290_Delo_Foto-20170525100357-19650600.jpeg\" \/>\n\t<meta property=\"og:image:width\" content=\"480\" \/>\n\t<meta property=\"og:image:height\" content=\"290\" \/>\n\t<meta property=\"og:image:type\" content=\"image\/jpeg\" \/>\n<meta name=\"author\" content=\"hudo\" \/>\n<meta name=\"twitter:card\" content=\"summary_large_image\" \/>\n<meta name=\"twitter:creator\" content=\"@hudo_si\" \/>\n<meta name=\"twitter:site\" content=\"@hudo_si\" \/>\n<meta name=\"twitter:label1\" content=\"Written by\" \/>\n\t<meta name=\"twitter:data1\" content=\"hudo\" \/>\n\t<meta name=\"twitter:label2\" content=\"Est. reading time\" \/>\n\t<meta name=\"twitter:data2\" content=\"1 minuta\" \/>\n<script type=\"application\/ld+json\" class=\"yoast-schema-graph\">{\"@context\":\"https:\/\/schema.org\",\"@graph\":[{\"@type\":\"Article\",\"@id\":\"https:\/\/hudo.com\/si\/aktualno\/markotic-zaokroza-gorenjev-kader-za-prihodnjo-sezono\/#article\",\"isPartOf\":{\"@id\":\"https:\/\/hudo.com\/si\/aktualno\/markotic-zaokroza-gorenjev-kader-za-prihodnjo-sezono\/\"},\"author\":{\"name\":\"hudo\",\"@id\":\"https:\/\/hudo.com\/si\/#\/schema\/person\/601cf3379633985b20f7e50f2bb47707\"},\"headline\":\"Markoti\u0107 zaokro\u017ea Gorenjev kader za prihodnjo sezono\",\"datePublished\":\"2017-05-25T06:05:00+00:00\",\"dateModified\":\"2017-05-25T06:05:00+00:00\",\"mainEntityOfPage\":{\"@id\":\"https:\/\/hudo.com\/si\/aktualno\/markotic-zaokroza-gorenjev-kader-za-prihodnjo-sezono\/\"},\"wordCount\":151,\"publisher\":{\"@id\":\"https:\/\/hudo.com\/si\/#organization\"},\"articleSection\":[\"Aktualno\"],\"inLanguage\":\"sl-SI\"},{\"@type\":\"WebPage\",\"@id\":\"https:\/\/hudo.com\/si\/aktualno\/markotic-zaokroza-gorenjev-kader-za-prihodnjo-sezono\/\",\"url\":\"https:\/\/hudo.com\/si\/aktualno\/markotic-zaokroza-gorenjev-kader-za-prihodnjo-sezono\/\",\"name\":\"Markoti\u0107 zaokro\u017ea Gorenjev kader za prihodnjo sezono - Hudo Slovenija\",\"isPartOf\":{\"@id\":\"https:\/\/hudo.com\/si\/#website\"},\"datePublished\":\"2017-05-25T06:05:00+00:00\",\"dateModified\":\"2017-05-25T06:05:00+00:00\",\"breadcrumb\":{\"@id\":\"https:\/\/hudo.com\/si\/aktualno\/markotic-zaokroza-gorenjev-kader-za-prihodnjo-sezono\/#breadcrumb\"},\"inLanguage\":\"sl-SI\",\"potentialAction\":[{\"@type\":\"ReadAction\",\"target\":[\"https:\/\/hudo.com\/si\/aktualno\/markotic-zaokroza-gorenjev-kader-za-prihodnjo-sezono\/\"]}]},{\"@type\":\"BreadcrumbList\",\"@id\":\"https:\/\/hudo.com\/si\/aktualno\/markotic-zaokroza-gorenjev-kader-za-prihodnjo-sezono\/#breadcrumb\",\"itemListElement\":[{\"@type\":\"ListItem\",\"position\":1,\"name\":\"Home\",\"item\":\"https:\/\/hudo.com\/si\/\"},{\"@type\":\"ListItem\",\"position\":2,\"name\":\"Markoti\u0107 zaokro\u017ea Gorenjev kader za prihodnjo sezono\"}]},{\"@type\":\"WebSite\",\"@id\":\"https:\/\/hudo.com\/si\/#website\",\"url\":\"https:\/\/hudo.com\/si\/\",\"name\":\"Hudo Slovenija\",\"description\":\"Vse novice iz Slovenije in sveta\",\"publisher\":{\"@id\":\"https:\/\/hudo.com\/si\/#organization\"},\"potentialAction\":[{\"@type\":\"SearchAction\",\"target\":{\"@type\":\"EntryPoint\",\"urlTemplate\":\"https:\/\/hudo.com\/si\/?s={search_term_string}\"},\"query-input\":\"required name=search_term_string\"}],\"inLanguage\":\"sl-SI\"},{\"@type\":\"Organization\",\"@id\":\"https:\/\/hudo.com\/si\/#organization\",\"name\":\"VSN Media\",\"url\":\"https:\/\/hudo.com\/si\/\",\"logo\":{\"@type\":\"ImageObject\",\"inLanguage\":\"sl-SI\",\"@id\":\"https:\/\/hudo.com\/si\/#\/schema\/logo\/image\/\",\"url\":\"https:\/\/hudo.com\/si\/wp-content\/uploads\/sites\/2\/2021\/03\/hudo-app-2.png\",\"contentUrl\":\"https:\/\/hudo.com\/si\/wp-content\/uploads\/sites\/2\/2021\/03\/hudo-app-2.png\",\"width\":2185,\"height\":2167,\"caption\":\"VSN Media\"},\"image\":{\"@id\":\"https:\/\/hudo.com\/si\/#\/schema\/logo\/image\/\"},\"sameAs\":[\"https:\/\/www.facebook.com\/hudo.si\",\"https:\/\/twitter.com\/hudo_si\"]},{\"@type\":\"Person\",\"@id\":\"https:\/\/hudo.com\/si\/#\/schema\/person\/601cf3379633985b20f7e50f2bb47707\",\"name\":\"hudo\",\"image\":{\"@type\":\"ImageObject\",\"inLanguage\":\"sl-SI\",\"@id\":\"https:\/\/hudo.com\/si\/#\/schema\/person\/image\/\",\"url\":\"https:\/\/secure.gravatar.com\/avatar\/c4ca25fa72cace7a696b52ff5db9e095?s=96&d=mm&r=g\",\"contentUrl\":\"https:\/\/secure.gravatar.com\/avatar\/c4ca25fa72cace7a696b52ff5db9e095?s=96&d=mm&r=g\",\"caption\":\"hudo\"},\"url\":\"https:\/\/hudo.com\/si\/author\/hudo\/\"}]}<\/script>\n<!-- \/ Yoast SEO plugin. -->","yoast_head_json":{"title":"Markoti\u0107 zaokro\u017ea Gorenjev kader za prihodnjo sezono - Hudo Slovenija","robots":{"index":"index","follow":"follow","max-snippet":"max-snippet:-1","max-image-preview":"max-image-preview:large","max-video-preview":"max-video-preview:-1"},"canonical":"https:\/\/hudo.com\/si\/aktualno\/markotic-zaokroza-gorenjev-kader-za-prihodnjo-sezono\/","og_locale":"sl_SI","og_type":"article","og_title":"Markoti\u0107 zaokro\u017ea Gorenjev kader za prihodnjo sezono - Hudo Slovenija","og_description":"Kategorija: Rokomet Thu, 25 May 2017 10:05:00 +0200 Velenje - Slovenski rokometni prvoliga\u0161 Gorenje se je okrepil s predvidoma \u0161e zadnjim novincem za prihodnjo sezono. Poleti se bo mo\u0161tvu pridru\u017eil 27-letni hrva\u0161ki desni zunanji igralec Robert Markoti\u0107, ki je s klubom sklenil enoletno sodelovanje z mo\u017enostjo podalj\u0161anja \u0161e za dodatno leto. Pred njim je prihodnji trener Velenj\u010danov \u017deljko Babi\u0107 na seznam okrepitev dodal \u0161e slovenskega reprezentanta Jana Grebenca iz Rika Ribnice in \u010crnogorca \u017darka Pejovi\u0107a. Tako kot slednji je tudi 193 centimetrov visoki levi\u010dar Markoti\u0107 v mladih letih vpisal enak reprezentan\u010dni uspeh: s hrva\u0161ko zasedbo do 19 let se je namre\u010d leta 2009 v Tuniziji dokopal do naslova svetovnega prvaka. Svojo \u0161portno pot je za\u010del v rodnem \u0110akovu, od koder ga je na pragu polnoletnosti pot vodila v Na\u0161ice, kjer je ostal pet let, v sezoni 2013\/14 pa je\u00a0...","og_url":"https:\/\/hudo.com\/si\/aktualno\/markotic-zaokroza-gorenjev-kader-za-prihodnjo-sezono\/","og_site_name":"Hudo Slovenija","article_publisher":"https:\/\/www.facebook.com\/hudo.si","article_published_time":"2017-05-25T06:05:00+00:00","og_image":[{"width":480,"height":290,"url":"https:\/\/hudo.com\/si\/wp-content\/uploads\/sites\/2\/2017\/05\/480x290_Delo_Foto-20170525100357-19650600.jpeg","type":"image\/jpeg"}],"author":"hudo","twitter_card":"summary_large_image","twitter_creator":"@hudo_si","twitter_site":"@hudo_si","twitter_misc":{"Written by":"hudo","Est. reading time":"1 minuta"},"schema":{"@context":"https:\/\/schema.org","@graph":[{"@type":"Article","@id":"https:\/\/hudo.com\/si\/aktualno\/markotic-zaokroza-gorenjev-kader-za-prihodnjo-sezono\/#article","isPartOf":{"@id":"https:\/\/hudo.com\/si\/aktualno\/markotic-zaokroza-gorenjev-kader-za-prihodnjo-sezono\/"},"author":{"name":"hudo","@id":"https:\/\/hudo.com\/si\/#\/schema\/person\/601cf3379633985b20f7e50f2bb47707"},"headline":"Markoti\u0107 zaokro\u017ea Gorenjev kader za prihodnjo sezono","datePublished":"2017-05-25T06:05:00+00:00","dateModified":"2017-05-25T06:05:00+00:00","mainEntityOfPage":{"@id":"https:\/\/hudo.com\/si\/aktualno\/markotic-zaokroza-gorenjev-kader-za-prihodnjo-sezono\/"},"wordCount":151,"publisher":{"@id":"https:\/\/hudo.com\/si\/#organization"},"articleSection":["Aktualno"],"inLanguage":"sl-SI"},{"@type":"WebPage","@id":"https:\/\/hudo.com\/si\/aktualno\/markotic-zaokroza-gorenjev-kader-za-prihodnjo-sezono\/","url":"https:\/\/hudo.com\/si\/aktualno\/markotic-zaokroza-gorenjev-kader-za-prihodnjo-sezono\/","name":"Markoti\u0107 zaokro\u017ea Gorenjev kader za prihodnjo sezono - Hudo Slovenija","isPartOf":{"@id":"https:\/\/hudo.com\/si\/#website"},"datePublished":"2017-05-25T06:05:00+00:00","dateModified":"2017-05-25T06:05:00+00:00","breadcrumb":{"@id":"https:\/\/hudo.com\/si\/aktualno\/markotic-zaokroza-gorenjev-kader-za-prihodnjo-sezono\/#breadcrumb"},"inLanguage":"sl-SI","potentialAction":[{"@type":"ReadAction","target":["https:\/\/hudo.com\/si\/aktualno\/markotic-zaokroza-gorenjev-kader-za-prihodnjo-sezono\/"]}]},{"@type":"BreadcrumbList","@id":"https:\/\/hudo.com\/si\/aktualno\/markotic-zaokroza-gorenjev-kader-za-prihodnjo-sezono\/#breadcrumb","itemListElement":[{"@type":"ListItem","position":1,"name":"Home","item":"https:\/\/hudo.com\/si\/"},{"@type":"ListItem","position":2,"name":"Markoti\u0107 zaokro\u017ea Gorenjev kader za prihodnjo sezono"}]},{"@type":"WebSite","@id":"https:\/\/hudo.com\/si\/#website","url":"https:\/\/hudo.com\/si\/","name":"Hudo Slovenija","description":"Vse novice iz Slovenije in sveta","publisher":{"@id":"https:\/\/hudo.com\/si\/#organization"},"potentialAction":[{"@type":"SearchAction","target":{"@type":"EntryPoint","urlTemplate":"https:\/\/hudo.com\/si\/?s={search_term_string}"},"query-input":"required name=search_term_string"}],"inLanguage":"sl-SI"},{"@type":"Organization","@id":"https:\/\/hudo.com\/si\/#organization","name":"VSN Media","url":"https:\/\/hudo.com\/si\/","logo":{"@type":"ImageObject","inLanguage":"sl-SI","@id":"https:\/\/hudo.com\/si\/#\/schema\/logo\/image\/","url":"https:\/\/hudo.com\/si\/wp-content\/uploads\/sites\/2\/2021\/03\/hudo-app-2.png","contentUrl":"https:\/\/hudo.com\/si\/wp-content\/uploads\/sites\/2\/2021\/03\/hudo-app-2.png","width":2185,"height":2167,"caption":"VSN Media"},"image":{"@id":"https:\/\/hudo.com\/si\/#\/schema\/logo\/image\/"},"sameAs":["https:\/\/www.facebook.com\/hudo.si","https:\/\/twitter.com\/hudo_si"]},{"@type":"Person","@id":"https:\/\/hudo.com\/si\/#\/schema\/person\/601cf3379633985b20f7e50f2bb47707","name":"hudo","image":{"@type":"ImageObject","inLanguage":"sl-SI","@id":"https:\/\/hudo.com\/si\/#\/schema\/person\/image\/","url":"https:\/\/secure.gravatar.com\/avatar\/c4ca25fa72cace7a696b52ff5db9e095?s=96&d=mm&r=g","contentUrl":"https:\/\/secure.gravatar.com\/avatar\/c4ca25fa72cace7a696b52ff5db9e095?s=96&d=mm&r=g","caption":"hudo"},"url":"https:\/\/hudo.com\/si\/author\/hudo\/"}]}},"amp_enabled":true,"_links":{"self":[{"href":"https:\/\/hudo.com\/si\/wp-json\/wp\/v2\/posts\/259002"}],"collection":[{"href":"https:\/\/hudo.com\/si\/wp-json\/wp\/v2\/posts"}],"about":[{"href":"https:\/\/hudo.com\/si\/wp-json\/wp\/v2\/types\/post"}],"author":[{"embeddable":true,"href":"https:\/\/hudo.com\/si\/wp-json\/wp\/v2\/users\/1"}],"replies":[{"embeddable":true,"href":"https:\/\/hudo.com\/si\/wp-json\/wp\/v2\/comments?post=259002"}],"version-history":[{"count":0,"href":"https:\/\/hudo.com\/si\/wp-json\/wp\/v2\/posts\/259002\/revisions"}],"wp:attachment":[{"href":"https:\/\/hudo.com\/si\/wp-json\/wp\/v2\/media?parent=259002"}],"wp:term":[{"taxonomy":"category","embeddable":true,"href":"https:\/\/hudo.com\/si\/wp-json\/wp\/v2\/categories?post=259002"},{"taxonomy":"post_tag","embeddable":true,"href":"https:\/\/hudo.com\/si\/wp-json\/wp\/v2\/tags?post=259002"},{"taxonomy":"source","embeddable":true,"href":"https:\/\/hudo.com\/si\/wp-json\/wp\/v2\/source?post=259002"},{"taxonomy":"supertag","embeddable":true,"href":"https:\/\/hudo.com\/si\/wp-json\/wp\/v2\/supertag?post=259002"}],"curies":[{"name":"wp","href":"https:\/\/api.w.org\/{rel}","templated":true}]}}