{"id":259523,"date":"2017-05-26T10:17:00","date_gmt":"2017-05-26T08:17:00","guid":{"rendered":"http:\/\/hudo.com\/si\/2017\/05\/26\/poziv-javnosti-na-obmocju-pu-koper-pogresajo-dve-osebi\/"},"modified":"2017-05-26T10:17:00","modified_gmt":"2017-05-26T08:17:00","slug":"poziv-javnosti-na-obmocju-pu-koper-pogresajo-dve-osebi","status":"publish","type":"post","link":"https:\/\/hudo.com\/si\/aktualno\/poziv-javnosti-na-obmocju-pu-koper-pogresajo-dve-osebi\/","title":{"rendered":"Poziv javnosti: Na obmo\u010dju PU Koper pogre\u0161ajo dve osebi"},"content":{"rendered":"<p>Kategorija: Kronika Fri, 26 May 2017 12:17:00 +0200  Koper &#8211; Na obmo\u010dju Policijske uprave Koper je od 5. 5. 2011 pogre\u0161an Danijel Ko\u010devar, rojen 2. 5. 1961, nazadnje stanujo\u010d v okolici Kopra. S ciljem izsleditve pogre\u0161anega, so koprski policisti in kriminalisti ve\u010dkrat opravili pregled okolice, kjer je bil nazadnje viden, vendar ga do danes \u0161e nismo na\u0161li. Za pogre\u0161anim Danijelom Ko\u010devarjem je bilo razpisano tudi iskanje na obmo\u010dju Slovenije, v Schengenskem informacijskem sistemu in v sistemu Interpola, vendar so bila vsa preverjanja do sedaj negativna. S temeljitim zbiranjem obvestil, preverjanjem dejstev in okoli\u0161\u010din pogre\u0161anja je bilo ugotovljeno, da obstaja sum, da bi\u00a0&#8230;<\/p>\n","protected":false},"excerpt":{"rendered":"<p>Kategorija: Kronika Fri, 26 May 2017 12:17:00 +0200  Koper &#8211; Na obmo\u010dju Policijske uprave Koper je od 5. 5. 2011 pogre\u0161an Danijel Ko\u010devar, rojen 2. 5. 1961, nazadnje stanujo\u010d v okolici Kopra. S ciljem izsleditve pogre\u0161anega, so koprski policisti in kriminalisti ve\u010dkrat opravili pregled okolice, kjer je bil nazadnje viden, vendar ga do danes \u0161e nismo na\u0161li. Za pogre\u0161anim Danijelom Ko\u010devarjem je bilo razpisano tudi iskanje na obmo\u010dju Slovenije, v Schengenskem informacijskem sistemu in v sistemu Interpola, vendar so bila vsa preverjanja do sedaj negativna. S temeljitim zbiranjem obvestil, preverjanjem dejstev in okoli\u0161\u010din pogre\u0161anja je bilo ugotovljeno, da obstaja sum, da bi\u00a0&#8230;<\/p>\n","protected":false},"author":1,"featured_media":0,"comment_status":"closed","ping_status":"closed","sticky":false,"template":"","format":"standard","meta":{"footnotes":""},"categories":[1179],"tags":[],"source":[1703],"supertag":[],"acf":[],"yoast_head":"<!-- This site is optimized with the Yoast SEO plugin v21.3 - https:\/\/yoast.com\/wordpress\/plugins\/seo\/ -->\n<title>Poziv javnosti: Na obmo\u010dju PU Koper pogre\u0161ajo dve osebi - Hudo Slovenija<\/title>\n<meta name=\"robots\" content=\"index, follow, max-snippet:-1, max-image-preview:large, max-video-preview:-1\" \/>\n<link rel=\"canonical\" href=\"https:\/\/hudo.com\/si\/aktualno\/poziv-javnosti-na-obmocju-pu-koper-pogresajo-dve-osebi\/\" \/>\n<meta property=\"og:locale\" content=\"sl_SI\" \/>\n<meta property=\"og:type\" content=\"article\" \/>\n<meta property=\"og:title\" content=\"Poziv javnosti: Na obmo\u010dju PU Koper pogre\u0161ajo dve osebi - Hudo Slovenija\" \/>\n<meta property=\"og:description\" content=\"Kategorija: Kronika Fri, 26 May 2017 12:17:00 +0200 Koper - Na obmo\u010dju Policijske uprave Koper je od 5. 5. 2011 pogre\u0161an Danijel Ko\u010devar, rojen 2. 5. 1961, nazadnje stanujo\u010d v okolici Kopra. S ciljem izsleditve pogre\u0161anega, so koprski policisti in kriminalisti ve\u010dkrat opravili pregled okolice, kjer je bil nazadnje viden, vendar ga do danes \u0161e nismo na\u0161li. Za pogre\u0161anim Danijelom Ko\u010devarjem je bilo razpisano tudi iskanje na obmo\u010dju Slovenije, v Schengenskem informacijskem sistemu in v sistemu Interpola, vendar so bila vsa preverjanja do sedaj negativna. S temeljitim zbiranjem obvestil, preverjanjem dejstev in okoli\u0161\u010din pogre\u0161anja je bilo ugotovljeno, da obstaja sum, da bi\u00a0...\" \/>\n<meta property=\"og:url\" content=\"https:\/\/hudo.com\/si\/aktualno\/poziv-javnosti-na-obmocju-pu-koper-pogresajo-dve-osebi\/\" \/>\n<meta property=\"og:site_name\" content=\"Hudo Slovenija\" \/>\n<meta property=\"article:publisher\" content=\"https:\/\/www.facebook.com\/hudo.si\" \/>\n<meta property=\"article:published_time\" content=\"2017-05-26T08:17:00+00:00\" \/>\n<meta property=\"og:image\" content=\"https:\/\/hudo.com\/si\/wp-content\/uploads\/sites\/2\/2017\/05\/480x290_Pogresani-osebi.png\" \/>\n\t<meta property=\"og:image:width\" content=\"480\" \/>\n\t<meta property=\"og:image:height\" content=\"290\" \/>\n\t<meta property=\"og:image:type\" content=\"image\/png\" \/>\n<meta name=\"author\" content=\"hudo\" \/>\n<meta name=\"twitter:card\" content=\"summary_large_image\" \/>\n<meta name=\"twitter:creator\" content=\"@hudo_si\" \/>\n<meta name=\"twitter:site\" content=\"@hudo_si\" \/>\n<meta name=\"twitter:label1\" content=\"Written by\" \/>\n\t<meta name=\"twitter:data1\" content=\"hudo\" \/>\n\t<meta name=\"twitter:label2\" content=\"Est. reading time\" \/>\n\t<meta name=\"twitter:data2\" content=\"1 minuta\" \/>\n<script type=\"application\/ld+json\" class=\"yoast-schema-graph\">{\"@context\":\"https:\/\/schema.org\",\"@graph\":[{\"@type\":\"Article\",\"@id\":\"https:\/\/hudo.com\/si\/aktualno\/poziv-javnosti-na-obmocju-pu-koper-pogresajo-dve-osebi\/#article\",\"isPartOf\":{\"@id\":\"https:\/\/hudo.com\/si\/aktualno\/poziv-javnosti-na-obmocju-pu-koper-pogresajo-dve-osebi\/\"},\"author\":{\"name\":\"hudo\",\"@id\":\"https:\/\/hudo.com\/si\/#\/schema\/person\/601cf3379633985b20f7e50f2bb47707\"},\"headline\":\"Poziv javnosti: Na obmo\u010dju PU Koper pogre\u0161ajo dve osebi\",\"datePublished\":\"2017-05-26T08:17:00+00:00\",\"dateModified\":\"2017-05-26T08:17:00+00:00\",\"mainEntityOfPage\":{\"@id\":\"https:\/\/hudo.com\/si\/aktualno\/poziv-javnosti-na-obmocju-pu-koper-pogresajo-dve-osebi\/\"},\"wordCount\":114,\"publisher\":{\"@id\":\"https:\/\/hudo.com\/si\/#organization\"},\"articleSection\":[\"Aktualno\"],\"inLanguage\":\"sl-SI\"},{\"@type\":\"WebPage\",\"@id\":\"https:\/\/hudo.com\/si\/aktualno\/poziv-javnosti-na-obmocju-pu-koper-pogresajo-dve-osebi\/\",\"url\":\"https:\/\/hudo.com\/si\/aktualno\/poziv-javnosti-na-obmocju-pu-koper-pogresajo-dve-osebi\/\",\"name\":\"Poziv javnosti: Na obmo\u010dju PU Koper pogre\u0161ajo dve osebi - Hudo Slovenija\",\"isPartOf\":{\"@id\":\"https:\/\/hudo.com\/si\/#website\"},\"datePublished\":\"2017-05-26T08:17:00+00:00\",\"dateModified\":\"2017-05-26T08:17:00+00:00\",\"breadcrumb\":{\"@id\":\"https:\/\/hudo.com\/si\/aktualno\/poziv-javnosti-na-obmocju-pu-koper-pogresajo-dve-osebi\/#breadcrumb\"},\"inLanguage\":\"sl-SI\",\"potentialAction\":[{\"@type\":\"ReadAction\",\"target\":[\"https:\/\/hudo.com\/si\/aktualno\/poziv-javnosti-na-obmocju-pu-koper-pogresajo-dve-osebi\/\"]}]},{\"@type\":\"BreadcrumbList\",\"@id\":\"https:\/\/hudo.com\/si\/aktualno\/poziv-javnosti-na-obmocju-pu-koper-pogresajo-dve-osebi\/#breadcrumb\",\"itemListElement\":[{\"@type\":\"ListItem\",\"position\":1,\"name\":\"Home\",\"item\":\"https:\/\/hudo.com\/si\/\"},{\"@type\":\"ListItem\",\"position\":2,\"name\":\"Poziv javnosti: Na obmo\u010dju PU Koper pogre\u0161ajo dve osebi\"}]},{\"@type\":\"WebSite\",\"@id\":\"https:\/\/hudo.com\/si\/#website\",\"url\":\"https:\/\/hudo.com\/si\/\",\"name\":\"Hudo Slovenija\",\"description\":\"Vse novice iz Slovenije in sveta\",\"publisher\":{\"@id\":\"https:\/\/hudo.com\/si\/#organization\"},\"potentialAction\":[{\"@type\":\"SearchAction\",\"target\":{\"@type\":\"EntryPoint\",\"urlTemplate\":\"https:\/\/hudo.com\/si\/?s={search_term_string}\"},\"query-input\":\"required name=search_term_string\"}],\"inLanguage\":\"sl-SI\"},{\"@type\":\"Organization\",\"@id\":\"https:\/\/hudo.com\/si\/#organization\",\"name\":\"VSN Media\",\"url\":\"https:\/\/hudo.com\/si\/\",\"logo\":{\"@type\":\"ImageObject\",\"inLanguage\":\"sl-SI\",\"@id\":\"https:\/\/hudo.com\/si\/#\/schema\/logo\/image\/\",\"url\":\"https:\/\/hudo.com\/si\/wp-content\/uploads\/sites\/2\/2021\/03\/hudo-app-2.png\",\"contentUrl\":\"https:\/\/hudo.com\/si\/wp-content\/uploads\/sites\/2\/2021\/03\/hudo-app-2.png\",\"width\":2185,\"height\":2167,\"caption\":\"VSN Media\"},\"image\":{\"@id\":\"https:\/\/hudo.com\/si\/#\/schema\/logo\/image\/\"},\"sameAs\":[\"https:\/\/www.facebook.com\/hudo.si\",\"https:\/\/twitter.com\/hudo_si\"]},{\"@type\":\"Person\",\"@id\":\"https:\/\/hudo.com\/si\/#\/schema\/person\/601cf3379633985b20f7e50f2bb47707\",\"name\":\"hudo\",\"image\":{\"@type\":\"ImageObject\",\"inLanguage\":\"sl-SI\",\"@id\":\"https:\/\/hudo.com\/si\/#\/schema\/person\/image\/\",\"url\":\"https:\/\/secure.gravatar.com\/avatar\/c4ca25fa72cace7a696b52ff5db9e095?s=96&d=mm&r=g\",\"contentUrl\":\"https:\/\/secure.gravatar.com\/avatar\/c4ca25fa72cace7a696b52ff5db9e095?s=96&d=mm&r=g\",\"caption\":\"hudo\"},\"url\":\"https:\/\/hudo.com\/si\/author\/hudo\/\"}]}<\/script>\n<!-- \/ Yoast SEO plugin. -->","yoast_head_json":{"title":"Poziv javnosti: Na obmo\u010dju PU Koper pogre\u0161ajo dve osebi - Hudo Slovenija","robots":{"index":"index","follow":"follow","max-snippet":"max-snippet:-1","max-image-preview":"max-image-preview:large","max-video-preview":"max-video-preview:-1"},"canonical":"https:\/\/hudo.com\/si\/aktualno\/poziv-javnosti-na-obmocju-pu-koper-pogresajo-dve-osebi\/","og_locale":"sl_SI","og_type":"article","og_title":"Poziv javnosti: Na obmo\u010dju PU Koper pogre\u0161ajo dve osebi - Hudo Slovenija","og_description":"Kategorija: Kronika Fri, 26 May 2017 12:17:00 +0200 Koper - Na obmo\u010dju Policijske uprave Koper je od 5. 5. 2011 pogre\u0161an Danijel Ko\u010devar, rojen 2. 5. 1961, nazadnje stanujo\u010d v okolici Kopra. S ciljem izsleditve pogre\u0161anega, so koprski policisti in kriminalisti ve\u010dkrat opravili pregled okolice, kjer je bil nazadnje viden, vendar ga do danes \u0161e nismo na\u0161li. Za pogre\u0161anim Danijelom Ko\u010devarjem je bilo razpisano tudi iskanje na obmo\u010dju Slovenije, v Schengenskem informacijskem sistemu in v sistemu Interpola, vendar so bila vsa preverjanja do sedaj negativna. S temeljitim zbiranjem obvestil, preverjanjem dejstev in okoli\u0161\u010din pogre\u0161anja je bilo ugotovljeno, da obstaja sum, da bi\u00a0...","og_url":"https:\/\/hudo.com\/si\/aktualno\/poziv-javnosti-na-obmocju-pu-koper-pogresajo-dve-osebi\/","og_site_name":"Hudo Slovenija","article_publisher":"https:\/\/www.facebook.com\/hudo.si","article_published_time":"2017-05-26T08:17:00+00:00","og_image":[{"width":480,"height":290,"url":"https:\/\/hudo.com\/si\/wp-content\/uploads\/sites\/2\/2017\/05\/480x290_Pogresani-osebi.png","type":"image\/png"}],"author":"hudo","twitter_card":"summary_large_image","twitter_creator":"@hudo_si","twitter_site":"@hudo_si","twitter_misc":{"Written by":"hudo","Est. reading time":"1 minuta"},"schema":{"@context":"https:\/\/schema.org","@graph":[{"@type":"Article","@id":"https:\/\/hudo.com\/si\/aktualno\/poziv-javnosti-na-obmocju-pu-koper-pogresajo-dve-osebi\/#article","isPartOf":{"@id":"https:\/\/hudo.com\/si\/aktualno\/poziv-javnosti-na-obmocju-pu-koper-pogresajo-dve-osebi\/"},"author":{"name":"hudo","@id":"https:\/\/hudo.com\/si\/#\/schema\/person\/601cf3379633985b20f7e50f2bb47707"},"headline":"Poziv javnosti: Na obmo\u010dju PU Koper pogre\u0161ajo dve osebi","datePublished":"2017-05-26T08:17:00+00:00","dateModified":"2017-05-26T08:17:00+00:00","mainEntityOfPage":{"@id":"https:\/\/hudo.com\/si\/aktualno\/poziv-javnosti-na-obmocju-pu-koper-pogresajo-dve-osebi\/"},"wordCount":114,"publisher":{"@id":"https:\/\/hudo.com\/si\/#organization"},"articleSection":["Aktualno"],"inLanguage":"sl-SI"},{"@type":"WebPage","@id":"https:\/\/hudo.com\/si\/aktualno\/poziv-javnosti-na-obmocju-pu-koper-pogresajo-dve-osebi\/","url":"https:\/\/hudo.com\/si\/aktualno\/poziv-javnosti-na-obmocju-pu-koper-pogresajo-dve-osebi\/","name":"Poziv javnosti: Na obmo\u010dju PU Koper pogre\u0161ajo dve osebi - Hudo Slovenija","isPartOf":{"@id":"https:\/\/hudo.com\/si\/#website"},"datePublished":"2017-05-26T08:17:00+00:00","dateModified":"2017-05-26T08:17:00+00:00","breadcrumb":{"@id":"https:\/\/hudo.com\/si\/aktualno\/poziv-javnosti-na-obmocju-pu-koper-pogresajo-dve-osebi\/#breadcrumb"},"inLanguage":"sl-SI","potentialAction":[{"@type":"ReadAction","target":["https:\/\/hudo.com\/si\/aktualno\/poziv-javnosti-na-obmocju-pu-koper-pogresajo-dve-osebi\/"]}]},{"@type":"BreadcrumbList","@id":"https:\/\/hudo.com\/si\/aktualno\/poziv-javnosti-na-obmocju-pu-koper-pogresajo-dve-osebi\/#breadcrumb","itemListElement":[{"@type":"ListItem","position":1,"name":"Home","item":"https:\/\/hudo.com\/si\/"},{"@type":"ListItem","position":2,"name":"Poziv javnosti: Na obmo\u010dju PU Koper pogre\u0161ajo dve osebi"}]},{"@type":"WebSite","@id":"https:\/\/hudo.com\/si\/#website","url":"https:\/\/hudo.com\/si\/","name":"Hudo Slovenija","description":"Vse novice iz Slovenije in sveta","publisher":{"@id":"https:\/\/hudo.com\/si\/#organization"},"potentialAction":[{"@type":"SearchAction","target":{"@type":"EntryPoint","urlTemplate":"https:\/\/hudo.com\/si\/?s={search_term_string}"},"query-input":"required name=search_term_string"}],"inLanguage":"sl-SI"},{"@type":"Organization","@id":"https:\/\/hudo.com\/si\/#organization","name":"VSN Media","url":"https:\/\/hudo.com\/si\/","logo":{"@type":"ImageObject","inLanguage":"sl-SI","@id":"https:\/\/hudo.com\/si\/#\/schema\/logo\/image\/","url":"https:\/\/hudo.com\/si\/wp-content\/uploads\/sites\/2\/2021\/03\/hudo-app-2.png","contentUrl":"https:\/\/hudo.com\/si\/wp-content\/uploads\/sites\/2\/2021\/03\/hudo-app-2.png","width":2185,"height":2167,"caption":"VSN Media"},"image":{"@id":"https:\/\/hudo.com\/si\/#\/schema\/logo\/image\/"},"sameAs":["https:\/\/www.facebook.com\/hudo.si","https:\/\/twitter.com\/hudo_si"]},{"@type":"Person","@id":"https:\/\/hudo.com\/si\/#\/schema\/person\/601cf3379633985b20f7e50f2bb47707","name":"hudo","image":{"@type":"ImageObject","inLanguage":"sl-SI","@id":"https:\/\/hudo.com\/si\/#\/schema\/person\/image\/","url":"https:\/\/secure.gravatar.com\/avatar\/c4ca25fa72cace7a696b52ff5db9e095?s=96&d=mm&r=g","contentUrl":"https:\/\/secure.gravatar.com\/avatar\/c4ca25fa72cace7a696b52ff5db9e095?s=96&d=mm&r=g","caption":"hudo"},"url":"https:\/\/hudo.com\/si\/author\/hudo\/"}]}},"amp_enabled":true,"_links":{"self":[{"href":"https:\/\/hudo.com\/si\/wp-json\/wp\/v2\/posts\/259523"}],"collection":[{"href":"https:\/\/hudo.com\/si\/wp-json\/wp\/v2\/posts"}],"about":[{"href":"https:\/\/hudo.com\/si\/wp-json\/wp\/v2\/types\/post"}],"author":[{"embeddable":true,"href":"https:\/\/hudo.com\/si\/wp-json\/wp\/v2\/users\/1"}],"replies":[{"embeddable":true,"href":"https:\/\/hudo.com\/si\/wp-json\/wp\/v2\/comments?post=259523"}],"version-history":[{"count":0,"href":"https:\/\/hudo.com\/si\/wp-json\/wp\/v2\/posts\/259523\/revisions"}],"wp:attachment":[{"href":"https:\/\/hudo.com\/si\/wp-json\/wp\/v2\/media?parent=259523"}],"wp:term":[{"taxonomy":"category","embeddable":true,"href":"https:\/\/hudo.com\/si\/wp-json\/wp\/v2\/categories?post=259523"},{"taxonomy":"post_tag","embeddable":true,"href":"https:\/\/hudo.com\/si\/wp-json\/wp\/v2\/tags?post=259523"},{"taxonomy":"source","embeddable":true,"href":"https:\/\/hudo.com\/si\/wp-json\/wp\/v2\/source?post=259523"},{"taxonomy":"supertag","embeddable":true,"href":"https:\/\/hudo.com\/si\/wp-json\/wp\/v2\/supertag?post=259523"}],"curies":[{"name":"wp","href":"https:\/\/api.w.org\/{rel}","templated":true}]}}