{"id":259634,"date":"2017-05-26T15:00:00","date_gmt":"2017-05-26T13:00:00","guid":{"rendered":"http:\/\/hudo.com\/si\/2017\/05\/26\/quintana-po-krizi-dumoulina-v-roznatem-zmaga-lande\/"},"modified":"2017-05-26T15:00:00","modified_gmt":"2017-05-26T13:00:00","slug":"quintana-po-krizi-dumoulina-v-roznatem-zmaga-lande","status":"publish","type":"post","link":"https:\/\/hudo.com\/si\/aktualno\/quintana-po-krizi-dumoulina-v-roznatem-zmaga-lande\/","title":{"rendered":"Quintana po krizi Dumoulina v ro\u017enatem; zmaga Lande"},"content":{"rendered":"<p>Kategorija: Kolesarstvo Fri, 26 May 2017 17:00:00 +0200  Piancavallo &#8211; Zadnja gorska etapa z zaklju\u010dkom na gorskem cilju je bila ve\u010d kot le razburljiva, znova je ponudila kopico drame, napade in trepet navija\u010dev Toma Dumoulina, ki pa so kljub krizi Nizozemca \u0161e vedno lahko razmeroma optimisti\u010dni.\u00a0 Za\u010delo se je z dramo, po prvem spustu je Tom Duomulin ostal v ozadju, ugibanja o razlogu za to pa so razli\u010dna. V Bahrain Meridi in Movistaru trdijo, da je na spustu pri\u0161lo do razlike, medtem ko je \u0161portni direktor Sunweba zatrdil, da je \u0161el Dumoulin odlit na rob ceste, kar je opazil ekipni kolega Quintane Jose Rojas in sporo\u010dil ekipi, da naj nemudoma napade. Razlika je narasla na minuto in pol, a je do vrha vzpona Dumoulin spet uspel ujeti priklju\u010dek k prvi skupini. Razmere so se nato umirile in ube\u017eniki so dobili\u00a0&#8230;<\/p>\n","protected":false},"excerpt":{"rendered":"<p>Kategorija: Kolesarstvo Fri, 26 May 2017 17:00:00 +0200  Piancavallo &#8211; Zadnja gorska etapa z zaklju\u010dkom na gorskem cilju je bila ve\u010d kot le razburljiva, znova je ponudila kopico drame, napade in trepet navija\u010dev Toma Dumoulina, ki pa so kljub krizi Nizozemca \u0161e vedno lahko razmeroma optimisti\u010dni.\u00a0 Za\u010delo se je z dramo, po prvem spustu je Tom Duomulin ostal v ozadju, ugibanja o razlogu za to pa so razli\u010dna. V Bahrain Meridi in Movistaru trdijo, da je na spustu pri\u0161lo do razlike, medtem ko je \u0161portni direktor Sunweba zatrdil, da je \u0161el Dumoulin odlit na rob ceste, kar je opazil ekipni kolega Quintane Jose Rojas in sporo\u010dil ekipi, da naj nemudoma napade. Razlika je narasla na minuto in pol, a je do vrha vzpona Dumoulin spet uspel ujeti priklju\u010dek k prvi skupini. Razmere so se nato umirile in ube\u017eniki so dobili\u00a0&#8230;<\/p>\n","protected":false},"author":1,"featured_media":0,"comment_status":"closed","ping_status":"closed","sticky":false,"template":"","format":"standard","meta":{"footnotes":""},"categories":[1179],"tags":[],"source":[1703],"supertag":[],"acf":[],"yoast_head":"<!-- This site is optimized with the Yoast SEO plugin v21.3 - https:\/\/yoast.com\/wordpress\/plugins\/seo\/ -->\n<title>Quintana po krizi Dumoulina v ro\u017enatem; zmaga Lande - Hudo Slovenija<\/title>\n<meta name=\"robots\" content=\"index, follow, max-snippet:-1, max-image-preview:large, max-video-preview:-1\" \/>\n<link rel=\"canonical\" href=\"https:\/\/hudo.com\/si\/aktualno\/quintana-po-krizi-dumoulina-v-roznatem-zmaga-lande\/\" \/>\n<meta property=\"og:locale\" content=\"sl_SI\" \/>\n<meta property=\"og:type\" content=\"article\" \/>\n<meta property=\"og:title\" content=\"Quintana po krizi Dumoulina v ro\u017enatem; zmaga Lande - Hudo Slovenija\" \/>\n<meta property=\"og:description\" content=\"Kategorija: Kolesarstvo Fri, 26 May 2017 17:00:00 +0200 Piancavallo - Zadnja gorska etapa z zaklju\u010dkom na gorskem cilju je bila ve\u010d kot le razburljiva, znova je ponudila kopico drame, napade in trepet navija\u010dev Toma Dumoulina, ki pa so kljub krizi Nizozemca \u0161e vedno lahko razmeroma optimisti\u010dni.\u00a0 Za\u010delo se je z dramo, po prvem spustu je Tom Duomulin ostal v ozadju, ugibanja o razlogu za to pa so razli\u010dna. V Bahrain Meridi in Movistaru trdijo, da je na spustu pri\u0161lo do razlike, medtem ko je \u0161portni direktor Sunweba zatrdil, da je \u0161el Dumoulin odlit na rob ceste, kar je opazil ekipni kolega Quintane Jose Rojas in sporo\u010dil ekipi, da naj nemudoma napade. Razlika je narasla na minuto in pol, a je do vrha vzpona Dumoulin spet uspel ujeti priklju\u010dek k prvi skupini. Razmere so se nato umirile in ube\u017eniki so dobili\u00a0...\" \/>\n<meta property=\"og:url\" content=\"https:\/\/hudo.com\/si\/aktualno\/quintana-po-krizi-dumoulina-v-roznatem-zmaga-lande\/\" \/>\n<meta property=\"og:site_name\" content=\"Hudo Slovenija\" \/>\n<meta property=\"article:publisher\" content=\"https:\/\/www.facebook.com\/hudo.si\" \/>\n<meta property=\"article:published_time\" content=\"2017-05-26T13:00:00+00:00\" \/>\n<meta property=\"og:image\" content=\"https:\/\/hudo.com\/si\/wp-content\/uploads\/sites\/2\/2017\/05\/480x290_AFP_Photo-20170525174249-05456400.jpeg\" \/>\n\t<meta property=\"og:image:width\" content=\"480\" \/>\n\t<meta property=\"og:image:height\" content=\"290\" \/>\n\t<meta property=\"og:image:type\" content=\"image\/jpeg\" \/>\n<meta name=\"author\" content=\"hudo\" \/>\n<meta name=\"twitter:card\" content=\"summary_large_image\" \/>\n<meta name=\"twitter:creator\" content=\"@hudo_si\" \/>\n<meta name=\"twitter:site\" content=\"@hudo_si\" \/>\n<meta name=\"twitter:label1\" content=\"Written by\" \/>\n\t<meta name=\"twitter:data1\" content=\"hudo\" \/>\n\t<meta name=\"twitter:label2\" content=\"Est. reading time\" \/>\n\t<meta name=\"twitter:data2\" content=\"1 minuta\" \/>\n<script type=\"application\/ld+json\" class=\"yoast-schema-graph\">{\"@context\":\"https:\/\/schema.org\",\"@graph\":[{\"@type\":\"Article\",\"@id\":\"https:\/\/hudo.com\/si\/aktualno\/quintana-po-krizi-dumoulina-v-roznatem-zmaga-lande\/#article\",\"isPartOf\":{\"@id\":\"https:\/\/hudo.com\/si\/aktualno\/quintana-po-krizi-dumoulina-v-roznatem-zmaga-lande\/\"},\"author\":{\"name\":\"hudo\",\"@id\":\"https:\/\/hudo.com\/si\/#\/schema\/person\/601cf3379633985b20f7e50f2bb47707\"},\"headline\":\"Quintana po krizi Dumoulina v ro\u017enatem; zmaga Lande\",\"datePublished\":\"2017-05-26T13:00:00+00:00\",\"dateModified\":\"2017-05-26T13:00:00+00:00\",\"mainEntityOfPage\":{\"@id\":\"https:\/\/hudo.com\/si\/aktualno\/quintana-po-krizi-dumoulina-v-roznatem-zmaga-lande\/\"},\"wordCount\":154,\"publisher\":{\"@id\":\"https:\/\/hudo.com\/si\/#organization\"},\"articleSection\":[\"Aktualno\"],\"inLanguage\":\"sl-SI\"},{\"@type\":\"WebPage\",\"@id\":\"https:\/\/hudo.com\/si\/aktualno\/quintana-po-krizi-dumoulina-v-roznatem-zmaga-lande\/\",\"url\":\"https:\/\/hudo.com\/si\/aktualno\/quintana-po-krizi-dumoulina-v-roznatem-zmaga-lande\/\",\"name\":\"Quintana po krizi Dumoulina v ro\u017enatem; zmaga Lande - Hudo Slovenija\",\"isPartOf\":{\"@id\":\"https:\/\/hudo.com\/si\/#website\"},\"datePublished\":\"2017-05-26T13:00:00+00:00\",\"dateModified\":\"2017-05-26T13:00:00+00:00\",\"breadcrumb\":{\"@id\":\"https:\/\/hudo.com\/si\/aktualno\/quintana-po-krizi-dumoulina-v-roznatem-zmaga-lande\/#breadcrumb\"},\"inLanguage\":\"sl-SI\",\"potentialAction\":[{\"@type\":\"ReadAction\",\"target\":[\"https:\/\/hudo.com\/si\/aktualno\/quintana-po-krizi-dumoulina-v-roznatem-zmaga-lande\/\"]}]},{\"@type\":\"BreadcrumbList\",\"@id\":\"https:\/\/hudo.com\/si\/aktualno\/quintana-po-krizi-dumoulina-v-roznatem-zmaga-lande\/#breadcrumb\",\"itemListElement\":[{\"@type\":\"ListItem\",\"position\":1,\"name\":\"Home\",\"item\":\"https:\/\/hudo.com\/si\/\"},{\"@type\":\"ListItem\",\"position\":2,\"name\":\"Quintana po krizi Dumoulina v ro\u017enatem; zmaga Lande\"}]},{\"@type\":\"WebSite\",\"@id\":\"https:\/\/hudo.com\/si\/#website\",\"url\":\"https:\/\/hudo.com\/si\/\",\"name\":\"Hudo Slovenija\",\"description\":\"Vse novice iz Slovenije in sveta\",\"publisher\":{\"@id\":\"https:\/\/hudo.com\/si\/#organization\"},\"potentialAction\":[{\"@type\":\"SearchAction\",\"target\":{\"@type\":\"EntryPoint\",\"urlTemplate\":\"https:\/\/hudo.com\/si\/?s={search_term_string}\"},\"query-input\":\"required name=search_term_string\"}],\"inLanguage\":\"sl-SI\"},{\"@type\":\"Organization\",\"@id\":\"https:\/\/hudo.com\/si\/#organization\",\"name\":\"VSN Media\",\"url\":\"https:\/\/hudo.com\/si\/\",\"logo\":{\"@type\":\"ImageObject\",\"inLanguage\":\"sl-SI\",\"@id\":\"https:\/\/hudo.com\/si\/#\/schema\/logo\/image\/\",\"url\":\"https:\/\/hudo.com\/si\/wp-content\/uploads\/sites\/2\/2021\/03\/hudo-app-2.png\",\"contentUrl\":\"https:\/\/hudo.com\/si\/wp-content\/uploads\/sites\/2\/2021\/03\/hudo-app-2.png\",\"width\":2185,\"height\":2167,\"caption\":\"VSN Media\"},\"image\":{\"@id\":\"https:\/\/hudo.com\/si\/#\/schema\/logo\/image\/\"},\"sameAs\":[\"https:\/\/www.facebook.com\/hudo.si\",\"https:\/\/twitter.com\/hudo_si\"]},{\"@type\":\"Person\",\"@id\":\"https:\/\/hudo.com\/si\/#\/schema\/person\/601cf3379633985b20f7e50f2bb47707\",\"name\":\"hudo\",\"image\":{\"@type\":\"ImageObject\",\"inLanguage\":\"sl-SI\",\"@id\":\"https:\/\/hudo.com\/si\/#\/schema\/person\/image\/\",\"url\":\"https:\/\/secure.gravatar.com\/avatar\/c4ca25fa72cace7a696b52ff5db9e095?s=96&d=mm&r=g\",\"contentUrl\":\"https:\/\/secure.gravatar.com\/avatar\/c4ca25fa72cace7a696b52ff5db9e095?s=96&d=mm&r=g\",\"caption\":\"hudo\"},\"url\":\"https:\/\/hudo.com\/si\/author\/hudo\/\"}]}<\/script>\n<!-- \/ Yoast SEO plugin. -->","yoast_head_json":{"title":"Quintana po krizi Dumoulina v ro\u017enatem; zmaga Lande - Hudo Slovenija","robots":{"index":"index","follow":"follow","max-snippet":"max-snippet:-1","max-image-preview":"max-image-preview:large","max-video-preview":"max-video-preview:-1"},"canonical":"https:\/\/hudo.com\/si\/aktualno\/quintana-po-krizi-dumoulina-v-roznatem-zmaga-lande\/","og_locale":"sl_SI","og_type":"article","og_title":"Quintana po krizi Dumoulina v ro\u017enatem; zmaga Lande - Hudo Slovenija","og_description":"Kategorija: Kolesarstvo Fri, 26 May 2017 17:00:00 +0200 Piancavallo - Zadnja gorska etapa z zaklju\u010dkom na gorskem cilju je bila ve\u010d kot le razburljiva, znova je ponudila kopico drame, napade in trepet navija\u010dev Toma Dumoulina, ki pa so kljub krizi Nizozemca \u0161e vedno lahko razmeroma optimisti\u010dni.\u00a0 Za\u010delo se je z dramo, po prvem spustu je Tom Duomulin ostal v ozadju, ugibanja o razlogu za to pa so razli\u010dna. V Bahrain Meridi in Movistaru trdijo, da je na spustu pri\u0161lo do razlike, medtem ko je \u0161portni direktor Sunweba zatrdil, da je \u0161el Dumoulin odlit na rob ceste, kar je opazil ekipni kolega Quintane Jose Rojas in sporo\u010dil ekipi, da naj nemudoma napade. Razlika je narasla na minuto in pol, a je do vrha vzpona Dumoulin spet uspel ujeti priklju\u010dek k prvi skupini. Razmere so se nato umirile in ube\u017eniki so dobili\u00a0...","og_url":"https:\/\/hudo.com\/si\/aktualno\/quintana-po-krizi-dumoulina-v-roznatem-zmaga-lande\/","og_site_name":"Hudo Slovenija","article_publisher":"https:\/\/www.facebook.com\/hudo.si","article_published_time":"2017-05-26T13:00:00+00:00","og_image":[{"width":480,"height":290,"url":"https:\/\/hudo.com\/si\/wp-content\/uploads\/sites\/2\/2017\/05\/480x290_AFP_Photo-20170525174249-05456400.jpeg","type":"image\/jpeg"}],"author":"hudo","twitter_card":"summary_large_image","twitter_creator":"@hudo_si","twitter_site":"@hudo_si","twitter_misc":{"Written by":"hudo","Est. reading time":"1 minuta"},"schema":{"@context":"https:\/\/schema.org","@graph":[{"@type":"Article","@id":"https:\/\/hudo.com\/si\/aktualno\/quintana-po-krizi-dumoulina-v-roznatem-zmaga-lande\/#article","isPartOf":{"@id":"https:\/\/hudo.com\/si\/aktualno\/quintana-po-krizi-dumoulina-v-roznatem-zmaga-lande\/"},"author":{"name":"hudo","@id":"https:\/\/hudo.com\/si\/#\/schema\/person\/601cf3379633985b20f7e50f2bb47707"},"headline":"Quintana po krizi Dumoulina v ro\u017enatem; zmaga Lande","datePublished":"2017-05-26T13:00:00+00:00","dateModified":"2017-05-26T13:00:00+00:00","mainEntityOfPage":{"@id":"https:\/\/hudo.com\/si\/aktualno\/quintana-po-krizi-dumoulina-v-roznatem-zmaga-lande\/"},"wordCount":154,"publisher":{"@id":"https:\/\/hudo.com\/si\/#organization"},"articleSection":["Aktualno"],"inLanguage":"sl-SI"},{"@type":"WebPage","@id":"https:\/\/hudo.com\/si\/aktualno\/quintana-po-krizi-dumoulina-v-roznatem-zmaga-lande\/","url":"https:\/\/hudo.com\/si\/aktualno\/quintana-po-krizi-dumoulina-v-roznatem-zmaga-lande\/","name":"Quintana po krizi Dumoulina v ro\u017enatem; zmaga Lande - Hudo Slovenija","isPartOf":{"@id":"https:\/\/hudo.com\/si\/#website"},"datePublished":"2017-05-26T13:00:00+00:00","dateModified":"2017-05-26T13:00:00+00:00","breadcrumb":{"@id":"https:\/\/hudo.com\/si\/aktualno\/quintana-po-krizi-dumoulina-v-roznatem-zmaga-lande\/#breadcrumb"},"inLanguage":"sl-SI","potentialAction":[{"@type":"ReadAction","target":["https:\/\/hudo.com\/si\/aktualno\/quintana-po-krizi-dumoulina-v-roznatem-zmaga-lande\/"]}]},{"@type":"BreadcrumbList","@id":"https:\/\/hudo.com\/si\/aktualno\/quintana-po-krizi-dumoulina-v-roznatem-zmaga-lande\/#breadcrumb","itemListElement":[{"@type":"ListItem","position":1,"name":"Home","item":"https:\/\/hudo.com\/si\/"},{"@type":"ListItem","position":2,"name":"Quintana po krizi Dumoulina v ro\u017enatem; zmaga Lande"}]},{"@type":"WebSite","@id":"https:\/\/hudo.com\/si\/#website","url":"https:\/\/hudo.com\/si\/","name":"Hudo Slovenija","description":"Vse novice iz Slovenije in sveta","publisher":{"@id":"https:\/\/hudo.com\/si\/#organization"},"potentialAction":[{"@type":"SearchAction","target":{"@type":"EntryPoint","urlTemplate":"https:\/\/hudo.com\/si\/?s={search_term_string}"},"query-input":"required name=search_term_string"}],"inLanguage":"sl-SI"},{"@type":"Organization","@id":"https:\/\/hudo.com\/si\/#organization","name":"VSN Media","url":"https:\/\/hudo.com\/si\/","logo":{"@type":"ImageObject","inLanguage":"sl-SI","@id":"https:\/\/hudo.com\/si\/#\/schema\/logo\/image\/","url":"https:\/\/hudo.com\/si\/wp-content\/uploads\/sites\/2\/2021\/03\/hudo-app-2.png","contentUrl":"https:\/\/hudo.com\/si\/wp-content\/uploads\/sites\/2\/2021\/03\/hudo-app-2.png","width":2185,"height":2167,"caption":"VSN Media"},"image":{"@id":"https:\/\/hudo.com\/si\/#\/schema\/logo\/image\/"},"sameAs":["https:\/\/www.facebook.com\/hudo.si","https:\/\/twitter.com\/hudo_si"]},{"@type":"Person","@id":"https:\/\/hudo.com\/si\/#\/schema\/person\/601cf3379633985b20f7e50f2bb47707","name":"hudo","image":{"@type":"ImageObject","inLanguage":"sl-SI","@id":"https:\/\/hudo.com\/si\/#\/schema\/person\/image\/","url":"https:\/\/secure.gravatar.com\/avatar\/c4ca25fa72cace7a696b52ff5db9e095?s=96&d=mm&r=g","contentUrl":"https:\/\/secure.gravatar.com\/avatar\/c4ca25fa72cace7a696b52ff5db9e095?s=96&d=mm&r=g","caption":"hudo"},"url":"https:\/\/hudo.com\/si\/author\/hudo\/"}]}},"amp_enabled":true,"_links":{"self":[{"href":"https:\/\/hudo.com\/si\/wp-json\/wp\/v2\/posts\/259634"}],"collection":[{"href":"https:\/\/hudo.com\/si\/wp-json\/wp\/v2\/posts"}],"about":[{"href":"https:\/\/hudo.com\/si\/wp-json\/wp\/v2\/types\/post"}],"author":[{"embeddable":true,"href":"https:\/\/hudo.com\/si\/wp-json\/wp\/v2\/users\/1"}],"replies":[{"embeddable":true,"href":"https:\/\/hudo.com\/si\/wp-json\/wp\/v2\/comments?post=259634"}],"version-history":[{"count":0,"href":"https:\/\/hudo.com\/si\/wp-json\/wp\/v2\/posts\/259634\/revisions"}],"wp:attachment":[{"href":"https:\/\/hudo.com\/si\/wp-json\/wp\/v2\/media?parent=259634"}],"wp:term":[{"taxonomy":"category","embeddable":true,"href":"https:\/\/hudo.com\/si\/wp-json\/wp\/v2\/categories?post=259634"},{"taxonomy":"post_tag","embeddable":true,"href":"https:\/\/hudo.com\/si\/wp-json\/wp\/v2\/tags?post=259634"},{"taxonomy":"source","embeddable":true,"href":"https:\/\/hudo.com\/si\/wp-json\/wp\/v2\/source?post=259634"},{"taxonomy":"supertag","embeddable":true,"href":"https:\/\/hudo.com\/si\/wp-json\/wp\/v2\/supertag?post=259634"}],"curies":[{"name":"wp","href":"https:\/\/api.w.org\/{rel}","templated":true}]}}