{"id":25979,"date":"2016-04-09T22:00:00","date_gmt":"2016-04-09T20:00:00","guid":{"rendered":"http:\/\/hudo.com\/si\/2016\/04\/09\/ibraimi-nizkotno-sem-bil-izgnan-iz-karantene\/"},"modified":"2016-04-11T00:21:32","modified_gmt":"2016-04-10T22:21:32","slug":"ibraimi-nizkotno-sem-bil-izgnan-iz-karantene","status":"publish","type":"post","link":"https:\/\/hudo.com\/si\/aktualno\/ibraimi-nizkotno-sem-bil-izgnan-iz-karantene\/","title":{"rendered":"Ibraimi: Nizkotno sem bil izgnan iz karantene"},"content":{"rendered":"<p>Neigranje Agima Ibraimija na sino\u010dni tekmi NK Maribor proti Dom\u017ealam \u0161e vedno buri duhove. Trener Maribor\u010danov Darko Milani\u010d po tekmi z izjavo &#8220;Ni ga bilo v postavi. To je to.&#8221; ni bil najbolj prepri\u010dljiv. Ibraimi naj bi v petek zve\u010der zapustil karanteno, njegova odlo\u010ditev pa naj bi bila povezana z vdorom viol na petkov popoldanski trening. Ibraimi, ki na mobilnem telefonu ni dosegljiv, je danes na facebook zapisal: &#8220;\u010clovek zmore biti mo\u010dnejsi od zunanje usode in vsak dan stoji pred odlo\u010ditvijo, ali bo iz svojega trpljenja napravil notranji mir. Predno si ustvarite svoje mnenje, \u017eelim razjasniti, da sem bil v to dejanje prisiljen, da sem na najbolj nizkoten na\u010din izgnan iz karantene s strani enega \u010dloveka. Lp, Agim Viola.&#8221; Podrobneje teh svojih besed ni pojasnil. Pomenljiva je tudi izjava Milivoja Novakovi\u0107a po v\u010deraj\u0161ni tekmi: &#8220;V tujini je ve\u010dji profesionalizem. Malo sem presene\u010den, sku\u0161am se navajati na sistem slovenske lige. Vsi preve\u010d govorijo v sla\u010dilnici. Vsak mora gledati nase, raz\u010distiti pri sebi, se osredoto\u010diti na tekme in zavzeto delati na treningih. Pogre\u0161am ve\u010d profesionalizma od vsakega igralca.&#8221;\u0160port<\/p>\n","protected":false},"excerpt":{"rendered":"<p>Neigranje Agima Ibraimija na sino\u010dni tekmi NK Maribor proti Dom\u017ealam \u0161e vedno buri duhove. Trener Maribor\u010danov Darko Milani\u010d po tekmi z izjavo &#8220;Ni ga bilo v postavi. To je to.&#8221; ni bil najbolj prepri\u010dljiv. Ibraimi naj bi v petek zve\u010der zapustil karanteno, njegova odlo\u010ditev pa naj bi bila povezana z vdorom viol na petkov popoldanski trening. Ibraimi, ki na mobilnem telefonu ni dosegljiv, je danes na facebook zapisal: &#8220;\u010clovek zmore biti mo\u010dnejsi od zunanje usode in vsak dan stoji pred odlo\u010ditvijo, ali bo iz svojega trpljenja napravil notranji mir. Predno si ustvarite svoje mnenje, \u017eelim razjasniti, da sem bil v to dejanje prisiljen, da sem na najbolj nizkoten na\u010din izgnan iz karantene s strani enega \u010dloveka. Lp, Agim Viola.&#8221; Podrobneje teh svojih besed ni pojasnil. Pomenljiva je tudi izjava Milivoja Novakovi\u0107a po v\u010deraj\u0161ni tekmi: &#8220;V tujini je ve\u010dji profesionalizem. Malo sem presene\u010den, sku\u0161am se navajati na sistem slovenske lige. Vsi preve\u010d govorijo v sla\u010dilnici. Vsak mora gledati nase, raz\u010distiti pri sebi, se osredoto\u010diti na tekme in zavzeto delati na treningih. Pogre\u0161am ve\u010d profesionalizma od vsakega igralca.&#8221;\u0160port<\/p>\n","protected":false},"author":1,"featured_media":0,"comment_status":"closed","ping_status":"closed","sticky":false,"template":"","format":"standard","meta":{"footnotes":""},"categories":[1179],"tags":[],"source":[1711],"supertag":[],"acf":[],"yoast_head":"<!-- This site is optimized with the Yoast SEO plugin v21.3 - https:\/\/yoast.com\/wordpress\/plugins\/seo\/ -->\n<title>Ibraimi: Nizkotno sem bil izgnan iz karantene - Hudo Slovenija<\/title>\n<meta name=\"robots\" content=\"index, follow, max-snippet:-1, max-image-preview:large, max-video-preview:-1\" \/>\n<link rel=\"canonical\" href=\"https:\/\/hudo.com\/si\/aktualno\/ibraimi-nizkotno-sem-bil-izgnan-iz-karantene\/\" \/>\n<meta property=\"og:locale\" content=\"sl_SI\" \/>\n<meta property=\"og:type\" content=\"article\" \/>\n<meta property=\"og:title\" content=\"Ibraimi: Nizkotno sem bil izgnan iz karantene - Hudo Slovenija\" \/>\n<meta property=\"og:description\" content=\"Neigranje Agima Ibraimija na sino\u010dni tekmi NK Maribor proti Dom\u017ealam \u0161e vedno buri duhove. Trener Maribor\u010danov Darko Milani\u010d po tekmi z izjavo &quot;Ni ga bilo v postavi. To je to.&quot; ni bil najbolj prepri\u010dljiv. Ibraimi naj bi v petek zve\u010der zapustil karanteno, njegova odlo\u010ditev pa naj bi bila povezana z vdorom viol na petkov popoldanski trening. Ibraimi, ki na mobilnem telefonu ni dosegljiv, je danes na facebook zapisal: &quot;\u010clovek zmore biti mo\u010dnejsi od zunanje usode in vsak dan stoji pred odlo\u010ditvijo, ali bo iz svojega trpljenja napravil notranji mir. Predno si ustvarite svoje mnenje, \u017eelim razjasniti, da sem bil v to dejanje prisiljen, da sem na najbolj nizkoten na\u010din izgnan iz karantene s strani enega \u010dloveka. Lp, Agim Viola.&quot; Podrobneje teh svojih besed ni pojasnil. Pomenljiva je tudi izjava Milivoja Novakovi\u0107a po v\u010deraj\u0161ni tekmi: &quot;V tujini je ve\u010dji profesionalizem. Malo sem presene\u010den, sku\u0161am se navajati na sistem slovenske lige. Vsi preve\u010d govorijo v sla\u010dilnici. Vsak mora gledati nase, raz\u010distiti pri sebi, se osredoto\u010diti na tekme in zavzeto delati na treningih. Pogre\u0161am ve\u010d profesionalizma od vsakega igralca.&quot;\u0160port\" \/>\n<meta property=\"og:url\" content=\"https:\/\/hudo.com\/si\/aktualno\/ibraimi-nizkotno-sem-bil-izgnan-iz-karantene\/\" \/>\n<meta property=\"og:site_name\" content=\"Hudo Slovenija\" \/>\n<meta property=\"article:publisher\" content=\"https:\/\/www.facebook.com\/hudo.si\" \/>\n<meta property=\"article:published_time\" content=\"2016-04-09T20:00:00+00:00\" \/>\n<meta property=\"article:modified_time\" content=\"2016-04-10T22:21:32+00:00\" \/>\n<meta property=\"og:image\" content=\"https:\/\/hudo.com\/si\/wp-content\/uploads\/sites\/2\/2016\/04\/0407Z13-300.jpg\" \/>\n\t<meta property=\"og:image:width\" content=\"450\" \/>\n\t<meta property=\"og:image:height\" content=\"318\" \/>\n\t<meta property=\"og:image:type\" content=\"image\/jpeg\" \/>\n<meta name=\"author\" content=\"hudo\" \/>\n<meta name=\"twitter:card\" content=\"summary_large_image\" \/>\n<meta name=\"twitter:creator\" content=\"@hudo_si\" \/>\n<meta name=\"twitter:site\" content=\"@hudo_si\" \/>\n<meta name=\"twitter:label1\" content=\"Written by\" \/>\n\t<meta name=\"twitter:data1\" content=\"hudo\" \/>\n\t<meta name=\"twitter:label2\" content=\"Est. reading time\" \/>\n\t<meta name=\"twitter:data2\" content=\"1 minuta\" \/>\n<script type=\"application\/ld+json\" class=\"yoast-schema-graph\">{\"@context\":\"https:\/\/schema.org\",\"@graph\":[{\"@type\":\"Article\",\"@id\":\"https:\/\/hudo.com\/si\/aktualno\/ibraimi-nizkotno-sem-bil-izgnan-iz-karantene\/#article\",\"isPartOf\":{\"@id\":\"https:\/\/hudo.com\/si\/aktualno\/ibraimi-nizkotno-sem-bil-izgnan-iz-karantene\/\"},\"author\":{\"name\":\"hudo\",\"@id\":\"https:\/\/hudo.com\/si\/#\/schema\/person\/601cf3379633985b20f7e50f2bb47707\"},\"headline\":\"Ibraimi: Nizkotno sem bil izgnan iz karantene\",\"datePublished\":\"2016-04-09T20:00:00+00:00\",\"dateModified\":\"2016-04-10T22:21:32+00:00\",\"mainEntityOfPage\":{\"@id\":\"https:\/\/hudo.com\/si\/aktualno\/ibraimi-nizkotno-sem-bil-izgnan-iz-karantene\/\"},\"wordCount\":203,\"publisher\":{\"@id\":\"https:\/\/hudo.com\/si\/#organization\"},\"articleSection\":[\"Aktualno\"],\"inLanguage\":\"sl-SI\"},{\"@type\":\"WebPage\",\"@id\":\"https:\/\/hudo.com\/si\/aktualno\/ibraimi-nizkotno-sem-bil-izgnan-iz-karantene\/\",\"url\":\"https:\/\/hudo.com\/si\/aktualno\/ibraimi-nizkotno-sem-bil-izgnan-iz-karantene\/\",\"name\":\"Ibraimi: Nizkotno sem bil izgnan iz karantene - Hudo Slovenija\",\"isPartOf\":{\"@id\":\"https:\/\/hudo.com\/si\/#website\"},\"datePublished\":\"2016-04-09T20:00:00+00:00\",\"dateModified\":\"2016-04-10T22:21:32+00:00\",\"breadcrumb\":{\"@id\":\"https:\/\/hudo.com\/si\/aktualno\/ibraimi-nizkotno-sem-bil-izgnan-iz-karantene\/#breadcrumb\"},\"inLanguage\":\"sl-SI\",\"potentialAction\":[{\"@type\":\"ReadAction\",\"target\":[\"https:\/\/hudo.com\/si\/aktualno\/ibraimi-nizkotno-sem-bil-izgnan-iz-karantene\/\"]}]},{\"@type\":\"BreadcrumbList\",\"@id\":\"https:\/\/hudo.com\/si\/aktualno\/ibraimi-nizkotno-sem-bil-izgnan-iz-karantene\/#breadcrumb\",\"itemListElement\":[{\"@type\":\"ListItem\",\"position\":1,\"name\":\"Home\",\"item\":\"https:\/\/hudo.com\/si\/\"},{\"@type\":\"ListItem\",\"position\":2,\"name\":\"Ibraimi: Nizkotno sem bil izgnan iz karantene\"}]},{\"@type\":\"WebSite\",\"@id\":\"https:\/\/hudo.com\/si\/#website\",\"url\":\"https:\/\/hudo.com\/si\/\",\"name\":\"Hudo Slovenija\",\"description\":\"Vse novice iz Slovenije in sveta\",\"publisher\":{\"@id\":\"https:\/\/hudo.com\/si\/#organization\"},\"potentialAction\":[{\"@type\":\"SearchAction\",\"target\":{\"@type\":\"EntryPoint\",\"urlTemplate\":\"https:\/\/hudo.com\/si\/?s={search_term_string}\"},\"query-input\":\"required name=search_term_string\"}],\"inLanguage\":\"sl-SI\"},{\"@type\":\"Organization\",\"@id\":\"https:\/\/hudo.com\/si\/#organization\",\"name\":\"VSN Media\",\"url\":\"https:\/\/hudo.com\/si\/\",\"logo\":{\"@type\":\"ImageObject\",\"inLanguage\":\"sl-SI\",\"@id\":\"https:\/\/hudo.com\/si\/#\/schema\/logo\/image\/\",\"url\":\"https:\/\/hudo.com\/si\/wp-content\/uploads\/sites\/2\/2021\/03\/hudo-app-2.png\",\"contentUrl\":\"https:\/\/hudo.com\/si\/wp-content\/uploads\/sites\/2\/2021\/03\/hudo-app-2.png\",\"width\":2185,\"height\":2167,\"caption\":\"VSN Media\"},\"image\":{\"@id\":\"https:\/\/hudo.com\/si\/#\/schema\/logo\/image\/\"},\"sameAs\":[\"https:\/\/www.facebook.com\/hudo.si\",\"https:\/\/twitter.com\/hudo_si\"]},{\"@type\":\"Person\",\"@id\":\"https:\/\/hudo.com\/si\/#\/schema\/person\/601cf3379633985b20f7e50f2bb47707\",\"name\":\"hudo\",\"image\":{\"@type\":\"ImageObject\",\"inLanguage\":\"sl-SI\",\"@id\":\"https:\/\/hudo.com\/si\/#\/schema\/person\/image\/\",\"url\":\"https:\/\/secure.gravatar.com\/avatar\/c4ca25fa72cace7a696b52ff5db9e095?s=96&d=mm&r=g\",\"contentUrl\":\"https:\/\/secure.gravatar.com\/avatar\/c4ca25fa72cace7a696b52ff5db9e095?s=96&d=mm&r=g\",\"caption\":\"hudo\"},\"url\":\"https:\/\/hudo.com\/si\/author\/hudo\/\"}]}<\/script>\n<!-- \/ Yoast SEO plugin. -->","yoast_head_json":{"title":"Ibraimi: Nizkotno sem bil izgnan iz karantene - Hudo Slovenija","robots":{"index":"index","follow":"follow","max-snippet":"max-snippet:-1","max-image-preview":"max-image-preview:large","max-video-preview":"max-video-preview:-1"},"canonical":"https:\/\/hudo.com\/si\/aktualno\/ibraimi-nizkotno-sem-bil-izgnan-iz-karantene\/","og_locale":"sl_SI","og_type":"article","og_title":"Ibraimi: Nizkotno sem bil izgnan iz karantene - Hudo Slovenija","og_description":"Neigranje Agima Ibraimija na sino\u010dni tekmi NK Maribor proti Dom\u017ealam \u0161e vedno buri duhove. Trener Maribor\u010danov Darko Milani\u010d po tekmi z izjavo \"Ni ga bilo v postavi. To je to.\" ni bil najbolj prepri\u010dljiv. Ibraimi naj bi v petek zve\u010der zapustil karanteno, njegova odlo\u010ditev pa naj bi bila povezana z vdorom viol na petkov popoldanski trening. Ibraimi, ki na mobilnem telefonu ni dosegljiv, je danes na facebook zapisal: \"\u010clovek zmore biti mo\u010dnejsi od zunanje usode in vsak dan stoji pred odlo\u010ditvijo, ali bo iz svojega trpljenja napravil notranji mir. Predno si ustvarite svoje mnenje, \u017eelim razjasniti, da sem bil v to dejanje prisiljen, da sem na najbolj nizkoten na\u010din izgnan iz karantene s strani enega \u010dloveka. Lp, Agim Viola.\" Podrobneje teh svojih besed ni pojasnil. Pomenljiva je tudi izjava Milivoja Novakovi\u0107a po v\u010deraj\u0161ni tekmi: \"V tujini je ve\u010dji profesionalizem. Malo sem presene\u010den, sku\u0161am se navajati na sistem slovenske lige. Vsi preve\u010d govorijo v sla\u010dilnici. Vsak mora gledati nase, raz\u010distiti pri sebi, se osredoto\u010diti na tekme in zavzeto delati na treningih. Pogre\u0161am ve\u010d profesionalizma od vsakega igralca.\"\u0160port","og_url":"https:\/\/hudo.com\/si\/aktualno\/ibraimi-nizkotno-sem-bil-izgnan-iz-karantene\/","og_site_name":"Hudo Slovenija","article_publisher":"https:\/\/www.facebook.com\/hudo.si","article_published_time":"2016-04-09T20:00:00+00:00","article_modified_time":"2016-04-10T22:21:32+00:00","og_image":[{"width":450,"height":318,"url":"https:\/\/hudo.com\/si\/wp-content\/uploads\/sites\/2\/2016\/04\/0407Z13-300.jpg","type":"image\/jpeg"}],"author":"hudo","twitter_card":"summary_large_image","twitter_creator":"@hudo_si","twitter_site":"@hudo_si","twitter_misc":{"Written by":"hudo","Est. reading time":"1 minuta"},"schema":{"@context":"https:\/\/schema.org","@graph":[{"@type":"Article","@id":"https:\/\/hudo.com\/si\/aktualno\/ibraimi-nizkotno-sem-bil-izgnan-iz-karantene\/#article","isPartOf":{"@id":"https:\/\/hudo.com\/si\/aktualno\/ibraimi-nizkotno-sem-bil-izgnan-iz-karantene\/"},"author":{"name":"hudo","@id":"https:\/\/hudo.com\/si\/#\/schema\/person\/601cf3379633985b20f7e50f2bb47707"},"headline":"Ibraimi: Nizkotno sem bil izgnan iz karantene","datePublished":"2016-04-09T20:00:00+00:00","dateModified":"2016-04-10T22:21:32+00:00","mainEntityOfPage":{"@id":"https:\/\/hudo.com\/si\/aktualno\/ibraimi-nizkotno-sem-bil-izgnan-iz-karantene\/"},"wordCount":203,"publisher":{"@id":"https:\/\/hudo.com\/si\/#organization"},"articleSection":["Aktualno"],"inLanguage":"sl-SI"},{"@type":"WebPage","@id":"https:\/\/hudo.com\/si\/aktualno\/ibraimi-nizkotno-sem-bil-izgnan-iz-karantene\/","url":"https:\/\/hudo.com\/si\/aktualno\/ibraimi-nizkotno-sem-bil-izgnan-iz-karantene\/","name":"Ibraimi: Nizkotno sem bil izgnan iz karantene - Hudo Slovenija","isPartOf":{"@id":"https:\/\/hudo.com\/si\/#website"},"datePublished":"2016-04-09T20:00:00+00:00","dateModified":"2016-04-10T22:21:32+00:00","breadcrumb":{"@id":"https:\/\/hudo.com\/si\/aktualno\/ibraimi-nizkotno-sem-bil-izgnan-iz-karantene\/#breadcrumb"},"inLanguage":"sl-SI","potentialAction":[{"@type":"ReadAction","target":["https:\/\/hudo.com\/si\/aktualno\/ibraimi-nizkotno-sem-bil-izgnan-iz-karantene\/"]}]},{"@type":"BreadcrumbList","@id":"https:\/\/hudo.com\/si\/aktualno\/ibraimi-nizkotno-sem-bil-izgnan-iz-karantene\/#breadcrumb","itemListElement":[{"@type":"ListItem","position":1,"name":"Home","item":"https:\/\/hudo.com\/si\/"},{"@type":"ListItem","position":2,"name":"Ibraimi: Nizkotno sem bil izgnan iz karantene"}]},{"@type":"WebSite","@id":"https:\/\/hudo.com\/si\/#website","url":"https:\/\/hudo.com\/si\/","name":"Hudo Slovenija","description":"Vse novice iz Slovenije in sveta","publisher":{"@id":"https:\/\/hudo.com\/si\/#organization"},"potentialAction":[{"@type":"SearchAction","target":{"@type":"EntryPoint","urlTemplate":"https:\/\/hudo.com\/si\/?s={search_term_string}"},"query-input":"required name=search_term_string"}],"inLanguage":"sl-SI"},{"@type":"Organization","@id":"https:\/\/hudo.com\/si\/#organization","name":"VSN Media","url":"https:\/\/hudo.com\/si\/","logo":{"@type":"ImageObject","inLanguage":"sl-SI","@id":"https:\/\/hudo.com\/si\/#\/schema\/logo\/image\/","url":"https:\/\/hudo.com\/si\/wp-content\/uploads\/sites\/2\/2021\/03\/hudo-app-2.png","contentUrl":"https:\/\/hudo.com\/si\/wp-content\/uploads\/sites\/2\/2021\/03\/hudo-app-2.png","width":2185,"height":2167,"caption":"VSN Media"},"image":{"@id":"https:\/\/hudo.com\/si\/#\/schema\/logo\/image\/"},"sameAs":["https:\/\/www.facebook.com\/hudo.si","https:\/\/twitter.com\/hudo_si"]},{"@type":"Person","@id":"https:\/\/hudo.com\/si\/#\/schema\/person\/601cf3379633985b20f7e50f2bb47707","name":"hudo","image":{"@type":"ImageObject","inLanguage":"sl-SI","@id":"https:\/\/hudo.com\/si\/#\/schema\/person\/image\/","url":"https:\/\/secure.gravatar.com\/avatar\/c4ca25fa72cace7a696b52ff5db9e095?s=96&d=mm&r=g","contentUrl":"https:\/\/secure.gravatar.com\/avatar\/c4ca25fa72cace7a696b52ff5db9e095?s=96&d=mm&r=g","caption":"hudo"},"url":"https:\/\/hudo.com\/si\/author\/hudo\/"}]}},"amp_enabled":true,"_links":{"self":[{"href":"https:\/\/hudo.com\/si\/wp-json\/wp\/v2\/posts\/25979"}],"collection":[{"href":"https:\/\/hudo.com\/si\/wp-json\/wp\/v2\/posts"}],"about":[{"href":"https:\/\/hudo.com\/si\/wp-json\/wp\/v2\/types\/post"}],"author":[{"embeddable":true,"href":"https:\/\/hudo.com\/si\/wp-json\/wp\/v2\/users\/1"}],"replies":[{"embeddable":true,"href":"https:\/\/hudo.com\/si\/wp-json\/wp\/v2\/comments?post=25979"}],"version-history":[{"count":1,"href":"https:\/\/hudo.com\/si\/wp-json\/wp\/v2\/posts\/25979\/revisions"}],"predecessor-version":[{"id":26008,"href":"https:\/\/hudo.com\/si\/wp-json\/wp\/v2\/posts\/25979\/revisions\/26008"}],"wp:attachment":[{"href":"https:\/\/hudo.com\/si\/wp-json\/wp\/v2\/media?parent=25979"}],"wp:term":[{"taxonomy":"category","embeddable":true,"href":"https:\/\/hudo.com\/si\/wp-json\/wp\/v2\/categories?post=25979"},{"taxonomy":"post_tag","embeddable":true,"href":"https:\/\/hudo.com\/si\/wp-json\/wp\/v2\/tags?post=25979"},{"taxonomy":"source","embeddable":true,"href":"https:\/\/hudo.com\/si\/wp-json\/wp\/v2\/source?post=25979"},{"taxonomy":"supertag","embeddable":true,"href":"https:\/\/hudo.com\/si\/wp-json\/wp\/v2\/supertag?post=25979"}],"curies":[{"name":"wp","href":"https:\/\/api.w.org\/{rel}","templated":true}]}}