{"id":261507,"date":"2017-05-31T13:00:00","date_gmt":"2017-05-31T11:00:00","guid":{"rendered":"http:\/\/hudo.com\/si\/2017\/05\/31\/najmlajsa-odbojkarska-reprezentantka-ima-komaj-15-let\/"},"modified":"2017-05-31T13:00:00","modified_gmt":"2017-05-31T11:00:00","slug":"najmlajsa-odbojkarska-reprezentantka-ima-komaj-15-let","status":"publish","type":"post","link":"https:\/\/hudo.com\/si\/aktualno\/najmlajsa-odbojkarska-reprezentantka-ima-komaj-15-let\/","title":{"rendered":"Najmlaj\u0161a odbojkarska reprezentantka ima komaj 15 let"},"content":{"rendered":"<p>Kategorija: Drugi \u0161porti Wed, 31 May 2017 15:00:00 +0200  Ljubljana \u2013 Potem ko se je krstna uvrstitev na SP posre\u010dila slovenskim odbojkarjem, na podoben podvig upajo tudi odbojkarice, ki pa imajo, realno, precej manj mo\u017enosti, saj so \u0161ele 3. nosilke kvalifikacijske skupine F na Portugalskem, kjer bo turnir od danes do nedelje. Tako mlade \u010dlanske vrste Slovenija \u0161e ni imela. V njej so igralke, stare od 15 (Eva Zatkovi\u010d) do 22 let (Sara Najdi\u010d, Nika Blagne), kapetanka je 21-letna Eva Mori, ki ima ob Lani \u0160\u010duka tudi edina mednarodne izku\u0161nje. Vse je podrejeno SP do 23 let, konec poletja v Sloveniji. Kvalifikacijska skupina je zahtevna. Na\u0161a dekleta na evropski lestvici dr\u017eijo 21. mesto, pred njimi sta Nem\u010dija (3. mesto) in Francija (14.), za njimi Finska (24.), Portugalska (27.) in Estonija (32.). \u00bbDekleta so vadila zelo zavzeto in visoko motivirano.\u00a0&#8230;<\/p>\n","protected":false},"excerpt":{"rendered":"<p>Kategorija: Drugi \u0161porti Wed, 31 May 2017 15:00:00 +0200  Ljubljana \u2013 Potem ko se je krstna uvrstitev na SP posre\u010dila slovenskim odbojkarjem, na podoben podvig upajo tudi odbojkarice, ki pa imajo, realno, precej manj mo\u017enosti, saj so \u0161ele 3. nosilke kvalifikacijske skupine F na Portugalskem, kjer bo turnir od danes do nedelje. Tako mlade \u010dlanske vrste Slovenija \u0161e ni imela. V njej so igralke, stare od 15 (Eva Zatkovi\u010d) do 22 let (Sara Najdi\u010d, Nika Blagne), kapetanka je 21-letna Eva Mori, ki ima ob Lani \u0160\u010duka tudi edina mednarodne izku\u0161nje. Vse je podrejeno SP do 23 let, konec poletja v Sloveniji. Kvalifikacijska skupina je zahtevna. Na\u0161a dekleta na evropski lestvici dr\u017eijo 21. mesto, pred njimi sta Nem\u010dija (3. mesto) in Francija (14.), za njimi Finska (24.), Portugalska (27.) in Estonija (32.). \u00bbDekleta so vadila zelo zavzeto in visoko motivirano.\u00a0&#8230;<\/p>\n","protected":false},"author":1,"featured_media":0,"comment_status":"closed","ping_status":"closed","sticky":false,"template":"","format":"standard","meta":{"footnotes":""},"categories":[1179],"tags":[],"source":[1703],"supertag":[],"acf":[],"yoast_head":"<!-- This site is optimized with the Yoast SEO plugin v21.3 - https:\/\/yoast.com\/wordpress\/plugins\/seo\/ -->\n<title>Najmlaj\u0161a odbojkarska reprezentantka ima komaj 15 let - Hudo Slovenija<\/title>\n<meta name=\"robots\" content=\"index, follow, max-snippet:-1, max-image-preview:large, max-video-preview:-1\" \/>\n<link rel=\"canonical\" href=\"https:\/\/hudo.com\/si\/aktualno\/najmlajsa-odbojkarska-reprezentantka-ima-komaj-15-let\/\" \/>\n<meta property=\"og:locale\" content=\"sl_SI\" \/>\n<meta property=\"og:type\" content=\"article\" \/>\n<meta property=\"og:title\" content=\"Najmlaj\u0161a odbojkarska reprezentantka ima komaj 15 let - Hudo Slovenija\" \/>\n<meta property=\"og:description\" content=\"Kategorija: Drugi \u0161porti Wed, 31 May 2017 15:00:00 +0200 Ljubljana \u2013 Potem ko se je krstna uvrstitev na SP posre\u010dila slovenskim odbojkarjem, na podoben podvig upajo tudi odbojkarice, ki pa imajo, realno, precej manj mo\u017enosti, saj so \u0161ele 3. nosilke kvalifikacijske skupine F na Portugalskem, kjer bo turnir od danes do nedelje. Tako mlade \u010dlanske vrste Slovenija \u0161e ni imela. V njej so igralke, stare od 15 (Eva Zatkovi\u010d) do 22 let (Sara Najdi\u010d, Nika Blagne), kapetanka je 21-letna Eva Mori, ki ima ob Lani \u0160\u010duka tudi edina mednarodne izku\u0161nje. Vse je podrejeno SP do 23 let, konec poletja v Sloveniji. Kvalifikacijska skupina je zahtevna. Na\u0161a dekleta na evropski lestvici dr\u017eijo 21. mesto, pred njimi sta Nem\u010dija (3. mesto) in Francija (14.), za njimi Finska (24.), Portugalska (27.) in Estonija (32.). \u00bbDekleta so vadila zelo zavzeto in visoko motivirano.\u00a0...\" \/>\n<meta property=\"og:url\" content=\"https:\/\/hudo.com\/si\/aktualno\/najmlajsa-odbojkarska-reprezentantka-ima-komaj-15-let\/\" \/>\n<meta property=\"og:site_name\" content=\"Hudo Slovenija\" \/>\n<meta property=\"article:publisher\" content=\"https:\/\/www.facebook.com\/hudo.si\" \/>\n<meta property=\"article:published_time\" content=\"2017-05-31T11:00:00+00:00\" \/>\n<meta property=\"og:image\" content=\"https:\/\/hudo.com\/si\/wp-content\/uploads\/sites\/2\/2017\/05\/480x290_Sport__Delo_Foto_2017053013_hires0.jpeg\" \/>\n\t<meta property=\"og:image:width\" content=\"479\" \/>\n\t<meta property=\"og:image:height\" content=\"290\" \/>\n\t<meta property=\"og:image:type\" content=\"image\/jpeg\" \/>\n<meta name=\"author\" content=\"hudo\" \/>\n<meta name=\"twitter:card\" content=\"summary_large_image\" \/>\n<meta name=\"twitter:creator\" content=\"@hudo_si\" \/>\n<meta name=\"twitter:site\" content=\"@hudo_si\" \/>\n<meta name=\"twitter:label1\" content=\"Written by\" \/>\n\t<meta name=\"twitter:data1\" content=\"hudo\" \/>\n\t<meta name=\"twitter:label2\" content=\"Est. reading time\" \/>\n\t<meta name=\"twitter:data2\" content=\"1 minuta\" \/>\n<script type=\"application\/ld+json\" class=\"yoast-schema-graph\">{\"@context\":\"https:\/\/schema.org\",\"@graph\":[{\"@type\":\"Article\",\"@id\":\"https:\/\/hudo.com\/si\/aktualno\/najmlajsa-odbojkarska-reprezentantka-ima-komaj-15-let\/#article\",\"isPartOf\":{\"@id\":\"https:\/\/hudo.com\/si\/aktualno\/najmlajsa-odbojkarska-reprezentantka-ima-komaj-15-let\/\"},\"author\":{\"name\":\"hudo\",\"@id\":\"https:\/\/hudo.com\/si\/#\/schema\/person\/601cf3379633985b20f7e50f2bb47707\"},\"headline\":\"Najmlaj\u0161a odbojkarska reprezentantka ima komaj 15 let\",\"datePublished\":\"2017-05-31T11:00:00+00:00\",\"dateModified\":\"2017-05-31T11:00:00+00:00\",\"mainEntityOfPage\":{\"@id\":\"https:\/\/hudo.com\/si\/aktualno\/najmlajsa-odbojkarska-reprezentantka-ima-komaj-15-let\/\"},\"wordCount\":137,\"publisher\":{\"@id\":\"https:\/\/hudo.com\/si\/#organization\"},\"articleSection\":[\"Aktualno\"],\"inLanguage\":\"sl-SI\"},{\"@type\":\"WebPage\",\"@id\":\"https:\/\/hudo.com\/si\/aktualno\/najmlajsa-odbojkarska-reprezentantka-ima-komaj-15-let\/\",\"url\":\"https:\/\/hudo.com\/si\/aktualno\/najmlajsa-odbojkarska-reprezentantka-ima-komaj-15-let\/\",\"name\":\"Najmlaj\u0161a odbojkarska reprezentantka ima komaj 15 let - Hudo Slovenija\",\"isPartOf\":{\"@id\":\"https:\/\/hudo.com\/si\/#website\"},\"datePublished\":\"2017-05-31T11:00:00+00:00\",\"dateModified\":\"2017-05-31T11:00:00+00:00\",\"breadcrumb\":{\"@id\":\"https:\/\/hudo.com\/si\/aktualno\/najmlajsa-odbojkarska-reprezentantka-ima-komaj-15-let\/#breadcrumb\"},\"inLanguage\":\"sl-SI\",\"potentialAction\":[{\"@type\":\"ReadAction\",\"target\":[\"https:\/\/hudo.com\/si\/aktualno\/najmlajsa-odbojkarska-reprezentantka-ima-komaj-15-let\/\"]}]},{\"@type\":\"BreadcrumbList\",\"@id\":\"https:\/\/hudo.com\/si\/aktualno\/najmlajsa-odbojkarska-reprezentantka-ima-komaj-15-let\/#breadcrumb\",\"itemListElement\":[{\"@type\":\"ListItem\",\"position\":1,\"name\":\"Home\",\"item\":\"https:\/\/hudo.com\/si\/\"},{\"@type\":\"ListItem\",\"position\":2,\"name\":\"Najmlaj\u0161a odbojkarska reprezentantka ima komaj 15 let\"}]},{\"@type\":\"WebSite\",\"@id\":\"https:\/\/hudo.com\/si\/#website\",\"url\":\"https:\/\/hudo.com\/si\/\",\"name\":\"Hudo Slovenija\",\"description\":\"Vse novice iz Slovenije in sveta\",\"publisher\":{\"@id\":\"https:\/\/hudo.com\/si\/#organization\"},\"potentialAction\":[{\"@type\":\"SearchAction\",\"target\":{\"@type\":\"EntryPoint\",\"urlTemplate\":\"https:\/\/hudo.com\/si\/?s={search_term_string}\"},\"query-input\":\"required name=search_term_string\"}],\"inLanguage\":\"sl-SI\"},{\"@type\":\"Organization\",\"@id\":\"https:\/\/hudo.com\/si\/#organization\",\"name\":\"VSN Media\",\"url\":\"https:\/\/hudo.com\/si\/\",\"logo\":{\"@type\":\"ImageObject\",\"inLanguage\":\"sl-SI\",\"@id\":\"https:\/\/hudo.com\/si\/#\/schema\/logo\/image\/\",\"url\":\"https:\/\/hudo.com\/si\/wp-content\/uploads\/sites\/2\/2021\/03\/hudo-app-2.png\",\"contentUrl\":\"https:\/\/hudo.com\/si\/wp-content\/uploads\/sites\/2\/2021\/03\/hudo-app-2.png\",\"width\":2185,\"height\":2167,\"caption\":\"VSN Media\"},\"image\":{\"@id\":\"https:\/\/hudo.com\/si\/#\/schema\/logo\/image\/\"},\"sameAs\":[\"https:\/\/www.facebook.com\/hudo.si\",\"https:\/\/twitter.com\/hudo_si\"]},{\"@type\":\"Person\",\"@id\":\"https:\/\/hudo.com\/si\/#\/schema\/person\/601cf3379633985b20f7e50f2bb47707\",\"name\":\"hudo\",\"image\":{\"@type\":\"ImageObject\",\"inLanguage\":\"sl-SI\",\"@id\":\"https:\/\/hudo.com\/si\/#\/schema\/person\/image\/\",\"url\":\"https:\/\/secure.gravatar.com\/avatar\/c4ca25fa72cace7a696b52ff5db9e095?s=96&d=mm&r=g\",\"contentUrl\":\"https:\/\/secure.gravatar.com\/avatar\/c4ca25fa72cace7a696b52ff5db9e095?s=96&d=mm&r=g\",\"caption\":\"hudo\"},\"url\":\"https:\/\/hudo.com\/si\/author\/hudo\/\"}]}<\/script>\n<!-- \/ Yoast SEO plugin. -->","yoast_head_json":{"title":"Najmlaj\u0161a odbojkarska reprezentantka ima komaj 15 let - Hudo Slovenija","robots":{"index":"index","follow":"follow","max-snippet":"max-snippet:-1","max-image-preview":"max-image-preview:large","max-video-preview":"max-video-preview:-1"},"canonical":"https:\/\/hudo.com\/si\/aktualno\/najmlajsa-odbojkarska-reprezentantka-ima-komaj-15-let\/","og_locale":"sl_SI","og_type":"article","og_title":"Najmlaj\u0161a odbojkarska reprezentantka ima komaj 15 let - Hudo Slovenija","og_description":"Kategorija: Drugi \u0161porti Wed, 31 May 2017 15:00:00 +0200 Ljubljana \u2013 Potem ko se je krstna uvrstitev na SP posre\u010dila slovenskim odbojkarjem, na podoben podvig upajo tudi odbojkarice, ki pa imajo, realno, precej manj mo\u017enosti, saj so \u0161ele 3. nosilke kvalifikacijske skupine F na Portugalskem, kjer bo turnir od danes do nedelje. Tako mlade \u010dlanske vrste Slovenija \u0161e ni imela. V njej so igralke, stare od 15 (Eva Zatkovi\u010d) do 22 let (Sara Najdi\u010d, Nika Blagne), kapetanka je 21-letna Eva Mori, ki ima ob Lani \u0160\u010duka tudi edina mednarodne izku\u0161nje. Vse je podrejeno SP do 23 let, konec poletja v Sloveniji. Kvalifikacijska skupina je zahtevna. Na\u0161a dekleta na evropski lestvici dr\u017eijo 21. mesto, pred njimi sta Nem\u010dija (3. mesto) in Francija (14.), za njimi Finska (24.), Portugalska (27.) in Estonija (32.). \u00bbDekleta so vadila zelo zavzeto in visoko motivirano.\u00a0...","og_url":"https:\/\/hudo.com\/si\/aktualno\/najmlajsa-odbojkarska-reprezentantka-ima-komaj-15-let\/","og_site_name":"Hudo Slovenija","article_publisher":"https:\/\/www.facebook.com\/hudo.si","article_published_time":"2017-05-31T11:00:00+00:00","og_image":[{"width":479,"height":290,"url":"https:\/\/hudo.com\/si\/wp-content\/uploads\/sites\/2\/2017\/05\/480x290_Sport__Delo_Foto_2017053013_hires0.jpeg","type":"image\/jpeg"}],"author":"hudo","twitter_card":"summary_large_image","twitter_creator":"@hudo_si","twitter_site":"@hudo_si","twitter_misc":{"Written by":"hudo","Est. reading time":"1 minuta"},"schema":{"@context":"https:\/\/schema.org","@graph":[{"@type":"Article","@id":"https:\/\/hudo.com\/si\/aktualno\/najmlajsa-odbojkarska-reprezentantka-ima-komaj-15-let\/#article","isPartOf":{"@id":"https:\/\/hudo.com\/si\/aktualno\/najmlajsa-odbojkarska-reprezentantka-ima-komaj-15-let\/"},"author":{"name":"hudo","@id":"https:\/\/hudo.com\/si\/#\/schema\/person\/601cf3379633985b20f7e50f2bb47707"},"headline":"Najmlaj\u0161a odbojkarska reprezentantka ima komaj 15 let","datePublished":"2017-05-31T11:00:00+00:00","dateModified":"2017-05-31T11:00:00+00:00","mainEntityOfPage":{"@id":"https:\/\/hudo.com\/si\/aktualno\/najmlajsa-odbojkarska-reprezentantka-ima-komaj-15-let\/"},"wordCount":137,"publisher":{"@id":"https:\/\/hudo.com\/si\/#organization"},"articleSection":["Aktualno"],"inLanguage":"sl-SI"},{"@type":"WebPage","@id":"https:\/\/hudo.com\/si\/aktualno\/najmlajsa-odbojkarska-reprezentantka-ima-komaj-15-let\/","url":"https:\/\/hudo.com\/si\/aktualno\/najmlajsa-odbojkarska-reprezentantka-ima-komaj-15-let\/","name":"Najmlaj\u0161a odbojkarska reprezentantka ima komaj 15 let - Hudo Slovenija","isPartOf":{"@id":"https:\/\/hudo.com\/si\/#website"},"datePublished":"2017-05-31T11:00:00+00:00","dateModified":"2017-05-31T11:00:00+00:00","breadcrumb":{"@id":"https:\/\/hudo.com\/si\/aktualno\/najmlajsa-odbojkarska-reprezentantka-ima-komaj-15-let\/#breadcrumb"},"inLanguage":"sl-SI","potentialAction":[{"@type":"ReadAction","target":["https:\/\/hudo.com\/si\/aktualno\/najmlajsa-odbojkarska-reprezentantka-ima-komaj-15-let\/"]}]},{"@type":"BreadcrumbList","@id":"https:\/\/hudo.com\/si\/aktualno\/najmlajsa-odbojkarska-reprezentantka-ima-komaj-15-let\/#breadcrumb","itemListElement":[{"@type":"ListItem","position":1,"name":"Home","item":"https:\/\/hudo.com\/si\/"},{"@type":"ListItem","position":2,"name":"Najmlaj\u0161a odbojkarska reprezentantka ima komaj 15 let"}]},{"@type":"WebSite","@id":"https:\/\/hudo.com\/si\/#website","url":"https:\/\/hudo.com\/si\/","name":"Hudo Slovenija","description":"Vse novice iz Slovenije in sveta","publisher":{"@id":"https:\/\/hudo.com\/si\/#organization"},"potentialAction":[{"@type":"SearchAction","target":{"@type":"EntryPoint","urlTemplate":"https:\/\/hudo.com\/si\/?s={search_term_string}"},"query-input":"required name=search_term_string"}],"inLanguage":"sl-SI"},{"@type":"Organization","@id":"https:\/\/hudo.com\/si\/#organization","name":"VSN Media","url":"https:\/\/hudo.com\/si\/","logo":{"@type":"ImageObject","inLanguage":"sl-SI","@id":"https:\/\/hudo.com\/si\/#\/schema\/logo\/image\/","url":"https:\/\/hudo.com\/si\/wp-content\/uploads\/sites\/2\/2021\/03\/hudo-app-2.png","contentUrl":"https:\/\/hudo.com\/si\/wp-content\/uploads\/sites\/2\/2021\/03\/hudo-app-2.png","width":2185,"height":2167,"caption":"VSN Media"},"image":{"@id":"https:\/\/hudo.com\/si\/#\/schema\/logo\/image\/"},"sameAs":["https:\/\/www.facebook.com\/hudo.si","https:\/\/twitter.com\/hudo_si"]},{"@type":"Person","@id":"https:\/\/hudo.com\/si\/#\/schema\/person\/601cf3379633985b20f7e50f2bb47707","name":"hudo","image":{"@type":"ImageObject","inLanguage":"sl-SI","@id":"https:\/\/hudo.com\/si\/#\/schema\/person\/image\/","url":"https:\/\/secure.gravatar.com\/avatar\/c4ca25fa72cace7a696b52ff5db9e095?s=96&d=mm&r=g","contentUrl":"https:\/\/secure.gravatar.com\/avatar\/c4ca25fa72cace7a696b52ff5db9e095?s=96&d=mm&r=g","caption":"hudo"},"url":"https:\/\/hudo.com\/si\/author\/hudo\/"}]}},"amp_enabled":true,"_links":{"self":[{"href":"https:\/\/hudo.com\/si\/wp-json\/wp\/v2\/posts\/261507"}],"collection":[{"href":"https:\/\/hudo.com\/si\/wp-json\/wp\/v2\/posts"}],"about":[{"href":"https:\/\/hudo.com\/si\/wp-json\/wp\/v2\/types\/post"}],"author":[{"embeddable":true,"href":"https:\/\/hudo.com\/si\/wp-json\/wp\/v2\/users\/1"}],"replies":[{"embeddable":true,"href":"https:\/\/hudo.com\/si\/wp-json\/wp\/v2\/comments?post=261507"}],"version-history":[{"count":0,"href":"https:\/\/hudo.com\/si\/wp-json\/wp\/v2\/posts\/261507\/revisions"}],"wp:attachment":[{"href":"https:\/\/hudo.com\/si\/wp-json\/wp\/v2\/media?parent=261507"}],"wp:term":[{"taxonomy":"category","embeddable":true,"href":"https:\/\/hudo.com\/si\/wp-json\/wp\/v2\/categories?post=261507"},{"taxonomy":"post_tag","embeddable":true,"href":"https:\/\/hudo.com\/si\/wp-json\/wp\/v2\/tags?post=261507"},{"taxonomy":"source","embeddable":true,"href":"https:\/\/hudo.com\/si\/wp-json\/wp\/v2\/source?post=261507"},{"taxonomy":"supertag","embeddable":true,"href":"https:\/\/hudo.com\/si\/wp-json\/wp\/v2\/supertag?post=261507"}],"curies":[{"name":"wp","href":"https:\/\/api.w.org\/{rel}","templated":true}]}}