{"id":262904,"date":"2017-06-04T15:00:00","date_gmt":"2017-06-04T13:00:00","guid":{"rendered":"http:\/\/hudo.com\/si\/2017\/06\/04\/na-madzarskem-umrl-slovenski-padalec\/"},"modified":"2017-06-04T15:00:00","modified_gmt":"2017-06-04T13:00:00","slug":"na-madzarskem-umrl-slovenski-padalec","status":"publish","type":"post","link":"https:\/\/hudo.com\/si\/aktualno\/na-madzarskem-umrl-slovenski-padalec\/","title":{"rendered":"Na Mad\u017earskem umrl slovenski padalec"},"content":{"rendered":"<p>Kategorija: Kronika Sun, 04 Jun 2017 17:00:00 +0200  Siofok &#8211; V\u010deraj pozno popoldne se je pri skoku s padalom na \u0161portnem letali\u0161\u010du Siofok &#8211; Kiliti v bli\u017eini Blatnega jezera smrtno ponesre\u010dil 47-letni slovenski padalec Jo\u017ee Veldin iz Murske Sobote. Vzrok nesre\u010de \u0161e ni znan, znano je le, da se nesre\u010dnemu padalcu padalo ni odprlo pravo\u010dasno.\u00a0 Veldin je bil eden najbolj izku\u0161enih slovenskih padalcev v neklasi\u010dnih disciplinah. Prve padalske skoke je opravil leta 1987 na \u0161portnem letali\u0161\u010du Aerokluba Murska Sobota v Raki\u010danu in se hitro ogrel za ekstremne in umetni\u0161ke oblike padalskih skokov. Leta 1998 je bil prvi v Sloveniji, ki je poskusil deskanje v zraku &#8211; med prostim padom je z manj\u0161o desko na nogah stoje &#8220;deskal&#8221; in potem odprl padalo. Pozneje je za\u010del tudi s tandemskimi skoki in z njim je sko\u010dilo kar nekaj znanih Slovenk in Slovencev.\u00a0&#8230;<\/p>\n","protected":false},"excerpt":{"rendered":"<p>Kategorija: Kronika Sun, 04 Jun 2017 17:00:00 +0200  Siofok &#8211; V\u010deraj pozno popoldne se je pri skoku s padalom na \u0161portnem letali\u0161\u010du Siofok &#8211; Kiliti v bli\u017eini Blatnega jezera smrtno ponesre\u010dil 47-letni slovenski padalec Jo\u017ee Veldin iz Murske Sobote. Vzrok nesre\u010de \u0161e ni znan, znano je le, da se nesre\u010dnemu padalcu padalo ni odprlo pravo\u010dasno.\u00a0 Veldin je bil eden najbolj izku\u0161enih slovenskih padalcev v neklasi\u010dnih disciplinah. Prve padalske skoke je opravil leta 1987 na \u0161portnem letali\u0161\u010du Aerokluba Murska Sobota v Raki\u010danu in se hitro ogrel za ekstremne in umetni\u0161ke oblike padalskih skokov. Leta 1998 je bil prvi v Sloveniji, ki je poskusil deskanje v zraku &#8211; med prostim padom je z manj\u0161o desko na nogah stoje &#8220;deskal&#8221; in potem odprl padalo. Pozneje je za\u010del tudi s tandemskimi skoki in z njim je sko\u010dilo kar nekaj znanih Slovenk in Slovencev.\u00a0&#8230;<\/p>\n","protected":false},"author":1,"featured_media":0,"comment_status":"closed","ping_status":"closed","sticky":false,"template":"","format":"standard","meta":{"footnotes":""},"categories":[1179],"tags":[],"source":[1703],"supertag":[],"acf":[],"yoast_head":"<!-- This site is optimized with the Yoast SEO plugin v21.3 - https:\/\/yoast.com\/wordpress\/plugins\/seo\/ -->\n<title>Na Mad\u017earskem umrl slovenski padalec - Hudo Slovenija<\/title>\n<meta name=\"robots\" content=\"index, follow, max-snippet:-1, max-image-preview:large, max-video-preview:-1\" \/>\n<link rel=\"canonical\" href=\"https:\/\/hudo.com\/si\/aktualno\/na-madzarskem-umrl-slovenski-padalec\/\" \/>\n<meta property=\"og:locale\" content=\"sl_SI\" \/>\n<meta property=\"og:type\" content=\"article\" \/>\n<meta property=\"og:title\" content=\"Na Mad\u017earskem umrl slovenski padalec - Hudo Slovenija\" \/>\n<meta property=\"og:description\" content=\"Kategorija: Kronika Sun, 04 Jun 2017 17:00:00 +0200 Siofok - V\u010deraj pozno popoldne se je pri skoku s padalom na \u0161portnem letali\u0161\u010du Siofok - Kiliti v bli\u017eini Blatnega jezera smrtno ponesre\u010dil 47-letni slovenski padalec Jo\u017ee Veldin iz Murske Sobote. Vzrok nesre\u010de \u0161e ni znan, znano je le, da se nesre\u010dnemu padalcu padalo ni odprlo pravo\u010dasno.\u00a0 Veldin je bil eden najbolj izku\u0161enih slovenskih padalcev v neklasi\u010dnih disciplinah. Prve padalske skoke je opravil leta 1987 na \u0161portnem letali\u0161\u010du Aerokluba Murska Sobota v Raki\u010danu in se hitro ogrel za ekstremne in umetni\u0161ke oblike padalskih skokov. Leta 1998 je bil prvi v Sloveniji, ki je poskusil deskanje v zraku - med prostim padom je z manj\u0161o desko na nogah stoje &quot;deskal&quot; in potem odprl padalo. Pozneje je za\u010del tudi s tandemskimi skoki in z njim je sko\u010dilo kar nekaj znanih Slovenk in Slovencev.\u00a0...\" \/>\n<meta property=\"og:url\" content=\"https:\/\/hudo.com\/si\/aktualno\/na-madzarskem-umrl-slovenski-padalec\/\" \/>\n<meta property=\"og:site_name\" content=\"Hudo Slovenija\" \/>\n<meta property=\"article:publisher\" content=\"https:\/\/www.facebook.com\/hudo.si\" \/>\n<meta property=\"article:published_time\" content=\"2017-06-04T13:00:00+00:00\" \/>\n<meta property=\"og:image\" content=\"https:\/\/hudo.com\/si\/wp-content\/uploads\/sites\/2\/2017\/06\/480x290_Veldin-skerifly.jpeg\" \/>\n\t<meta property=\"og:image:width\" content=\"480\" \/>\n\t<meta property=\"og:image:height\" content=\"290\" \/>\n\t<meta property=\"og:image:type\" content=\"image\/jpeg\" \/>\n<meta name=\"author\" content=\"hudo\" \/>\n<meta name=\"twitter:card\" content=\"summary_large_image\" \/>\n<meta name=\"twitter:creator\" content=\"@hudo_si\" \/>\n<meta name=\"twitter:site\" content=\"@hudo_si\" \/>\n<meta name=\"twitter:label1\" content=\"Written by\" \/>\n\t<meta name=\"twitter:data1\" content=\"hudo\" \/>\n\t<meta name=\"twitter:label2\" content=\"Est. reading time\" \/>\n\t<meta name=\"twitter:data2\" content=\"1 minuta\" \/>\n<script type=\"application\/ld+json\" class=\"yoast-schema-graph\">{\"@context\":\"https:\/\/schema.org\",\"@graph\":[{\"@type\":\"Article\",\"@id\":\"https:\/\/hudo.com\/si\/aktualno\/na-madzarskem-umrl-slovenski-padalec\/#article\",\"isPartOf\":{\"@id\":\"https:\/\/hudo.com\/si\/aktualno\/na-madzarskem-umrl-slovenski-padalec\/\"},\"author\":{\"name\":\"hudo\",\"@id\":\"https:\/\/hudo.com\/si\/#\/schema\/person\/601cf3379633985b20f7e50f2bb47707\"},\"headline\":\"Na Mad\u017earskem umrl slovenski padalec\",\"datePublished\":\"2017-06-04T13:00:00+00:00\",\"dateModified\":\"2017-06-04T13:00:00+00:00\",\"mainEntityOfPage\":{\"@id\":\"https:\/\/hudo.com\/si\/aktualno\/na-madzarskem-umrl-slovenski-padalec\/\"},\"wordCount\":155,\"publisher\":{\"@id\":\"https:\/\/hudo.com\/si\/#organization\"},\"articleSection\":[\"Aktualno\"],\"inLanguage\":\"sl-SI\"},{\"@type\":\"WebPage\",\"@id\":\"https:\/\/hudo.com\/si\/aktualno\/na-madzarskem-umrl-slovenski-padalec\/\",\"url\":\"https:\/\/hudo.com\/si\/aktualno\/na-madzarskem-umrl-slovenski-padalec\/\",\"name\":\"Na Mad\u017earskem umrl slovenski padalec - Hudo Slovenija\",\"isPartOf\":{\"@id\":\"https:\/\/hudo.com\/si\/#website\"},\"datePublished\":\"2017-06-04T13:00:00+00:00\",\"dateModified\":\"2017-06-04T13:00:00+00:00\",\"breadcrumb\":{\"@id\":\"https:\/\/hudo.com\/si\/aktualno\/na-madzarskem-umrl-slovenski-padalec\/#breadcrumb\"},\"inLanguage\":\"sl-SI\",\"potentialAction\":[{\"@type\":\"ReadAction\",\"target\":[\"https:\/\/hudo.com\/si\/aktualno\/na-madzarskem-umrl-slovenski-padalec\/\"]}]},{\"@type\":\"BreadcrumbList\",\"@id\":\"https:\/\/hudo.com\/si\/aktualno\/na-madzarskem-umrl-slovenski-padalec\/#breadcrumb\",\"itemListElement\":[{\"@type\":\"ListItem\",\"position\":1,\"name\":\"Home\",\"item\":\"https:\/\/hudo.com\/si\/\"},{\"@type\":\"ListItem\",\"position\":2,\"name\":\"Na Mad\u017earskem umrl slovenski padalec\"}]},{\"@type\":\"WebSite\",\"@id\":\"https:\/\/hudo.com\/si\/#website\",\"url\":\"https:\/\/hudo.com\/si\/\",\"name\":\"Hudo Slovenija\",\"description\":\"Vse novice iz Slovenije in sveta\",\"publisher\":{\"@id\":\"https:\/\/hudo.com\/si\/#organization\"},\"potentialAction\":[{\"@type\":\"SearchAction\",\"target\":{\"@type\":\"EntryPoint\",\"urlTemplate\":\"https:\/\/hudo.com\/si\/?s={search_term_string}\"},\"query-input\":\"required name=search_term_string\"}],\"inLanguage\":\"sl-SI\"},{\"@type\":\"Organization\",\"@id\":\"https:\/\/hudo.com\/si\/#organization\",\"name\":\"VSN Media\",\"url\":\"https:\/\/hudo.com\/si\/\",\"logo\":{\"@type\":\"ImageObject\",\"inLanguage\":\"sl-SI\",\"@id\":\"https:\/\/hudo.com\/si\/#\/schema\/logo\/image\/\",\"url\":\"https:\/\/hudo.com\/si\/wp-content\/uploads\/sites\/2\/2021\/03\/hudo-app-2.png\",\"contentUrl\":\"https:\/\/hudo.com\/si\/wp-content\/uploads\/sites\/2\/2021\/03\/hudo-app-2.png\",\"width\":2185,\"height\":2167,\"caption\":\"VSN Media\"},\"image\":{\"@id\":\"https:\/\/hudo.com\/si\/#\/schema\/logo\/image\/\"},\"sameAs\":[\"https:\/\/www.facebook.com\/hudo.si\",\"https:\/\/twitter.com\/hudo_si\"]},{\"@type\":\"Person\",\"@id\":\"https:\/\/hudo.com\/si\/#\/schema\/person\/601cf3379633985b20f7e50f2bb47707\",\"name\":\"hudo\",\"image\":{\"@type\":\"ImageObject\",\"inLanguage\":\"sl-SI\",\"@id\":\"https:\/\/hudo.com\/si\/#\/schema\/person\/image\/\",\"url\":\"https:\/\/secure.gravatar.com\/avatar\/c4ca25fa72cace7a696b52ff5db9e095?s=96&d=mm&r=g\",\"contentUrl\":\"https:\/\/secure.gravatar.com\/avatar\/c4ca25fa72cace7a696b52ff5db9e095?s=96&d=mm&r=g\",\"caption\":\"hudo\"},\"url\":\"https:\/\/hudo.com\/si\/author\/hudo\/\"}]}<\/script>\n<!-- \/ Yoast SEO plugin. -->","yoast_head_json":{"title":"Na Mad\u017earskem umrl slovenski padalec - Hudo Slovenija","robots":{"index":"index","follow":"follow","max-snippet":"max-snippet:-1","max-image-preview":"max-image-preview:large","max-video-preview":"max-video-preview:-1"},"canonical":"https:\/\/hudo.com\/si\/aktualno\/na-madzarskem-umrl-slovenski-padalec\/","og_locale":"sl_SI","og_type":"article","og_title":"Na Mad\u017earskem umrl slovenski padalec - Hudo Slovenija","og_description":"Kategorija: Kronika Sun, 04 Jun 2017 17:00:00 +0200 Siofok - V\u010deraj pozno popoldne se je pri skoku s padalom na \u0161portnem letali\u0161\u010du Siofok - Kiliti v bli\u017eini Blatnega jezera smrtno ponesre\u010dil 47-letni slovenski padalec Jo\u017ee Veldin iz Murske Sobote. Vzrok nesre\u010de \u0161e ni znan, znano je le, da se nesre\u010dnemu padalcu padalo ni odprlo pravo\u010dasno.\u00a0 Veldin je bil eden najbolj izku\u0161enih slovenskih padalcev v neklasi\u010dnih disciplinah. Prve padalske skoke je opravil leta 1987 na \u0161portnem letali\u0161\u010du Aerokluba Murska Sobota v Raki\u010danu in se hitro ogrel za ekstremne in umetni\u0161ke oblike padalskih skokov. Leta 1998 je bil prvi v Sloveniji, ki je poskusil deskanje v zraku - med prostim padom je z manj\u0161o desko na nogah stoje \"deskal\" in potem odprl padalo. Pozneje je za\u010del tudi s tandemskimi skoki in z njim je sko\u010dilo kar nekaj znanih Slovenk in Slovencev.\u00a0...","og_url":"https:\/\/hudo.com\/si\/aktualno\/na-madzarskem-umrl-slovenski-padalec\/","og_site_name":"Hudo Slovenija","article_publisher":"https:\/\/www.facebook.com\/hudo.si","article_published_time":"2017-06-04T13:00:00+00:00","og_image":[{"width":480,"height":290,"url":"https:\/\/hudo.com\/si\/wp-content\/uploads\/sites\/2\/2017\/06\/480x290_Veldin-skerifly.jpeg","type":"image\/jpeg"}],"author":"hudo","twitter_card":"summary_large_image","twitter_creator":"@hudo_si","twitter_site":"@hudo_si","twitter_misc":{"Written by":"hudo","Est. reading time":"1 minuta"},"schema":{"@context":"https:\/\/schema.org","@graph":[{"@type":"Article","@id":"https:\/\/hudo.com\/si\/aktualno\/na-madzarskem-umrl-slovenski-padalec\/#article","isPartOf":{"@id":"https:\/\/hudo.com\/si\/aktualno\/na-madzarskem-umrl-slovenski-padalec\/"},"author":{"name":"hudo","@id":"https:\/\/hudo.com\/si\/#\/schema\/person\/601cf3379633985b20f7e50f2bb47707"},"headline":"Na Mad\u017earskem umrl slovenski padalec","datePublished":"2017-06-04T13:00:00+00:00","dateModified":"2017-06-04T13:00:00+00:00","mainEntityOfPage":{"@id":"https:\/\/hudo.com\/si\/aktualno\/na-madzarskem-umrl-slovenski-padalec\/"},"wordCount":155,"publisher":{"@id":"https:\/\/hudo.com\/si\/#organization"},"articleSection":["Aktualno"],"inLanguage":"sl-SI"},{"@type":"WebPage","@id":"https:\/\/hudo.com\/si\/aktualno\/na-madzarskem-umrl-slovenski-padalec\/","url":"https:\/\/hudo.com\/si\/aktualno\/na-madzarskem-umrl-slovenski-padalec\/","name":"Na Mad\u017earskem umrl slovenski padalec - Hudo Slovenija","isPartOf":{"@id":"https:\/\/hudo.com\/si\/#website"},"datePublished":"2017-06-04T13:00:00+00:00","dateModified":"2017-06-04T13:00:00+00:00","breadcrumb":{"@id":"https:\/\/hudo.com\/si\/aktualno\/na-madzarskem-umrl-slovenski-padalec\/#breadcrumb"},"inLanguage":"sl-SI","potentialAction":[{"@type":"ReadAction","target":["https:\/\/hudo.com\/si\/aktualno\/na-madzarskem-umrl-slovenski-padalec\/"]}]},{"@type":"BreadcrumbList","@id":"https:\/\/hudo.com\/si\/aktualno\/na-madzarskem-umrl-slovenski-padalec\/#breadcrumb","itemListElement":[{"@type":"ListItem","position":1,"name":"Home","item":"https:\/\/hudo.com\/si\/"},{"@type":"ListItem","position":2,"name":"Na Mad\u017earskem umrl slovenski padalec"}]},{"@type":"WebSite","@id":"https:\/\/hudo.com\/si\/#website","url":"https:\/\/hudo.com\/si\/","name":"Hudo Slovenija","description":"Vse novice iz Slovenije in sveta","publisher":{"@id":"https:\/\/hudo.com\/si\/#organization"},"potentialAction":[{"@type":"SearchAction","target":{"@type":"EntryPoint","urlTemplate":"https:\/\/hudo.com\/si\/?s={search_term_string}"},"query-input":"required name=search_term_string"}],"inLanguage":"sl-SI"},{"@type":"Organization","@id":"https:\/\/hudo.com\/si\/#organization","name":"VSN Media","url":"https:\/\/hudo.com\/si\/","logo":{"@type":"ImageObject","inLanguage":"sl-SI","@id":"https:\/\/hudo.com\/si\/#\/schema\/logo\/image\/","url":"https:\/\/hudo.com\/si\/wp-content\/uploads\/sites\/2\/2021\/03\/hudo-app-2.png","contentUrl":"https:\/\/hudo.com\/si\/wp-content\/uploads\/sites\/2\/2021\/03\/hudo-app-2.png","width":2185,"height":2167,"caption":"VSN Media"},"image":{"@id":"https:\/\/hudo.com\/si\/#\/schema\/logo\/image\/"},"sameAs":["https:\/\/www.facebook.com\/hudo.si","https:\/\/twitter.com\/hudo_si"]},{"@type":"Person","@id":"https:\/\/hudo.com\/si\/#\/schema\/person\/601cf3379633985b20f7e50f2bb47707","name":"hudo","image":{"@type":"ImageObject","inLanguage":"sl-SI","@id":"https:\/\/hudo.com\/si\/#\/schema\/person\/image\/","url":"https:\/\/secure.gravatar.com\/avatar\/c4ca25fa72cace7a696b52ff5db9e095?s=96&d=mm&r=g","contentUrl":"https:\/\/secure.gravatar.com\/avatar\/c4ca25fa72cace7a696b52ff5db9e095?s=96&d=mm&r=g","caption":"hudo"},"url":"https:\/\/hudo.com\/si\/author\/hudo\/"}]}},"amp_enabled":true,"_links":{"self":[{"href":"https:\/\/hudo.com\/si\/wp-json\/wp\/v2\/posts\/262904"}],"collection":[{"href":"https:\/\/hudo.com\/si\/wp-json\/wp\/v2\/posts"}],"about":[{"href":"https:\/\/hudo.com\/si\/wp-json\/wp\/v2\/types\/post"}],"author":[{"embeddable":true,"href":"https:\/\/hudo.com\/si\/wp-json\/wp\/v2\/users\/1"}],"replies":[{"embeddable":true,"href":"https:\/\/hudo.com\/si\/wp-json\/wp\/v2\/comments?post=262904"}],"version-history":[{"count":0,"href":"https:\/\/hudo.com\/si\/wp-json\/wp\/v2\/posts\/262904\/revisions"}],"wp:attachment":[{"href":"https:\/\/hudo.com\/si\/wp-json\/wp\/v2\/media?parent=262904"}],"wp:term":[{"taxonomy":"category","embeddable":true,"href":"https:\/\/hudo.com\/si\/wp-json\/wp\/v2\/categories?post=262904"},{"taxonomy":"post_tag","embeddable":true,"href":"https:\/\/hudo.com\/si\/wp-json\/wp\/v2\/tags?post=262904"},{"taxonomy":"source","embeddable":true,"href":"https:\/\/hudo.com\/si\/wp-json\/wp\/v2\/source?post=262904"},{"taxonomy":"supertag","embeddable":true,"href":"https:\/\/hudo.com\/si\/wp-json\/wp\/v2\/supertag?post=262904"}],"curies":[{"name":"wp","href":"https:\/\/api.w.org\/{rel}","templated":true}]}}