{"id":263135,"date":"2017-06-05T07:00:00","date_gmt":"2017-06-05T05:00:00","guid":{"rendered":"http:\/\/hudo.com\/si\/2017\/06\/05\/ze-po-prvem-tednu-jasno-novo-ime-med-elito\/"},"modified":"2017-06-05T07:00:00","modified_gmt":"2017-06-05T05:00:00","slug":"ze-po-prvem-tednu-jasno-novo-ime-med-elito","status":"publish","type":"post","link":"https:\/\/hudo.com\/si\/aktualno\/ze-po-prvem-tednu-jasno-novo-ime-med-elito\/","title":{"rendered":"\u017de po prvem tednu jasno: novo ime med elito"},"content":{"rendered":"<p>Kategorija: Tenis Mon, 05 Jun 2017 09:00:00 +0200  Pariz \u2013 Kar se je napovedovalo pred za\u010detkom \u017eenskega dela Roland Garrosa, se je tudi uresni\u010dilo. In to \u017ee v prvem tednu turnirja! \u017denski tenis bo dobil novo zmagovalko za veliki slam, saj so v\u010deraj izpadle \u0161e zadnje \u0161tiri igralke, ki imajo v svoji zbirki \u017ee vsaj eno od najpomembnej\u0161ih lovorik. Vrata v elitni klub so odprta na ste\u017eaj.Ob odsotnosti Serene Williams, Marije \u0160arapove in Viktorije Azarenke, zatonu nekaterih nekdanjih zmagovalk za veliki slam in slab\u0161i formi prve igralke sveta Angelique Kerber ter branilke naslove Garbi\u00f1e Muguruza je bila verjetnost za novo ime na seznamu \u0161ampionk zelo velika, da se je to zgodilo \u0161e pred koncem osmine finala, pa je odli\u010dna ponazoritev trenutnega stanja v \u017eenskem tenisu. V\u010deraj so tako v prvih tekmah osmine finale izpadle \u0161e zadnje \u0161tiri igralke,\u00a0&#8230;<\/p>\n","protected":false},"excerpt":{"rendered":"<p>Kategorija: Tenis Mon, 05 Jun 2017 09:00:00 +0200  Pariz \u2013 Kar se je napovedovalo pred za\u010detkom \u017eenskega dela Roland Garrosa, se je tudi uresni\u010dilo. In to \u017ee v prvem tednu turnirja! \u017denski tenis bo dobil novo zmagovalko za veliki slam, saj so v\u010deraj izpadle \u0161e zadnje \u0161tiri igralke, ki imajo v svoji zbirki \u017ee vsaj eno od najpomembnej\u0161ih lovorik. Vrata v elitni klub so odprta na ste\u017eaj.Ob odsotnosti Serene Williams, Marije \u0160arapove in Viktorije Azarenke, zatonu nekaterih nekdanjih zmagovalk za veliki slam in slab\u0161i formi prve igralke sveta Angelique Kerber ter branilke naslove Garbi\u00f1e Muguruza je bila verjetnost za novo ime na seznamu \u0161ampionk zelo velika, da se je to zgodilo \u0161e pred koncem osmine finala, pa je odli\u010dna ponazoritev trenutnega stanja v \u017eenskem tenisu. V\u010deraj so tako v prvih tekmah osmine finale izpadle \u0161e zadnje \u0161tiri igralke,\u00a0&#8230;<\/p>\n","protected":false},"author":1,"featured_media":0,"comment_status":"closed","ping_status":"closed","sticky":false,"template":"","format":"standard","meta":{"footnotes":""},"categories":[1179],"tags":[],"source":[1703],"supertag":[],"acf":[],"yoast_head":"<!-- This site is optimized with the Yoast SEO plugin v21.3 - https:\/\/yoast.com\/wordpress\/plugins\/seo\/ -->\n<title>\u017de po prvem tednu jasno: novo ime med elito - Hudo Slovenija<\/title>\n<meta name=\"robots\" content=\"index, follow, max-snippet:-1, max-image-preview:large, max-video-preview:-1\" \/>\n<link rel=\"canonical\" href=\"https:\/\/hudo.com\/si\/aktualno\/ze-po-prvem-tednu-jasno-novo-ime-med-elito\/\" \/>\n<meta property=\"og:locale\" content=\"sl_SI\" \/>\n<meta property=\"og:type\" content=\"article\" \/>\n<meta property=\"og:title\" content=\"\u017de po prvem tednu jasno: novo ime med elito - Hudo Slovenija\" \/>\n<meta property=\"og:description\" content=\"Kategorija: Tenis Mon, 05 Jun 2017 09:00:00 +0200 Pariz \u2013 Kar se je napovedovalo pred za\u010detkom \u017eenskega dela Roland Garrosa, se je tudi uresni\u010dilo. In to \u017ee v prvem tednu turnirja! \u017denski tenis bo dobil novo zmagovalko za veliki slam, saj so v\u010deraj izpadle \u0161e zadnje \u0161tiri igralke, ki imajo v svoji zbirki \u017ee vsaj eno od najpomembnej\u0161ih lovorik. Vrata v elitni klub so odprta na ste\u017eaj.Ob odsotnosti Serene Williams, Marije \u0160arapove in Viktorije Azarenke, zatonu nekaterih nekdanjih zmagovalk za veliki slam in slab\u0161i formi prve igralke sveta Angelique Kerber ter branilke naslove Garbi\u00f1e Muguruza je bila verjetnost za novo ime na seznamu \u0161ampionk zelo velika, da se je to zgodilo \u0161e pred koncem osmine finala, pa je odli\u010dna ponazoritev trenutnega stanja v \u017eenskem tenisu. V\u010deraj so tako v prvih tekmah osmine finale izpadle \u0161e zadnje \u0161tiri igralke,\u00a0...\" \/>\n<meta property=\"og:url\" content=\"https:\/\/hudo.com\/si\/aktualno\/ze-po-prvem-tednu-jasno-novo-ime-med-elito\/\" \/>\n<meta property=\"og:site_name\" content=\"Hudo Slovenija\" \/>\n<meta property=\"article:publisher\" content=\"https:\/\/www.facebook.com\/hudo.si\" \/>\n<meta property=\"article:published_time\" content=\"2017-06-05T05:00:00+00:00\" \/>\n<meta property=\"og:image\" content=\"https:\/\/hudo.com\/si\/wp-content\/uploads\/sites\/2\/2017\/06\/480x290_Sport__AFP_Photo_2017060416.1_hires0.jpeg\" \/>\n\t<meta property=\"og:image:width\" content=\"480\" \/>\n\t<meta property=\"og:image:height\" content=\"290\" \/>\n\t<meta property=\"og:image:type\" content=\"image\/jpeg\" \/>\n<meta name=\"author\" content=\"hudo\" \/>\n<meta name=\"twitter:card\" content=\"summary_large_image\" \/>\n<meta name=\"twitter:creator\" content=\"@hudo_si\" \/>\n<meta name=\"twitter:site\" content=\"@hudo_si\" \/>\n<meta name=\"twitter:label1\" content=\"Written by\" \/>\n\t<meta name=\"twitter:data1\" content=\"hudo\" \/>\n\t<meta name=\"twitter:label2\" content=\"Est. reading time\" \/>\n\t<meta name=\"twitter:data2\" content=\"1 minuta\" \/>\n<script type=\"application\/ld+json\" class=\"yoast-schema-graph\">{\"@context\":\"https:\/\/schema.org\",\"@graph\":[{\"@type\":\"Article\",\"@id\":\"https:\/\/hudo.com\/si\/aktualno\/ze-po-prvem-tednu-jasno-novo-ime-med-elito\/#article\",\"isPartOf\":{\"@id\":\"https:\/\/hudo.com\/si\/aktualno\/ze-po-prvem-tednu-jasno-novo-ime-med-elito\/\"},\"author\":{\"name\":\"hudo\",\"@id\":\"https:\/\/hudo.com\/si\/#\/schema\/person\/601cf3379633985b20f7e50f2bb47707\"},\"headline\":\"\u017de po prvem tednu jasno: novo ime med elito\",\"datePublished\":\"2017-06-05T05:00:00+00:00\",\"dateModified\":\"2017-06-05T05:00:00+00:00\",\"mainEntityOfPage\":{\"@id\":\"https:\/\/hudo.com\/si\/aktualno\/ze-po-prvem-tednu-jasno-novo-ime-med-elito\/\"},\"wordCount\":152,\"publisher\":{\"@id\":\"https:\/\/hudo.com\/si\/#organization\"},\"articleSection\":[\"Aktualno\"],\"inLanguage\":\"sl-SI\"},{\"@type\":\"WebPage\",\"@id\":\"https:\/\/hudo.com\/si\/aktualno\/ze-po-prvem-tednu-jasno-novo-ime-med-elito\/\",\"url\":\"https:\/\/hudo.com\/si\/aktualno\/ze-po-prvem-tednu-jasno-novo-ime-med-elito\/\",\"name\":\"\u017de po prvem tednu jasno: novo ime med elito - Hudo Slovenija\",\"isPartOf\":{\"@id\":\"https:\/\/hudo.com\/si\/#website\"},\"datePublished\":\"2017-06-05T05:00:00+00:00\",\"dateModified\":\"2017-06-05T05:00:00+00:00\",\"breadcrumb\":{\"@id\":\"https:\/\/hudo.com\/si\/aktualno\/ze-po-prvem-tednu-jasno-novo-ime-med-elito\/#breadcrumb\"},\"inLanguage\":\"sl-SI\",\"potentialAction\":[{\"@type\":\"ReadAction\",\"target\":[\"https:\/\/hudo.com\/si\/aktualno\/ze-po-prvem-tednu-jasno-novo-ime-med-elito\/\"]}]},{\"@type\":\"BreadcrumbList\",\"@id\":\"https:\/\/hudo.com\/si\/aktualno\/ze-po-prvem-tednu-jasno-novo-ime-med-elito\/#breadcrumb\",\"itemListElement\":[{\"@type\":\"ListItem\",\"position\":1,\"name\":\"Home\",\"item\":\"https:\/\/hudo.com\/si\/\"},{\"@type\":\"ListItem\",\"position\":2,\"name\":\"\u017de po prvem tednu jasno: novo ime med elito\"}]},{\"@type\":\"WebSite\",\"@id\":\"https:\/\/hudo.com\/si\/#website\",\"url\":\"https:\/\/hudo.com\/si\/\",\"name\":\"Hudo Slovenija\",\"description\":\"Vse novice iz Slovenije in sveta\",\"publisher\":{\"@id\":\"https:\/\/hudo.com\/si\/#organization\"},\"potentialAction\":[{\"@type\":\"SearchAction\",\"target\":{\"@type\":\"EntryPoint\",\"urlTemplate\":\"https:\/\/hudo.com\/si\/?s={search_term_string}\"},\"query-input\":\"required name=search_term_string\"}],\"inLanguage\":\"sl-SI\"},{\"@type\":\"Organization\",\"@id\":\"https:\/\/hudo.com\/si\/#organization\",\"name\":\"VSN Media\",\"url\":\"https:\/\/hudo.com\/si\/\",\"logo\":{\"@type\":\"ImageObject\",\"inLanguage\":\"sl-SI\",\"@id\":\"https:\/\/hudo.com\/si\/#\/schema\/logo\/image\/\",\"url\":\"https:\/\/hudo.com\/si\/wp-content\/uploads\/sites\/2\/2021\/03\/hudo-app-2.png\",\"contentUrl\":\"https:\/\/hudo.com\/si\/wp-content\/uploads\/sites\/2\/2021\/03\/hudo-app-2.png\",\"width\":2185,\"height\":2167,\"caption\":\"VSN Media\"},\"image\":{\"@id\":\"https:\/\/hudo.com\/si\/#\/schema\/logo\/image\/\"},\"sameAs\":[\"https:\/\/www.facebook.com\/hudo.si\",\"https:\/\/twitter.com\/hudo_si\"]},{\"@type\":\"Person\",\"@id\":\"https:\/\/hudo.com\/si\/#\/schema\/person\/601cf3379633985b20f7e50f2bb47707\",\"name\":\"hudo\",\"image\":{\"@type\":\"ImageObject\",\"inLanguage\":\"sl-SI\",\"@id\":\"https:\/\/hudo.com\/si\/#\/schema\/person\/image\/\",\"url\":\"https:\/\/secure.gravatar.com\/avatar\/c4ca25fa72cace7a696b52ff5db9e095?s=96&d=mm&r=g\",\"contentUrl\":\"https:\/\/secure.gravatar.com\/avatar\/c4ca25fa72cace7a696b52ff5db9e095?s=96&d=mm&r=g\",\"caption\":\"hudo\"},\"url\":\"https:\/\/hudo.com\/si\/author\/hudo\/\"}]}<\/script>\n<!-- \/ Yoast SEO plugin. -->","yoast_head_json":{"title":"\u017de po prvem tednu jasno: novo ime med elito - Hudo Slovenija","robots":{"index":"index","follow":"follow","max-snippet":"max-snippet:-1","max-image-preview":"max-image-preview:large","max-video-preview":"max-video-preview:-1"},"canonical":"https:\/\/hudo.com\/si\/aktualno\/ze-po-prvem-tednu-jasno-novo-ime-med-elito\/","og_locale":"sl_SI","og_type":"article","og_title":"\u017de po prvem tednu jasno: novo ime med elito - Hudo Slovenija","og_description":"Kategorija: Tenis Mon, 05 Jun 2017 09:00:00 +0200 Pariz \u2013 Kar se je napovedovalo pred za\u010detkom \u017eenskega dela Roland Garrosa, se je tudi uresni\u010dilo. In to \u017ee v prvem tednu turnirja! \u017denski tenis bo dobil novo zmagovalko za veliki slam, saj so v\u010deraj izpadle \u0161e zadnje \u0161tiri igralke, ki imajo v svoji zbirki \u017ee vsaj eno od najpomembnej\u0161ih lovorik. Vrata v elitni klub so odprta na ste\u017eaj.Ob odsotnosti Serene Williams, Marije \u0160arapove in Viktorije Azarenke, zatonu nekaterih nekdanjih zmagovalk za veliki slam in slab\u0161i formi prve igralke sveta Angelique Kerber ter branilke naslove Garbi\u00f1e Muguruza je bila verjetnost za novo ime na seznamu \u0161ampionk zelo velika, da se je to zgodilo \u0161e pred koncem osmine finala, pa je odli\u010dna ponazoritev trenutnega stanja v \u017eenskem tenisu. V\u010deraj so tako v prvih tekmah osmine finale izpadle \u0161e zadnje \u0161tiri igralke,\u00a0...","og_url":"https:\/\/hudo.com\/si\/aktualno\/ze-po-prvem-tednu-jasno-novo-ime-med-elito\/","og_site_name":"Hudo Slovenija","article_publisher":"https:\/\/www.facebook.com\/hudo.si","article_published_time":"2017-06-05T05:00:00+00:00","og_image":[{"width":480,"height":290,"url":"https:\/\/hudo.com\/si\/wp-content\/uploads\/sites\/2\/2017\/06\/480x290_Sport__AFP_Photo_2017060416.1_hires0.jpeg","type":"image\/jpeg"}],"author":"hudo","twitter_card":"summary_large_image","twitter_creator":"@hudo_si","twitter_site":"@hudo_si","twitter_misc":{"Written by":"hudo","Est. reading time":"1 minuta"},"schema":{"@context":"https:\/\/schema.org","@graph":[{"@type":"Article","@id":"https:\/\/hudo.com\/si\/aktualno\/ze-po-prvem-tednu-jasno-novo-ime-med-elito\/#article","isPartOf":{"@id":"https:\/\/hudo.com\/si\/aktualno\/ze-po-prvem-tednu-jasno-novo-ime-med-elito\/"},"author":{"name":"hudo","@id":"https:\/\/hudo.com\/si\/#\/schema\/person\/601cf3379633985b20f7e50f2bb47707"},"headline":"\u017de po prvem tednu jasno: novo ime med elito","datePublished":"2017-06-05T05:00:00+00:00","dateModified":"2017-06-05T05:00:00+00:00","mainEntityOfPage":{"@id":"https:\/\/hudo.com\/si\/aktualno\/ze-po-prvem-tednu-jasno-novo-ime-med-elito\/"},"wordCount":152,"publisher":{"@id":"https:\/\/hudo.com\/si\/#organization"},"articleSection":["Aktualno"],"inLanguage":"sl-SI"},{"@type":"WebPage","@id":"https:\/\/hudo.com\/si\/aktualno\/ze-po-prvem-tednu-jasno-novo-ime-med-elito\/","url":"https:\/\/hudo.com\/si\/aktualno\/ze-po-prvem-tednu-jasno-novo-ime-med-elito\/","name":"\u017de po prvem tednu jasno: novo ime med elito - Hudo Slovenija","isPartOf":{"@id":"https:\/\/hudo.com\/si\/#website"},"datePublished":"2017-06-05T05:00:00+00:00","dateModified":"2017-06-05T05:00:00+00:00","breadcrumb":{"@id":"https:\/\/hudo.com\/si\/aktualno\/ze-po-prvem-tednu-jasno-novo-ime-med-elito\/#breadcrumb"},"inLanguage":"sl-SI","potentialAction":[{"@type":"ReadAction","target":["https:\/\/hudo.com\/si\/aktualno\/ze-po-prvem-tednu-jasno-novo-ime-med-elito\/"]}]},{"@type":"BreadcrumbList","@id":"https:\/\/hudo.com\/si\/aktualno\/ze-po-prvem-tednu-jasno-novo-ime-med-elito\/#breadcrumb","itemListElement":[{"@type":"ListItem","position":1,"name":"Home","item":"https:\/\/hudo.com\/si\/"},{"@type":"ListItem","position":2,"name":"\u017de po prvem tednu jasno: novo ime med elito"}]},{"@type":"WebSite","@id":"https:\/\/hudo.com\/si\/#website","url":"https:\/\/hudo.com\/si\/","name":"Hudo Slovenija","description":"Vse novice iz Slovenije in sveta","publisher":{"@id":"https:\/\/hudo.com\/si\/#organization"},"potentialAction":[{"@type":"SearchAction","target":{"@type":"EntryPoint","urlTemplate":"https:\/\/hudo.com\/si\/?s={search_term_string}"},"query-input":"required name=search_term_string"}],"inLanguage":"sl-SI"},{"@type":"Organization","@id":"https:\/\/hudo.com\/si\/#organization","name":"VSN Media","url":"https:\/\/hudo.com\/si\/","logo":{"@type":"ImageObject","inLanguage":"sl-SI","@id":"https:\/\/hudo.com\/si\/#\/schema\/logo\/image\/","url":"https:\/\/hudo.com\/si\/wp-content\/uploads\/sites\/2\/2021\/03\/hudo-app-2.png","contentUrl":"https:\/\/hudo.com\/si\/wp-content\/uploads\/sites\/2\/2021\/03\/hudo-app-2.png","width":2185,"height":2167,"caption":"VSN Media"},"image":{"@id":"https:\/\/hudo.com\/si\/#\/schema\/logo\/image\/"},"sameAs":["https:\/\/www.facebook.com\/hudo.si","https:\/\/twitter.com\/hudo_si"]},{"@type":"Person","@id":"https:\/\/hudo.com\/si\/#\/schema\/person\/601cf3379633985b20f7e50f2bb47707","name":"hudo","image":{"@type":"ImageObject","inLanguage":"sl-SI","@id":"https:\/\/hudo.com\/si\/#\/schema\/person\/image\/","url":"https:\/\/secure.gravatar.com\/avatar\/c4ca25fa72cace7a696b52ff5db9e095?s=96&d=mm&r=g","contentUrl":"https:\/\/secure.gravatar.com\/avatar\/c4ca25fa72cace7a696b52ff5db9e095?s=96&d=mm&r=g","caption":"hudo"},"url":"https:\/\/hudo.com\/si\/author\/hudo\/"}]}},"amp_enabled":true,"_links":{"self":[{"href":"https:\/\/hudo.com\/si\/wp-json\/wp\/v2\/posts\/263135"}],"collection":[{"href":"https:\/\/hudo.com\/si\/wp-json\/wp\/v2\/posts"}],"about":[{"href":"https:\/\/hudo.com\/si\/wp-json\/wp\/v2\/types\/post"}],"author":[{"embeddable":true,"href":"https:\/\/hudo.com\/si\/wp-json\/wp\/v2\/users\/1"}],"replies":[{"embeddable":true,"href":"https:\/\/hudo.com\/si\/wp-json\/wp\/v2\/comments?post=263135"}],"version-history":[{"count":0,"href":"https:\/\/hudo.com\/si\/wp-json\/wp\/v2\/posts\/263135\/revisions"}],"wp:attachment":[{"href":"https:\/\/hudo.com\/si\/wp-json\/wp\/v2\/media?parent=263135"}],"wp:term":[{"taxonomy":"category","embeddable":true,"href":"https:\/\/hudo.com\/si\/wp-json\/wp\/v2\/categories?post=263135"},{"taxonomy":"post_tag","embeddable":true,"href":"https:\/\/hudo.com\/si\/wp-json\/wp\/v2\/tags?post=263135"},{"taxonomy":"source","embeddable":true,"href":"https:\/\/hudo.com\/si\/wp-json\/wp\/v2\/source?post=263135"},{"taxonomy":"supertag","embeddable":true,"href":"https:\/\/hudo.com\/si\/wp-json\/wp\/v2\/supertag?post=263135"}],"curies":[{"name":"wp","href":"https:\/\/api.w.org\/{rel}","templated":true}]}}