{"id":263210,"date":"2017-06-05T13:31:42","date_gmt":"2017-06-05T11:31:42","guid":{"rendered":"http:\/\/hudo.com\/si\/?p=263210"},"modified":"2017-06-05T13:31:42","modified_gmt":"2017-06-05T11:31:42","slug":"na-poljskem-mnozicni-protesti-taksistov-proti-uberju","status":"publish","type":"post","link":"https:\/\/hudo.com\/si\/aktualno\/na-poljskem-mnozicni-protesti-taksistov-proti-uberju\/","title":{"rendered":"Na Poljskem mno\u017ei\u010dni protesti taksistov proti Uberju"},"content":{"rendered":"<p>Z glasnim hupanjem in vihtenjem poljskih zastavic so taksisti v pol\u017ejem tempu po poro\u010danju francoske tiskovne agencije AFP vozili po avenijah v sredi\u0161\u010du mesta in glavnih vpadnicah ter ovirali promet.<\/p>\n<p>&#8220;\u017delimo, da vlada odgovori na nezakonite dejavnosti nekaterih v sektorju prevozov,&#8221; je za AFP povedal predstavnik sindikata taksistov v poljski prestolnici Jaroslaw Iglikowski.<\/p>\n<p>Poljski taksisti, tako kot \u0161tevilni njihovi kolegi po Evropi in svetu, opozarjajo, da storitve, kakr\u0161ne nudijo Uber in podobna podjetja, ogro\u017eajo njihove slu\u017ebe in da podjetja ne spo\u0161tujejo veljavnih pravil, saj jim je omogo\u010deno, da se izogibajo strogim zahtevam za izdajo dovoljenj, kakr\u0161na veljajo za taksiste. Ti morajo namre\u010d opraviti obvezna izobra\u017eevanja, uporabljati blagajne in se ponekod podvre\u010di tudi psiholo\u0161kemu testiranju.<\/p>\n<p>Poljski urad za varstvo konkurence je sicer minuli mesec ugotovil, da nima podlag za ukrepanje proti Uberju in drugim tovrstnim ponudnikom zaradi domnevnih kr\u0161itev pravil o konkurenci in za\u0161\u010diti pravic potro\u0161nikov.<\/p>\n<p>Medtem ko v Uberju poudarjajo, da je njihovo poslanstvo prek aplikacije povezati ljudi, ki potrebujejo prevoz, s ponudniki, ki pri tem uporabljajo lastna vozila, in da tako omogo\u010dajo poceni in dostopne prevoze in poslovno prilo\u017enost \u0161tevilnim, ki bi bili druga\u010de brez dela, pa nasprotniki na drugi strani med drugim opozarjajo na nelojalno konkurenco obstoje\u010dim ponudnikom prevozom in pomanjkljivo zakonsko za\u0161\u010dito voznikov, ki sodelujejo z Uberjem.<\/p>\n<p>Uber se sicer s pritiski obstoje\u010dih igralcev na trgu in tudi zakonodajalcev soo\u010da po vsem svetu ter se je moral iz nekaterih dr\u017eav \u017ee umakniti.<\/p>\n","protected":false},"excerpt":{"rendered":"<p>Poljski taksisti so danes v ve\u010d krajih v dr\u017eavi protestirali proti ponudniku prevozov prek mobilne aplikacije Uber, ki mu o\u010ditajo nelojalno konkurenco. Najbolj mno\u017ei\u010den je bil protest v prestolnici Var\u0161ava, kjer je po navedbah organizatorjev protesta okoli 2000 taksistov ohromilo promet v sredi\u0161\u010du tega milijonskega mesta.<\/p>\n","protected":false},"author":7,"featured_media":138794,"comment_status":"closed","ping_status":"closed","sticky":false,"template":"","format":"standard","meta":{"footnotes":""},"categories":[1179],"tags":[2391,4271,5185,3574,6375],"source":[4511],"supertag":[7541],"acf":[],"yoast_head":"<!-- This site is optimized with the Yoast SEO plugin v21.3 - https:\/\/yoast.com\/wordpress\/plugins\/seo\/ -->\n<title>Na Poljskem mno\u017ei\u010dni protesti taksistov proti Uberju - Hudo Slovenija<\/title>\n<meta name=\"robots\" content=\"index, follow, max-snippet:-1, max-image-preview:large, max-video-preview:-1\" \/>\n<link rel=\"canonical\" href=\"https:\/\/hudo.com\/si\/aktualno\/na-poljskem-mnozicni-protesti-taksistov-proti-uberju\/\" \/>\n<meta property=\"og:locale\" content=\"sl_SI\" \/>\n<meta property=\"og:type\" content=\"article\" \/>\n<meta property=\"og:title\" content=\"Na Poljskem mno\u017ei\u010dni protesti taksistov proti Uberju - Hudo Slovenija\" \/>\n<meta property=\"og:description\" content=\"Poljski taksisti so danes v ve\u010d krajih v dr\u017eavi protestirali proti ponudniku prevozov prek mobilne aplikacije Uber, ki mu o\u010ditajo nelojalno konkurenco. Najbolj mno\u017ei\u010den je bil protest v prestolnici Var\u0161ava, kjer je po navedbah organizatorjev protesta okoli 2000 taksistov ohromilo promet v sredi\u0161\u010du tega milijonskega mesta.\" \/>\n<meta property=\"og:url\" content=\"https:\/\/hudo.com\/si\/aktualno\/na-poljskem-mnozicni-protesti-taksistov-proti-uberju\/\" \/>\n<meta property=\"og:site_name\" content=\"Hudo Slovenija\" \/>\n<meta property=\"article:publisher\" content=\"https:\/\/www.facebook.com\/hudo.si\" \/>\n<meta property=\"article:published_time\" content=\"2017-06-05T11:31:42+00:00\" \/>\n<meta property=\"og:image\" content=\"https:\/\/hudo.com\/si\/wp-content\/uploads\/sites\/2\/2016\/09\/profimedia-0298368180.jpg\" \/>\n\t<meta property=\"og:image:width\" content=\"1250\" \/>\n\t<meta property=\"og:image:height\" content=\"833\" \/>\n\t<meta property=\"og:image:type\" content=\"image\/jpeg\" \/>\n<meta name=\"author\" content=\"A. P., STA\" \/>\n<meta name=\"twitter:card\" content=\"summary_large_image\" \/>\n<meta name=\"twitter:creator\" content=\"@hudo_si\" \/>\n<meta name=\"twitter:site\" content=\"@hudo_si\" \/>\n<meta name=\"twitter:label1\" content=\"Written by\" \/>\n\t<meta name=\"twitter:data1\" content=\"A. P., STA\" \/>\n\t<meta name=\"twitter:label2\" content=\"Est. reading time\" \/>\n\t<meta name=\"twitter:data2\" content=\"1 minuta\" \/>\n<script type=\"application\/ld+json\" class=\"yoast-schema-graph\">{\"@context\":\"https:\/\/schema.org\",\"@graph\":[{\"@type\":\"Article\",\"@id\":\"https:\/\/hudo.com\/si\/aktualno\/na-poljskem-mnozicni-protesti-taksistov-proti-uberju\/#article\",\"isPartOf\":{\"@id\":\"https:\/\/hudo.com\/si\/aktualno\/na-poljskem-mnozicni-protesti-taksistov-proti-uberju\/\"},\"author\":{\"name\":\"A. P., STA\",\"@id\":\"https:\/\/hudo.com\/si\/#\/schema\/person\/18f09c02475ba9e606e941a565b80cff\"},\"headline\":\"Na Poljskem mno\u017ei\u010dni protesti taksistov proti Uberju\",\"datePublished\":\"2017-06-05T11:31:42+00:00\",\"dateModified\":\"2017-06-05T11:31:42+00:00\",\"mainEntityOfPage\":{\"@id\":\"https:\/\/hudo.com\/si\/aktualno\/na-poljskem-mnozicni-protesti-taksistov-proti-uberju\/\"},\"wordCount\":267,\"publisher\":{\"@id\":\"https:\/\/hudo.com\/si\/#organization\"},\"keywords\":[\"gospodarstvo\",\"Poljska\",\"protesti\",\"taksisti\",\"Uber\"],\"articleSection\":[\"Aktualno\"],\"inLanguage\":\"sl-SI\"},{\"@type\":\"WebPage\",\"@id\":\"https:\/\/hudo.com\/si\/aktualno\/na-poljskem-mnozicni-protesti-taksistov-proti-uberju\/\",\"url\":\"https:\/\/hudo.com\/si\/aktualno\/na-poljskem-mnozicni-protesti-taksistov-proti-uberju\/\",\"name\":\"Na Poljskem mno\u017ei\u010dni protesti taksistov proti Uberju - Hudo Slovenija\",\"isPartOf\":{\"@id\":\"https:\/\/hudo.com\/si\/#website\"},\"datePublished\":\"2017-06-05T11:31:42+00:00\",\"dateModified\":\"2017-06-05T11:31:42+00:00\",\"breadcrumb\":{\"@id\":\"https:\/\/hudo.com\/si\/aktualno\/na-poljskem-mnozicni-protesti-taksistov-proti-uberju\/#breadcrumb\"},\"inLanguage\":\"sl-SI\",\"potentialAction\":[{\"@type\":\"ReadAction\",\"target\":[\"https:\/\/hudo.com\/si\/aktualno\/na-poljskem-mnozicni-protesti-taksistov-proti-uberju\/\"]}]},{\"@type\":\"BreadcrumbList\",\"@id\":\"https:\/\/hudo.com\/si\/aktualno\/na-poljskem-mnozicni-protesti-taksistov-proti-uberju\/#breadcrumb\",\"itemListElement\":[{\"@type\":\"ListItem\",\"position\":1,\"name\":\"Home\",\"item\":\"https:\/\/hudo.com\/si\/\"},{\"@type\":\"ListItem\",\"position\":2,\"name\":\"Na Poljskem mno\u017ei\u010dni protesti taksistov proti Uberju\"}]},{\"@type\":\"WebSite\",\"@id\":\"https:\/\/hudo.com\/si\/#website\",\"url\":\"https:\/\/hudo.com\/si\/\",\"name\":\"Hudo Slovenija\",\"description\":\"Vse novice iz Slovenije in sveta\",\"publisher\":{\"@id\":\"https:\/\/hudo.com\/si\/#organization\"},\"potentialAction\":[{\"@type\":\"SearchAction\",\"target\":{\"@type\":\"EntryPoint\",\"urlTemplate\":\"https:\/\/hudo.com\/si\/?s={search_term_string}\"},\"query-input\":\"required name=search_term_string\"}],\"inLanguage\":\"sl-SI\"},{\"@type\":\"Organization\",\"@id\":\"https:\/\/hudo.com\/si\/#organization\",\"name\":\"VSN Media\",\"url\":\"https:\/\/hudo.com\/si\/\",\"logo\":{\"@type\":\"ImageObject\",\"inLanguage\":\"sl-SI\",\"@id\":\"https:\/\/hudo.com\/si\/#\/schema\/logo\/image\/\",\"url\":\"https:\/\/hudo.com\/si\/wp-content\/uploads\/sites\/2\/2021\/03\/hudo-app-2.png\",\"contentUrl\":\"https:\/\/hudo.com\/si\/wp-content\/uploads\/sites\/2\/2021\/03\/hudo-app-2.png\",\"width\":2185,\"height\":2167,\"caption\":\"VSN Media\"},\"image\":{\"@id\":\"https:\/\/hudo.com\/si\/#\/schema\/logo\/image\/\"},\"sameAs\":[\"https:\/\/www.facebook.com\/hudo.si\",\"https:\/\/twitter.com\/hudo_si\"]},{\"@type\":\"Person\",\"@id\":\"https:\/\/hudo.com\/si\/#\/schema\/person\/18f09c02475ba9e606e941a565b80cff\",\"name\":\"A. P., STA\",\"image\":{\"@type\":\"ImageObject\",\"inLanguage\":\"sl-SI\",\"@id\":\"https:\/\/hudo.com\/si\/#\/schema\/person\/image\/\",\"url\":\"https:\/\/secure.gravatar.com\/avatar\/03eac8e609f5f04383125d80eaeaaf3e?s=96&d=mm&r=g\",\"contentUrl\":\"https:\/\/secure.gravatar.com\/avatar\/03eac8e609f5f04383125d80eaeaaf3e?s=96&d=mm&r=g\",\"caption\":\"A. P., STA\"},\"url\":\"https:\/\/hudo.com\/si\/author\/lubu\/\"}]}<\/script>\n<!-- \/ Yoast SEO plugin. -->","yoast_head_json":{"title":"Na Poljskem mno\u017ei\u010dni protesti taksistov proti Uberju - Hudo Slovenija","robots":{"index":"index","follow":"follow","max-snippet":"max-snippet:-1","max-image-preview":"max-image-preview:large","max-video-preview":"max-video-preview:-1"},"canonical":"https:\/\/hudo.com\/si\/aktualno\/na-poljskem-mnozicni-protesti-taksistov-proti-uberju\/","og_locale":"sl_SI","og_type":"article","og_title":"Na Poljskem mno\u017ei\u010dni protesti taksistov proti Uberju - Hudo Slovenija","og_description":"Poljski taksisti so danes v ve\u010d krajih v dr\u017eavi protestirali proti ponudniku prevozov prek mobilne aplikacije Uber, ki mu o\u010ditajo nelojalno konkurenco. Najbolj mno\u017ei\u010den je bil protest v prestolnici Var\u0161ava, kjer je po navedbah organizatorjev protesta okoli 2000 taksistov ohromilo promet v sredi\u0161\u010du tega milijonskega mesta.","og_url":"https:\/\/hudo.com\/si\/aktualno\/na-poljskem-mnozicni-protesti-taksistov-proti-uberju\/","og_site_name":"Hudo Slovenija","article_publisher":"https:\/\/www.facebook.com\/hudo.si","article_published_time":"2017-06-05T11:31:42+00:00","og_image":[{"width":1250,"height":833,"url":"https:\/\/hudo.com\/si\/wp-content\/uploads\/sites\/2\/2016\/09\/profimedia-0298368180.jpg","type":"image\/jpeg"}],"author":"A. P., STA","twitter_card":"summary_large_image","twitter_creator":"@hudo_si","twitter_site":"@hudo_si","twitter_misc":{"Written by":"A. P., STA","Est. reading time":"1 minuta"},"schema":{"@context":"https:\/\/schema.org","@graph":[{"@type":"Article","@id":"https:\/\/hudo.com\/si\/aktualno\/na-poljskem-mnozicni-protesti-taksistov-proti-uberju\/#article","isPartOf":{"@id":"https:\/\/hudo.com\/si\/aktualno\/na-poljskem-mnozicni-protesti-taksistov-proti-uberju\/"},"author":{"name":"A. P., STA","@id":"https:\/\/hudo.com\/si\/#\/schema\/person\/18f09c02475ba9e606e941a565b80cff"},"headline":"Na Poljskem mno\u017ei\u010dni protesti taksistov proti Uberju","datePublished":"2017-06-05T11:31:42+00:00","dateModified":"2017-06-05T11:31:42+00:00","mainEntityOfPage":{"@id":"https:\/\/hudo.com\/si\/aktualno\/na-poljskem-mnozicni-protesti-taksistov-proti-uberju\/"},"wordCount":267,"publisher":{"@id":"https:\/\/hudo.com\/si\/#organization"},"keywords":["gospodarstvo","Poljska","protesti","taksisti","Uber"],"articleSection":["Aktualno"],"inLanguage":"sl-SI"},{"@type":"WebPage","@id":"https:\/\/hudo.com\/si\/aktualno\/na-poljskem-mnozicni-protesti-taksistov-proti-uberju\/","url":"https:\/\/hudo.com\/si\/aktualno\/na-poljskem-mnozicni-protesti-taksistov-proti-uberju\/","name":"Na Poljskem mno\u017ei\u010dni protesti taksistov proti Uberju - Hudo Slovenija","isPartOf":{"@id":"https:\/\/hudo.com\/si\/#website"},"datePublished":"2017-06-05T11:31:42+00:00","dateModified":"2017-06-05T11:31:42+00:00","breadcrumb":{"@id":"https:\/\/hudo.com\/si\/aktualno\/na-poljskem-mnozicni-protesti-taksistov-proti-uberju\/#breadcrumb"},"inLanguage":"sl-SI","potentialAction":[{"@type":"ReadAction","target":["https:\/\/hudo.com\/si\/aktualno\/na-poljskem-mnozicni-protesti-taksistov-proti-uberju\/"]}]},{"@type":"BreadcrumbList","@id":"https:\/\/hudo.com\/si\/aktualno\/na-poljskem-mnozicni-protesti-taksistov-proti-uberju\/#breadcrumb","itemListElement":[{"@type":"ListItem","position":1,"name":"Home","item":"https:\/\/hudo.com\/si\/"},{"@type":"ListItem","position":2,"name":"Na Poljskem mno\u017ei\u010dni protesti taksistov proti Uberju"}]},{"@type":"WebSite","@id":"https:\/\/hudo.com\/si\/#website","url":"https:\/\/hudo.com\/si\/","name":"Hudo Slovenija","description":"Vse novice iz Slovenije in sveta","publisher":{"@id":"https:\/\/hudo.com\/si\/#organization"},"potentialAction":[{"@type":"SearchAction","target":{"@type":"EntryPoint","urlTemplate":"https:\/\/hudo.com\/si\/?s={search_term_string}"},"query-input":"required name=search_term_string"}],"inLanguage":"sl-SI"},{"@type":"Organization","@id":"https:\/\/hudo.com\/si\/#organization","name":"VSN Media","url":"https:\/\/hudo.com\/si\/","logo":{"@type":"ImageObject","inLanguage":"sl-SI","@id":"https:\/\/hudo.com\/si\/#\/schema\/logo\/image\/","url":"https:\/\/hudo.com\/si\/wp-content\/uploads\/sites\/2\/2021\/03\/hudo-app-2.png","contentUrl":"https:\/\/hudo.com\/si\/wp-content\/uploads\/sites\/2\/2021\/03\/hudo-app-2.png","width":2185,"height":2167,"caption":"VSN Media"},"image":{"@id":"https:\/\/hudo.com\/si\/#\/schema\/logo\/image\/"},"sameAs":["https:\/\/www.facebook.com\/hudo.si","https:\/\/twitter.com\/hudo_si"]},{"@type":"Person","@id":"https:\/\/hudo.com\/si\/#\/schema\/person\/18f09c02475ba9e606e941a565b80cff","name":"A. P., STA","image":{"@type":"ImageObject","inLanguage":"sl-SI","@id":"https:\/\/hudo.com\/si\/#\/schema\/person\/image\/","url":"https:\/\/secure.gravatar.com\/avatar\/03eac8e609f5f04383125d80eaeaaf3e?s=96&d=mm&r=g","contentUrl":"https:\/\/secure.gravatar.com\/avatar\/03eac8e609f5f04383125d80eaeaaf3e?s=96&d=mm&r=g","caption":"A. P., STA"},"url":"https:\/\/hudo.com\/si\/author\/lubu\/"}]}},"amp_enabled":true,"_links":{"self":[{"href":"https:\/\/hudo.com\/si\/wp-json\/wp\/v2\/posts\/263210"}],"collection":[{"href":"https:\/\/hudo.com\/si\/wp-json\/wp\/v2\/posts"}],"about":[{"href":"https:\/\/hudo.com\/si\/wp-json\/wp\/v2\/types\/post"}],"author":[{"embeddable":true,"href":"https:\/\/hudo.com\/si\/wp-json\/wp\/v2\/users\/7"}],"replies":[{"embeddable":true,"href":"https:\/\/hudo.com\/si\/wp-json\/wp\/v2\/comments?post=263210"}],"version-history":[{"count":1,"href":"https:\/\/hudo.com\/si\/wp-json\/wp\/v2\/posts\/263210\/revisions"}],"predecessor-version":[{"id":263211,"href":"https:\/\/hudo.com\/si\/wp-json\/wp\/v2\/posts\/263210\/revisions\/263211"}],"wp:featuredmedia":[{"embeddable":true,"href":"https:\/\/hudo.com\/si\/wp-json\/wp\/v2\/media\/138794"}],"wp:attachment":[{"href":"https:\/\/hudo.com\/si\/wp-json\/wp\/v2\/media?parent=263210"}],"wp:term":[{"taxonomy":"category","embeddable":true,"href":"https:\/\/hudo.com\/si\/wp-json\/wp\/v2\/categories?post=263210"},{"taxonomy":"post_tag","embeddable":true,"href":"https:\/\/hudo.com\/si\/wp-json\/wp\/v2\/tags?post=263210"},{"taxonomy":"source","embeddable":true,"href":"https:\/\/hudo.com\/si\/wp-json\/wp\/v2\/source?post=263210"},{"taxonomy":"supertag","embeddable":true,"href":"https:\/\/hudo.com\/si\/wp-json\/wp\/v2\/supertag?post=263210"}],"curies":[{"name":"wp","href":"https:\/\/api.w.org\/{rel}","templated":true}]}}