{"id":263287,"date":"2017-06-05T13:50:00","date_gmt":"2017-06-05T11:50:00","guid":{"rendered":"http:\/\/hudo.com\/si\/2017\/06\/05\/opazovalci-v-idealno-ekipo-lige-prvakov-uvrstili-tudi-jana-oblaka\/"},"modified":"2017-06-05T13:50:00","modified_gmt":"2017-06-05T11:50:00","slug":"opazovalci-v-idealno-ekipo-lige-prvakov-uvrstili-tudi-jana-oblaka","status":"publish","type":"post","link":"https:\/\/hudo.com\/si\/aktualno\/opazovalci-v-idealno-ekipo-lige-prvakov-uvrstili-tudi-jana-oblaka\/","title":{"rendered":"Opazovalci v idealno ekipo lige prvakov uvrstili tudi Jana Oblaka"},"content":{"rendered":"<p>Kategorija: Nogomet Mon, 05 Jun 2017 15:50:00 +0200  Ljubljana &#8211; Skupina tehni\u010dnih opazovalcev Evropske nogometne zveze (UEFA) je slovenskega reprezentan\u010dnega vratarja Jana Oblaka, ki se te dni z izbrano vrsto na Brdu pri Kranju pripravlja na sobotni kvalifikacijski dvoboj za svetovno prvenstvo prihodnje leto v Rusiji proti Malti, uvrstila v idealno zasedbo pravkar kon\u010dane sezone lige prvakov. Opazovalci so izbiro utemeljili z izvrstnim branjenjem v majici klubskega delodajalca Atletica Madrida, podkrepljenim z velikim \u0161tevilom uspe\u0161nih obramb (kar 39, najve\u010d med vsemi \u010duvaji mre\u017ee). Ob Oblaku so mesto v idealni osemnajsterici na\u0161li \u0161e vratar Gigi Buffon (Juventus), branilci Marcelo, Sergio Ramos, Dani Carvajal (vsi Real Madrid), Leonardo Bonucci (Juventus) in Diego Godin (Atletico Madrid), zvezni igralci Luka Modri\u0107, Toni Kroos, Casemiro, Isco (vsi Real), Miralem Pjani\u0107 (Juventus) in Tiemoue Bakayoko (Monaco) ter napadalci Cristiano Ronaldo (Real), Lionel Messi (Barcelona), Antoine\u00a0&#8230;<\/p>\n","protected":false},"excerpt":{"rendered":"<p>Kategorija: Nogomet Mon, 05 Jun 2017 15:50:00 +0200  Ljubljana &#8211; Skupina tehni\u010dnih opazovalcev Evropske nogometne zveze (UEFA) je slovenskega reprezentan\u010dnega vratarja Jana Oblaka, ki se te dni z izbrano vrsto na Brdu pri Kranju pripravlja na sobotni kvalifikacijski dvoboj za svetovno prvenstvo prihodnje leto v Rusiji proti Malti, uvrstila v idealno zasedbo pravkar kon\u010dane sezone lige prvakov. Opazovalci so izbiro utemeljili z izvrstnim branjenjem v majici klubskega delodajalca Atletica Madrida, podkrepljenim z velikim \u0161tevilom uspe\u0161nih obramb (kar 39, najve\u010d med vsemi \u010duvaji mre\u017ee). Ob Oblaku so mesto v idealni osemnajsterici na\u0161li \u0161e vratar Gigi Buffon (Juventus), branilci Marcelo, Sergio Ramos, Dani Carvajal (vsi Real Madrid), Leonardo Bonucci (Juventus) in Diego Godin (Atletico Madrid), zvezni igralci Luka Modri\u0107, Toni Kroos, Casemiro, Isco (vsi Real), Miralem Pjani\u0107 (Juventus) in Tiemoue Bakayoko (Monaco) ter napadalci Cristiano Ronaldo (Real), Lionel Messi (Barcelona), Antoine\u00a0&#8230;<\/p>\n","protected":false},"author":1,"featured_media":0,"comment_status":"closed","ping_status":"closed","sticky":false,"template":"","format":"standard","meta":{"footnotes":""},"categories":[1179],"tags":[],"source":[1703],"supertag":[],"acf":[],"yoast_head":"<!-- This site is optimized with the Yoast SEO plugin v21.3 - https:\/\/yoast.com\/wordpress\/plugins\/seo\/ -->\n<title>Opazovalci v idealno ekipo lige prvakov uvrstili tudi Jana Oblaka - Hudo Slovenija<\/title>\n<meta name=\"robots\" content=\"index, follow, max-snippet:-1, max-image-preview:large, max-video-preview:-1\" \/>\n<link rel=\"canonical\" href=\"https:\/\/hudo.com\/si\/aktualno\/opazovalci-v-idealno-ekipo-lige-prvakov-uvrstili-tudi-jana-oblaka\/\" \/>\n<meta property=\"og:locale\" content=\"sl_SI\" \/>\n<meta property=\"og:type\" content=\"article\" \/>\n<meta property=\"og:title\" content=\"Opazovalci v idealno ekipo lige prvakov uvrstili tudi Jana Oblaka - Hudo Slovenija\" \/>\n<meta property=\"og:description\" content=\"Kategorija: Nogomet Mon, 05 Jun 2017 15:50:00 +0200 Ljubljana - Skupina tehni\u010dnih opazovalcev Evropske nogometne zveze (UEFA) je slovenskega reprezentan\u010dnega vratarja Jana Oblaka, ki se te dni z izbrano vrsto na Brdu pri Kranju pripravlja na sobotni kvalifikacijski dvoboj za svetovno prvenstvo prihodnje leto v Rusiji proti Malti, uvrstila v idealno zasedbo pravkar kon\u010dane sezone lige prvakov. Opazovalci so izbiro utemeljili z izvrstnim branjenjem v majici klubskega delodajalca Atletica Madrida, podkrepljenim z velikim \u0161tevilom uspe\u0161nih obramb (kar 39, najve\u010d med vsemi \u010duvaji mre\u017ee). Ob Oblaku so mesto v idealni osemnajsterici na\u0161li \u0161e vratar Gigi Buffon (Juventus), branilci Marcelo, Sergio Ramos, Dani Carvajal (vsi Real Madrid), Leonardo Bonucci (Juventus) in Diego Godin (Atletico Madrid), zvezni igralci Luka Modri\u0107, Toni Kroos, Casemiro, Isco (vsi Real), Miralem Pjani\u0107 (Juventus) in Tiemoue Bakayoko (Monaco) ter napadalci Cristiano Ronaldo (Real), Lionel Messi (Barcelona), Antoine\u00a0...\" \/>\n<meta property=\"og:url\" content=\"https:\/\/hudo.com\/si\/aktualno\/opazovalci-v-idealno-ekipo-lige-prvakov-uvrstili-tudi-jana-oblaka\/\" \/>\n<meta property=\"og:site_name\" content=\"Hudo Slovenija\" \/>\n<meta property=\"article:publisher\" content=\"https:\/\/www.facebook.com\/hudo.si\" \/>\n<meta property=\"article:published_time\" content=\"2017-06-05T11:50:00+00:00\" \/>\n<meta property=\"og:image\" content=\"https:\/\/hudo.com\/si\/wp-content\/uploads\/sites\/2\/2017\/06\/480x290_Reuters_Pictures-20170315222630-27360700.jpeg\" \/>\n\t<meta property=\"og:image:width\" content=\"480\" \/>\n\t<meta property=\"og:image:height\" content=\"290\" \/>\n\t<meta property=\"og:image:type\" content=\"image\/jpeg\" \/>\n<meta name=\"author\" content=\"hudo\" \/>\n<meta name=\"twitter:card\" content=\"summary_large_image\" \/>\n<meta name=\"twitter:creator\" content=\"@hudo_si\" \/>\n<meta name=\"twitter:site\" content=\"@hudo_si\" \/>\n<meta name=\"twitter:label1\" content=\"Written by\" \/>\n\t<meta name=\"twitter:data1\" content=\"hudo\" \/>\n\t<meta name=\"twitter:label2\" content=\"Est. reading time\" \/>\n\t<meta name=\"twitter:data2\" content=\"1 minuta\" \/>\n<script type=\"application\/ld+json\" class=\"yoast-schema-graph\">{\"@context\":\"https:\/\/schema.org\",\"@graph\":[{\"@type\":\"Article\",\"@id\":\"https:\/\/hudo.com\/si\/aktualno\/opazovalci-v-idealno-ekipo-lige-prvakov-uvrstili-tudi-jana-oblaka\/#article\",\"isPartOf\":{\"@id\":\"https:\/\/hudo.com\/si\/aktualno\/opazovalci-v-idealno-ekipo-lige-prvakov-uvrstili-tudi-jana-oblaka\/\"},\"author\":{\"name\":\"hudo\",\"@id\":\"https:\/\/hudo.com\/si\/#\/schema\/person\/601cf3379633985b20f7e50f2bb47707\"},\"headline\":\"Opazovalci v idealno ekipo lige prvakov uvrstili tudi Jana Oblaka\",\"datePublished\":\"2017-06-05T11:50:00+00:00\",\"dateModified\":\"2017-06-05T11:50:00+00:00\",\"mainEntityOfPage\":{\"@id\":\"https:\/\/hudo.com\/si\/aktualno\/opazovalci-v-idealno-ekipo-lige-prvakov-uvrstili-tudi-jana-oblaka\/\"},\"wordCount\":150,\"publisher\":{\"@id\":\"https:\/\/hudo.com\/si\/#organization\"},\"articleSection\":[\"Aktualno\"],\"inLanguage\":\"sl-SI\"},{\"@type\":\"WebPage\",\"@id\":\"https:\/\/hudo.com\/si\/aktualno\/opazovalci-v-idealno-ekipo-lige-prvakov-uvrstili-tudi-jana-oblaka\/\",\"url\":\"https:\/\/hudo.com\/si\/aktualno\/opazovalci-v-idealno-ekipo-lige-prvakov-uvrstili-tudi-jana-oblaka\/\",\"name\":\"Opazovalci v idealno ekipo lige prvakov uvrstili tudi Jana Oblaka - Hudo Slovenija\",\"isPartOf\":{\"@id\":\"https:\/\/hudo.com\/si\/#website\"},\"datePublished\":\"2017-06-05T11:50:00+00:00\",\"dateModified\":\"2017-06-05T11:50:00+00:00\",\"breadcrumb\":{\"@id\":\"https:\/\/hudo.com\/si\/aktualno\/opazovalci-v-idealno-ekipo-lige-prvakov-uvrstili-tudi-jana-oblaka\/#breadcrumb\"},\"inLanguage\":\"sl-SI\",\"potentialAction\":[{\"@type\":\"ReadAction\",\"target\":[\"https:\/\/hudo.com\/si\/aktualno\/opazovalci-v-idealno-ekipo-lige-prvakov-uvrstili-tudi-jana-oblaka\/\"]}]},{\"@type\":\"BreadcrumbList\",\"@id\":\"https:\/\/hudo.com\/si\/aktualno\/opazovalci-v-idealno-ekipo-lige-prvakov-uvrstili-tudi-jana-oblaka\/#breadcrumb\",\"itemListElement\":[{\"@type\":\"ListItem\",\"position\":1,\"name\":\"Home\",\"item\":\"https:\/\/hudo.com\/si\/\"},{\"@type\":\"ListItem\",\"position\":2,\"name\":\"Opazovalci v idealno ekipo lige prvakov uvrstili tudi Jana Oblaka\"}]},{\"@type\":\"WebSite\",\"@id\":\"https:\/\/hudo.com\/si\/#website\",\"url\":\"https:\/\/hudo.com\/si\/\",\"name\":\"Hudo Slovenija\",\"description\":\"Vse novice iz Slovenije in sveta\",\"publisher\":{\"@id\":\"https:\/\/hudo.com\/si\/#organization\"},\"potentialAction\":[{\"@type\":\"SearchAction\",\"target\":{\"@type\":\"EntryPoint\",\"urlTemplate\":\"https:\/\/hudo.com\/si\/?s={search_term_string}\"},\"query-input\":\"required name=search_term_string\"}],\"inLanguage\":\"sl-SI\"},{\"@type\":\"Organization\",\"@id\":\"https:\/\/hudo.com\/si\/#organization\",\"name\":\"VSN Media\",\"url\":\"https:\/\/hudo.com\/si\/\",\"logo\":{\"@type\":\"ImageObject\",\"inLanguage\":\"sl-SI\",\"@id\":\"https:\/\/hudo.com\/si\/#\/schema\/logo\/image\/\",\"url\":\"https:\/\/hudo.com\/si\/wp-content\/uploads\/sites\/2\/2021\/03\/hudo-app-2.png\",\"contentUrl\":\"https:\/\/hudo.com\/si\/wp-content\/uploads\/sites\/2\/2021\/03\/hudo-app-2.png\",\"width\":2185,\"height\":2167,\"caption\":\"VSN Media\"},\"image\":{\"@id\":\"https:\/\/hudo.com\/si\/#\/schema\/logo\/image\/\"},\"sameAs\":[\"https:\/\/www.facebook.com\/hudo.si\",\"https:\/\/twitter.com\/hudo_si\"]},{\"@type\":\"Person\",\"@id\":\"https:\/\/hudo.com\/si\/#\/schema\/person\/601cf3379633985b20f7e50f2bb47707\",\"name\":\"hudo\",\"image\":{\"@type\":\"ImageObject\",\"inLanguage\":\"sl-SI\",\"@id\":\"https:\/\/hudo.com\/si\/#\/schema\/person\/image\/\",\"url\":\"https:\/\/secure.gravatar.com\/avatar\/c4ca25fa72cace7a696b52ff5db9e095?s=96&d=mm&r=g\",\"contentUrl\":\"https:\/\/secure.gravatar.com\/avatar\/c4ca25fa72cace7a696b52ff5db9e095?s=96&d=mm&r=g\",\"caption\":\"hudo\"},\"url\":\"https:\/\/hudo.com\/si\/author\/hudo\/\"}]}<\/script>\n<!-- \/ Yoast SEO plugin. -->","yoast_head_json":{"title":"Opazovalci v idealno ekipo lige prvakov uvrstili tudi Jana Oblaka - Hudo Slovenija","robots":{"index":"index","follow":"follow","max-snippet":"max-snippet:-1","max-image-preview":"max-image-preview:large","max-video-preview":"max-video-preview:-1"},"canonical":"https:\/\/hudo.com\/si\/aktualno\/opazovalci-v-idealno-ekipo-lige-prvakov-uvrstili-tudi-jana-oblaka\/","og_locale":"sl_SI","og_type":"article","og_title":"Opazovalci v idealno ekipo lige prvakov uvrstili tudi Jana Oblaka - Hudo Slovenija","og_description":"Kategorija: Nogomet Mon, 05 Jun 2017 15:50:00 +0200 Ljubljana - Skupina tehni\u010dnih opazovalcev Evropske nogometne zveze (UEFA) je slovenskega reprezentan\u010dnega vratarja Jana Oblaka, ki se te dni z izbrano vrsto na Brdu pri Kranju pripravlja na sobotni kvalifikacijski dvoboj za svetovno prvenstvo prihodnje leto v Rusiji proti Malti, uvrstila v idealno zasedbo pravkar kon\u010dane sezone lige prvakov. Opazovalci so izbiro utemeljili z izvrstnim branjenjem v majici klubskega delodajalca Atletica Madrida, podkrepljenim z velikim \u0161tevilom uspe\u0161nih obramb (kar 39, najve\u010d med vsemi \u010duvaji mre\u017ee). Ob Oblaku so mesto v idealni osemnajsterici na\u0161li \u0161e vratar Gigi Buffon (Juventus), branilci Marcelo, Sergio Ramos, Dani Carvajal (vsi Real Madrid), Leonardo Bonucci (Juventus) in Diego Godin (Atletico Madrid), zvezni igralci Luka Modri\u0107, Toni Kroos, Casemiro, Isco (vsi Real), Miralem Pjani\u0107 (Juventus) in Tiemoue Bakayoko (Monaco) ter napadalci Cristiano Ronaldo (Real), Lionel Messi (Barcelona), Antoine\u00a0...","og_url":"https:\/\/hudo.com\/si\/aktualno\/opazovalci-v-idealno-ekipo-lige-prvakov-uvrstili-tudi-jana-oblaka\/","og_site_name":"Hudo Slovenija","article_publisher":"https:\/\/www.facebook.com\/hudo.si","article_published_time":"2017-06-05T11:50:00+00:00","og_image":[{"width":480,"height":290,"url":"https:\/\/hudo.com\/si\/wp-content\/uploads\/sites\/2\/2017\/06\/480x290_Reuters_Pictures-20170315222630-27360700.jpeg","type":"image\/jpeg"}],"author":"hudo","twitter_card":"summary_large_image","twitter_creator":"@hudo_si","twitter_site":"@hudo_si","twitter_misc":{"Written by":"hudo","Est. reading time":"1 minuta"},"schema":{"@context":"https:\/\/schema.org","@graph":[{"@type":"Article","@id":"https:\/\/hudo.com\/si\/aktualno\/opazovalci-v-idealno-ekipo-lige-prvakov-uvrstili-tudi-jana-oblaka\/#article","isPartOf":{"@id":"https:\/\/hudo.com\/si\/aktualno\/opazovalci-v-idealno-ekipo-lige-prvakov-uvrstili-tudi-jana-oblaka\/"},"author":{"name":"hudo","@id":"https:\/\/hudo.com\/si\/#\/schema\/person\/601cf3379633985b20f7e50f2bb47707"},"headline":"Opazovalci v idealno ekipo lige prvakov uvrstili tudi Jana Oblaka","datePublished":"2017-06-05T11:50:00+00:00","dateModified":"2017-06-05T11:50:00+00:00","mainEntityOfPage":{"@id":"https:\/\/hudo.com\/si\/aktualno\/opazovalci-v-idealno-ekipo-lige-prvakov-uvrstili-tudi-jana-oblaka\/"},"wordCount":150,"publisher":{"@id":"https:\/\/hudo.com\/si\/#organization"},"articleSection":["Aktualno"],"inLanguage":"sl-SI"},{"@type":"WebPage","@id":"https:\/\/hudo.com\/si\/aktualno\/opazovalci-v-idealno-ekipo-lige-prvakov-uvrstili-tudi-jana-oblaka\/","url":"https:\/\/hudo.com\/si\/aktualno\/opazovalci-v-idealno-ekipo-lige-prvakov-uvrstili-tudi-jana-oblaka\/","name":"Opazovalci v idealno ekipo lige prvakov uvrstili tudi Jana Oblaka - Hudo Slovenija","isPartOf":{"@id":"https:\/\/hudo.com\/si\/#website"},"datePublished":"2017-06-05T11:50:00+00:00","dateModified":"2017-06-05T11:50:00+00:00","breadcrumb":{"@id":"https:\/\/hudo.com\/si\/aktualno\/opazovalci-v-idealno-ekipo-lige-prvakov-uvrstili-tudi-jana-oblaka\/#breadcrumb"},"inLanguage":"sl-SI","potentialAction":[{"@type":"ReadAction","target":["https:\/\/hudo.com\/si\/aktualno\/opazovalci-v-idealno-ekipo-lige-prvakov-uvrstili-tudi-jana-oblaka\/"]}]},{"@type":"BreadcrumbList","@id":"https:\/\/hudo.com\/si\/aktualno\/opazovalci-v-idealno-ekipo-lige-prvakov-uvrstili-tudi-jana-oblaka\/#breadcrumb","itemListElement":[{"@type":"ListItem","position":1,"name":"Home","item":"https:\/\/hudo.com\/si\/"},{"@type":"ListItem","position":2,"name":"Opazovalci v idealno ekipo lige prvakov uvrstili tudi Jana Oblaka"}]},{"@type":"WebSite","@id":"https:\/\/hudo.com\/si\/#website","url":"https:\/\/hudo.com\/si\/","name":"Hudo Slovenija","description":"Vse novice iz Slovenije in sveta","publisher":{"@id":"https:\/\/hudo.com\/si\/#organization"},"potentialAction":[{"@type":"SearchAction","target":{"@type":"EntryPoint","urlTemplate":"https:\/\/hudo.com\/si\/?s={search_term_string}"},"query-input":"required name=search_term_string"}],"inLanguage":"sl-SI"},{"@type":"Organization","@id":"https:\/\/hudo.com\/si\/#organization","name":"VSN Media","url":"https:\/\/hudo.com\/si\/","logo":{"@type":"ImageObject","inLanguage":"sl-SI","@id":"https:\/\/hudo.com\/si\/#\/schema\/logo\/image\/","url":"https:\/\/hudo.com\/si\/wp-content\/uploads\/sites\/2\/2021\/03\/hudo-app-2.png","contentUrl":"https:\/\/hudo.com\/si\/wp-content\/uploads\/sites\/2\/2021\/03\/hudo-app-2.png","width":2185,"height":2167,"caption":"VSN Media"},"image":{"@id":"https:\/\/hudo.com\/si\/#\/schema\/logo\/image\/"},"sameAs":["https:\/\/www.facebook.com\/hudo.si","https:\/\/twitter.com\/hudo_si"]},{"@type":"Person","@id":"https:\/\/hudo.com\/si\/#\/schema\/person\/601cf3379633985b20f7e50f2bb47707","name":"hudo","image":{"@type":"ImageObject","inLanguage":"sl-SI","@id":"https:\/\/hudo.com\/si\/#\/schema\/person\/image\/","url":"https:\/\/secure.gravatar.com\/avatar\/c4ca25fa72cace7a696b52ff5db9e095?s=96&d=mm&r=g","contentUrl":"https:\/\/secure.gravatar.com\/avatar\/c4ca25fa72cace7a696b52ff5db9e095?s=96&d=mm&r=g","caption":"hudo"},"url":"https:\/\/hudo.com\/si\/author\/hudo\/"}]}},"amp_enabled":true,"_links":{"self":[{"href":"https:\/\/hudo.com\/si\/wp-json\/wp\/v2\/posts\/263287"}],"collection":[{"href":"https:\/\/hudo.com\/si\/wp-json\/wp\/v2\/posts"}],"about":[{"href":"https:\/\/hudo.com\/si\/wp-json\/wp\/v2\/types\/post"}],"author":[{"embeddable":true,"href":"https:\/\/hudo.com\/si\/wp-json\/wp\/v2\/users\/1"}],"replies":[{"embeddable":true,"href":"https:\/\/hudo.com\/si\/wp-json\/wp\/v2\/comments?post=263287"}],"version-history":[{"count":0,"href":"https:\/\/hudo.com\/si\/wp-json\/wp\/v2\/posts\/263287\/revisions"}],"wp:attachment":[{"href":"https:\/\/hudo.com\/si\/wp-json\/wp\/v2\/media?parent=263287"}],"wp:term":[{"taxonomy":"category","embeddable":true,"href":"https:\/\/hudo.com\/si\/wp-json\/wp\/v2\/categories?post=263287"},{"taxonomy":"post_tag","embeddable":true,"href":"https:\/\/hudo.com\/si\/wp-json\/wp\/v2\/tags?post=263287"},{"taxonomy":"source","embeddable":true,"href":"https:\/\/hudo.com\/si\/wp-json\/wp\/v2\/source?post=263287"},{"taxonomy":"supertag","embeddable":true,"href":"https:\/\/hudo.com\/si\/wp-json\/wp\/v2\/supertag?post=263287"}],"curies":[{"name":"wp","href":"https:\/\/api.w.org\/{rel}","templated":true}]}}