{"id":264582,"date":"2017-06-08T19:59:00","date_gmt":"2017-06-08T17:59:00","guid":{"rendered":"http:\/\/hudo.com\/si\/2017\/06\/08\/slovenski-rokometasi-z-levo-roko-preko-crne-gore-foto\/"},"modified":"2017-06-08T19:59:00","modified_gmt":"2017-06-08T17:59:00","slug":"slovenski-rokometasi-z-levo-roko-preko-crne-gore-foto","status":"publish","type":"post","link":"https:\/\/hudo.com\/si\/aktualno\/slovenski-rokometasi-z-levo-roko-preko-crne-gore-foto\/","title":{"rendered":"Slovenski rokometa\u0161i z levo roko preko \u010crne gore (FOTO)"},"content":{"rendered":"<p>Kategorija: Rokomet Thu, 08 Jun 2017 21:59:00 +0200  \u0160kofja Loka &#8211; Slovenska izbrana vrsta pod vodstvom Veselina Vujovi\u0107a je danes v \u0160kofji Loki brez te\u017eav dobila prvo pripravljalno tekmo proti \u010crni gori z 38:24. Slovenija se pripravlja na odlo\u010dilni kvalifikacijski sre\u010danji za uvrstitev na EP s Portugalsko in \u0160vico, kjer potrebuje zmagi.\u00a0 Zdesetkana slovenska izbrana vrsta &#8211; na bli\u017enjih kvalifikacijskih tekmah s \u0160vico in Portugalsko bodo iz razli\u010dnih razlogov manjkali Vid Kavti\u010dnik, Darko Cingesar, Vid Poteko, Dean Bomba\u010d, Nik Henigman, Primo\u017e Pro\u0161t, Sta\u0161 Skube in Miha \u017dvi\u017eej, tako da je Vujovi\u0107 &#8220;pod zastavo&#8221; poklical nekatere reprezentan\u010dno povsem neizku\u0161ene rokometa\u0161e, kot so Sa\u0161a Bari\u0161i\u0107 Jaman, Nejc Cehte, Klemen Ferlin, Patrik Leban, Gregor Poto\u010dnik, Matic Verdinek in Igor \u017dabi\u010d, izku\u0161ena Jure Dolenec in Marko Bezjak pa se bosta zaradi klubskih obveznosti v Franciji in Nem\u010diji reprezentan\u010dnim soigralcem pridru\u017eila v soboto &#8211;\u00a0&#8230;<\/p>\n","protected":false},"excerpt":{"rendered":"<p>Kategorija: Rokomet Thu, 08 Jun 2017 21:59:00 +0200  \u0160kofja Loka &#8211; Slovenska izbrana vrsta pod vodstvom Veselina Vujovi\u0107a je danes v \u0160kofji Loki brez te\u017eav dobila prvo pripravljalno tekmo proti \u010crni gori z 38:24. Slovenija se pripravlja na odlo\u010dilni kvalifikacijski sre\u010danji za uvrstitev na EP s Portugalsko in \u0160vico, kjer potrebuje zmagi.\u00a0 Zdesetkana slovenska izbrana vrsta &#8211; na bli\u017enjih kvalifikacijskih tekmah s \u0160vico in Portugalsko bodo iz razli\u010dnih razlogov manjkali Vid Kavti\u010dnik, Darko Cingesar, Vid Poteko, Dean Bomba\u010d, Nik Henigman, Primo\u017e Pro\u0161t, Sta\u0161 Skube in Miha \u017dvi\u017eej, tako da je Vujovi\u0107 &#8220;pod zastavo&#8221; poklical nekatere reprezentan\u010dno povsem neizku\u0161ene rokometa\u0161e, kot so Sa\u0161a Bari\u0161i\u0107 Jaman, Nejc Cehte, Klemen Ferlin, Patrik Leban, Gregor Poto\u010dnik, Matic Verdinek in Igor \u017dabi\u010d, izku\u0161ena Jure Dolenec in Marko Bezjak pa se bosta zaradi klubskih obveznosti v Franciji in Nem\u010diji reprezentan\u010dnim soigralcem pridru\u017eila v soboto &#8211;\u00a0&#8230;<\/p>\n","protected":false},"author":1,"featured_media":0,"comment_status":"closed","ping_status":"closed","sticky":false,"template":"","format":"standard","meta":{"footnotes":""},"categories":[1179],"tags":[],"source":[1703],"supertag":[],"acf":[],"yoast_head":"<!-- This site is optimized with the Yoast SEO plugin v21.3 - https:\/\/yoast.com\/wordpress\/plugins\/seo\/ -->\n<title>Slovenski rokometa\u0161i z levo roko preko \u010crne gore (FOTO) - Hudo Slovenija<\/title>\n<meta name=\"robots\" content=\"index, follow, max-snippet:-1, max-image-preview:large, max-video-preview:-1\" \/>\n<link rel=\"canonical\" href=\"https:\/\/hudo.com\/si\/aktualno\/slovenski-rokometasi-z-levo-roko-preko-crne-gore-foto\/\" \/>\n<meta property=\"og:locale\" content=\"sl_SI\" \/>\n<meta property=\"og:type\" content=\"article\" \/>\n<meta property=\"og:title\" content=\"Slovenski rokometa\u0161i z levo roko preko \u010crne gore (FOTO) - Hudo Slovenija\" \/>\n<meta property=\"og:description\" content=\"Kategorija: Rokomet Thu, 08 Jun 2017 21:59:00 +0200 \u0160kofja Loka - Slovenska izbrana vrsta pod vodstvom Veselina Vujovi\u0107a je danes v \u0160kofji Loki brez te\u017eav dobila prvo pripravljalno tekmo proti \u010crni gori z 38:24. Slovenija se pripravlja na odlo\u010dilni kvalifikacijski sre\u010danji za uvrstitev na EP s Portugalsko in \u0160vico, kjer potrebuje zmagi.\u00a0 Zdesetkana slovenska izbrana vrsta - na bli\u017enjih kvalifikacijskih tekmah s \u0160vico in Portugalsko bodo iz razli\u010dnih razlogov manjkali Vid Kavti\u010dnik, Darko Cingesar, Vid Poteko, Dean Bomba\u010d, Nik Henigman, Primo\u017e Pro\u0161t, Sta\u0161 Skube in Miha \u017dvi\u017eej, tako da je Vujovi\u0107 &quot;pod zastavo&quot; poklical nekatere reprezentan\u010dno povsem neizku\u0161ene rokometa\u0161e, kot so Sa\u0161a Bari\u0161i\u0107 Jaman, Nejc Cehte, Klemen Ferlin, Patrik Leban, Gregor Poto\u010dnik, Matic Verdinek in Igor \u017dabi\u010d, izku\u0161ena Jure Dolenec in Marko Bezjak pa se bosta zaradi klubskih obveznosti v Franciji in Nem\u010diji reprezentan\u010dnim soigralcem pridru\u017eila v soboto -\u00a0...\" \/>\n<meta property=\"og:url\" content=\"https:\/\/hudo.com\/si\/aktualno\/slovenski-rokometasi-z-levo-roko-preko-crne-gore-foto\/\" \/>\n<meta property=\"og:site_name\" content=\"Hudo Slovenija\" \/>\n<meta property=\"article:publisher\" content=\"https:\/\/www.facebook.com\/hudo.si\" \/>\n<meta property=\"article:published_time\" content=\"2017-06-08T17:59:00+00:00\" \/>\n<meta property=\"og:image\" content=\"https:\/\/hudo.com\/si\/wp-content\/uploads\/sites\/2\/2017\/06\/480x290_Delo_Foto-20170608194414-64704000.jpeg\" \/>\n\t<meta property=\"og:image:width\" content=\"480\" \/>\n\t<meta property=\"og:image:height\" content=\"290\" \/>\n\t<meta property=\"og:image:type\" content=\"image\/jpeg\" \/>\n<meta name=\"author\" content=\"hudo\" \/>\n<meta name=\"twitter:card\" content=\"summary_large_image\" \/>\n<meta name=\"twitter:creator\" content=\"@hudo_si\" \/>\n<meta name=\"twitter:site\" content=\"@hudo_si\" \/>\n<meta name=\"twitter:label1\" content=\"Written by\" \/>\n\t<meta name=\"twitter:data1\" content=\"hudo\" \/>\n\t<meta name=\"twitter:label2\" content=\"Est. reading time\" \/>\n\t<meta name=\"twitter:data2\" content=\"1 minuta\" \/>\n<script type=\"application\/ld+json\" class=\"yoast-schema-graph\">{\"@context\":\"https:\/\/schema.org\",\"@graph\":[{\"@type\":\"Article\",\"@id\":\"https:\/\/hudo.com\/si\/aktualno\/slovenski-rokometasi-z-levo-roko-preko-crne-gore-foto\/#article\",\"isPartOf\":{\"@id\":\"https:\/\/hudo.com\/si\/aktualno\/slovenski-rokometasi-z-levo-roko-preko-crne-gore-foto\/\"},\"author\":{\"name\":\"hudo\",\"@id\":\"https:\/\/hudo.com\/si\/#\/schema\/person\/601cf3379633985b20f7e50f2bb47707\"},\"headline\":\"Slovenski rokometa\u0161i z levo roko preko \u010crne gore (FOTO)\",\"datePublished\":\"2017-06-08T17:59:00+00:00\",\"dateModified\":\"2017-06-08T17:59:00+00:00\",\"mainEntityOfPage\":{\"@id\":\"https:\/\/hudo.com\/si\/aktualno\/slovenski-rokometasi-z-levo-roko-preko-crne-gore-foto\/\"},\"wordCount\":163,\"publisher\":{\"@id\":\"https:\/\/hudo.com\/si\/#organization\"},\"articleSection\":[\"Aktualno\"],\"inLanguage\":\"sl-SI\"},{\"@type\":\"WebPage\",\"@id\":\"https:\/\/hudo.com\/si\/aktualno\/slovenski-rokometasi-z-levo-roko-preko-crne-gore-foto\/\",\"url\":\"https:\/\/hudo.com\/si\/aktualno\/slovenski-rokometasi-z-levo-roko-preko-crne-gore-foto\/\",\"name\":\"Slovenski rokometa\u0161i z levo roko preko \u010crne gore (FOTO) - Hudo Slovenija\",\"isPartOf\":{\"@id\":\"https:\/\/hudo.com\/si\/#website\"},\"datePublished\":\"2017-06-08T17:59:00+00:00\",\"dateModified\":\"2017-06-08T17:59:00+00:00\",\"breadcrumb\":{\"@id\":\"https:\/\/hudo.com\/si\/aktualno\/slovenski-rokometasi-z-levo-roko-preko-crne-gore-foto\/#breadcrumb\"},\"inLanguage\":\"sl-SI\",\"potentialAction\":[{\"@type\":\"ReadAction\",\"target\":[\"https:\/\/hudo.com\/si\/aktualno\/slovenski-rokometasi-z-levo-roko-preko-crne-gore-foto\/\"]}]},{\"@type\":\"BreadcrumbList\",\"@id\":\"https:\/\/hudo.com\/si\/aktualno\/slovenski-rokometasi-z-levo-roko-preko-crne-gore-foto\/#breadcrumb\",\"itemListElement\":[{\"@type\":\"ListItem\",\"position\":1,\"name\":\"Home\",\"item\":\"https:\/\/hudo.com\/si\/\"},{\"@type\":\"ListItem\",\"position\":2,\"name\":\"Slovenski rokometa\u0161i z levo roko preko \u010crne gore (FOTO)\"}]},{\"@type\":\"WebSite\",\"@id\":\"https:\/\/hudo.com\/si\/#website\",\"url\":\"https:\/\/hudo.com\/si\/\",\"name\":\"Hudo Slovenija\",\"description\":\"Vse novice iz Slovenije in sveta\",\"publisher\":{\"@id\":\"https:\/\/hudo.com\/si\/#organization\"},\"potentialAction\":[{\"@type\":\"SearchAction\",\"target\":{\"@type\":\"EntryPoint\",\"urlTemplate\":\"https:\/\/hudo.com\/si\/?s={search_term_string}\"},\"query-input\":\"required name=search_term_string\"}],\"inLanguage\":\"sl-SI\"},{\"@type\":\"Organization\",\"@id\":\"https:\/\/hudo.com\/si\/#organization\",\"name\":\"VSN Media\",\"url\":\"https:\/\/hudo.com\/si\/\",\"logo\":{\"@type\":\"ImageObject\",\"inLanguage\":\"sl-SI\",\"@id\":\"https:\/\/hudo.com\/si\/#\/schema\/logo\/image\/\",\"url\":\"https:\/\/hudo.com\/si\/wp-content\/uploads\/sites\/2\/2021\/03\/hudo-app-2.png\",\"contentUrl\":\"https:\/\/hudo.com\/si\/wp-content\/uploads\/sites\/2\/2021\/03\/hudo-app-2.png\",\"width\":2185,\"height\":2167,\"caption\":\"VSN Media\"},\"image\":{\"@id\":\"https:\/\/hudo.com\/si\/#\/schema\/logo\/image\/\"},\"sameAs\":[\"https:\/\/www.facebook.com\/hudo.si\",\"https:\/\/twitter.com\/hudo_si\"]},{\"@type\":\"Person\",\"@id\":\"https:\/\/hudo.com\/si\/#\/schema\/person\/601cf3379633985b20f7e50f2bb47707\",\"name\":\"hudo\",\"image\":{\"@type\":\"ImageObject\",\"inLanguage\":\"sl-SI\",\"@id\":\"https:\/\/hudo.com\/si\/#\/schema\/person\/image\/\",\"url\":\"https:\/\/secure.gravatar.com\/avatar\/c4ca25fa72cace7a696b52ff5db9e095?s=96&d=mm&r=g\",\"contentUrl\":\"https:\/\/secure.gravatar.com\/avatar\/c4ca25fa72cace7a696b52ff5db9e095?s=96&d=mm&r=g\",\"caption\":\"hudo\"},\"url\":\"https:\/\/hudo.com\/si\/author\/hudo\/\"}]}<\/script>\n<!-- \/ Yoast SEO plugin. -->","yoast_head_json":{"title":"Slovenski rokometa\u0161i z levo roko preko \u010crne gore (FOTO) - Hudo Slovenija","robots":{"index":"index","follow":"follow","max-snippet":"max-snippet:-1","max-image-preview":"max-image-preview:large","max-video-preview":"max-video-preview:-1"},"canonical":"https:\/\/hudo.com\/si\/aktualno\/slovenski-rokometasi-z-levo-roko-preko-crne-gore-foto\/","og_locale":"sl_SI","og_type":"article","og_title":"Slovenski rokometa\u0161i z levo roko preko \u010crne gore (FOTO) - Hudo Slovenija","og_description":"Kategorija: Rokomet Thu, 08 Jun 2017 21:59:00 +0200 \u0160kofja Loka - Slovenska izbrana vrsta pod vodstvom Veselina Vujovi\u0107a je danes v \u0160kofji Loki brez te\u017eav dobila prvo pripravljalno tekmo proti \u010crni gori z 38:24. Slovenija se pripravlja na odlo\u010dilni kvalifikacijski sre\u010danji za uvrstitev na EP s Portugalsko in \u0160vico, kjer potrebuje zmagi.\u00a0 Zdesetkana slovenska izbrana vrsta - na bli\u017enjih kvalifikacijskih tekmah s \u0160vico in Portugalsko bodo iz razli\u010dnih razlogov manjkali Vid Kavti\u010dnik, Darko Cingesar, Vid Poteko, Dean Bomba\u010d, Nik Henigman, Primo\u017e Pro\u0161t, Sta\u0161 Skube in Miha \u017dvi\u017eej, tako da je Vujovi\u0107 \"pod zastavo\" poklical nekatere reprezentan\u010dno povsem neizku\u0161ene rokometa\u0161e, kot so Sa\u0161a Bari\u0161i\u0107 Jaman, Nejc Cehte, Klemen Ferlin, Patrik Leban, Gregor Poto\u010dnik, Matic Verdinek in Igor \u017dabi\u010d, izku\u0161ena Jure Dolenec in Marko Bezjak pa se bosta zaradi klubskih obveznosti v Franciji in Nem\u010diji reprezentan\u010dnim soigralcem pridru\u017eila v soboto -\u00a0...","og_url":"https:\/\/hudo.com\/si\/aktualno\/slovenski-rokometasi-z-levo-roko-preko-crne-gore-foto\/","og_site_name":"Hudo Slovenija","article_publisher":"https:\/\/www.facebook.com\/hudo.si","article_published_time":"2017-06-08T17:59:00+00:00","og_image":[{"width":480,"height":290,"url":"https:\/\/hudo.com\/si\/wp-content\/uploads\/sites\/2\/2017\/06\/480x290_Delo_Foto-20170608194414-64704000.jpeg","type":"image\/jpeg"}],"author":"hudo","twitter_card":"summary_large_image","twitter_creator":"@hudo_si","twitter_site":"@hudo_si","twitter_misc":{"Written by":"hudo","Est. reading time":"1 minuta"},"schema":{"@context":"https:\/\/schema.org","@graph":[{"@type":"Article","@id":"https:\/\/hudo.com\/si\/aktualno\/slovenski-rokometasi-z-levo-roko-preko-crne-gore-foto\/#article","isPartOf":{"@id":"https:\/\/hudo.com\/si\/aktualno\/slovenski-rokometasi-z-levo-roko-preko-crne-gore-foto\/"},"author":{"name":"hudo","@id":"https:\/\/hudo.com\/si\/#\/schema\/person\/601cf3379633985b20f7e50f2bb47707"},"headline":"Slovenski rokometa\u0161i z levo roko preko \u010crne gore (FOTO)","datePublished":"2017-06-08T17:59:00+00:00","dateModified":"2017-06-08T17:59:00+00:00","mainEntityOfPage":{"@id":"https:\/\/hudo.com\/si\/aktualno\/slovenski-rokometasi-z-levo-roko-preko-crne-gore-foto\/"},"wordCount":163,"publisher":{"@id":"https:\/\/hudo.com\/si\/#organization"},"articleSection":["Aktualno"],"inLanguage":"sl-SI"},{"@type":"WebPage","@id":"https:\/\/hudo.com\/si\/aktualno\/slovenski-rokometasi-z-levo-roko-preko-crne-gore-foto\/","url":"https:\/\/hudo.com\/si\/aktualno\/slovenski-rokometasi-z-levo-roko-preko-crne-gore-foto\/","name":"Slovenski rokometa\u0161i z levo roko preko \u010crne gore (FOTO) - Hudo Slovenija","isPartOf":{"@id":"https:\/\/hudo.com\/si\/#website"},"datePublished":"2017-06-08T17:59:00+00:00","dateModified":"2017-06-08T17:59:00+00:00","breadcrumb":{"@id":"https:\/\/hudo.com\/si\/aktualno\/slovenski-rokometasi-z-levo-roko-preko-crne-gore-foto\/#breadcrumb"},"inLanguage":"sl-SI","potentialAction":[{"@type":"ReadAction","target":["https:\/\/hudo.com\/si\/aktualno\/slovenski-rokometasi-z-levo-roko-preko-crne-gore-foto\/"]}]},{"@type":"BreadcrumbList","@id":"https:\/\/hudo.com\/si\/aktualno\/slovenski-rokometasi-z-levo-roko-preko-crne-gore-foto\/#breadcrumb","itemListElement":[{"@type":"ListItem","position":1,"name":"Home","item":"https:\/\/hudo.com\/si\/"},{"@type":"ListItem","position":2,"name":"Slovenski rokometa\u0161i z levo roko preko \u010crne gore (FOTO)"}]},{"@type":"WebSite","@id":"https:\/\/hudo.com\/si\/#website","url":"https:\/\/hudo.com\/si\/","name":"Hudo Slovenija","description":"Vse novice iz Slovenije in sveta","publisher":{"@id":"https:\/\/hudo.com\/si\/#organization"},"potentialAction":[{"@type":"SearchAction","target":{"@type":"EntryPoint","urlTemplate":"https:\/\/hudo.com\/si\/?s={search_term_string}"},"query-input":"required name=search_term_string"}],"inLanguage":"sl-SI"},{"@type":"Organization","@id":"https:\/\/hudo.com\/si\/#organization","name":"VSN Media","url":"https:\/\/hudo.com\/si\/","logo":{"@type":"ImageObject","inLanguage":"sl-SI","@id":"https:\/\/hudo.com\/si\/#\/schema\/logo\/image\/","url":"https:\/\/hudo.com\/si\/wp-content\/uploads\/sites\/2\/2021\/03\/hudo-app-2.png","contentUrl":"https:\/\/hudo.com\/si\/wp-content\/uploads\/sites\/2\/2021\/03\/hudo-app-2.png","width":2185,"height":2167,"caption":"VSN Media"},"image":{"@id":"https:\/\/hudo.com\/si\/#\/schema\/logo\/image\/"},"sameAs":["https:\/\/www.facebook.com\/hudo.si","https:\/\/twitter.com\/hudo_si"]},{"@type":"Person","@id":"https:\/\/hudo.com\/si\/#\/schema\/person\/601cf3379633985b20f7e50f2bb47707","name":"hudo","image":{"@type":"ImageObject","inLanguage":"sl-SI","@id":"https:\/\/hudo.com\/si\/#\/schema\/person\/image\/","url":"https:\/\/secure.gravatar.com\/avatar\/c4ca25fa72cace7a696b52ff5db9e095?s=96&d=mm&r=g","contentUrl":"https:\/\/secure.gravatar.com\/avatar\/c4ca25fa72cace7a696b52ff5db9e095?s=96&d=mm&r=g","caption":"hudo"},"url":"https:\/\/hudo.com\/si\/author\/hudo\/"}]}},"amp_enabled":true,"_links":{"self":[{"href":"https:\/\/hudo.com\/si\/wp-json\/wp\/v2\/posts\/264582"}],"collection":[{"href":"https:\/\/hudo.com\/si\/wp-json\/wp\/v2\/posts"}],"about":[{"href":"https:\/\/hudo.com\/si\/wp-json\/wp\/v2\/types\/post"}],"author":[{"embeddable":true,"href":"https:\/\/hudo.com\/si\/wp-json\/wp\/v2\/users\/1"}],"replies":[{"embeddable":true,"href":"https:\/\/hudo.com\/si\/wp-json\/wp\/v2\/comments?post=264582"}],"version-history":[{"count":0,"href":"https:\/\/hudo.com\/si\/wp-json\/wp\/v2\/posts\/264582\/revisions"}],"wp:attachment":[{"href":"https:\/\/hudo.com\/si\/wp-json\/wp\/v2\/media?parent=264582"}],"wp:term":[{"taxonomy":"category","embeddable":true,"href":"https:\/\/hudo.com\/si\/wp-json\/wp\/v2\/categories?post=264582"},{"taxonomy":"post_tag","embeddable":true,"href":"https:\/\/hudo.com\/si\/wp-json\/wp\/v2\/tags?post=264582"},{"taxonomy":"source","embeddable":true,"href":"https:\/\/hudo.com\/si\/wp-json\/wp\/v2\/source?post=264582"},{"taxonomy":"supertag","embeddable":true,"href":"https:\/\/hudo.com\/si\/wp-json\/wp\/v2\/supertag?post=264582"}],"curies":[{"name":"wp","href":"https:\/\/api.w.org\/{rel}","templated":true}]}}