{"id":264592,"date":"2017-06-08T19:03:00","date_gmt":"2017-06-08T17:03:00","guid":{"rendered":"http:\/\/hudo.com\/si\/2017\/06\/08\/gregor-planteu-ni-vec-direktor-celja\/"},"modified":"2017-06-08T19:03:00","modified_gmt":"2017-06-08T17:03:00","slug":"gregor-planteu-ni-vec-direktor-celja","status":"publish","type":"post","link":"https:\/\/hudo.com\/si\/aktualno\/gregor-planteu-ni-vec-direktor-celja\/","title":{"rendered":"Gregor Planteu ni ve\u010d direktor Celja"},"content":{"rendered":"<p>Kategorija: Rokomet Thu, 08 Jun 2017 21:03:00 +0200  Celje &#8211; V taboru dr\u017eavnih prvakov je pri\u0161lo do nepri\u010dakovane spremembe na vrhu. Vlada je Gregorja Planteua imenovala za izrednega \u010dlana uprave Mercatorja, zato se je upravni odbor kluba odlo\u010dil, da razmere Planteu ne bi dopu\u0161\u010dale korektnega opravljanja direktorske vloge. Zamenjala ga bo Sa\u0161a Le\u0161ek, Planteu pa ostaja \u010dlan upravnega odbora. Le\u0161kova v klubu deluje od leta 1994 dalje, ukvarjala pa se je s podro\u010djem financ in ra\u010dunovodstva, zato je izbira nekoliko presenetljiva. \u00bbV prvi vrsti se \u017eelim zahvaliti predsedniku kluba in celotnemu upravnemu odboru za podporo in prilo\u017enost. Klub in njegovo delovanje poznam zelo dobro, saj sem del njega \u017ee vrsto let. Ta izziv bo nekaj novega in se ga veselim, se pa kaj veliko v na\u010dinu na\u0161ega delovanja ne bo spreminjalo. Dosedanji direktor z ekipo je dobro zastavil\u00a0&#8230;<\/p>\n","protected":false},"excerpt":{"rendered":"<p>Kategorija: Rokomet Thu, 08 Jun 2017 21:03:00 +0200  Celje &#8211; V taboru dr\u017eavnih prvakov je pri\u0161lo do nepri\u010dakovane spremembe na vrhu. Vlada je Gregorja Planteua imenovala za izrednega \u010dlana uprave Mercatorja, zato se je upravni odbor kluba odlo\u010dil, da razmere Planteu ne bi dopu\u0161\u010dale korektnega opravljanja direktorske vloge. Zamenjala ga bo Sa\u0161a Le\u0161ek, Planteu pa ostaja \u010dlan upravnega odbora. Le\u0161kova v klubu deluje od leta 1994 dalje, ukvarjala pa se je s podro\u010djem financ in ra\u010dunovodstva, zato je izbira nekoliko presenetljiva. \u00bbV prvi vrsti se \u017eelim zahvaliti predsedniku kluba in celotnemu upravnemu odboru za podporo in prilo\u017enost. Klub in njegovo delovanje poznam zelo dobro, saj sem del njega \u017ee vrsto let. Ta izziv bo nekaj novega in se ga veselim, se pa kaj veliko v na\u010dinu na\u0161ega delovanja ne bo spreminjalo. Dosedanji direktor z ekipo je dobro zastavil\u00a0&#8230;<\/p>\n","protected":false},"author":1,"featured_media":0,"comment_status":"closed","ping_status":"closed","sticky":false,"template":"","format":"standard","meta":{"footnotes":""},"categories":[1179],"tags":[],"source":[1703],"supertag":[],"acf":[],"yoast_head":"<!-- This site is optimized with the Yoast SEO plugin v21.3 - https:\/\/yoast.com\/wordpress\/plugins\/seo\/ -->\n<title>Gregor Planteu ni ve\u010d direktor Celja - Hudo Slovenija<\/title>\n<meta name=\"robots\" content=\"index, follow, max-snippet:-1, max-image-preview:large, max-video-preview:-1\" \/>\n<link rel=\"canonical\" href=\"https:\/\/hudo.com\/si\/aktualno\/gregor-planteu-ni-vec-direktor-celja\/\" \/>\n<meta property=\"og:locale\" content=\"sl_SI\" \/>\n<meta property=\"og:type\" content=\"article\" \/>\n<meta property=\"og:title\" content=\"Gregor Planteu ni ve\u010d direktor Celja - Hudo Slovenija\" \/>\n<meta property=\"og:description\" content=\"Kategorija: Rokomet Thu, 08 Jun 2017 21:03:00 +0200 Celje - V taboru dr\u017eavnih prvakov je pri\u0161lo do nepri\u010dakovane spremembe na vrhu. Vlada je Gregorja Planteua imenovala za izrednega \u010dlana uprave Mercatorja, zato se je upravni odbor kluba odlo\u010dil, da razmere Planteu ne bi dopu\u0161\u010dale korektnega opravljanja direktorske vloge. Zamenjala ga bo Sa\u0161a Le\u0161ek, Planteu pa ostaja \u010dlan upravnega odbora. Le\u0161kova v klubu deluje od leta 1994 dalje, ukvarjala pa se je s podro\u010djem financ in ra\u010dunovodstva, zato je izbira nekoliko presenetljiva. \u00bbV prvi vrsti se \u017eelim zahvaliti predsedniku kluba in celotnemu upravnemu odboru za podporo in prilo\u017enost. Klub in njegovo delovanje poznam zelo dobro, saj sem del njega \u017ee vrsto let. Ta izziv bo nekaj novega in se ga veselim, se pa kaj veliko v na\u010dinu na\u0161ega delovanja ne bo spreminjalo. Dosedanji direktor z ekipo je dobro zastavil\u00a0...\" \/>\n<meta property=\"og:url\" content=\"https:\/\/hudo.com\/si\/aktualno\/gregor-planteu-ni-vec-direktor-celja\/\" \/>\n<meta property=\"og:site_name\" content=\"Hudo Slovenija\" \/>\n<meta property=\"article:publisher\" content=\"https:\/\/www.facebook.com\/hudo.si\" \/>\n<meta property=\"article:published_time\" content=\"2017-06-08T17:03:00+00:00\" \/>\n<meta property=\"og:image\" content=\"https:\/\/hudo.com\/si\/wp-content\/uploads\/sites\/2\/2017\/06\/480x290_Delo_Foto-20170608211002-91436200.jpeg\" \/>\n\t<meta property=\"og:image:width\" content=\"480\" \/>\n\t<meta property=\"og:image:height\" content=\"290\" \/>\n\t<meta property=\"og:image:type\" content=\"image\/jpeg\" \/>\n<meta name=\"author\" content=\"hudo\" \/>\n<meta name=\"twitter:card\" content=\"summary_large_image\" \/>\n<meta name=\"twitter:creator\" content=\"@hudo_si\" \/>\n<meta name=\"twitter:site\" content=\"@hudo_si\" \/>\n<meta name=\"twitter:label1\" content=\"Written by\" \/>\n\t<meta name=\"twitter:data1\" content=\"hudo\" \/>\n\t<meta name=\"twitter:label2\" content=\"Est. reading time\" \/>\n\t<meta name=\"twitter:data2\" content=\"1 minuta\" \/>\n<script type=\"application\/ld+json\" class=\"yoast-schema-graph\">{\"@context\":\"https:\/\/schema.org\",\"@graph\":[{\"@type\":\"Article\",\"@id\":\"https:\/\/hudo.com\/si\/aktualno\/gregor-planteu-ni-vec-direktor-celja\/#article\",\"isPartOf\":{\"@id\":\"https:\/\/hudo.com\/si\/aktualno\/gregor-planteu-ni-vec-direktor-celja\/\"},\"author\":{\"name\":\"hudo\",\"@id\":\"https:\/\/hudo.com\/si\/#\/schema\/person\/601cf3379633985b20f7e50f2bb47707\"},\"headline\":\"Gregor Planteu ni ve\u010d direktor Celja\",\"datePublished\":\"2017-06-08T17:03:00+00:00\",\"dateModified\":\"2017-06-08T17:03:00+00:00\",\"mainEntityOfPage\":{\"@id\":\"https:\/\/hudo.com\/si\/aktualno\/gregor-planteu-ni-vec-direktor-celja\/\"},\"wordCount\":152,\"publisher\":{\"@id\":\"https:\/\/hudo.com\/si\/#organization\"},\"articleSection\":[\"Aktualno\"],\"inLanguage\":\"sl-SI\"},{\"@type\":\"WebPage\",\"@id\":\"https:\/\/hudo.com\/si\/aktualno\/gregor-planteu-ni-vec-direktor-celja\/\",\"url\":\"https:\/\/hudo.com\/si\/aktualno\/gregor-planteu-ni-vec-direktor-celja\/\",\"name\":\"Gregor Planteu ni ve\u010d direktor Celja - Hudo Slovenija\",\"isPartOf\":{\"@id\":\"https:\/\/hudo.com\/si\/#website\"},\"datePublished\":\"2017-06-08T17:03:00+00:00\",\"dateModified\":\"2017-06-08T17:03:00+00:00\",\"breadcrumb\":{\"@id\":\"https:\/\/hudo.com\/si\/aktualno\/gregor-planteu-ni-vec-direktor-celja\/#breadcrumb\"},\"inLanguage\":\"sl-SI\",\"potentialAction\":[{\"@type\":\"ReadAction\",\"target\":[\"https:\/\/hudo.com\/si\/aktualno\/gregor-planteu-ni-vec-direktor-celja\/\"]}]},{\"@type\":\"BreadcrumbList\",\"@id\":\"https:\/\/hudo.com\/si\/aktualno\/gregor-planteu-ni-vec-direktor-celja\/#breadcrumb\",\"itemListElement\":[{\"@type\":\"ListItem\",\"position\":1,\"name\":\"Home\",\"item\":\"https:\/\/hudo.com\/si\/\"},{\"@type\":\"ListItem\",\"position\":2,\"name\":\"Gregor Planteu ni ve\u010d direktor Celja\"}]},{\"@type\":\"WebSite\",\"@id\":\"https:\/\/hudo.com\/si\/#website\",\"url\":\"https:\/\/hudo.com\/si\/\",\"name\":\"Hudo Slovenija\",\"description\":\"Vse novice iz Slovenije in sveta\",\"publisher\":{\"@id\":\"https:\/\/hudo.com\/si\/#organization\"},\"potentialAction\":[{\"@type\":\"SearchAction\",\"target\":{\"@type\":\"EntryPoint\",\"urlTemplate\":\"https:\/\/hudo.com\/si\/?s={search_term_string}\"},\"query-input\":\"required name=search_term_string\"}],\"inLanguage\":\"sl-SI\"},{\"@type\":\"Organization\",\"@id\":\"https:\/\/hudo.com\/si\/#organization\",\"name\":\"VSN Media\",\"url\":\"https:\/\/hudo.com\/si\/\",\"logo\":{\"@type\":\"ImageObject\",\"inLanguage\":\"sl-SI\",\"@id\":\"https:\/\/hudo.com\/si\/#\/schema\/logo\/image\/\",\"url\":\"https:\/\/hudo.com\/si\/wp-content\/uploads\/sites\/2\/2021\/03\/hudo-app-2.png\",\"contentUrl\":\"https:\/\/hudo.com\/si\/wp-content\/uploads\/sites\/2\/2021\/03\/hudo-app-2.png\",\"width\":2185,\"height\":2167,\"caption\":\"VSN Media\"},\"image\":{\"@id\":\"https:\/\/hudo.com\/si\/#\/schema\/logo\/image\/\"},\"sameAs\":[\"https:\/\/www.facebook.com\/hudo.si\",\"https:\/\/twitter.com\/hudo_si\"]},{\"@type\":\"Person\",\"@id\":\"https:\/\/hudo.com\/si\/#\/schema\/person\/601cf3379633985b20f7e50f2bb47707\",\"name\":\"hudo\",\"image\":{\"@type\":\"ImageObject\",\"inLanguage\":\"sl-SI\",\"@id\":\"https:\/\/hudo.com\/si\/#\/schema\/person\/image\/\",\"url\":\"https:\/\/secure.gravatar.com\/avatar\/c4ca25fa72cace7a696b52ff5db9e095?s=96&d=mm&r=g\",\"contentUrl\":\"https:\/\/secure.gravatar.com\/avatar\/c4ca25fa72cace7a696b52ff5db9e095?s=96&d=mm&r=g\",\"caption\":\"hudo\"},\"url\":\"https:\/\/hudo.com\/si\/author\/hudo\/\"}]}<\/script>\n<!-- \/ Yoast SEO plugin. -->","yoast_head_json":{"title":"Gregor Planteu ni ve\u010d direktor Celja - Hudo Slovenija","robots":{"index":"index","follow":"follow","max-snippet":"max-snippet:-1","max-image-preview":"max-image-preview:large","max-video-preview":"max-video-preview:-1"},"canonical":"https:\/\/hudo.com\/si\/aktualno\/gregor-planteu-ni-vec-direktor-celja\/","og_locale":"sl_SI","og_type":"article","og_title":"Gregor Planteu ni ve\u010d direktor Celja - Hudo Slovenija","og_description":"Kategorija: Rokomet Thu, 08 Jun 2017 21:03:00 +0200 Celje - V taboru dr\u017eavnih prvakov je pri\u0161lo do nepri\u010dakovane spremembe na vrhu. Vlada je Gregorja Planteua imenovala za izrednega \u010dlana uprave Mercatorja, zato se je upravni odbor kluba odlo\u010dil, da razmere Planteu ne bi dopu\u0161\u010dale korektnega opravljanja direktorske vloge. Zamenjala ga bo Sa\u0161a Le\u0161ek, Planteu pa ostaja \u010dlan upravnega odbora. Le\u0161kova v klubu deluje od leta 1994 dalje, ukvarjala pa se je s podro\u010djem financ in ra\u010dunovodstva, zato je izbira nekoliko presenetljiva. \u00bbV prvi vrsti se \u017eelim zahvaliti predsedniku kluba in celotnemu upravnemu odboru za podporo in prilo\u017enost. Klub in njegovo delovanje poznam zelo dobro, saj sem del njega \u017ee vrsto let. Ta izziv bo nekaj novega in se ga veselim, se pa kaj veliko v na\u010dinu na\u0161ega delovanja ne bo spreminjalo. Dosedanji direktor z ekipo je dobro zastavil\u00a0...","og_url":"https:\/\/hudo.com\/si\/aktualno\/gregor-planteu-ni-vec-direktor-celja\/","og_site_name":"Hudo Slovenija","article_publisher":"https:\/\/www.facebook.com\/hudo.si","article_published_time":"2017-06-08T17:03:00+00:00","og_image":[{"width":480,"height":290,"url":"https:\/\/hudo.com\/si\/wp-content\/uploads\/sites\/2\/2017\/06\/480x290_Delo_Foto-20170608211002-91436200.jpeg","type":"image\/jpeg"}],"author":"hudo","twitter_card":"summary_large_image","twitter_creator":"@hudo_si","twitter_site":"@hudo_si","twitter_misc":{"Written by":"hudo","Est. reading time":"1 minuta"},"schema":{"@context":"https:\/\/schema.org","@graph":[{"@type":"Article","@id":"https:\/\/hudo.com\/si\/aktualno\/gregor-planteu-ni-vec-direktor-celja\/#article","isPartOf":{"@id":"https:\/\/hudo.com\/si\/aktualno\/gregor-planteu-ni-vec-direktor-celja\/"},"author":{"name":"hudo","@id":"https:\/\/hudo.com\/si\/#\/schema\/person\/601cf3379633985b20f7e50f2bb47707"},"headline":"Gregor Planteu ni ve\u010d direktor Celja","datePublished":"2017-06-08T17:03:00+00:00","dateModified":"2017-06-08T17:03:00+00:00","mainEntityOfPage":{"@id":"https:\/\/hudo.com\/si\/aktualno\/gregor-planteu-ni-vec-direktor-celja\/"},"wordCount":152,"publisher":{"@id":"https:\/\/hudo.com\/si\/#organization"},"articleSection":["Aktualno"],"inLanguage":"sl-SI"},{"@type":"WebPage","@id":"https:\/\/hudo.com\/si\/aktualno\/gregor-planteu-ni-vec-direktor-celja\/","url":"https:\/\/hudo.com\/si\/aktualno\/gregor-planteu-ni-vec-direktor-celja\/","name":"Gregor Planteu ni ve\u010d direktor Celja - Hudo Slovenija","isPartOf":{"@id":"https:\/\/hudo.com\/si\/#website"},"datePublished":"2017-06-08T17:03:00+00:00","dateModified":"2017-06-08T17:03:00+00:00","breadcrumb":{"@id":"https:\/\/hudo.com\/si\/aktualno\/gregor-planteu-ni-vec-direktor-celja\/#breadcrumb"},"inLanguage":"sl-SI","potentialAction":[{"@type":"ReadAction","target":["https:\/\/hudo.com\/si\/aktualno\/gregor-planteu-ni-vec-direktor-celja\/"]}]},{"@type":"BreadcrumbList","@id":"https:\/\/hudo.com\/si\/aktualno\/gregor-planteu-ni-vec-direktor-celja\/#breadcrumb","itemListElement":[{"@type":"ListItem","position":1,"name":"Home","item":"https:\/\/hudo.com\/si\/"},{"@type":"ListItem","position":2,"name":"Gregor Planteu ni ve\u010d direktor Celja"}]},{"@type":"WebSite","@id":"https:\/\/hudo.com\/si\/#website","url":"https:\/\/hudo.com\/si\/","name":"Hudo Slovenija","description":"Vse novice iz Slovenije in sveta","publisher":{"@id":"https:\/\/hudo.com\/si\/#organization"},"potentialAction":[{"@type":"SearchAction","target":{"@type":"EntryPoint","urlTemplate":"https:\/\/hudo.com\/si\/?s={search_term_string}"},"query-input":"required name=search_term_string"}],"inLanguage":"sl-SI"},{"@type":"Organization","@id":"https:\/\/hudo.com\/si\/#organization","name":"VSN Media","url":"https:\/\/hudo.com\/si\/","logo":{"@type":"ImageObject","inLanguage":"sl-SI","@id":"https:\/\/hudo.com\/si\/#\/schema\/logo\/image\/","url":"https:\/\/hudo.com\/si\/wp-content\/uploads\/sites\/2\/2021\/03\/hudo-app-2.png","contentUrl":"https:\/\/hudo.com\/si\/wp-content\/uploads\/sites\/2\/2021\/03\/hudo-app-2.png","width":2185,"height":2167,"caption":"VSN Media"},"image":{"@id":"https:\/\/hudo.com\/si\/#\/schema\/logo\/image\/"},"sameAs":["https:\/\/www.facebook.com\/hudo.si","https:\/\/twitter.com\/hudo_si"]},{"@type":"Person","@id":"https:\/\/hudo.com\/si\/#\/schema\/person\/601cf3379633985b20f7e50f2bb47707","name":"hudo","image":{"@type":"ImageObject","inLanguage":"sl-SI","@id":"https:\/\/hudo.com\/si\/#\/schema\/person\/image\/","url":"https:\/\/secure.gravatar.com\/avatar\/c4ca25fa72cace7a696b52ff5db9e095?s=96&d=mm&r=g","contentUrl":"https:\/\/secure.gravatar.com\/avatar\/c4ca25fa72cace7a696b52ff5db9e095?s=96&d=mm&r=g","caption":"hudo"},"url":"https:\/\/hudo.com\/si\/author\/hudo\/"}]}},"amp_enabled":true,"_links":{"self":[{"href":"https:\/\/hudo.com\/si\/wp-json\/wp\/v2\/posts\/264592"}],"collection":[{"href":"https:\/\/hudo.com\/si\/wp-json\/wp\/v2\/posts"}],"about":[{"href":"https:\/\/hudo.com\/si\/wp-json\/wp\/v2\/types\/post"}],"author":[{"embeddable":true,"href":"https:\/\/hudo.com\/si\/wp-json\/wp\/v2\/users\/1"}],"replies":[{"embeddable":true,"href":"https:\/\/hudo.com\/si\/wp-json\/wp\/v2\/comments?post=264592"}],"version-history":[{"count":0,"href":"https:\/\/hudo.com\/si\/wp-json\/wp\/v2\/posts\/264592\/revisions"}],"wp:attachment":[{"href":"https:\/\/hudo.com\/si\/wp-json\/wp\/v2\/media?parent=264592"}],"wp:term":[{"taxonomy":"category","embeddable":true,"href":"https:\/\/hudo.com\/si\/wp-json\/wp\/v2\/categories?post=264592"},{"taxonomy":"post_tag","embeddable":true,"href":"https:\/\/hudo.com\/si\/wp-json\/wp\/v2\/tags?post=264592"},{"taxonomy":"source","embeddable":true,"href":"https:\/\/hudo.com\/si\/wp-json\/wp\/v2\/source?post=264592"},{"taxonomy":"supertag","embeddable":true,"href":"https:\/\/hudo.com\/si\/wp-json\/wp\/v2\/supertag?post=264592"}],"curies":[{"name":"wp","href":"https:\/\/api.w.org\/{rel}","templated":true}]}}