{"id":26461,"date":"2016-04-11T08:30:00","date_gmt":"2016-04-11T06:30:00","guid":{"rendered":"http:\/\/hudo.com\/si\/2016\/04\/11\/s-postavitvijo-prvega-zerjava-zacetek-gradnje-beograda-na-vodi\/"},"modified":"2016-04-12T06:06:39","modified_gmt":"2016-04-12T04:06:39","slug":"s-postavitvijo-prvega-zerjava-zacetek-gradnje-beograda-na-vodi","status":"publish","type":"post","link":"https:\/\/hudo.com\/si\/aktualno\/s-postavitvijo-prvega-zerjava-zacetek-gradnje-beograda-na-vodi\/","title":{"rendered":"S postavitvijo prvega \u017eerjava za\u010detek gradnje Beograda na vodi"},"content":{"rendered":"<p>S postavitvijo prvega od \u0161tirih na\u010drtovanih \u017eerjavov je v srbski prestolnici stekla gradnja konstrukcije 3,5 milijarde evrov vrednega projekta Beograd na vodi. Doslej so zabetonirali dele temeljne plo\u0161\u010de za dva stolpa, s postavitvijo \u017eerjava pa se je uradno za\u010dela gradnja prvega stanovanjskega objekta. Po na\u010drtih bo prostor ob Savi v prihodnjih treh desetletjih bogatej\u0161i za stanovanjske in poslovne povr\u0161ine, javne institucije in zelene povr\u0161ine, na obmo\u010dju bo po ocenah delalo 13.000 ljudi in jih \u017eivelo ve\u010d kot 17.000. Predvideno je, da se na 177 hektarjih ob reki Savi zgradi ve\u010d kot milijon kvadratnih metrov stanovanjskih povr\u0161in, 750.000 kvadratnih metrov poslovnih prostorov, ve\u010d kot 62.000 kvadratnih metrov javnih povr\u0161in in pribli\u017eno 242.000 kvadratnih metrov novih zelenih povr\u0161in. Pri projektu Beograd na vodi gre za skupno vlaganje mesta Beograd, dr\u017eave in podjetja Eagle Hills iz Zdru\u017eenih arabskih emiratov. V skladu z dogovorom o sodelovanju bo imela dr\u017eava v projektu 32-odstotni dele\u017e, partner iz Zdru\u017eenih arabskih emiratov pa 68-odstotni.Svet<\/p>\n","protected":false},"excerpt":{"rendered":"<p>S postavitvijo prvega od \u0161tirih na\u010drtovanih \u017eerjavov je v srbski prestolnici stekla gradnja konstrukcije 3,5 milijarde evrov vrednega projekta Beograd na vodi. Doslej so zabetonirali dele temeljne plo\u0161\u010de za dva stolpa, s postavitvijo \u017eerjava pa se je uradno za\u010dela gradnja prvega stanovanjskega objekta. Po na\u010drtih bo prostor ob Savi v prihodnjih treh desetletjih bogatej\u0161i za stanovanjske in poslovne povr\u0161ine, javne institucije in zelene povr\u0161ine, na obmo\u010dju bo po ocenah delalo 13.000 ljudi in jih \u017eivelo ve\u010d kot 17.000. Predvideno je, da se na 177 hektarjih ob reki Savi zgradi ve\u010d kot milijon kvadratnih metrov stanovanjskih povr\u0161in, 750.000 kvadratnih metrov poslovnih prostorov, ve\u010d kot 62.000 kvadratnih metrov javnih povr\u0161in in pribli\u017eno 242.000 kvadratnih metrov novih zelenih povr\u0161in. Pri projektu Beograd na vodi gre za skupno vlaganje mesta Beograd, dr\u017eave in podjetja Eagle Hills iz Zdru\u017eenih arabskih emiratov. V skladu z dogovorom o sodelovanju bo imela dr\u017eava v projektu 32-odstotni dele\u017e, partner iz Zdru\u017eenih arabskih emiratov pa 68-odstotni.Svet<\/p>\n","protected":false},"author":1,"featured_media":0,"comment_status":"closed","ping_status":"closed","sticky":false,"template":"","format":"standard","meta":{"footnotes":""},"categories":[1179],"tags":[],"source":[1711],"supertag":[],"acf":[],"yoast_head":"<!-- This site is optimized with the Yoast SEO plugin v21.3 - https:\/\/yoast.com\/wordpress\/plugins\/seo\/ -->\n<title>S postavitvijo prvega \u017eerjava za\u010detek gradnje Beograda na vodi - Hudo Slovenija<\/title>\n<meta name=\"robots\" content=\"index, follow, max-snippet:-1, max-image-preview:large, max-video-preview:-1\" \/>\n<link rel=\"canonical\" href=\"https:\/\/hudo.com\/si\/aktualno\/s-postavitvijo-prvega-zerjava-zacetek-gradnje-beograda-na-vodi\/\" \/>\n<meta property=\"og:locale\" content=\"sl_SI\" \/>\n<meta property=\"og:type\" content=\"article\" \/>\n<meta property=\"og:title\" content=\"S postavitvijo prvega \u017eerjava za\u010detek gradnje Beograda na vodi - Hudo Slovenija\" \/>\n<meta property=\"og:description\" content=\"S postavitvijo prvega od \u0161tirih na\u010drtovanih \u017eerjavov je v srbski prestolnici stekla gradnja konstrukcije 3,5 milijarde evrov vrednega projekta Beograd na vodi. Doslej so zabetonirali dele temeljne plo\u0161\u010de za dva stolpa, s postavitvijo \u017eerjava pa se je uradno za\u010dela gradnja prvega stanovanjskega objekta. Po na\u010drtih bo prostor ob Savi v prihodnjih treh desetletjih bogatej\u0161i za stanovanjske in poslovne povr\u0161ine, javne institucije in zelene povr\u0161ine, na obmo\u010dju bo po ocenah delalo 13.000 ljudi in jih \u017eivelo ve\u010d kot 17.000. Predvideno je, da se na 177 hektarjih ob reki Savi zgradi ve\u010d kot milijon kvadratnih metrov stanovanjskih povr\u0161in, 750.000 kvadratnih metrov poslovnih prostorov, ve\u010d kot 62.000 kvadratnih metrov javnih povr\u0161in in pribli\u017eno 242.000 kvadratnih metrov novih zelenih povr\u0161in. Pri projektu Beograd na vodi gre za skupno vlaganje mesta Beograd, dr\u017eave in podjetja Eagle Hills iz Zdru\u017eenih arabskih emiratov. V skladu z dogovorom o sodelovanju bo imela dr\u017eava v projektu 32-odstotni dele\u017e, partner iz Zdru\u017eenih arabskih emiratov pa 68-odstotni.Svet\" \/>\n<meta property=\"og:url\" content=\"https:\/\/hudo.com\/si\/aktualno\/s-postavitvijo-prvega-zerjava-zacetek-gradnje-beograda-na-vodi\/\" \/>\n<meta property=\"og:site_name\" content=\"Hudo Slovenija\" \/>\n<meta property=\"article:publisher\" content=\"https:\/\/www.facebook.com\/hudo.si\" \/>\n<meta property=\"article:published_time\" content=\"2016-04-11T06:30:00+00:00\" \/>\n<meta property=\"article:modified_time\" content=\"2016-04-12T04:06:39+00:00\" \/>\n<meta property=\"og:image\" content=\"https:\/\/hudo.com\/si\/wp-content\/uploads\/sites\/2\/2016\/04\/01418676F-300.jpg\" \/>\n\t<meta property=\"og:image:width\" content=\"450\" \/>\n\t<meta property=\"og:image:height\" content=\"299\" \/>\n\t<meta property=\"og:image:type\" content=\"image\/jpeg\" \/>\n<meta name=\"author\" content=\"hudo\" \/>\n<meta name=\"twitter:card\" content=\"summary_large_image\" \/>\n<meta name=\"twitter:creator\" content=\"@hudo_si\" \/>\n<meta name=\"twitter:site\" content=\"@hudo_si\" \/>\n<meta name=\"twitter:label1\" content=\"Written by\" \/>\n\t<meta name=\"twitter:data1\" content=\"hudo\" \/>\n\t<meta name=\"twitter:label2\" content=\"Est. reading time\" \/>\n\t<meta name=\"twitter:data2\" content=\"1 minuta\" \/>\n<script type=\"application\/ld+json\" class=\"yoast-schema-graph\">{\"@context\":\"https:\/\/schema.org\",\"@graph\":[{\"@type\":\"Article\",\"@id\":\"https:\/\/hudo.com\/si\/aktualno\/s-postavitvijo-prvega-zerjava-zacetek-gradnje-beograda-na-vodi\/#article\",\"isPartOf\":{\"@id\":\"https:\/\/hudo.com\/si\/aktualno\/s-postavitvijo-prvega-zerjava-zacetek-gradnje-beograda-na-vodi\/\"},\"author\":{\"name\":\"hudo\",\"@id\":\"https:\/\/hudo.com\/si\/#\/schema\/person\/601cf3379633985b20f7e50f2bb47707\"},\"headline\":\"S postavitvijo prvega \u017eerjava za\u010detek gradnje Beograda na vodi\",\"datePublished\":\"2016-04-11T06:30:00+00:00\",\"dateModified\":\"2016-04-12T04:06:39+00:00\",\"mainEntityOfPage\":{\"@id\":\"https:\/\/hudo.com\/si\/aktualno\/s-postavitvijo-prvega-zerjava-zacetek-gradnje-beograda-na-vodi\/\"},\"wordCount\":176,\"publisher\":{\"@id\":\"https:\/\/hudo.com\/si\/#organization\"},\"articleSection\":[\"Aktualno\"],\"inLanguage\":\"sl-SI\"},{\"@type\":\"WebPage\",\"@id\":\"https:\/\/hudo.com\/si\/aktualno\/s-postavitvijo-prvega-zerjava-zacetek-gradnje-beograda-na-vodi\/\",\"url\":\"https:\/\/hudo.com\/si\/aktualno\/s-postavitvijo-prvega-zerjava-zacetek-gradnje-beograda-na-vodi\/\",\"name\":\"S postavitvijo prvega \u017eerjava za\u010detek gradnje Beograda na vodi - Hudo Slovenija\",\"isPartOf\":{\"@id\":\"https:\/\/hudo.com\/si\/#website\"},\"datePublished\":\"2016-04-11T06:30:00+00:00\",\"dateModified\":\"2016-04-12T04:06:39+00:00\",\"breadcrumb\":{\"@id\":\"https:\/\/hudo.com\/si\/aktualno\/s-postavitvijo-prvega-zerjava-zacetek-gradnje-beograda-na-vodi\/#breadcrumb\"},\"inLanguage\":\"sl-SI\",\"potentialAction\":[{\"@type\":\"ReadAction\",\"target\":[\"https:\/\/hudo.com\/si\/aktualno\/s-postavitvijo-prvega-zerjava-zacetek-gradnje-beograda-na-vodi\/\"]}]},{\"@type\":\"BreadcrumbList\",\"@id\":\"https:\/\/hudo.com\/si\/aktualno\/s-postavitvijo-prvega-zerjava-zacetek-gradnje-beograda-na-vodi\/#breadcrumb\",\"itemListElement\":[{\"@type\":\"ListItem\",\"position\":1,\"name\":\"Home\",\"item\":\"https:\/\/hudo.com\/si\/\"},{\"@type\":\"ListItem\",\"position\":2,\"name\":\"S postavitvijo prvega \u017eerjava za\u010detek gradnje Beograda na vodi\"}]},{\"@type\":\"WebSite\",\"@id\":\"https:\/\/hudo.com\/si\/#website\",\"url\":\"https:\/\/hudo.com\/si\/\",\"name\":\"Hudo Slovenija\",\"description\":\"Vse novice iz Slovenije in sveta\",\"publisher\":{\"@id\":\"https:\/\/hudo.com\/si\/#organization\"},\"potentialAction\":[{\"@type\":\"SearchAction\",\"target\":{\"@type\":\"EntryPoint\",\"urlTemplate\":\"https:\/\/hudo.com\/si\/?s={search_term_string}\"},\"query-input\":\"required name=search_term_string\"}],\"inLanguage\":\"sl-SI\"},{\"@type\":\"Organization\",\"@id\":\"https:\/\/hudo.com\/si\/#organization\",\"name\":\"VSN Media\",\"url\":\"https:\/\/hudo.com\/si\/\",\"logo\":{\"@type\":\"ImageObject\",\"inLanguage\":\"sl-SI\",\"@id\":\"https:\/\/hudo.com\/si\/#\/schema\/logo\/image\/\",\"url\":\"https:\/\/hudo.com\/si\/wp-content\/uploads\/sites\/2\/2021\/03\/hudo-app-2.png\",\"contentUrl\":\"https:\/\/hudo.com\/si\/wp-content\/uploads\/sites\/2\/2021\/03\/hudo-app-2.png\",\"width\":2185,\"height\":2167,\"caption\":\"VSN Media\"},\"image\":{\"@id\":\"https:\/\/hudo.com\/si\/#\/schema\/logo\/image\/\"},\"sameAs\":[\"https:\/\/www.facebook.com\/hudo.si\",\"https:\/\/twitter.com\/hudo_si\"]},{\"@type\":\"Person\",\"@id\":\"https:\/\/hudo.com\/si\/#\/schema\/person\/601cf3379633985b20f7e50f2bb47707\",\"name\":\"hudo\",\"image\":{\"@type\":\"ImageObject\",\"inLanguage\":\"sl-SI\",\"@id\":\"https:\/\/hudo.com\/si\/#\/schema\/person\/image\/\",\"url\":\"https:\/\/secure.gravatar.com\/avatar\/c4ca25fa72cace7a696b52ff5db9e095?s=96&d=mm&r=g\",\"contentUrl\":\"https:\/\/secure.gravatar.com\/avatar\/c4ca25fa72cace7a696b52ff5db9e095?s=96&d=mm&r=g\",\"caption\":\"hudo\"},\"url\":\"https:\/\/hudo.com\/si\/author\/hudo\/\"}]}<\/script>\n<!-- \/ Yoast SEO plugin. -->","yoast_head_json":{"title":"S postavitvijo prvega \u017eerjava za\u010detek gradnje Beograda na vodi - Hudo Slovenija","robots":{"index":"index","follow":"follow","max-snippet":"max-snippet:-1","max-image-preview":"max-image-preview:large","max-video-preview":"max-video-preview:-1"},"canonical":"https:\/\/hudo.com\/si\/aktualno\/s-postavitvijo-prvega-zerjava-zacetek-gradnje-beograda-na-vodi\/","og_locale":"sl_SI","og_type":"article","og_title":"S postavitvijo prvega \u017eerjava za\u010detek gradnje Beograda na vodi - Hudo Slovenija","og_description":"S postavitvijo prvega od \u0161tirih na\u010drtovanih \u017eerjavov je v srbski prestolnici stekla gradnja konstrukcije 3,5 milijarde evrov vrednega projekta Beograd na vodi. Doslej so zabetonirali dele temeljne plo\u0161\u010de za dva stolpa, s postavitvijo \u017eerjava pa se je uradno za\u010dela gradnja prvega stanovanjskega objekta. Po na\u010drtih bo prostor ob Savi v prihodnjih treh desetletjih bogatej\u0161i za stanovanjske in poslovne povr\u0161ine, javne institucije in zelene povr\u0161ine, na obmo\u010dju bo po ocenah delalo 13.000 ljudi in jih \u017eivelo ve\u010d kot 17.000. Predvideno je, da se na 177 hektarjih ob reki Savi zgradi ve\u010d kot milijon kvadratnih metrov stanovanjskih povr\u0161in, 750.000 kvadratnih metrov poslovnih prostorov, ve\u010d kot 62.000 kvadratnih metrov javnih povr\u0161in in pribli\u017eno 242.000 kvadratnih metrov novih zelenih povr\u0161in. Pri projektu Beograd na vodi gre za skupno vlaganje mesta Beograd, dr\u017eave in podjetja Eagle Hills iz Zdru\u017eenih arabskih emiratov. V skladu z dogovorom o sodelovanju bo imela dr\u017eava v projektu 32-odstotni dele\u017e, partner iz Zdru\u017eenih arabskih emiratov pa 68-odstotni.Svet","og_url":"https:\/\/hudo.com\/si\/aktualno\/s-postavitvijo-prvega-zerjava-zacetek-gradnje-beograda-na-vodi\/","og_site_name":"Hudo Slovenija","article_publisher":"https:\/\/www.facebook.com\/hudo.si","article_published_time":"2016-04-11T06:30:00+00:00","article_modified_time":"2016-04-12T04:06:39+00:00","og_image":[{"width":450,"height":299,"url":"https:\/\/hudo.com\/si\/wp-content\/uploads\/sites\/2\/2016\/04\/01418676F-300.jpg","type":"image\/jpeg"}],"author":"hudo","twitter_card":"summary_large_image","twitter_creator":"@hudo_si","twitter_site":"@hudo_si","twitter_misc":{"Written by":"hudo","Est. reading time":"1 minuta"},"schema":{"@context":"https:\/\/schema.org","@graph":[{"@type":"Article","@id":"https:\/\/hudo.com\/si\/aktualno\/s-postavitvijo-prvega-zerjava-zacetek-gradnje-beograda-na-vodi\/#article","isPartOf":{"@id":"https:\/\/hudo.com\/si\/aktualno\/s-postavitvijo-prvega-zerjava-zacetek-gradnje-beograda-na-vodi\/"},"author":{"name":"hudo","@id":"https:\/\/hudo.com\/si\/#\/schema\/person\/601cf3379633985b20f7e50f2bb47707"},"headline":"S postavitvijo prvega \u017eerjava za\u010detek gradnje Beograda na vodi","datePublished":"2016-04-11T06:30:00+00:00","dateModified":"2016-04-12T04:06:39+00:00","mainEntityOfPage":{"@id":"https:\/\/hudo.com\/si\/aktualno\/s-postavitvijo-prvega-zerjava-zacetek-gradnje-beograda-na-vodi\/"},"wordCount":176,"publisher":{"@id":"https:\/\/hudo.com\/si\/#organization"},"articleSection":["Aktualno"],"inLanguage":"sl-SI"},{"@type":"WebPage","@id":"https:\/\/hudo.com\/si\/aktualno\/s-postavitvijo-prvega-zerjava-zacetek-gradnje-beograda-na-vodi\/","url":"https:\/\/hudo.com\/si\/aktualno\/s-postavitvijo-prvega-zerjava-zacetek-gradnje-beograda-na-vodi\/","name":"S postavitvijo prvega \u017eerjava za\u010detek gradnje Beograda na vodi - Hudo Slovenija","isPartOf":{"@id":"https:\/\/hudo.com\/si\/#website"},"datePublished":"2016-04-11T06:30:00+00:00","dateModified":"2016-04-12T04:06:39+00:00","breadcrumb":{"@id":"https:\/\/hudo.com\/si\/aktualno\/s-postavitvijo-prvega-zerjava-zacetek-gradnje-beograda-na-vodi\/#breadcrumb"},"inLanguage":"sl-SI","potentialAction":[{"@type":"ReadAction","target":["https:\/\/hudo.com\/si\/aktualno\/s-postavitvijo-prvega-zerjava-zacetek-gradnje-beograda-na-vodi\/"]}]},{"@type":"BreadcrumbList","@id":"https:\/\/hudo.com\/si\/aktualno\/s-postavitvijo-prvega-zerjava-zacetek-gradnje-beograda-na-vodi\/#breadcrumb","itemListElement":[{"@type":"ListItem","position":1,"name":"Home","item":"https:\/\/hudo.com\/si\/"},{"@type":"ListItem","position":2,"name":"S postavitvijo prvega \u017eerjava za\u010detek gradnje Beograda na vodi"}]},{"@type":"WebSite","@id":"https:\/\/hudo.com\/si\/#website","url":"https:\/\/hudo.com\/si\/","name":"Hudo Slovenija","description":"Vse novice iz Slovenije in sveta","publisher":{"@id":"https:\/\/hudo.com\/si\/#organization"},"potentialAction":[{"@type":"SearchAction","target":{"@type":"EntryPoint","urlTemplate":"https:\/\/hudo.com\/si\/?s={search_term_string}"},"query-input":"required name=search_term_string"}],"inLanguage":"sl-SI"},{"@type":"Organization","@id":"https:\/\/hudo.com\/si\/#organization","name":"VSN Media","url":"https:\/\/hudo.com\/si\/","logo":{"@type":"ImageObject","inLanguage":"sl-SI","@id":"https:\/\/hudo.com\/si\/#\/schema\/logo\/image\/","url":"https:\/\/hudo.com\/si\/wp-content\/uploads\/sites\/2\/2021\/03\/hudo-app-2.png","contentUrl":"https:\/\/hudo.com\/si\/wp-content\/uploads\/sites\/2\/2021\/03\/hudo-app-2.png","width":2185,"height":2167,"caption":"VSN Media"},"image":{"@id":"https:\/\/hudo.com\/si\/#\/schema\/logo\/image\/"},"sameAs":["https:\/\/www.facebook.com\/hudo.si","https:\/\/twitter.com\/hudo_si"]},{"@type":"Person","@id":"https:\/\/hudo.com\/si\/#\/schema\/person\/601cf3379633985b20f7e50f2bb47707","name":"hudo","image":{"@type":"ImageObject","inLanguage":"sl-SI","@id":"https:\/\/hudo.com\/si\/#\/schema\/person\/image\/","url":"https:\/\/secure.gravatar.com\/avatar\/c4ca25fa72cace7a696b52ff5db9e095?s=96&d=mm&r=g","contentUrl":"https:\/\/secure.gravatar.com\/avatar\/c4ca25fa72cace7a696b52ff5db9e095?s=96&d=mm&r=g","caption":"hudo"},"url":"https:\/\/hudo.com\/si\/author\/hudo\/"}]}},"amp_enabled":true,"_links":{"self":[{"href":"https:\/\/hudo.com\/si\/wp-json\/wp\/v2\/posts\/26461"}],"collection":[{"href":"https:\/\/hudo.com\/si\/wp-json\/wp\/v2\/posts"}],"about":[{"href":"https:\/\/hudo.com\/si\/wp-json\/wp\/v2\/types\/post"}],"author":[{"embeddable":true,"href":"https:\/\/hudo.com\/si\/wp-json\/wp\/v2\/users\/1"}],"replies":[{"embeddable":true,"href":"https:\/\/hudo.com\/si\/wp-json\/wp\/v2\/comments?post=26461"}],"version-history":[{"count":1,"href":"https:\/\/hudo.com\/si\/wp-json\/wp\/v2\/posts\/26461\/revisions"}],"predecessor-version":[{"id":26564,"href":"https:\/\/hudo.com\/si\/wp-json\/wp\/v2\/posts\/26461\/revisions\/26564"}],"wp:attachment":[{"href":"https:\/\/hudo.com\/si\/wp-json\/wp\/v2\/media?parent=26461"}],"wp:term":[{"taxonomy":"category","embeddable":true,"href":"https:\/\/hudo.com\/si\/wp-json\/wp\/v2\/categories?post=26461"},{"taxonomy":"post_tag","embeddable":true,"href":"https:\/\/hudo.com\/si\/wp-json\/wp\/v2\/tags?post=26461"},{"taxonomy":"source","embeddable":true,"href":"https:\/\/hudo.com\/si\/wp-json\/wp\/v2\/source?post=26461"},{"taxonomy":"supertag","embeddable":true,"href":"https:\/\/hudo.com\/si\/wp-json\/wp\/v2\/supertag?post=26461"}],"curies":[{"name":"wp","href":"https:\/\/api.w.org\/{rel}","templated":true}]}}