{"id":26484,"date":"2016-04-11T07:59:00","date_gmt":"2016-04-11T05:59:00","guid":{"rendered":"http:\/\/hudo.com\/si\/2016\/04\/11\/dragan-tosic-vztraja-pri-svoji-nedolznosti\/"},"modified":"2016-04-11T07:59:00","modified_gmt":"2016-04-11T05:59:00","slug":"dragan-tosic-vztraja-pri-svoji-nedolznosti","status":"publish","type":"post","link":"https:\/\/hudo.com\/si\/aktualno\/dragan-tosic-vztraja-pri-svoji-nedolznosti\/","title":{"rendered":"Dragan To\u0161i\u0107 vztraja pri svoji nedol\u017enosti"},"content":{"rendered":"<p>Kategorija: Kronika Mon, 11 Apr 2016 09:59:00 +0200  Ljubljana \u2212 Dragan To\u0161i\u0107 trdi, da bo svojo nedol\u017enost tudi dokazal, sodi\u0161\u010de pa je pozval, naj ne odlo\u010da na \u00bbpodlagi negativno ustvarjene medijske podobe, ampak na podlagi dokazov\u00ab. To\u0161i\u0107 opozarja, da je po tem, \u00bbkar so dolo\u010deni organi servirali medijem\u00ab, postal prvi obraz slovenskega organiziranega kriminala. Po njegovem se je nekaterim organom in osebam o\u010ditno zdelo pomembno, da ustvarijo podobo o njegovi zlo\u010dinskosti, zaradi \u010desar da sploh ni ve\u010d pomembno, ali bo obsojen, temve\u010d kdaj bo. Zato bo svojo nedol\u017enost dokazoval do konca, je napovedal To\u0161i\u0107, ki je po ugotovitvah iz obto\u017enice vodja slovenskega dela mednarodne preprodajalske zdru\u017ebe. Obto\u017eeni se je danes sicer skliceval na zagovor s prvega sojenja iz maja 2011, dopolnil ga je le z ugotovitvami oziroma dokazi, ki so se izvedli skozi prvo sojenje in naj bi dodatno dokazovali\u00a0&#8230;<\/p>\n","protected":false},"excerpt":{"rendered":"<p>Kategorija: Kronika Mon, 11 Apr 2016 09:59:00 +0200  Ljubljana \u2212 Dragan To\u0161i\u0107 trdi, da bo svojo nedol\u017enost tudi dokazal, sodi\u0161\u010de pa je pozval, naj ne odlo\u010da na \u00bbpodlagi negativno ustvarjene medijske podobe, ampak na podlagi dokazov\u00ab. To\u0161i\u0107 opozarja, da je po tem, \u00bbkar so dolo\u010deni organi servirali medijem\u00ab, postal prvi obraz slovenskega organiziranega kriminala. Po njegovem se je nekaterim organom in osebam o\u010ditno zdelo pomembno, da ustvarijo podobo o njegovi zlo\u010dinskosti, zaradi \u010desar da sploh ni ve\u010d pomembno, ali bo obsojen, temve\u010d kdaj bo. Zato bo svojo nedol\u017enost dokazoval do konca, je napovedal To\u0161i\u0107, ki je po ugotovitvah iz obto\u017enice vodja slovenskega dela mednarodne preprodajalske zdru\u017ebe. Obto\u017eeni se je danes sicer skliceval na zagovor s prvega sojenja iz maja 2011, dopolnil ga je le z ugotovitvami oziroma dokazi, ki so se izvedli skozi prvo sojenje in naj bi dodatno dokazovali\u00a0&#8230;<\/p>\n","protected":false},"author":1,"featured_media":0,"comment_status":"closed","ping_status":"closed","sticky":false,"template":"","format":"standard","meta":{"footnotes":""},"categories":[1179],"tags":[],"source":[4511],"supertag":[],"acf":[],"yoast_head":"<!-- This site is optimized with the Yoast SEO plugin v21.3 - https:\/\/yoast.com\/wordpress\/plugins\/seo\/ -->\n<title>Dragan To\u0161i\u0107 vztraja pri svoji nedol\u017enosti - Hudo Slovenija<\/title>\n<meta name=\"robots\" content=\"index, follow, max-snippet:-1, max-image-preview:large, max-video-preview:-1\" \/>\n<link rel=\"canonical\" href=\"https:\/\/hudo.com\/si\/aktualno\/dragan-tosic-vztraja-pri-svoji-nedolznosti\/\" \/>\n<meta property=\"og:locale\" content=\"sl_SI\" \/>\n<meta property=\"og:type\" content=\"article\" \/>\n<meta property=\"og:title\" content=\"Dragan To\u0161i\u0107 vztraja pri svoji nedol\u017enosti - Hudo Slovenija\" \/>\n<meta property=\"og:description\" content=\"Kategorija: Kronika Mon, 11 Apr 2016 09:59:00 +0200 Ljubljana \u2212 Dragan To\u0161i\u0107 trdi, da bo svojo nedol\u017enost tudi dokazal, sodi\u0161\u010de pa je pozval, naj ne odlo\u010da na \u00bbpodlagi negativno ustvarjene medijske podobe, ampak na podlagi dokazov\u00ab. To\u0161i\u0107 opozarja, da je po tem, \u00bbkar so dolo\u010deni organi servirali medijem\u00ab, postal prvi obraz slovenskega organiziranega kriminala. Po njegovem se je nekaterim organom in osebam o\u010ditno zdelo pomembno, da ustvarijo podobo o njegovi zlo\u010dinskosti, zaradi \u010desar da sploh ni ve\u010d pomembno, ali bo obsojen, temve\u010d kdaj bo. Zato bo svojo nedol\u017enost dokazoval do konca, je napovedal To\u0161i\u0107, ki je po ugotovitvah iz obto\u017enice vodja slovenskega dela mednarodne preprodajalske zdru\u017ebe. Obto\u017eeni se je danes sicer skliceval na zagovor s prvega sojenja iz maja 2011, dopolnil ga je le z ugotovitvami oziroma dokazi, ki so se izvedli skozi prvo sojenje in naj bi dodatno dokazovali\u00a0...\" \/>\n<meta property=\"og:url\" content=\"https:\/\/hudo.com\/si\/aktualno\/dragan-tosic-vztraja-pri-svoji-nedolznosti\/\" \/>\n<meta property=\"og:site_name\" content=\"Hudo Slovenija\" \/>\n<meta property=\"article:publisher\" content=\"https:\/\/www.facebook.com\/hudo.si\" \/>\n<meta property=\"article:published_time\" content=\"2016-04-11T05:59:00+00:00\" \/>\n<meta property=\"og:image\" content=\"https:\/\/hudo.com\/si\/wp-content\/uploads\/sites\/2\/2016\/04\/480x290_Delo_Foto-20160404111307-47408400.jpeg\" \/>\n\t<meta property=\"og:image:width\" content=\"480\" \/>\n\t<meta property=\"og:image:height\" content=\"290\" \/>\n\t<meta property=\"og:image:type\" content=\"image\/jpeg\" \/>\n<meta name=\"author\" content=\"hudo\" \/>\n<meta name=\"twitter:card\" content=\"summary_large_image\" \/>\n<meta name=\"twitter:creator\" content=\"@hudo_si\" \/>\n<meta name=\"twitter:site\" content=\"@hudo_si\" \/>\n<meta name=\"twitter:label1\" content=\"Written by\" \/>\n\t<meta name=\"twitter:data1\" content=\"hudo\" \/>\n\t<meta name=\"twitter:label2\" content=\"Est. reading time\" \/>\n\t<meta name=\"twitter:data2\" content=\"1 minuta\" \/>\n<script type=\"application\/ld+json\" class=\"yoast-schema-graph\">{\"@context\":\"https:\/\/schema.org\",\"@graph\":[{\"@type\":\"Article\",\"@id\":\"https:\/\/hudo.com\/si\/aktualno\/dragan-tosic-vztraja-pri-svoji-nedolznosti\/#article\",\"isPartOf\":{\"@id\":\"https:\/\/hudo.com\/si\/aktualno\/dragan-tosic-vztraja-pri-svoji-nedolznosti\/\"},\"author\":{\"name\":\"hudo\",\"@id\":\"https:\/\/hudo.com\/si\/#\/schema\/person\/601cf3379633985b20f7e50f2bb47707\"},\"headline\":\"Dragan To\u0161i\u0107 vztraja pri svoji nedol\u017enosti\",\"datePublished\":\"2016-04-11T05:59:00+00:00\",\"dateModified\":\"2016-04-11T05:59:00+00:00\",\"mainEntityOfPage\":{\"@id\":\"https:\/\/hudo.com\/si\/aktualno\/dragan-tosic-vztraja-pri-svoji-nedolznosti\/\"},\"wordCount\":155,\"publisher\":{\"@id\":\"https:\/\/hudo.com\/si\/#organization\"},\"articleSection\":[\"Aktualno\"],\"inLanguage\":\"sl-SI\"},{\"@type\":\"WebPage\",\"@id\":\"https:\/\/hudo.com\/si\/aktualno\/dragan-tosic-vztraja-pri-svoji-nedolznosti\/\",\"url\":\"https:\/\/hudo.com\/si\/aktualno\/dragan-tosic-vztraja-pri-svoji-nedolznosti\/\",\"name\":\"Dragan To\u0161i\u0107 vztraja pri svoji nedol\u017enosti - Hudo Slovenija\",\"isPartOf\":{\"@id\":\"https:\/\/hudo.com\/si\/#website\"},\"datePublished\":\"2016-04-11T05:59:00+00:00\",\"dateModified\":\"2016-04-11T05:59:00+00:00\",\"breadcrumb\":{\"@id\":\"https:\/\/hudo.com\/si\/aktualno\/dragan-tosic-vztraja-pri-svoji-nedolznosti\/#breadcrumb\"},\"inLanguage\":\"sl-SI\",\"potentialAction\":[{\"@type\":\"ReadAction\",\"target\":[\"https:\/\/hudo.com\/si\/aktualno\/dragan-tosic-vztraja-pri-svoji-nedolznosti\/\"]}]},{\"@type\":\"BreadcrumbList\",\"@id\":\"https:\/\/hudo.com\/si\/aktualno\/dragan-tosic-vztraja-pri-svoji-nedolznosti\/#breadcrumb\",\"itemListElement\":[{\"@type\":\"ListItem\",\"position\":1,\"name\":\"Home\",\"item\":\"https:\/\/hudo.com\/si\/\"},{\"@type\":\"ListItem\",\"position\":2,\"name\":\"Dragan To\u0161i\u0107 vztraja pri svoji nedol\u017enosti\"}]},{\"@type\":\"WebSite\",\"@id\":\"https:\/\/hudo.com\/si\/#website\",\"url\":\"https:\/\/hudo.com\/si\/\",\"name\":\"Hudo Slovenija\",\"description\":\"Vse novice iz Slovenije in sveta\",\"publisher\":{\"@id\":\"https:\/\/hudo.com\/si\/#organization\"},\"potentialAction\":[{\"@type\":\"SearchAction\",\"target\":{\"@type\":\"EntryPoint\",\"urlTemplate\":\"https:\/\/hudo.com\/si\/?s={search_term_string}\"},\"query-input\":\"required name=search_term_string\"}],\"inLanguage\":\"sl-SI\"},{\"@type\":\"Organization\",\"@id\":\"https:\/\/hudo.com\/si\/#organization\",\"name\":\"VSN Media\",\"url\":\"https:\/\/hudo.com\/si\/\",\"logo\":{\"@type\":\"ImageObject\",\"inLanguage\":\"sl-SI\",\"@id\":\"https:\/\/hudo.com\/si\/#\/schema\/logo\/image\/\",\"url\":\"https:\/\/hudo.com\/si\/wp-content\/uploads\/sites\/2\/2021\/03\/hudo-app-2.png\",\"contentUrl\":\"https:\/\/hudo.com\/si\/wp-content\/uploads\/sites\/2\/2021\/03\/hudo-app-2.png\",\"width\":2185,\"height\":2167,\"caption\":\"VSN Media\"},\"image\":{\"@id\":\"https:\/\/hudo.com\/si\/#\/schema\/logo\/image\/\"},\"sameAs\":[\"https:\/\/www.facebook.com\/hudo.si\",\"https:\/\/twitter.com\/hudo_si\"]},{\"@type\":\"Person\",\"@id\":\"https:\/\/hudo.com\/si\/#\/schema\/person\/601cf3379633985b20f7e50f2bb47707\",\"name\":\"hudo\",\"image\":{\"@type\":\"ImageObject\",\"inLanguage\":\"sl-SI\",\"@id\":\"https:\/\/hudo.com\/si\/#\/schema\/person\/image\/\",\"url\":\"https:\/\/secure.gravatar.com\/avatar\/c4ca25fa72cace7a696b52ff5db9e095?s=96&d=mm&r=g\",\"contentUrl\":\"https:\/\/secure.gravatar.com\/avatar\/c4ca25fa72cace7a696b52ff5db9e095?s=96&d=mm&r=g\",\"caption\":\"hudo\"},\"url\":\"https:\/\/hudo.com\/si\/author\/hudo\/\"}]}<\/script>\n<!-- \/ Yoast SEO plugin. -->","yoast_head_json":{"title":"Dragan To\u0161i\u0107 vztraja pri svoji nedol\u017enosti - Hudo Slovenija","robots":{"index":"index","follow":"follow","max-snippet":"max-snippet:-1","max-image-preview":"max-image-preview:large","max-video-preview":"max-video-preview:-1"},"canonical":"https:\/\/hudo.com\/si\/aktualno\/dragan-tosic-vztraja-pri-svoji-nedolznosti\/","og_locale":"sl_SI","og_type":"article","og_title":"Dragan To\u0161i\u0107 vztraja pri svoji nedol\u017enosti - Hudo Slovenija","og_description":"Kategorija: Kronika Mon, 11 Apr 2016 09:59:00 +0200 Ljubljana \u2212 Dragan To\u0161i\u0107 trdi, da bo svojo nedol\u017enost tudi dokazal, sodi\u0161\u010de pa je pozval, naj ne odlo\u010da na \u00bbpodlagi negativno ustvarjene medijske podobe, ampak na podlagi dokazov\u00ab. To\u0161i\u0107 opozarja, da je po tem, \u00bbkar so dolo\u010deni organi servirali medijem\u00ab, postal prvi obraz slovenskega organiziranega kriminala. Po njegovem se je nekaterim organom in osebam o\u010ditno zdelo pomembno, da ustvarijo podobo o njegovi zlo\u010dinskosti, zaradi \u010desar da sploh ni ve\u010d pomembno, ali bo obsojen, temve\u010d kdaj bo. Zato bo svojo nedol\u017enost dokazoval do konca, je napovedal To\u0161i\u0107, ki je po ugotovitvah iz obto\u017enice vodja slovenskega dela mednarodne preprodajalske zdru\u017ebe. Obto\u017eeni se je danes sicer skliceval na zagovor s prvega sojenja iz maja 2011, dopolnil ga je le z ugotovitvami oziroma dokazi, ki so se izvedli skozi prvo sojenje in naj bi dodatno dokazovali\u00a0...","og_url":"https:\/\/hudo.com\/si\/aktualno\/dragan-tosic-vztraja-pri-svoji-nedolznosti\/","og_site_name":"Hudo Slovenija","article_publisher":"https:\/\/www.facebook.com\/hudo.si","article_published_time":"2016-04-11T05:59:00+00:00","og_image":[{"width":480,"height":290,"url":"https:\/\/hudo.com\/si\/wp-content\/uploads\/sites\/2\/2016\/04\/480x290_Delo_Foto-20160404111307-47408400.jpeg","type":"image\/jpeg"}],"author":"hudo","twitter_card":"summary_large_image","twitter_creator":"@hudo_si","twitter_site":"@hudo_si","twitter_misc":{"Written by":"hudo","Est. reading time":"1 minuta"},"schema":{"@context":"https:\/\/schema.org","@graph":[{"@type":"Article","@id":"https:\/\/hudo.com\/si\/aktualno\/dragan-tosic-vztraja-pri-svoji-nedolznosti\/#article","isPartOf":{"@id":"https:\/\/hudo.com\/si\/aktualno\/dragan-tosic-vztraja-pri-svoji-nedolznosti\/"},"author":{"name":"hudo","@id":"https:\/\/hudo.com\/si\/#\/schema\/person\/601cf3379633985b20f7e50f2bb47707"},"headline":"Dragan To\u0161i\u0107 vztraja pri svoji nedol\u017enosti","datePublished":"2016-04-11T05:59:00+00:00","dateModified":"2016-04-11T05:59:00+00:00","mainEntityOfPage":{"@id":"https:\/\/hudo.com\/si\/aktualno\/dragan-tosic-vztraja-pri-svoji-nedolznosti\/"},"wordCount":155,"publisher":{"@id":"https:\/\/hudo.com\/si\/#organization"},"articleSection":["Aktualno"],"inLanguage":"sl-SI"},{"@type":"WebPage","@id":"https:\/\/hudo.com\/si\/aktualno\/dragan-tosic-vztraja-pri-svoji-nedolznosti\/","url":"https:\/\/hudo.com\/si\/aktualno\/dragan-tosic-vztraja-pri-svoji-nedolznosti\/","name":"Dragan To\u0161i\u0107 vztraja pri svoji nedol\u017enosti - Hudo Slovenija","isPartOf":{"@id":"https:\/\/hudo.com\/si\/#website"},"datePublished":"2016-04-11T05:59:00+00:00","dateModified":"2016-04-11T05:59:00+00:00","breadcrumb":{"@id":"https:\/\/hudo.com\/si\/aktualno\/dragan-tosic-vztraja-pri-svoji-nedolznosti\/#breadcrumb"},"inLanguage":"sl-SI","potentialAction":[{"@type":"ReadAction","target":["https:\/\/hudo.com\/si\/aktualno\/dragan-tosic-vztraja-pri-svoji-nedolznosti\/"]}]},{"@type":"BreadcrumbList","@id":"https:\/\/hudo.com\/si\/aktualno\/dragan-tosic-vztraja-pri-svoji-nedolznosti\/#breadcrumb","itemListElement":[{"@type":"ListItem","position":1,"name":"Home","item":"https:\/\/hudo.com\/si\/"},{"@type":"ListItem","position":2,"name":"Dragan To\u0161i\u0107 vztraja pri svoji nedol\u017enosti"}]},{"@type":"WebSite","@id":"https:\/\/hudo.com\/si\/#website","url":"https:\/\/hudo.com\/si\/","name":"Hudo Slovenija","description":"Vse novice iz Slovenije in sveta","publisher":{"@id":"https:\/\/hudo.com\/si\/#organization"},"potentialAction":[{"@type":"SearchAction","target":{"@type":"EntryPoint","urlTemplate":"https:\/\/hudo.com\/si\/?s={search_term_string}"},"query-input":"required name=search_term_string"}],"inLanguage":"sl-SI"},{"@type":"Organization","@id":"https:\/\/hudo.com\/si\/#organization","name":"VSN Media","url":"https:\/\/hudo.com\/si\/","logo":{"@type":"ImageObject","inLanguage":"sl-SI","@id":"https:\/\/hudo.com\/si\/#\/schema\/logo\/image\/","url":"https:\/\/hudo.com\/si\/wp-content\/uploads\/sites\/2\/2021\/03\/hudo-app-2.png","contentUrl":"https:\/\/hudo.com\/si\/wp-content\/uploads\/sites\/2\/2021\/03\/hudo-app-2.png","width":2185,"height":2167,"caption":"VSN Media"},"image":{"@id":"https:\/\/hudo.com\/si\/#\/schema\/logo\/image\/"},"sameAs":["https:\/\/www.facebook.com\/hudo.si","https:\/\/twitter.com\/hudo_si"]},{"@type":"Person","@id":"https:\/\/hudo.com\/si\/#\/schema\/person\/601cf3379633985b20f7e50f2bb47707","name":"hudo","image":{"@type":"ImageObject","inLanguage":"sl-SI","@id":"https:\/\/hudo.com\/si\/#\/schema\/person\/image\/","url":"https:\/\/secure.gravatar.com\/avatar\/c4ca25fa72cace7a696b52ff5db9e095?s=96&d=mm&r=g","contentUrl":"https:\/\/secure.gravatar.com\/avatar\/c4ca25fa72cace7a696b52ff5db9e095?s=96&d=mm&r=g","caption":"hudo"},"url":"https:\/\/hudo.com\/si\/author\/hudo\/"}]}},"amp_enabled":true,"_links":{"self":[{"href":"https:\/\/hudo.com\/si\/wp-json\/wp\/v2\/posts\/26484"}],"collection":[{"href":"https:\/\/hudo.com\/si\/wp-json\/wp\/v2\/posts"}],"about":[{"href":"https:\/\/hudo.com\/si\/wp-json\/wp\/v2\/types\/post"}],"author":[{"embeddable":true,"href":"https:\/\/hudo.com\/si\/wp-json\/wp\/v2\/users\/1"}],"replies":[{"embeddable":true,"href":"https:\/\/hudo.com\/si\/wp-json\/wp\/v2\/comments?post=26484"}],"version-history":[{"count":0,"href":"https:\/\/hudo.com\/si\/wp-json\/wp\/v2\/posts\/26484\/revisions"}],"wp:attachment":[{"href":"https:\/\/hudo.com\/si\/wp-json\/wp\/v2\/media?parent=26484"}],"wp:term":[{"taxonomy":"category","embeddable":true,"href":"https:\/\/hudo.com\/si\/wp-json\/wp\/v2\/categories?post=26484"},{"taxonomy":"post_tag","embeddable":true,"href":"https:\/\/hudo.com\/si\/wp-json\/wp\/v2\/tags?post=26484"},{"taxonomy":"source","embeddable":true,"href":"https:\/\/hudo.com\/si\/wp-json\/wp\/v2\/source?post=26484"},{"taxonomy":"supertag","embeddable":true,"href":"https:\/\/hudo.com\/si\/wp-json\/wp\/v2\/supertag?post=26484"}],"curies":[{"name":"wp","href":"https:\/\/api.w.org\/{rel}","templated":true}]}}