{"id":265297,"date":"2017-06-11T12:17:00","date_gmt":"2017-06-11T10:17:00","guid":{"rendered":"http:\/\/hudo.com\/si\/2017\/06\/11\/huligani-so-se-na-trajektu-spravili-na-janico-kostelic-video\/"},"modified":"2017-06-11T12:17:00","modified_gmt":"2017-06-11T10:17:00","slug":"huligani-so-se-na-trajektu-spravili-na-janico-kostelic-video","status":"publish","type":"post","link":"https:\/\/hudo.com\/si\/aktualno\/huligani-so-se-na-trajektu-spravili-na-janico-kostelic-video\/","title":{"rendered":"Huligani so se na trajektu spravili na Janico Kosteli\u0107 (VIDEO)"},"content":{"rendered":"<p>Kategorija: Zimski Sun, 11 Jun 2017 14:17:00 +0200  Split &#8211; Potem ko se je mladeni\u010d pred dnevi na Bolu na Bra\u010du s pestmi lotil alfe in omege zagreb\u0161kega nogometnega velikana Dinama Zdravka Mami\u0107a, ki je pod te\u017eo silotivega udarca izza hrbta padel v morje, a so ga re\u0161ili, se je skupina mo\u0161kih, domnevno \u010dlanov navija\u0161ke skupine Torcida, v\u010deraj na trajektu iz Splita proti Bra\u010du verbalno lotila \u0161e najbolj\u0161e hrva\u0161ke alpske smu\u010darke vseh \u010dasov Janice Kosteli\u0107. Zaradi kr\u0161enja javnega reda in miru je po prijavi posredovala splitska policija in pridr\u017eala dvanajsterico vro\u010dekvrnih mo\u0161kih, med njimi dva mladoletnika. Vsi se morajo zato danes zagovarjati pred tamkaj\u0161njim sodnikom za prekr\u0161ke. Huligani so na trajektu obkolili vozilo, v katerem je bila zdaj\u0161nja hrva\u0161ka dr\u017eavna sekretarka za \u0161port s \u0161e dvema kolegicama, in jo za\u010deli glasno in vulgarno \u017ealiti in zmerjati, v enakem tonu\u00a0&#8230;<\/p>\n","protected":false},"excerpt":{"rendered":"<p>Kategorija: Zimski Sun, 11 Jun 2017 14:17:00 +0200  Split &#8211; Potem ko se je mladeni\u010d pred dnevi na Bolu na Bra\u010du s pestmi lotil alfe in omege zagreb\u0161kega nogometnega velikana Dinama Zdravka Mami\u0107a, ki je pod te\u017eo silotivega udarca izza hrbta padel v morje, a so ga re\u0161ili, se je skupina mo\u0161kih, domnevno \u010dlanov navija\u0161ke skupine Torcida, v\u010deraj na trajektu iz Splita proti Bra\u010du verbalno lotila \u0161e najbolj\u0161e hrva\u0161ke alpske smu\u010darke vseh \u010dasov Janice Kosteli\u0107. Zaradi kr\u0161enja javnega reda in miru je po prijavi posredovala splitska policija in pridr\u017eala dvanajsterico vro\u010dekvrnih mo\u0161kih, med njimi dva mladoletnika. Vsi se morajo zato danes zagovarjati pred tamkaj\u0161njim sodnikom za prekr\u0161ke. Huligani so na trajektu obkolili vozilo, v katerem je bila zdaj\u0161nja hrva\u0161ka dr\u017eavna sekretarka za \u0161port s \u0161e dvema kolegicama, in jo za\u010deli glasno in vulgarno \u017ealiti in zmerjati, v enakem tonu\u00a0&#8230;<\/p>\n","protected":false},"author":1,"featured_media":0,"comment_status":"closed","ping_status":"closed","sticky":false,"template":"","format":"standard","meta":{"footnotes":""},"categories":[1179],"tags":[],"source":[1703],"supertag":[],"acf":[],"yoast_head":"<!-- This site is optimized with the Yoast SEO plugin v21.3 - https:\/\/yoast.com\/wordpress\/plugins\/seo\/ -->\n<title>Huligani so se na trajektu spravili na Janico Kosteli\u0107 (VIDEO) - Hudo Slovenija<\/title>\n<meta name=\"robots\" content=\"index, follow, max-snippet:-1, max-image-preview:large, max-video-preview:-1\" \/>\n<link rel=\"canonical\" href=\"https:\/\/hudo.com\/si\/aktualno\/huligani-so-se-na-trajektu-spravili-na-janico-kostelic-video\/\" \/>\n<meta property=\"og:locale\" content=\"sl_SI\" \/>\n<meta property=\"og:type\" content=\"article\" \/>\n<meta property=\"og:title\" content=\"Huligani so se na trajektu spravili na Janico Kosteli\u0107 (VIDEO) - Hudo Slovenija\" \/>\n<meta property=\"og:description\" content=\"Kategorija: Zimski Sun, 11 Jun 2017 14:17:00 +0200 Split - Potem ko se je mladeni\u010d pred dnevi na Bolu na Bra\u010du s pestmi lotil alfe in omege zagreb\u0161kega nogometnega velikana Dinama Zdravka Mami\u0107a, ki je pod te\u017eo silotivega udarca izza hrbta padel v morje, a so ga re\u0161ili, se je skupina mo\u0161kih, domnevno \u010dlanov navija\u0161ke skupine Torcida, v\u010deraj na trajektu iz Splita proti Bra\u010du verbalno lotila \u0161e najbolj\u0161e hrva\u0161ke alpske smu\u010darke vseh \u010dasov Janice Kosteli\u0107. Zaradi kr\u0161enja javnega reda in miru je po prijavi posredovala splitska policija in pridr\u017eala dvanajsterico vro\u010dekvrnih mo\u0161kih, med njimi dva mladoletnika. Vsi se morajo zato danes zagovarjati pred tamkaj\u0161njim sodnikom za prekr\u0161ke. Huligani so na trajektu obkolili vozilo, v katerem je bila zdaj\u0161nja hrva\u0161ka dr\u017eavna sekretarka za \u0161port s \u0161e dvema kolegicama, in jo za\u010deli glasno in vulgarno \u017ealiti in zmerjati, v enakem tonu\u00a0...\" \/>\n<meta property=\"og:url\" content=\"https:\/\/hudo.com\/si\/aktualno\/huligani-so-se-na-trajektu-spravili-na-janico-kostelic-video\/\" \/>\n<meta property=\"og:site_name\" content=\"Hudo Slovenija\" \/>\n<meta property=\"article:publisher\" content=\"https:\/\/www.facebook.com\/hudo.si\" \/>\n<meta property=\"article:published_time\" content=\"2017-06-11T10:17:00+00:00\" \/>\n<meta property=\"og:image\" content=\"https:\/\/hudo.com\/si\/wp-content\/uploads\/sites\/2\/2017\/06\/480x290_djvu_2256165_janezp_vidic-Janica-Kostelic.jpeg\" \/>\n\t<meta property=\"og:image:width\" content=\"480\" \/>\n\t<meta property=\"og:image:height\" content=\"290\" \/>\n\t<meta property=\"og:image:type\" content=\"image\/jpeg\" \/>\n<meta name=\"author\" content=\"hudo\" \/>\n<meta name=\"twitter:card\" content=\"summary_large_image\" \/>\n<meta name=\"twitter:creator\" content=\"@hudo_si\" \/>\n<meta name=\"twitter:site\" content=\"@hudo_si\" \/>\n<meta name=\"twitter:label1\" content=\"Written by\" \/>\n\t<meta name=\"twitter:data1\" content=\"hudo\" \/>\n\t<meta name=\"twitter:label2\" content=\"Est. reading time\" \/>\n\t<meta name=\"twitter:data2\" content=\"1 minuta\" \/>\n<script type=\"application\/ld+json\" class=\"yoast-schema-graph\">{\"@context\":\"https:\/\/schema.org\",\"@graph\":[{\"@type\":\"Article\",\"@id\":\"https:\/\/hudo.com\/si\/aktualno\/huligani-so-se-na-trajektu-spravili-na-janico-kostelic-video\/#article\",\"isPartOf\":{\"@id\":\"https:\/\/hudo.com\/si\/aktualno\/huligani-so-se-na-trajektu-spravili-na-janico-kostelic-video\/\"},\"author\":{\"name\":\"hudo\",\"@id\":\"https:\/\/hudo.com\/si\/#\/schema\/person\/601cf3379633985b20f7e50f2bb47707\"},\"headline\":\"Huligani so se na trajektu spravili na Janico Kosteli\u0107 (VIDEO)\",\"datePublished\":\"2017-06-11T10:17:00+00:00\",\"dateModified\":\"2017-06-11T10:17:00+00:00\",\"mainEntityOfPage\":{\"@id\":\"https:\/\/hudo.com\/si\/aktualno\/huligani-so-se-na-trajektu-spravili-na-janico-kostelic-video\/\"},\"wordCount\":167,\"publisher\":{\"@id\":\"https:\/\/hudo.com\/si\/#organization\"},\"articleSection\":[\"Aktualno\"],\"inLanguage\":\"sl-SI\"},{\"@type\":\"WebPage\",\"@id\":\"https:\/\/hudo.com\/si\/aktualno\/huligani-so-se-na-trajektu-spravili-na-janico-kostelic-video\/\",\"url\":\"https:\/\/hudo.com\/si\/aktualno\/huligani-so-se-na-trajektu-spravili-na-janico-kostelic-video\/\",\"name\":\"Huligani so se na trajektu spravili na Janico Kosteli\u0107 (VIDEO) - Hudo Slovenija\",\"isPartOf\":{\"@id\":\"https:\/\/hudo.com\/si\/#website\"},\"datePublished\":\"2017-06-11T10:17:00+00:00\",\"dateModified\":\"2017-06-11T10:17:00+00:00\",\"breadcrumb\":{\"@id\":\"https:\/\/hudo.com\/si\/aktualno\/huligani-so-se-na-trajektu-spravili-na-janico-kostelic-video\/#breadcrumb\"},\"inLanguage\":\"sl-SI\",\"potentialAction\":[{\"@type\":\"ReadAction\",\"target\":[\"https:\/\/hudo.com\/si\/aktualno\/huligani-so-se-na-trajektu-spravili-na-janico-kostelic-video\/\"]}]},{\"@type\":\"BreadcrumbList\",\"@id\":\"https:\/\/hudo.com\/si\/aktualno\/huligani-so-se-na-trajektu-spravili-na-janico-kostelic-video\/#breadcrumb\",\"itemListElement\":[{\"@type\":\"ListItem\",\"position\":1,\"name\":\"Home\",\"item\":\"https:\/\/hudo.com\/si\/\"},{\"@type\":\"ListItem\",\"position\":2,\"name\":\"Huligani so se na trajektu spravili na Janico Kosteli\u0107 (VIDEO)\"}]},{\"@type\":\"WebSite\",\"@id\":\"https:\/\/hudo.com\/si\/#website\",\"url\":\"https:\/\/hudo.com\/si\/\",\"name\":\"Hudo Slovenija\",\"description\":\"Vse novice iz Slovenije in sveta\",\"publisher\":{\"@id\":\"https:\/\/hudo.com\/si\/#organization\"},\"potentialAction\":[{\"@type\":\"SearchAction\",\"target\":{\"@type\":\"EntryPoint\",\"urlTemplate\":\"https:\/\/hudo.com\/si\/?s={search_term_string}\"},\"query-input\":\"required name=search_term_string\"}],\"inLanguage\":\"sl-SI\"},{\"@type\":\"Organization\",\"@id\":\"https:\/\/hudo.com\/si\/#organization\",\"name\":\"VSN Media\",\"url\":\"https:\/\/hudo.com\/si\/\",\"logo\":{\"@type\":\"ImageObject\",\"inLanguage\":\"sl-SI\",\"@id\":\"https:\/\/hudo.com\/si\/#\/schema\/logo\/image\/\",\"url\":\"https:\/\/hudo.com\/si\/wp-content\/uploads\/sites\/2\/2021\/03\/hudo-app-2.png\",\"contentUrl\":\"https:\/\/hudo.com\/si\/wp-content\/uploads\/sites\/2\/2021\/03\/hudo-app-2.png\",\"width\":2185,\"height\":2167,\"caption\":\"VSN Media\"},\"image\":{\"@id\":\"https:\/\/hudo.com\/si\/#\/schema\/logo\/image\/\"},\"sameAs\":[\"https:\/\/www.facebook.com\/hudo.si\",\"https:\/\/twitter.com\/hudo_si\"]},{\"@type\":\"Person\",\"@id\":\"https:\/\/hudo.com\/si\/#\/schema\/person\/601cf3379633985b20f7e50f2bb47707\",\"name\":\"hudo\",\"image\":{\"@type\":\"ImageObject\",\"inLanguage\":\"sl-SI\",\"@id\":\"https:\/\/hudo.com\/si\/#\/schema\/person\/image\/\",\"url\":\"https:\/\/secure.gravatar.com\/avatar\/c4ca25fa72cace7a696b52ff5db9e095?s=96&d=mm&r=g\",\"contentUrl\":\"https:\/\/secure.gravatar.com\/avatar\/c4ca25fa72cace7a696b52ff5db9e095?s=96&d=mm&r=g\",\"caption\":\"hudo\"},\"url\":\"https:\/\/hudo.com\/si\/author\/hudo\/\"}]}<\/script>\n<!-- \/ Yoast SEO plugin. -->","yoast_head_json":{"title":"Huligani so se na trajektu spravili na Janico Kosteli\u0107 (VIDEO) - Hudo Slovenija","robots":{"index":"index","follow":"follow","max-snippet":"max-snippet:-1","max-image-preview":"max-image-preview:large","max-video-preview":"max-video-preview:-1"},"canonical":"https:\/\/hudo.com\/si\/aktualno\/huligani-so-se-na-trajektu-spravili-na-janico-kostelic-video\/","og_locale":"sl_SI","og_type":"article","og_title":"Huligani so se na trajektu spravili na Janico Kosteli\u0107 (VIDEO) - Hudo Slovenija","og_description":"Kategorija: Zimski Sun, 11 Jun 2017 14:17:00 +0200 Split - Potem ko se je mladeni\u010d pred dnevi na Bolu na Bra\u010du s pestmi lotil alfe in omege zagreb\u0161kega nogometnega velikana Dinama Zdravka Mami\u0107a, ki je pod te\u017eo silotivega udarca izza hrbta padel v morje, a so ga re\u0161ili, se je skupina mo\u0161kih, domnevno \u010dlanov navija\u0161ke skupine Torcida, v\u010deraj na trajektu iz Splita proti Bra\u010du verbalno lotila \u0161e najbolj\u0161e hrva\u0161ke alpske smu\u010darke vseh \u010dasov Janice Kosteli\u0107. Zaradi kr\u0161enja javnega reda in miru je po prijavi posredovala splitska policija in pridr\u017eala dvanajsterico vro\u010dekvrnih mo\u0161kih, med njimi dva mladoletnika. Vsi se morajo zato danes zagovarjati pred tamkaj\u0161njim sodnikom za prekr\u0161ke. Huligani so na trajektu obkolili vozilo, v katerem je bila zdaj\u0161nja hrva\u0161ka dr\u017eavna sekretarka za \u0161port s \u0161e dvema kolegicama, in jo za\u010deli glasno in vulgarno \u017ealiti in zmerjati, v enakem tonu\u00a0...","og_url":"https:\/\/hudo.com\/si\/aktualno\/huligani-so-se-na-trajektu-spravili-na-janico-kostelic-video\/","og_site_name":"Hudo Slovenija","article_publisher":"https:\/\/www.facebook.com\/hudo.si","article_published_time":"2017-06-11T10:17:00+00:00","og_image":[{"width":480,"height":290,"url":"https:\/\/hudo.com\/si\/wp-content\/uploads\/sites\/2\/2017\/06\/480x290_djvu_2256165_janezp_vidic-Janica-Kostelic.jpeg","type":"image\/jpeg"}],"author":"hudo","twitter_card":"summary_large_image","twitter_creator":"@hudo_si","twitter_site":"@hudo_si","twitter_misc":{"Written by":"hudo","Est. reading time":"1 minuta"},"schema":{"@context":"https:\/\/schema.org","@graph":[{"@type":"Article","@id":"https:\/\/hudo.com\/si\/aktualno\/huligani-so-se-na-trajektu-spravili-na-janico-kostelic-video\/#article","isPartOf":{"@id":"https:\/\/hudo.com\/si\/aktualno\/huligani-so-se-na-trajektu-spravili-na-janico-kostelic-video\/"},"author":{"name":"hudo","@id":"https:\/\/hudo.com\/si\/#\/schema\/person\/601cf3379633985b20f7e50f2bb47707"},"headline":"Huligani so se na trajektu spravili na Janico Kosteli\u0107 (VIDEO)","datePublished":"2017-06-11T10:17:00+00:00","dateModified":"2017-06-11T10:17:00+00:00","mainEntityOfPage":{"@id":"https:\/\/hudo.com\/si\/aktualno\/huligani-so-se-na-trajektu-spravili-na-janico-kostelic-video\/"},"wordCount":167,"publisher":{"@id":"https:\/\/hudo.com\/si\/#organization"},"articleSection":["Aktualno"],"inLanguage":"sl-SI"},{"@type":"WebPage","@id":"https:\/\/hudo.com\/si\/aktualno\/huligani-so-se-na-trajektu-spravili-na-janico-kostelic-video\/","url":"https:\/\/hudo.com\/si\/aktualno\/huligani-so-se-na-trajektu-spravili-na-janico-kostelic-video\/","name":"Huligani so se na trajektu spravili na Janico Kosteli\u0107 (VIDEO) - Hudo Slovenija","isPartOf":{"@id":"https:\/\/hudo.com\/si\/#website"},"datePublished":"2017-06-11T10:17:00+00:00","dateModified":"2017-06-11T10:17:00+00:00","breadcrumb":{"@id":"https:\/\/hudo.com\/si\/aktualno\/huligani-so-se-na-trajektu-spravili-na-janico-kostelic-video\/#breadcrumb"},"inLanguage":"sl-SI","potentialAction":[{"@type":"ReadAction","target":["https:\/\/hudo.com\/si\/aktualno\/huligani-so-se-na-trajektu-spravili-na-janico-kostelic-video\/"]}]},{"@type":"BreadcrumbList","@id":"https:\/\/hudo.com\/si\/aktualno\/huligani-so-se-na-trajektu-spravili-na-janico-kostelic-video\/#breadcrumb","itemListElement":[{"@type":"ListItem","position":1,"name":"Home","item":"https:\/\/hudo.com\/si\/"},{"@type":"ListItem","position":2,"name":"Huligani so se na trajektu spravili na Janico Kosteli\u0107 (VIDEO)"}]},{"@type":"WebSite","@id":"https:\/\/hudo.com\/si\/#website","url":"https:\/\/hudo.com\/si\/","name":"Hudo Slovenija","description":"Vse novice iz Slovenije in sveta","publisher":{"@id":"https:\/\/hudo.com\/si\/#organization"},"potentialAction":[{"@type":"SearchAction","target":{"@type":"EntryPoint","urlTemplate":"https:\/\/hudo.com\/si\/?s={search_term_string}"},"query-input":"required name=search_term_string"}],"inLanguage":"sl-SI"},{"@type":"Organization","@id":"https:\/\/hudo.com\/si\/#organization","name":"VSN Media","url":"https:\/\/hudo.com\/si\/","logo":{"@type":"ImageObject","inLanguage":"sl-SI","@id":"https:\/\/hudo.com\/si\/#\/schema\/logo\/image\/","url":"https:\/\/hudo.com\/si\/wp-content\/uploads\/sites\/2\/2021\/03\/hudo-app-2.png","contentUrl":"https:\/\/hudo.com\/si\/wp-content\/uploads\/sites\/2\/2021\/03\/hudo-app-2.png","width":2185,"height":2167,"caption":"VSN Media"},"image":{"@id":"https:\/\/hudo.com\/si\/#\/schema\/logo\/image\/"},"sameAs":["https:\/\/www.facebook.com\/hudo.si","https:\/\/twitter.com\/hudo_si"]},{"@type":"Person","@id":"https:\/\/hudo.com\/si\/#\/schema\/person\/601cf3379633985b20f7e50f2bb47707","name":"hudo","image":{"@type":"ImageObject","inLanguage":"sl-SI","@id":"https:\/\/hudo.com\/si\/#\/schema\/person\/image\/","url":"https:\/\/secure.gravatar.com\/avatar\/c4ca25fa72cace7a696b52ff5db9e095?s=96&d=mm&r=g","contentUrl":"https:\/\/secure.gravatar.com\/avatar\/c4ca25fa72cace7a696b52ff5db9e095?s=96&d=mm&r=g","caption":"hudo"},"url":"https:\/\/hudo.com\/si\/author\/hudo\/"}]}},"amp_enabled":true,"_links":{"self":[{"href":"https:\/\/hudo.com\/si\/wp-json\/wp\/v2\/posts\/265297"}],"collection":[{"href":"https:\/\/hudo.com\/si\/wp-json\/wp\/v2\/posts"}],"about":[{"href":"https:\/\/hudo.com\/si\/wp-json\/wp\/v2\/types\/post"}],"author":[{"embeddable":true,"href":"https:\/\/hudo.com\/si\/wp-json\/wp\/v2\/users\/1"}],"replies":[{"embeddable":true,"href":"https:\/\/hudo.com\/si\/wp-json\/wp\/v2\/comments?post=265297"}],"version-history":[{"count":0,"href":"https:\/\/hudo.com\/si\/wp-json\/wp\/v2\/posts\/265297\/revisions"}],"wp:attachment":[{"href":"https:\/\/hudo.com\/si\/wp-json\/wp\/v2\/media?parent=265297"}],"wp:term":[{"taxonomy":"category","embeddable":true,"href":"https:\/\/hudo.com\/si\/wp-json\/wp\/v2\/categories?post=265297"},{"taxonomy":"post_tag","embeddable":true,"href":"https:\/\/hudo.com\/si\/wp-json\/wp\/v2\/tags?post=265297"},{"taxonomy":"source","embeddable":true,"href":"https:\/\/hudo.com\/si\/wp-json\/wp\/v2\/source?post=265297"},{"taxonomy":"supertag","embeddable":true,"href":"https:\/\/hudo.com\/si\/wp-json\/wp\/v2\/supertag?post=265297"}],"curies":[{"name":"wp","href":"https:\/\/api.w.org\/{rel}","templated":true}]}}