{"id":265318,"date":"2017-06-11T17:47:48","date_gmt":"2017-06-11T15:47:48","guid":{"rendered":"http:\/\/hudo.com\/si\/?p=265318"},"modified":"2017-06-11T17:47:48","modified_gmt":"2017-06-11T15:47:48","slug":"teroristicni-preplah-na-poletu-easyjeta-iz-ljubljane-najverjetneje-lazen","status":"publish","type":"post","link":"https:\/\/hudo.com\/si\/aktualno\/teroristicni-preplah-na-poletu-easyjeta-iz-ljubljane-najverjetneje-lazen\/","title":{"rendered":"Teroristi\u010dni preplah na poletu Easyjeta iz Ljubljane najverjetneje la\u017een"},"content":{"rendered":"<p>Vodja konzularne slu\u017ebe na slovenskem zunanjem ministrstvu Andrej \u0160ter je namre\u010d danes za STA povedal, da so prejeli informacijo nem\u0161ke policije, po kateri je po doslej znanih podatkih skoraj zagotovo mogo\u010de izklju\u010diti teroristi\u010dno ozadje.<\/p>\n<p>Kot je dejal, so zasli\u0161anja in pogovori s potniki pokazali, da so trije britanski dr\u017eavljani na letalu omenjali besede, ki so pri posadki upravi\u010deno vzbudile dvom o tem, ali je polet varen, zato se je pilot odlo\u010dil za zasilni pristanek.<\/p>\n<p>Po poro\u010danju agencij je bil namre\u010d let preusmerjen, ker so potniki sli\u0161ali pogovor, v katerem naj bi se omenjala beseda bomba oz. eksploziv. Ob tem pa naj bi imeli mo\u0161ki po navedbah o\u010dividcev tudi knjigo s sliko ostrostrelske pu\u0161ke na naslovnici.<\/p>\n<p>Po pristanku je nem\u0161ka zvezna policija z letala po re\u0161evalni dr\u010di evakuirala potnike. \u0160ter je pojasnil, da pri tem ni bil nih\u010de ogro\u017een, pri izstopu iz letala pa se je ena \u017eenska la\u017eje po\u0161kodovala.<\/p>\n<p>Nem\u0161ka in francoska tiskovna agencija sta poro\u010dali, da so trije pridr\u017eani britanski dr\u017eavljani, stari 31, 38 in 48 let, nih\u010de od njih pa pred tem ni bil znan varnostnim slu\u017ebam.<\/p>\n<p>Mo\u0161ki naj ne bi bili povezani z islamisti\u010dnimi skupinami in nimajo policijskih kartotek. Uni\u010deni nahrbtnik je po navedbah nem\u0161ke tiskovne agencije dpa pripadal 48-letniku. Sicer pa policija na krovu letala ni na\u0161la eksploziva.<\/p>\n<p>Zaradi dogajanja so v soboto ob pribli\u017eno 19. uri tudi zaustavili promet na letali\u0161\u010du, okoli 22. ure pa so ga spet vzpostavili. V tem \u010dasu je bilo preusmerjenih 10 letov, 20 letal pa je vzletelo z zamudo.<\/p>\n<p>V dru\u017ebi Fraport Slovenija so pojasnili, da so slovenski policiji in tujim pristojnim slu\u017ebam takoj posredovali vse razpolo\u017eljive informacije o podrobnostih leta. Kot so zapisali, je bilo letalo z letali\u0161\u010da odpravljeno brez posebnosti, vsi potniki in prtljaga pa glede na doslej preverjene informacije pregledani v skladu z uveljavljenimi in zahtevanimi procedurami.<\/p>\n<p>Da so slu\u017ebe na letali\u0161\u010du upo\u0161tevale vse varnostne predpise, je po dana\u0161njem sestanku odgovornih slu\u017eb na brni\u0161kem letali\u0161\u010du dejal tudi dr\u017eavni sekretar ministrstva za infrastrukturo Jure Leben.<\/p>\n<p>&#8220;Na sestanku so vsi predstavili varnostne ukrepe, ki so jih upo\u0161tevali pred poletom letala. Odzvale so se vse slu\u017ebe, vse slu\u017ebe aktivno sodelujejo z nem\u0161kimi organi, tudi z na\u0161e strani smo se odzvali. Ko bo preiskava kon\u010dana, bomo javnost seznanili, kaj se je dejansko na letu dogajalo,&#8221; je povedal Leben.<\/p>\n<p>Ob tem je v izjavi za medije posebej pozval potnike, naj sledijo navodilom varnostnih slu\u017eb in se distancirajo od izrazov in komentarjev, povezanih s terorizmom.<\/p>\n<p>Vodja slu\u017ebe za varnost in za\u0161\u010dito za ljubljanskem letali\u0161\u010du Du\u0161an Sofri\u010d je poudaril, da pred sobotnim letom niso opazili nobenih posebnosti: &#8220;Vse ukrepe v povezavi s potniki in njihovo ro\u010dno in oddano prtljago smo izvedli kot dan prej in v preteklosti. Nobenega suma, da bi bilo kaj narobe s prtljago, ni bilo.&#8221;<\/p>\n<p>&#8220;Zakaj je kabinsko osebje ukrepalo kot je? Verjetno so imeli mo\u010dne razloge. Te\u017eko komentiram, kaj so sli\u0161ali in na osnovi \u010desa so se odlo\u010dili. \u010ce pomislite, kaj se dogaja v Veliki Britaniji, in v lu\u010di dogodkov je to razumljivo,&#8221; je \u0161e menil Sofri\u010d.<\/p>\n<p>Direktor javne agencije za civilno letalstvo Rok Marolt pa je povedal, da so razmere pod nadzorom in da ni razlogov za preplah. O tem pri\u010da tudi poro\u010dilo Evropske komisije, ki je septembra lani opravila nadzor nad varovanjem na letali\u0161\u010du Ljubljana, je dodal.<\/p>\n<p>&#8220;Mislim, da so zadeve varne, absolutne varnosti ni. Vsi ukrepi, ki jih izvaja letali\u0161\u010de Ljubljana, so v skladu z vsemi veljavnimi procedurami in zakonodajo. Ni razloga za strah, alarm. Posebno pozornost v teh \u010dasih namenjamo letalski varnosti in izvajamo izredno \u0161tevilo nadzorov, ki niso pokazali nepravilnosti,&#8221; je pomirjal Marolt. Sobotni dogodek po njegovih besedah ka\u017ee, da so letalske dru\u017ebe pripravljene, postopki pa izdelani in \u010dasu primerni, &#8220;torej zelo strogi&#8221;.<\/p>\n<p>Kdo bo nosil stro\u0161ke incidenta, ko je v K\u00f6lnu obstalo celotno letali\u0161\u010de, \u0161e ne vedo natan\u010dno. Marolt meni, da bi jih morali nositi potniki, a dodaja: &#8220;Verjetno bodo stro\u0161ke morali nositi Easyjet, letali\u0161\u010de K\u00f6ln in ostali prevozniki, ki niso mogli opraviti letov.&#8221;<\/p>\n","protected":false},"excerpt":{"rendered":"<p>Let britanskega nizkocenovnega prevoznika Easyjet iz Ljubljane v London je bil v soboto zve\u010der zaradi bombnega preplaha preusmerjen na letali\u0161\u010de K\u00f6lln\/Bonn. Nem\u0161ka policija je po pristanku kontrolirano razstrelila sumljiv nahrbtnik ter pridr\u017eala tri britanske dr\u017eavljane. Dosedanja preiskava pa ka\u017ee, da je verjetno \u0161lo za la\u017eni alarm.<\/p>\n","protected":false},"author":8,"featured_media":142144,"comment_status":"closed","ping_status":"closed","sticky":false,"template":"","format":"standard","meta":{"footnotes":""},"categories":[1179],"tags":[4688,7216,1595,2346],"source":[4511],"supertag":[7150],"acf":[],"yoast_head":"<!-- This site is optimized with the Yoast SEO plugin v21.3 - https:\/\/yoast.com\/wordpress\/plugins\/seo\/ -->\n<title>Teroristi\u010dni preplah na poletu Easyjeta iz Ljubljane najverjetneje la\u017een - Hudo Slovenija<\/title>\n<meta name=\"robots\" content=\"index, follow, max-snippet:-1, max-image-preview:large, max-video-preview:-1\" \/>\n<link rel=\"canonical\" href=\"https:\/\/hudo.com\/si\/aktualno\/teroristicni-preplah-na-poletu-easyjeta-iz-ljubljane-najverjetneje-lazen\/\" \/>\n<meta property=\"og:locale\" content=\"sl_SI\" \/>\n<meta property=\"og:type\" content=\"article\" \/>\n<meta property=\"og:title\" content=\"Teroristi\u010dni preplah na poletu Easyjeta iz Ljubljane najverjetneje la\u017een - Hudo Slovenija\" \/>\n<meta property=\"og:description\" content=\"Let britanskega nizkocenovnega prevoznika Easyjet iz Ljubljane v London je bil v soboto zve\u010der zaradi bombnega preplaha preusmerjen na letali\u0161\u010de K\u00f6lln\/Bonn. Nem\u0161ka policija je po pristanku kontrolirano razstrelila sumljiv nahrbtnik ter pridr\u017eala tri britanske dr\u017eavljane. Dosedanja preiskava pa ka\u017ee, da je verjetno \u0161lo za la\u017eni alarm.\" \/>\n<meta property=\"og:url\" content=\"https:\/\/hudo.com\/si\/aktualno\/teroristicni-preplah-na-poletu-easyjeta-iz-ljubljane-najverjetneje-lazen\/\" \/>\n<meta property=\"og:site_name\" content=\"Hudo Slovenija\" \/>\n<meta property=\"article:publisher\" content=\"https:\/\/www.facebook.com\/hudo.si\" \/>\n<meta property=\"article:published_time\" content=\"2017-06-11T15:47:48+00:00\" \/>\n<meta property=\"og:image\" content=\"https:\/\/hudo.com\/si\/wp-content\/uploads\/sites\/2\/2016\/09\/profimedia-0261591564.jpg\" \/>\n\t<meta property=\"og:image:width\" content=\"1250\" \/>\n\t<meta property=\"og:image:height\" content=\"833\" \/>\n\t<meta property=\"og:image:type\" content=\"image\/jpeg\" \/>\n<meta name=\"author\" content=\"M. N., STA\" \/>\n<meta name=\"twitter:card\" content=\"summary_large_image\" \/>\n<meta name=\"twitter:creator\" content=\"@hudo_si\" \/>\n<meta name=\"twitter:site\" content=\"@hudo_si\" \/>\n<meta name=\"twitter:label1\" content=\"Written by\" \/>\n\t<meta name=\"twitter:data1\" content=\"M. N., STA\" \/>\n\t<meta name=\"twitter:label2\" content=\"Est. reading time\" \/>\n\t<meta name=\"twitter:data2\" content=\"4 minute\" \/>\n<script type=\"application\/ld+json\" class=\"yoast-schema-graph\">{\"@context\":\"https:\/\/schema.org\",\"@graph\":[{\"@type\":\"Article\",\"@id\":\"https:\/\/hudo.com\/si\/aktualno\/teroristicni-preplah-na-poletu-easyjeta-iz-ljubljane-najverjetneje-lazen\/#article\",\"isPartOf\":{\"@id\":\"https:\/\/hudo.com\/si\/aktualno\/teroristicni-preplah-na-poletu-easyjeta-iz-ljubljane-najverjetneje-lazen\/\"},\"author\":{\"name\":\"M. N., STA\",\"@id\":\"https:\/\/hudo.com\/si\/#\/schema\/person\/c2f10ce65d2e6ede2aeda5be2a0611fa\"},\"headline\":\"Teroristi\u010dni preplah na poletu Easyjeta iz Ljubljane najverjetneje la\u017een\",\"datePublished\":\"2017-06-11T15:47:48+00:00\",\"dateModified\":\"2017-06-11T15:47:48+00:00\",\"mainEntityOfPage\":{\"@id\":\"https:\/\/hudo.com\/si\/aktualno\/teroristicni-preplah-na-poletu-easyjeta-iz-ljubljane-najverjetneje-lazen\/\"},\"wordCount\":730,\"publisher\":{\"@id\":\"https:\/\/hudo.com\/si\/#organization\"},\"keywords\":[\"\u010drna kronika\",\"easyjet\",\"Slovenija\",\"terorizem\"],\"articleSection\":[\"Aktualno\"],\"inLanguage\":\"sl-SI\"},{\"@type\":\"WebPage\",\"@id\":\"https:\/\/hudo.com\/si\/aktualno\/teroristicni-preplah-na-poletu-easyjeta-iz-ljubljane-najverjetneje-lazen\/\",\"url\":\"https:\/\/hudo.com\/si\/aktualno\/teroristicni-preplah-na-poletu-easyjeta-iz-ljubljane-najverjetneje-lazen\/\",\"name\":\"Teroristi\u010dni preplah na poletu Easyjeta iz Ljubljane najverjetneje la\u017een - Hudo Slovenija\",\"isPartOf\":{\"@id\":\"https:\/\/hudo.com\/si\/#website\"},\"datePublished\":\"2017-06-11T15:47:48+00:00\",\"dateModified\":\"2017-06-11T15:47:48+00:00\",\"breadcrumb\":{\"@id\":\"https:\/\/hudo.com\/si\/aktualno\/teroristicni-preplah-na-poletu-easyjeta-iz-ljubljane-najverjetneje-lazen\/#breadcrumb\"},\"inLanguage\":\"sl-SI\",\"potentialAction\":[{\"@type\":\"ReadAction\",\"target\":[\"https:\/\/hudo.com\/si\/aktualno\/teroristicni-preplah-na-poletu-easyjeta-iz-ljubljane-najverjetneje-lazen\/\"]}]},{\"@type\":\"BreadcrumbList\",\"@id\":\"https:\/\/hudo.com\/si\/aktualno\/teroristicni-preplah-na-poletu-easyjeta-iz-ljubljane-najverjetneje-lazen\/#breadcrumb\",\"itemListElement\":[{\"@type\":\"ListItem\",\"position\":1,\"name\":\"Home\",\"item\":\"https:\/\/hudo.com\/si\/\"},{\"@type\":\"ListItem\",\"position\":2,\"name\":\"Teroristi\u010dni preplah na poletu Easyjeta iz Ljubljane najverjetneje la\u017een\"}]},{\"@type\":\"WebSite\",\"@id\":\"https:\/\/hudo.com\/si\/#website\",\"url\":\"https:\/\/hudo.com\/si\/\",\"name\":\"Hudo Slovenija\",\"description\":\"Vse novice iz Slovenije in sveta\",\"publisher\":{\"@id\":\"https:\/\/hudo.com\/si\/#organization\"},\"potentialAction\":[{\"@type\":\"SearchAction\",\"target\":{\"@type\":\"EntryPoint\",\"urlTemplate\":\"https:\/\/hudo.com\/si\/?s={search_term_string}\"},\"query-input\":\"required name=search_term_string\"}],\"inLanguage\":\"sl-SI\"},{\"@type\":\"Organization\",\"@id\":\"https:\/\/hudo.com\/si\/#organization\",\"name\":\"VSN Media\",\"url\":\"https:\/\/hudo.com\/si\/\",\"logo\":{\"@type\":\"ImageObject\",\"inLanguage\":\"sl-SI\",\"@id\":\"https:\/\/hudo.com\/si\/#\/schema\/logo\/image\/\",\"url\":\"https:\/\/hudo.com\/si\/wp-content\/uploads\/sites\/2\/2021\/03\/hudo-app-2.png\",\"contentUrl\":\"https:\/\/hudo.com\/si\/wp-content\/uploads\/sites\/2\/2021\/03\/hudo-app-2.png\",\"width\":2185,\"height\":2167,\"caption\":\"VSN Media\"},\"image\":{\"@id\":\"https:\/\/hudo.com\/si\/#\/schema\/logo\/image\/\"},\"sameAs\":[\"https:\/\/www.facebook.com\/hudo.si\",\"https:\/\/twitter.com\/hudo_si\"]},{\"@type\":\"Person\",\"@id\":\"https:\/\/hudo.com\/si\/#\/schema\/person\/c2f10ce65d2e6ede2aeda5be2a0611fa\",\"name\":\"M. N., STA\",\"image\":{\"@type\":\"ImageObject\",\"inLanguage\":\"sl-SI\",\"@id\":\"https:\/\/hudo.com\/si\/#\/schema\/person\/image\/\",\"url\":\"https:\/\/secure.gravatar.com\/avatar\/f370d38daa10467f755c5c766a4cac20?s=96&d=mm&r=g\",\"contentUrl\":\"https:\/\/secure.gravatar.com\/avatar\/f370d38daa10467f755c5c766a4cac20?s=96&d=mm&r=g\",\"caption\":\"M. N., STA\"},\"url\":\"https:\/\/hudo.com\/si\/author\/mana\/\"}]}<\/script>\n<!-- \/ Yoast SEO plugin. -->","yoast_head_json":{"title":"Teroristi\u010dni preplah na poletu Easyjeta iz Ljubljane najverjetneje la\u017een - Hudo Slovenija","robots":{"index":"index","follow":"follow","max-snippet":"max-snippet:-1","max-image-preview":"max-image-preview:large","max-video-preview":"max-video-preview:-1"},"canonical":"https:\/\/hudo.com\/si\/aktualno\/teroristicni-preplah-na-poletu-easyjeta-iz-ljubljane-najverjetneje-lazen\/","og_locale":"sl_SI","og_type":"article","og_title":"Teroristi\u010dni preplah na poletu Easyjeta iz Ljubljane najverjetneje la\u017een - Hudo Slovenija","og_description":"Let britanskega nizkocenovnega prevoznika Easyjet iz Ljubljane v London je bil v soboto zve\u010der zaradi bombnega preplaha preusmerjen na letali\u0161\u010de K\u00f6lln\/Bonn. Nem\u0161ka policija je po pristanku kontrolirano razstrelila sumljiv nahrbtnik ter pridr\u017eala tri britanske dr\u017eavljane. Dosedanja preiskava pa ka\u017ee, da je verjetno \u0161lo za la\u017eni alarm.","og_url":"https:\/\/hudo.com\/si\/aktualno\/teroristicni-preplah-na-poletu-easyjeta-iz-ljubljane-najverjetneje-lazen\/","og_site_name":"Hudo Slovenija","article_publisher":"https:\/\/www.facebook.com\/hudo.si","article_published_time":"2017-06-11T15:47:48+00:00","og_image":[{"width":1250,"height":833,"url":"https:\/\/hudo.com\/si\/wp-content\/uploads\/sites\/2\/2016\/09\/profimedia-0261591564.jpg","type":"image\/jpeg"}],"author":"M. N., STA","twitter_card":"summary_large_image","twitter_creator":"@hudo_si","twitter_site":"@hudo_si","twitter_misc":{"Written by":"M. N., STA","Est. reading time":"4 minute"},"schema":{"@context":"https:\/\/schema.org","@graph":[{"@type":"Article","@id":"https:\/\/hudo.com\/si\/aktualno\/teroristicni-preplah-na-poletu-easyjeta-iz-ljubljane-najverjetneje-lazen\/#article","isPartOf":{"@id":"https:\/\/hudo.com\/si\/aktualno\/teroristicni-preplah-na-poletu-easyjeta-iz-ljubljane-najverjetneje-lazen\/"},"author":{"name":"M. N., STA","@id":"https:\/\/hudo.com\/si\/#\/schema\/person\/c2f10ce65d2e6ede2aeda5be2a0611fa"},"headline":"Teroristi\u010dni preplah na poletu Easyjeta iz Ljubljane najverjetneje la\u017een","datePublished":"2017-06-11T15:47:48+00:00","dateModified":"2017-06-11T15:47:48+00:00","mainEntityOfPage":{"@id":"https:\/\/hudo.com\/si\/aktualno\/teroristicni-preplah-na-poletu-easyjeta-iz-ljubljane-najverjetneje-lazen\/"},"wordCount":730,"publisher":{"@id":"https:\/\/hudo.com\/si\/#organization"},"keywords":["\u010drna kronika","easyjet","Slovenija","terorizem"],"articleSection":["Aktualno"],"inLanguage":"sl-SI"},{"@type":"WebPage","@id":"https:\/\/hudo.com\/si\/aktualno\/teroristicni-preplah-na-poletu-easyjeta-iz-ljubljane-najverjetneje-lazen\/","url":"https:\/\/hudo.com\/si\/aktualno\/teroristicni-preplah-na-poletu-easyjeta-iz-ljubljane-najverjetneje-lazen\/","name":"Teroristi\u010dni preplah na poletu Easyjeta iz Ljubljane najverjetneje la\u017een - Hudo Slovenija","isPartOf":{"@id":"https:\/\/hudo.com\/si\/#website"},"datePublished":"2017-06-11T15:47:48+00:00","dateModified":"2017-06-11T15:47:48+00:00","breadcrumb":{"@id":"https:\/\/hudo.com\/si\/aktualno\/teroristicni-preplah-na-poletu-easyjeta-iz-ljubljane-najverjetneje-lazen\/#breadcrumb"},"inLanguage":"sl-SI","potentialAction":[{"@type":"ReadAction","target":["https:\/\/hudo.com\/si\/aktualno\/teroristicni-preplah-na-poletu-easyjeta-iz-ljubljane-najverjetneje-lazen\/"]}]},{"@type":"BreadcrumbList","@id":"https:\/\/hudo.com\/si\/aktualno\/teroristicni-preplah-na-poletu-easyjeta-iz-ljubljane-najverjetneje-lazen\/#breadcrumb","itemListElement":[{"@type":"ListItem","position":1,"name":"Home","item":"https:\/\/hudo.com\/si\/"},{"@type":"ListItem","position":2,"name":"Teroristi\u010dni preplah na poletu Easyjeta iz Ljubljane najverjetneje la\u017een"}]},{"@type":"WebSite","@id":"https:\/\/hudo.com\/si\/#website","url":"https:\/\/hudo.com\/si\/","name":"Hudo Slovenija","description":"Vse novice iz Slovenije in sveta","publisher":{"@id":"https:\/\/hudo.com\/si\/#organization"},"potentialAction":[{"@type":"SearchAction","target":{"@type":"EntryPoint","urlTemplate":"https:\/\/hudo.com\/si\/?s={search_term_string}"},"query-input":"required name=search_term_string"}],"inLanguage":"sl-SI"},{"@type":"Organization","@id":"https:\/\/hudo.com\/si\/#organization","name":"VSN Media","url":"https:\/\/hudo.com\/si\/","logo":{"@type":"ImageObject","inLanguage":"sl-SI","@id":"https:\/\/hudo.com\/si\/#\/schema\/logo\/image\/","url":"https:\/\/hudo.com\/si\/wp-content\/uploads\/sites\/2\/2021\/03\/hudo-app-2.png","contentUrl":"https:\/\/hudo.com\/si\/wp-content\/uploads\/sites\/2\/2021\/03\/hudo-app-2.png","width":2185,"height":2167,"caption":"VSN Media"},"image":{"@id":"https:\/\/hudo.com\/si\/#\/schema\/logo\/image\/"},"sameAs":["https:\/\/www.facebook.com\/hudo.si","https:\/\/twitter.com\/hudo_si"]},{"@type":"Person","@id":"https:\/\/hudo.com\/si\/#\/schema\/person\/c2f10ce65d2e6ede2aeda5be2a0611fa","name":"M. N., STA","image":{"@type":"ImageObject","inLanguage":"sl-SI","@id":"https:\/\/hudo.com\/si\/#\/schema\/person\/image\/","url":"https:\/\/secure.gravatar.com\/avatar\/f370d38daa10467f755c5c766a4cac20?s=96&d=mm&r=g","contentUrl":"https:\/\/secure.gravatar.com\/avatar\/f370d38daa10467f755c5c766a4cac20?s=96&d=mm&r=g","caption":"M. N., STA"},"url":"https:\/\/hudo.com\/si\/author\/mana\/"}]}},"amp_enabled":true,"_links":{"self":[{"href":"https:\/\/hudo.com\/si\/wp-json\/wp\/v2\/posts\/265318"}],"collection":[{"href":"https:\/\/hudo.com\/si\/wp-json\/wp\/v2\/posts"}],"about":[{"href":"https:\/\/hudo.com\/si\/wp-json\/wp\/v2\/types\/post"}],"author":[{"embeddable":true,"href":"https:\/\/hudo.com\/si\/wp-json\/wp\/v2\/users\/8"}],"replies":[{"embeddable":true,"href":"https:\/\/hudo.com\/si\/wp-json\/wp\/v2\/comments?post=265318"}],"version-history":[{"count":1,"href":"https:\/\/hudo.com\/si\/wp-json\/wp\/v2\/posts\/265318\/revisions"}],"predecessor-version":[{"id":265319,"href":"https:\/\/hudo.com\/si\/wp-json\/wp\/v2\/posts\/265318\/revisions\/265319"}],"wp:featuredmedia":[{"embeddable":true,"href":"https:\/\/hudo.com\/si\/wp-json\/wp\/v2\/media\/142144"}],"wp:attachment":[{"href":"https:\/\/hudo.com\/si\/wp-json\/wp\/v2\/media?parent=265318"}],"wp:term":[{"taxonomy":"category","embeddable":true,"href":"https:\/\/hudo.com\/si\/wp-json\/wp\/v2\/categories?post=265318"},{"taxonomy":"post_tag","embeddable":true,"href":"https:\/\/hudo.com\/si\/wp-json\/wp\/v2\/tags?post=265318"},{"taxonomy":"source","embeddable":true,"href":"https:\/\/hudo.com\/si\/wp-json\/wp\/v2\/source?post=265318"},{"taxonomy":"supertag","embeddable":true,"href":"https:\/\/hudo.com\/si\/wp-json\/wp\/v2\/supertag?post=265318"}],"curies":[{"name":"wp","href":"https:\/\/api.w.org\/{rel}","templated":true}]}}