{"id":26532,"date":"2016-04-11T09:30:00","date_gmt":"2016-04-11T07:30:00","guid":{"rendered":"http:\/\/hudo.com\/si\/2016\/04\/11\/v-glavi-ze-imela-crne-misli-in-ognjemet\/"},"modified":"2016-04-12T05:06:34","modified_gmt":"2016-04-12T03:06:34","slug":"v-glavi-ze-imela-crne-misli-in-ognjemet","status":"publish","type":"post","link":"https:\/\/hudo.com\/si\/aktualno\/v-glavi-ze-imela-crne-misli-in-ognjemet\/","title":{"rendered":"V glavi \u017ee imela \u010drne misli in ognjemet"},"content":{"rendered":"<p>Kategorija: Zimski Mon, 11 Apr 2016 11:30:00 +0200  Ljubljana \u2013 Mnogo padcev in po\u0161kodb ima Maru\u0161a Ferk za seboj v karieri, \u017ee samo v tej sezoni jih je na\u0161tela 15 huj\u0161ih. Eden takih padcev se ji je zgodil na za\u010detku zime v Lake Louise. Ko je visela v mre\u017ei, se ji je v glavi \u017ee odvrtel film o novem okrevanju, spra\u0161evala se je, ali sploh \u0161e ima smisel vztrajati. A se je k sre\u010di lahko pobrala in za\u010dela eno svojih bolj\u0161ih sezon. Ko se je te dni ozirala nazaj na tekmovalno zimo, je dejala, da \u0161e nobene doslej ni do\u017eivljala tako \u010dustveno. Padci so naredili svoje in ko se je v Val d&#8217;Iseru najprej spopadla s te\u017ekim smukom, na katerem si je leto prej zlomila nogo, nato pa navdu\u0161ila \u0161e v slalomu, so bili naenkrat popla\u010dani vsi tisti trenutki,\u00a0&#8230;<\/p>\n","protected":false},"excerpt":{"rendered":"<p>Kategorija: Zimski Mon, 11 Apr 2016 11:30:00 +0200  Ljubljana \u2013 Mnogo padcev in po\u0161kodb ima Maru\u0161a Ferk za seboj v karieri, \u017ee samo v tej sezoni jih je na\u0161tela 15 huj\u0161ih. Eden takih padcev se ji je zgodil na za\u010detku zime v Lake Louise. Ko je visela v mre\u017ei, se ji je v glavi \u017ee odvrtel film o novem okrevanju, spra\u0161evala se je, ali sploh \u0161e ima smisel vztrajati. A se je k sre\u010di lahko pobrala in za\u010dela eno svojih bolj\u0161ih sezon. Ko se je te dni ozirala nazaj na tekmovalno zimo, je dejala, da \u0161e nobene doslej ni do\u017eivljala tako \u010dustveno. Padci so naredili svoje in ko se je v Val d&#8217;Iseru najprej spopadla s te\u017ekim smukom, na katerem si je leto prej zlomila nogo, nato pa navdu\u0161ila \u0161e v slalomu, so bili naenkrat popla\u010dani vsi tisti trenutki,\u00a0&#8230;<\/p>\n","protected":false},"author":1,"featured_media":0,"comment_status":"closed","ping_status":"closed","sticky":false,"template":"","format":"standard","meta":{"footnotes":""},"categories":[1179],"tags":[],"source":[4511],"supertag":[],"acf":[],"yoast_head":"<!-- This site is optimized with the Yoast SEO plugin v21.3 - https:\/\/yoast.com\/wordpress\/plugins\/seo\/ -->\n<title>V glavi \u017ee imela \u010drne misli in ognjemet - Hudo Slovenija<\/title>\n<meta name=\"robots\" content=\"index, follow, max-snippet:-1, max-image-preview:large, max-video-preview:-1\" \/>\n<link rel=\"canonical\" href=\"https:\/\/hudo.com\/si\/aktualno\/v-glavi-ze-imela-crne-misli-in-ognjemet\/\" \/>\n<meta property=\"og:locale\" content=\"sl_SI\" \/>\n<meta property=\"og:type\" content=\"article\" \/>\n<meta property=\"og:title\" content=\"V glavi \u017ee imela \u010drne misli in ognjemet - Hudo Slovenija\" \/>\n<meta property=\"og:description\" content=\"Kategorija: Zimski Mon, 11 Apr 2016 11:30:00 +0200 Ljubljana \u2013 Mnogo padcev in po\u0161kodb ima Maru\u0161a Ferk za seboj v karieri, \u017ee samo v tej sezoni jih je na\u0161tela 15 huj\u0161ih. Eden takih padcev se ji je zgodil na za\u010detku zime v Lake Louise. Ko je visela v mre\u017ei, se ji je v glavi \u017ee odvrtel film o novem okrevanju, spra\u0161evala se je, ali sploh \u0161e ima smisel vztrajati. A se je k sre\u010di lahko pobrala in za\u010dela eno svojih bolj\u0161ih sezon. Ko se je te dni ozirala nazaj na tekmovalno zimo, je dejala, da \u0161e nobene doslej ni do\u017eivljala tako \u010dustveno. Padci so naredili svoje in ko se je v Val d&#039;Iseru najprej spopadla s te\u017ekim smukom, na katerem si je leto prej zlomila nogo, nato pa navdu\u0161ila \u0161e v slalomu, so bili naenkrat popla\u010dani vsi tisti trenutki,\u00a0...\" \/>\n<meta property=\"og:url\" content=\"https:\/\/hudo.com\/si\/aktualno\/v-glavi-ze-imela-crne-misli-in-ognjemet\/\" \/>\n<meta property=\"og:site_name\" content=\"Hudo Slovenija\" \/>\n<meta property=\"article:publisher\" content=\"https:\/\/www.facebook.com\/hudo.si\" \/>\n<meta property=\"article:published_time\" content=\"2016-04-11T07:30:00+00:00\" \/>\n<meta property=\"article:modified_time\" content=\"2016-04-12T03:06:34+00:00\" \/>\n<meta property=\"og:image\" content=\"https:\/\/hudo.com\/si\/wp-content\/uploads\/sites\/2\/2016\/04\/480x290_Sport__djvu_1829136_levstek_hires0.jpeg\" \/>\n\t<meta property=\"og:image:width\" content=\"480\" \/>\n\t<meta property=\"og:image:height\" content=\"290\" \/>\n\t<meta property=\"og:image:type\" content=\"image\/jpeg\" \/>\n<meta name=\"author\" content=\"hudo\" \/>\n<meta name=\"twitter:card\" content=\"summary_large_image\" \/>\n<meta name=\"twitter:creator\" content=\"@hudo_si\" \/>\n<meta name=\"twitter:site\" content=\"@hudo_si\" \/>\n<meta name=\"twitter:label1\" content=\"Written by\" \/>\n\t<meta name=\"twitter:data1\" content=\"hudo\" \/>\n\t<meta name=\"twitter:label2\" content=\"Est. reading time\" \/>\n\t<meta name=\"twitter:data2\" content=\"1 minuta\" \/>\n<script type=\"application\/ld+json\" class=\"yoast-schema-graph\">{\"@context\":\"https:\/\/schema.org\",\"@graph\":[{\"@type\":\"Article\",\"@id\":\"https:\/\/hudo.com\/si\/aktualno\/v-glavi-ze-imela-crne-misli-in-ognjemet\/#article\",\"isPartOf\":{\"@id\":\"https:\/\/hudo.com\/si\/aktualno\/v-glavi-ze-imela-crne-misli-in-ognjemet\/\"},\"author\":{\"name\":\"hudo\",\"@id\":\"https:\/\/hudo.com\/si\/#\/schema\/person\/601cf3379633985b20f7e50f2bb47707\"},\"headline\":\"V glavi \u017ee imela \u010drne misli in ognjemet\",\"datePublished\":\"2016-04-11T07:30:00+00:00\",\"dateModified\":\"2016-04-12T03:06:34+00:00\",\"mainEntityOfPage\":{\"@id\":\"https:\/\/hudo.com\/si\/aktualno\/v-glavi-ze-imela-crne-misli-in-ognjemet\/\"},\"wordCount\":155,\"publisher\":{\"@id\":\"https:\/\/hudo.com\/si\/#organization\"},\"articleSection\":[\"Aktualno\"],\"inLanguage\":\"sl-SI\"},{\"@type\":\"WebPage\",\"@id\":\"https:\/\/hudo.com\/si\/aktualno\/v-glavi-ze-imela-crne-misli-in-ognjemet\/\",\"url\":\"https:\/\/hudo.com\/si\/aktualno\/v-glavi-ze-imela-crne-misli-in-ognjemet\/\",\"name\":\"V glavi \u017ee imela \u010drne misli in ognjemet - Hudo Slovenija\",\"isPartOf\":{\"@id\":\"https:\/\/hudo.com\/si\/#website\"},\"datePublished\":\"2016-04-11T07:30:00+00:00\",\"dateModified\":\"2016-04-12T03:06:34+00:00\",\"breadcrumb\":{\"@id\":\"https:\/\/hudo.com\/si\/aktualno\/v-glavi-ze-imela-crne-misli-in-ognjemet\/#breadcrumb\"},\"inLanguage\":\"sl-SI\",\"potentialAction\":[{\"@type\":\"ReadAction\",\"target\":[\"https:\/\/hudo.com\/si\/aktualno\/v-glavi-ze-imela-crne-misli-in-ognjemet\/\"]}]},{\"@type\":\"BreadcrumbList\",\"@id\":\"https:\/\/hudo.com\/si\/aktualno\/v-glavi-ze-imela-crne-misli-in-ognjemet\/#breadcrumb\",\"itemListElement\":[{\"@type\":\"ListItem\",\"position\":1,\"name\":\"Home\",\"item\":\"https:\/\/hudo.com\/si\/\"},{\"@type\":\"ListItem\",\"position\":2,\"name\":\"V glavi \u017ee imela \u010drne misli in ognjemet\"}]},{\"@type\":\"WebSite\",\"@id\":\"https:\/\/hudo.com\/si\/#website\",\"url\":\"https:\/\/hudo.com\/si\/\",\"name\":\"Hudo Slovenija\",\"description\":\"Vse novice iz Slovenije in sveta\",\"publisher\":{\"@id\":\"https:\/\/hudo.com\/si\/#organization\"},\"potentialAction\":[{\"@type\":\"SearchAction\",\"target\":{\"@type\":\"EntryPoint\",\"urlTemplate\":\"https:\/\/hudo.com\/si\/?s={search_term_string}\"},\"query-input\":\"required name=search_term_string\"}],\"inLanguage\":\"sl-SI\"},{\"@type\":\"Organization\",\"@id\":\"https:\/\/hudo.com\/si\/#organization\",\"name\":\"VSN Media\",\"url\":\"https:\/\/hudo.com\/si\/\",\"logo\":{\"@type\":\"ImageObject\",\"inLanguage\":\"sl-SI\",\"@id\":\"https:\/\/hudo.com\/si\/#\/schema\/logo\/image\/\",\"url\":\"https:\/\/hudo.com\/si\/wp-content\/uploads\/sites\/2\/2021\/03\/hudo-app-2.png\",\"contentUrl\":\"https:\/\/hudo.com\/si\/wp-content\/uploads\/sites\/2\/2021\/03\/hudo-app-2.png\",\"width\":2185,\"height\":2167,\"caption\":\"VSN Media\"},\"image\":{\"@id\":\"https:\/\/hudo.com\/si\/#\/schema\/logo\/image\/\"},\"sameAs\":[\"https:\/\/www.facebook.com\/hudo.si\",\"https:\/\/twitter.com\/hudo_si\"]},{\"@type\":\"Person\",\"@id\":\"https:\/\/hudo.com\/si\/#\/schema\/person\/601cf3379633985b20f7e50f2bb47707\",\"name\":\"hudo\",\"image\":{\"@type\":\"ImageObject\",\"inLanguage\":\"sl-SI\",\"@id\":\"https:\/\/hudo.com\/si\/#\/schema\/person\/image\/\",\"url\":\"https:\/\/secure.gravatar.com\/avatar\/c4ca25fa72cace7a696b52ff5db9e095?s=96&d=mm&r=g\",\"contentUrl\":\"https:\/\/secure.gravatar.com\/avatar\/c4ca25fa72cace7a696b52ff5db9e095?s=96&d=mm&r=g\",\"caption\":\"hudo\"},\"url\":\"https:\/\/hudo.com\/si\/author\/hudo\/\"}]}<\/script>\n<!-- \/ Yoast SEO plugin. -->","yoast_head_json":{"title":"V glavi \u017ee imela \u010drne misli in ognjemet - Hudo Slovenija","robots":{"index":"index","follow":"follow","max-snippet":"max-snippet:-1","max-image-preview":"max-image-preview:large","max-video-preview":"max-video-preview:-1"},"canonical":"https:\/\/hudo.com\/si\/aktualno\/v-glavi-ze-imela-crne-misli-in-ognjemet\/","og_locale":"sl_SI","og_type":"article","og_title":"V glavi \u017ee imela \u010drne misli in ognjemet - Hudo Slovenija","og_description":"Kategorija: Zimski Mon, 11 Apr 2016 11:30:00 +0200 Ljubljana \u2013 Mnogo padcev in po\u0161kodb ima Maru\u0161a Ferk za seboj v karieri, \u017ee samo v tej sezoni jih je na\u0161tela 15 huj\u0161ih. Eden takih padcev se ji je zgodil na za\u010detku zime v Lake Louise. Ko je visela v mre\u017ei, se ji je v glavi \u017ee odvrtel film o novem okrevanju, spra\u0161evala se je, ali sploh \u0161e ima smisel vztrajati. A se je k sre\u010di lahko pobrala in za\u010dela eno svojih bolj\u0161ih sezon. Ko se je te dni ozirala nazaj na tekmovalno zimo, je dejala, da \u0161e nobene doslej ni do\u017eivljala tako \u010dustveno. Padci so naredili svoje in ko se je v Val d'Iseru najprej spopadla s te\u017ekim smukom, na katerem si je leto prej zlomila nogo, nato pa navdu\u0161ila \u0161e v slalomu, so bili naenkrat popla\u010dani vsi tisti trenutki,\u00a0...","og_url":"https:\/\/hudo.com\/si\/aktualno\/v-glavi-ze-imela-crne-misli-in-ognjemet\/","og_site_name":"Hudo Slovenija","article_publisher":"https:\/\/www.facebook.com\/hudo.si","article_published_time":"2016-04-11T07:30:00+00:00","article_modified_time":"2016-04-12T03:06:34+00:00","og_image":[{"width":480,"height":290,"url":"https:\/\/hudo.com\/si\/wp-content\/uploads\/sites\/2\/2016\/04\/480x290_Sport__djvu_1829136_levstek_hires0.jpeg","type":"image\/jpeg"}],"author":"hudo","twitter_card":"summary_large_image","twitter_creator":"@hudo_si","twitter_site":"@hudo_si","twitter_misc":{"Written by":"hudo","Est. reading time":"1 minuta"},"schema":{"@context":"https:\/\/schema.org","@graph":[{"@type":"Article","@id":"https:\/\/hudo.com\/si\/aktualno\/v-glavi-ze-imela-crne-misli-in-ognjemet\/#article","isPartOf":{"@id":"https:\/\/hudo.com\/si\/aktualno\/v-glavi-ze-imela-crne-misli-in-ognjemet\/"},"author":{"name":"hudo","@id":"https:\/\/hudo.com\/si\/#\/schema\/person\/601cf3379633985b20f7e50f2bb47707"},"headline":"V glavi \u017ee imela \u010drne misli in ognjemet","datePublished":"2016-04-11T07:30:00+00:00","dateModified":"2016-04-12T03:06:34+00:00","mainEntityOfPage":{"@id":"https:\/\/hudo.com\/si\/aktualno\/v-glavi-ze-imela-crne-misli-in-ognjemet\/"},"wordCount":155,"publisher":{"@id":"https:\/\/hudo.com\/si\/#organization"},"articleSection":["Aktualno"],"inLanguage":"sl-SI"},{"@type":"WebPage","@id":"https:\/\/hudo.com\/si\/aktualno\/v-glavi-ze-imela-crne-misli-in-ognjemet\/","url":"https:\/\/hudo.com\/si\/aktualno\/v-glavi-ze-imela-crne-misli-in-ognjemet\/","name":"V glavi \u017ee imela \u010drne misli in ognjemet - Hudo Slovenija","isPartOf":{"@id":"https:\/\/hudo.com\/si\/#website"},"datePublished":"2016-04-11T07:30:00+00:00","dateModified":"2016-04-12T03:06:34+00:00","breadcrumb":{"@id":"https:\/\/hudo.com\/si\/aktualno\/v-glavi-ze-imela-crne-misli-in-ognjemet\/#breadcrumb"},"inLanguage":"sl-SI","potentialAction":[{"@type":"ReadAction","target":["https:\/\/hudo.com\/si\/aktualno\/v-glavi-ze-imela-crne-misli-in-ognjemet\/"]}]},{"@type":"BreadcrumbList","@id":"https:\/\/hudo.com\/si\/aktualno\/v-glavi-ze-imela-crne-misli-in-ognjemet\/#breadcrumb","itemListElement":[{"@type":"ListItem","position":1,"name":"Home","item":"https:\/\/hudo.com\/si\/"},{"@type":"ListItem","position":2,"name":"V glavi \u017ee imela \u010drne misli in ognjemet"}]},{"@type":"WebSite","@id":"https:\/\/hudo.com\/si\/#website","url":"https:\/\/hudo.com\/si\/","name":"Hudo Slovenija","description":"Vse novice iz Slovenije in sveta","publisher":{"@id":"https:\/\/hudo.com\/si\/#organization"},"potentialAction":[{"@type":"SearchAction","target":{"@type":"EntryPoint","urlTemplate":"https:\/\/hudo.com\/si\/?s={search_term_string}"},"query-input":"required name=search_term_string"}],"inLanguage":"sl-SI"},{"@type":"Organization","@id":"https:\/\/hudo.com\/si\/#organization","name":"VSN Media","url":"https:\/\/hudo.com\/si\/","logo":{"@type":"ImageObject","inLanguage":"sl-SI","@id":"https:\/\/hudo.com\/si\/#\/schema\/logo\/image\/","url":"https:\/\/hudo.com\/si\/wp-content\/uploads\/sites\/2\/2021\/03\/hudo-app-2.png","contentUrl":"https:\/\/hudo.com\/si\/wp-content\/uploads\/sites\/2\/2021\/03\/hudo-app-2.png","width":2185,"height":2167,"caption":"VSN Media"},"image":{"@id":"https:\/\/hudo.com\/si\/#\/schema\/logo\/image\/"},"sameAs":["https:\/\/www.facebook.com\/hudo.si","https:\/\/twitter.com\/hudo_si"]},{"@type":"Person","@id":"https:\/\/hudo.com\/si\/#\/schema\/person\/601cf3379633985b20f7e50f2bb47707","name":"hudo","image":{"@type":"ImageObject","inLanguage":"sl-SI","@id":"https:\/\/hudo.com\/si\/#\/schema\/person\/image\/","url":"https:\/\/secure.gravatar.com\/avatar\/c4ca25fa72cace7a696b52ff5db9e095?s=96&d=mm&r=g","contentUrl":"https:\/\/secure.gravatar.com\/avatar\/c4ca25fa72cace7a696b52ff5db9e095?s=96&d=mm&r=g","caption":"hudo"},"url":"https:\/\/hudo.com\/si\/author\/hudo\/"}]}},"amp_enabled":true,"_links":{"self":[{"href":"https:\/\/hudo.com\/si\/wp-json\/wp\/v2\/posts\/26532"}],"collection":[{"href":"https:\/\/hudo.com\/si\/wp-json\/wp\/v2\/posts"}],"about":[{"href":"https:\/\/hudo.com\/si\/wp-json\/wp\/v2\/types\/post"}],"author":[{"embeddable":true,"href":"https:\/\/hudo.com\/si\/wp-json\/wp\/v2\/users\/1"}],"replies":[{"embeddable":true,"href":"https:\/\/hudo.com\/si\/wp-json\/wp\/v2\/comments?post=26532"}],"version-history":[{"count":1,"href":"https:\/\/hudo.com\/si\/wp-json\/wp\/v2\/posts\/26532\/revisions"}],"predecessor-version":[{"id":26622,"href":"https:\/\/hudo.com\/si\/wp-json\/wp\/v2\/posts\/26532\/revisions\/26622"}],"wp:attachment":[{"href":"https:\/\/hudo.com\/si\/wp-json\/wp\/v2\/media?parent=26532"}],"wp:term":[{"taxonomy":"category","embeddable":true,"href":"https:\/\/hudo.com\/si\/wp-json\/wp\/v2\/categories?post=26532"},{"taxonomy":"post_tag","embeddable":true,"href":"https:\/\/hudo.com\/si\/wp-json\/wp\/v2\/tags?post=26532"},{"taxonomy":"source","embeddable":true,"href":"https:\/\/hudo.com\/si\/wp-json\/wp\/v2\/source?post=26532"},{"taxonomy":"supertag","embeddable":true,"href":"https:\/\/hudo.com\/si\/wp-json\/wp\/v2\/supertag?post=26532"}],"curies":[{"name":"wp","href":"https:\/\/api.w.org\/{rel}","templated":true}]}}