{"id":265952,"date":"2017-06-13T10:37:00","date_gmt":"2017-06-13T08:37:00","guid":{"rendered":"http:\/\/hudo.com\/si\/2017\/06\/13\/pri-atleticu-so-si-oddahnili-griezmann-ostaja-do-leta-2022\/"},"modified":"2017-06-13T10:37:00","modified_gmt":"2017-06-13T08:37:00","slug":"pri-atleticu-so-si-oddahnili-griezmann-ostaja-do-leta-2022","status":"publish","type":"post","link":"https:\/\/hudo.com\/si\/aktualno\/pri-atleticu-so-si-oddahnili-griezmann-ostaja-do-leta-2022\/","title":{"rendered":"Pri Atleticu so si oddahnili: Griezmann ostaja do leta 2022"},"content":{"rendered":"<p>Kategorija: Nogomet Tue, 13 Jun 2017 12:37:00 +0200  Madrid &#8211; Pri \u0161panskem nogometnem velikanu Atleticu Madridu, pri katerem si kruh slu\u017ei tudi slovenski reprezentan\u010dni \u010duvaj mre\u017ee Jan Oblak, si lahko oddahnejo, saj se je francoski ostrostrelec Antoine Griezmann odlo\u010dil, da bo majico dosedanjega delodajalca nosil (vsaj) \u0161e do leta 2022. Napadalec izbrane vrste \u00bbgalskih petelinov\u00ab je bil kajpak na muhi \u0161tevilnih uglednih evropskih kolektivov, denima Bayerna, Manchester Uniteda in drugih angle\u0161kih prvoliga\u0161ev, a se je odlo\u010dil ostati v Madridu. Vodstvo Atletica je nad njegovo potezo \u0161e toliko bolj navdu\u0161eno, saj mu je Mednarodno \u0161portno arbitra\u017eno razsodi\u0161\u010de (CAS) zaradi nepravilnosti pri prestopih med poletno \u00bbtr\u017enico\u00ab prepovedalo nakupe novih igralcev. Ranieri na klop Nantesa Nantes &#8211; Francoski nogometni prvoliga\u0161 Nantes je na trenerski stol\u010dek posadil zvene\u010de ime, nekdanjega Leicestrovega stratega, Italijana Claudia Ranierija, ki je obljubil dveletno zvestobo, vendar pa morata obe\u00a0&#8230;<\/p>\n","protected":false},"excerpt":{"rendered":"<p>Kategorija: Nogomet Tue, 13 Jun 2017 12:37:00 +0200  Madrid &#8211; Pri \u0161panskem nogometnem velikanu Atleticu Madridu, pri katerem si kruh slu\u017ei tudi slovenski reprezentan\u010dni \u010duvaj mre\u017ee Jan Oblak, si lahko oddahnejo, saj se je francoski ostrostrelec Antoine Griezmann odlo\u010dil, da bo majico dosedanjega delodajalca nosil (vsaj) \u0161e do leta 2022. Napadalec izbrane vrste \u00bbgalskih petelinov\u00ab je bil kajpak na muhi \u0161tevilnih uglednih evropskih kolektivov, denima Bayerna, Manchester Uniteda in drugih angle\u0161kih prvoliga\u0161ev, a se je odlo\u010dil ostati v Madridu. Vodstvo Atletica je nad njegovo potezo \u0161e toliko bolj navdu\u0161eno, saj mu je Mednarodno \u0161portno arbitra\u017eno razsodi\u0161\u010de (CAS) zaradi nepravilnosti pri prestopih med poletno \u00bbtr\u017enico\u00ab prepovedalo nakupe novih igralcev. Ranieri na klop Nantesa Nantes &#8211; Francoski nogometni prvoliga\u0161 Nantes je na trenerski stol\u010dek posadil zvene\u010de ime, nekdanjega Leicestrovega stratega, Italijana Claudia Ranierija, ki je obljubil dveletno zvestobo, vendar pa morata obe\u00a0&#8230;<\/p>\n","protected":false},"author":1,"featured_media":0,"comment_status":"closed","ping_status":"closed","sticky":false,"template":"","format":"standard","meta":{"footnotes":""},"categories":[1179],"tags":[],"source":[1703],"supertag":[],"acf":[],"yoast_head":"<!-- This site is optimized with the Yoast SEO plugin v21.3 - https:\/\/yoast.com\/wordpress\/plugins\/seo\/ -->\n<title>Pri Atleticu so si oddahnili: Griezmann ostaja do leta 2022 - Hudo Slovenija<\/title>\n<meta name=\"robots\" content=\"index, follow, max-snippet:-1, max-image-preview:large, max-video-preview:-1\" \/>\n<link rel=\"canonical\" href=\"https:\/\/hudo.com\/si\/aktualno\/pri-atleticu-so-si-oddahnili-griezmann-ostaja-do-leta-2022\/\" \/>\n<meta property=\"og:locale\" content=\"sl_SI\" \/>\n<meta property=\"og:type\" content=\"article\" \/>\n<meta property=\"og:title\" content=\"Pri Atleticu so si oddahnili: Griezmann ostaja do leta 2022 - Hudo Slovenija\" \/>\n<meta property=\"og:description\" content=\"Kategorija: Nogomet Tue, 13 Jun 2017 12:37:00 +0200 Madrid - Pri \u0161panskem nogometnem velikanu Atleticu Madridu, pri katerem si kruh slu\u017ei tudi slovenski reprezentan\u010dni \u010duvaj mre\u017ee Jan Oblak, si lahko oddahnejo, saj se je francoski ostrostrelec Antoine Griezmann odlo\u010dil, da bo majico dosedanjega delodajalca nosil (vsaj) \u0161e do leta 2022. Napadalec izbrane vrste \u00bbgalskih petelinov\u00ab je bil kajpak na muhi \u0161tevilnih uglednih evropskih kolektivov, denima Bayerna, Manchester Uniteda in drugih angle\u0161kih prvoliga\u0161ev, a se je odlo\u010dil ostati v Madridu. Vodstvo Atletica je nad njegovo potezo \u0161e toliko bolj navdu\u0161eno, saj mu je Mednarodno \u0161portno arbitra\u017eno razsodi\u0161\u010de (CAS) zaradi nepravilnosti pri prestopih med poletno \u00bbtr\u017enico\u00ab prepovedalo nakupe novih igralcev. Ranieri na klop Nantesa Nantes - Francoski nogometni prvoliga\u0161 Nantes je na trenerski stol\u010dek posadil zvene\u010de ime, nekdanjega Leicestrovega stratega, Italijana Claudia Ranierija, ki je obljubil dveletno zvestobo, vendar pa morata obe\u00a0...\" \/>\n<meta property=\"og:url\" content=\"https:\/\/hudo.com\/si\/aktualno\/pri-atleticu-so-si-oddahnili-griezmann-ostaja-do-leta-2022\/\" \/>\n<meta property=\"og:site_name\" content=\"Hudo Slovenija\" \/>\n<meta property=\"article:publisher\" content=\"https:\/\/www.facebook.com\/hudo.si\" \/>\n<meta property=\"article:published_time\" content=\"2017-06-13T08:37:00+00:00\" \/>\n<meta property=\"og:image\" content=\"https:\/\/hudo.com\/si\/wp-content\/uploads\/sites\/2\/2017\/06\/480x290_AFP_Photo-20170609221552-45885900.jpeg\" \/>\n\t<meta property=\"og:image:width\" content=\"480\" \/>\n\t<meta property=\"og:image:height\" content=\"290\" \/>\n\t<meta property=\"og:image:type\" content=\"image\/jpeg\" \/>\n<meta name=\"author\" content=\"hudo\" \/>\n<meta name=\"twitter:card\" content=\"summary_large_image\" \/>\n<meta name=\"twitter:creator\" content=\"@hudo_si\" \/>\n<meta name=\"twitter:site\" content=\"@hudo_si\" \/>\n<meta name=\"twitter:label1\" content=\"Written by\" \/>\n\t<meta name=\"twitter:data1\" content=\"hudo\" \/>\n\t<meta name=\"twitter:label2\" content=\"Est. reading time\" \/>\n\t<meta name=\"twitter:data2\" content=\"1 minuta\" \/>\n<script type=\"application\/ld+json\" class=\"yoast-schema-graph\">{\"@context\":\"https:\/\/schema.org\",\"@graph\":[{\"@type\":\"Article\",\"@id\":\"https:\/\/hudo.com\/si\/aktualno\/pri-atleticu-so-si-oddahnili-griezmann-ostaja-do-leta-2022\/#article\",\"isPartOf\":{\"@id\":\"https:\/\/hudo.com\/si\/aktualno\/pri-atleticu-so-si-oddahnili-griezmann-ostaja-do-leta-2022\/\"},\"author\":{\"name\":\"hudo\",\"@id\":\"https:\/\/hudo.com\/si\/#\/schema\/person\/601cf3379633985b20f7e50f2bb47707\"},\"headline\":\"Pri Atleticu so si oddahnili: Griezmann ostaja do leta 2022\",\"datePublished\":\"2017-06-13T08:37:00+00:00\",\"dateModified\":\"2017-06-13T08:37:00+00:00\",\"mainEntityOfPage\":{\"@id\":\"https:\/\/hudo.com\/si\/aktualno\/pri-atleticu-so-si-oddahnili-griezmann-ostaja-do-leta-2022\/\"},\"wordCount\":157,\"publisher\":{\"@id\":\"https:\/\/hudo.com\/si\/#organization\"},\"articleSection\":[\"Aktualno\"],\"inLanguage\":\"sl-SI\"},{\"@type\":\"WebPage\",\"@id\":\"https:\/\/hudo.com\/si\/aktualno\/pri-atleticu-so-si-oddahnili-griezmann-ostaja-do-leta-2022\/\",\"url\":\"https:\/\/hudo.com\/si\/aktualno\/pri-atleticu-so-si-oddahnili-griezmann-ostaja-do-leta-2022\/\",\"name\":\"Pri Atleticu so si oddahnili: Griezmann ostaja do leta 2022 - Hudo Slovenija\",\"isPartOf\":{\"@id\":\"https:\/\/hudo.com\/si\/#website\"},\"datePublished\":\"2017-06-13T08:37:00+00:00\",\"dateModified\":\"2017-06-13T08:37:00+00:00\",\"breadcrumb\":{\"@id\":\"https:\/\/hudo.com\/si\/aktualno\/pri-atleticu-so-si-oddahnili-griezmann-ostaja-do-leta-2022\/#breadcrumb\"},\"inLanguage\":\"sl-SI\",\"potentialAction\":[{\"@type\":\"ReadAction\",\"target\":[\"https:\/\/hudo.com\/si\/aktualno\/pri-atleticu-so-si-oddahnili-griezmann-ostaja-do-leta-2022\/\"]}]},{\"@type\":\"BreadcrumbList\",\"@id\":\"https:\/\/hudo.com\/si\/aktualno\/pri-atleticu-so-si-oddahnili-griezmann-ostaja-do-leta-2022\/#breadcrumb\",\"itemListElement\":[{\"@type\":\"ListItem\",\"position\":1,\"name\":\"Home\",\"item\":\"https:\/\/hudo.com\/si\/\"},{\"@type\":\"ListItem\",\"position\":2,\"name\":\"Pri Atleticu so si oddahnili: Griezmann ostaja do leta 2022\"}]},{\"@type\":\"WebSite\",\"@id\":\"https:\/\/hudo.com\/si\/#website\",\"url\":\"https:\/\/hudo.com\/si\/\",\"name\":\"Hudo Slovenija\",\"description\":\"Vse novice iz Slovenije in sveta\",\"publisher\":{\"@id\":\"https:\/\/hudo.com\/si\/#organization\"},\"potentialAction\":[{\"@type\":\"SearchAction\",\"target\":{\"@type\":\"EntryPoint\",\"urlTemplate\":\"https:\/\/hudo.com\/si\/?s={search_term_string}\"},\"query-input\":\"required name=search_term_string\"}],\"inLanguage\":\"sl-SI\"},{\"@type\":\"Organization\",\"@id\":\"https:\/\/hudo.com\/si\/#organization\",\"name\":\"VSN Media\",\"url\":\"https:\/\/hudo.com\/si\/\",\"logo\":{\"@type\":\"ImageObject\",\"inLanguage\":\"sl-SI\",\"@id\":\"https:\/\/hudo.com\/si\/#\/schema\/logo\/image\/\",\"url\":\"https:\/\/hudo.com\/si\/wp-content\/uploads\/sites\/2\/2021\/03\/hudo-app-2.png\",\"contentUrl\":\"https:\/\/hudo.com\/si\/wp-content\/uploads\/sites\/2\/2021\/03\/hudo-app-2.png\",\"width\":2185,\"height\":2167,\"caption\":\"VSN Media\"},\"image\":{\"@id\":\"https:\/\/hudo.com\/si\/#\/schema\/logo\/image\/\"},\"sameAs\":[\"https:\/\/www.facebook.com\/hudo.si\",\"https:\/\/twitter.com\/hudo_si\"]},{\"@type\":\"Person\",\"@id\":\"https:\/\/hudo.com\/si\/#\/schema\/person\/601cf3379633985b20f7e50f2bb47707\",\"name\":\"hudo\",\"image\":{\"@type\":\"ImageObject\",\"inLanguage\":\"sl-SI\",\"@id\":\"https:\/\/hudo.com\/si\/#\/schema\/person\/image\/\",\"url\":\"https:\/\/secure.gravatar.com\/avatar\/c4ca25fa72cace7a696b52ff5db9e095?s=96&d=mm&r=g\",\"contentUrl\":\"https:\/\/secure.gravatar.com\/avatar\/c4ca25fa72cace7a696b52ff5db9e095?s=96&d=mm&r=g\",\"caption\":\"hudo\"},\"url\":\"https:\/\/hudo.com\/si\/author\/hudo\/\"}]}<\/script>\n<!-- \/ Yoast SEO plugin. -->","yoast_head_json":{"title":"Pri Atleticu so si oddahnili: Griezmann ostaja do leta 2022 - Hudo Slovenija","robots":{"index":"index","follow":"follow","max-snippet":"max-snippet:-1","max-image-preview":"max-image-preview:large","max-video-preview":"max-video-preview:-1"},"canonical":"https:\/\/hudo.com\/si\/aktualno\/pri-atleticu-so-si-oddahnili-griezmann-ostaja-do-leta-2022\/","og_locale":"sl_SI","og_type":"article","og_title":"Pri Atleticu so si oddahnili: Griezmann ostaja do leta 2022 - Hudo Slovenija","og_description":"Kategorija: Nogomet Tue, 13 Jun 2017 12:37:00 +0200 Madrid - Pri \u0161panskem nogometnem velikanu Atleticu Madridu, pri katerem si kruh slu\u017ei tudi slovenski reprezentan\u010dni \u010duvaj mre\u017ee Jan Oblak, si lahko oddahnejo, saj se je francoski ostrostrelec Antoine Griezmann odlo\u010dil, da bo majico dosedanjega delodajalca nosil (vsaj) \u0161e do leta 2022. Napadalec izbrane vrste \u00bbgalskih petelinov\u00ab je bil kajpak na muhi \u0161tevilnih uglednih evropskih kolektivov, denima Bayerna, Manchester Uniteda in drugih angle\u0161kih prvoliga\u0161ev, a se je odlo\u010dil ostati v Madridu. Vodstvo Atletica je nad njegovo potezo \u0161e toliko bolj navdu\u0161eno, saj mu je Mednarodno \u0161portno arbitra\u017eno razsodi\u0161\u010de (CAS) zaradi nepravilnosti pri prestopih med poletno \u00bbtr\u017enico\u00ab prepovedalo nakupe novih igralcev. Ranieri na klop Nantesa Nantes - Francoski nogometni prvoliga\u0161 Nantes je na trenerski stol\u010dek posadil zvene\u010de ime, nekdanjega Leicestrovega stratega, Italijana Claudia Ranierija, ki je obljubil dveletno zvestobo, vendar pa morata obe\u00a0...","og_url":"https:\/\/hudo.com\/si\/aktualno\/pri-atleticu-so-si-oddahnili-griezmann-ostaja-do-leta-2022\/","og_site_name":"Hudo Slovenija","article_publisher":"https:\/\/www.facebook.com\/hudo.si","article_published_time":"2017-06-13T08:37:00+00:00","og_image":[{"width":480,"height":290,"url":"https:\/\/hudo.com\/si\/wp-content\/uploads\/sites\/2\/2017\/06\/480x290_AFP_Photo-20170609221552-45885900.jpeg","type":"image\/jpeg"}],"author":"hudo","twitter_card":"summary_large_image","twitter_creator":"@hudo_si","twitter_site":"@hudo_si","twitter_misc":{"Written by":"hudo","Est. reading time":"1 minuta"},"schema":{"@context":"https:\/\/schema.org","@graph":[{"@type":"Article","@id":"https:\/\/hudo.com\/si\/aktualno\/pri-atleticu-so-si-oddahnili-griezmann-ostaja-do-leta-2022\/#article","isPartOf":{"@id":"https:\/\/hudo.com\/si\/aktualno\/pri-atleticu-so-si-oddahnili-griezmann-ostaja-do-leta-2022\/"},"author":{"name":"hudo","@id":"https:\/\/hudo.com\/si\/#\/schema\/person\/601cf3379633985b20f7e50f2bb47707"},"headline":"Pri Atleticu so si oddahnili: Griezmann ostaja do leta 2022","datePublished":"2017-06-13T08:37:00+00:00","dateModified":"2017-06-13T08:37:00+00:00","mainEntityOfPage":{"@id":"https:\/\/hudo.com\/si\/aktualno\/pri-atleticu-so-si-oddahnili-griezmann-ostaja-do-leta-2022\/"},"wordCount":157,"publisher":{"@id":"https:\/\/hudo.com\/si\/#organization"},"articleSection":["Aktualno"],"inLanguage":"sl-SI"},{"@type":"WebPage","@id":"https:\/\/hudo.com\/si\/aktualno\/pri-atleticu-so-si-oddahnili-griezmann-ostaja-do-leta-2022\/","url":"https:\/\/hudo.com\/si\/aktualno\/pri-atleticu-so-si-oddahnili-griezmann-ostaja-do-leta-2022\/","name":"Pri Atleticu so si oddahnili: Griezmann ostaja do leta 2022 - Hudo Slovenija","isPartOf":{"@id":"https:\/\/hudo.com\/si\/#website"},"datePublished":"2017-06-13T08:37:00+00:00","dateModified":"2017-06-13T08:37:00+00:00","breadcrumb":{"@id":"https:\/\/hudo.com\/si\/aktualno\/pri-atleticu-so-si-oddahnili-griezmann-ostaja-do-leta-2022\/#breadcrumb"},"inLanguage":"sl-SI","potentialAction":[{"@type":"ReadAction","target":["https:\/\/hudo.com\/si\/aktualno\/pri-atleticu-so-si-oddahnili-griezmann-ostaja-do-leta-2022\/"]}]},{"@type":"BreadcrumbList","@id":"https:\/\/hudo.com\/si\/aktualno\/pri-atleticu-so-si-oddahnili-griezmann-ostaja-do-leta-2022\/#breadcrumb","itemListElement":[{"@type":"ListItem","position":1,"name":"Home","item":"https:\/\/hudo.com\/si\/"},{"@type":"ListItem","position":2,"name":"Pri Atleticu so si oddahnili: Griezmann ostaja do leta 2022"}]},{"@type":"WebSite","@id":"https:\/\/hudo.com\/si\/#website","url":"https:\/\/hudo.com\/si\/","name":"Hudo Slovenija","description":"Vse novice iz Slovenije in sveta","publisher":{"@id":"https:\/\/hudo.com\/si\/#organization"},"potentialAction":[{"@type":"SearchAction","target":{"@type":"EntryPoint","urlTemplate":"https:\/\/hudo.com\/si\/?s={search_term_string}"},"query-input":"required name=search_term_string"}],"inLanguage":"sl-SI"},{"@type":"Organization","@id":"https:\/\/hudo.com\/si\/#organization","name":"VSN Media","url":"https:\/\/hudo.com\/si\/","logo":{"@type":"ImageObject","inLanguage":"sl-SI","@id":"https:\/\/hudo.com\/si\/#\/schema\/logo\/image\/","url":"https:\/\/hudo.com\/si\/wp-content\/uploads\/sites\/2\/2021\/03\/hudo-app-2.png","contentUrl":"https:\/\/hudo.com\/si\/wp-content\/uploads\/sites\/2\/2021\/03\/hudo-app-2.png","width":2185,"height":2167,"caption":"VSN Media"},"image":{"@id":"https:\/\/hudo.com\/si\/#\/schema\/logo\/image\/"},"sameAs":["https:\/\/www.facebook.com\/hudo.si","https:\/\/twitter.com\/hudo_si"]},{"@type":"Person","@id":"https:\/\/hudo.com\/si\/#\/schema\/person\/601cf3379633985b20f7e50f2bb47707","name":"hudo","image":{"@type":"ImageObject","inLanguage":"sl-SI","@id":"https:\/\/hudo.com\/si\/#\/schema\/person\/image\/","url":"https:\/\/secure.gravatar.com\/avatar\/c4ca25fa72cace7a696b52ff5db9e095?s=96&d=mm&r=g","contentUrl":"https:\/\/secure.gravatar.com\/avatar\/c4ca25fa72cace7a696b52ff5db9e095?s=96&d=mm&r=g","caption":"hudo"},"url":"https:\/\/hudo.com\/si\/author\/hudo\/"}]}},"amp_enabled":true,"_links":{"self":[{"href":"https:\/\/hudo.com\/si\/wp-json\/wp\/v2\/posts\/265952"}],"collection":[{"href":"https:\/\/hudo.com\/si\/wp-json\/wp\/v2\/posts"}],"about":[{"href":"https:\/\/hudo.com\/si\/wp-json\/wp\/v2\/types\/post"}],"author":[{"embeddable":true,"href":"https:\/\/hudo.com\/si\/wp-json\/wp\/v2\/users\/1"}],"replies":[{"embeddable":true,"href":"https:\/\/hudo.com\/si\/wp-json\/wp\/v2\/comments?post=265952"}],"version-history":[{"count":0,"href":"https:\/\/hudo.com\/si\/wp-json\/wp\/v2\/posts\/265952\/revisions"}],"wp:attachment":[{"href":"https:\/\/hudo.com\/si\/wp-json\/wp\/v2\/media?parent=265952"}],"wp:term":[{"taxonomy":"category","embeddable":true,"href":"https:\/\/hudo.com\/si\/wp-json\/wp\/v2\/categories?post=265952"},{"taxonomy":"post_tag","embeddable":true,"href":"https:\/\/hudo.com\/si\/wp-json\/wp\/v2\/tags?post=265952"},{"taxonomy":"source","embeddable":true,"href":"https:\/\/hudo.com\/si\/wp-json\/wp\/v2\/source?post=265952"},{"taxonomy":"supertag","embeddable":true,"href":"https:\/\/hudo.com\/si\/wp-json\/wp\/v2\/supertag?post=265952"}],"curies":[{"name":"wp","href":"https:\/\/api.w.org\/{rel}","templated":true}]}}