{"id":266031,"date":"2017-06-13T13:04:00","date_gmt":"2017-06-13T11:04:00","guid":{"rendered":"http:\/\/hudo.com\/si\/2017\/06\/13\/bruselj-potrdil-energijske-oznake-z-novo-lestvico\/"},"modified":"2017-06-13T13:04:00","modified_gmt":"2017-06-13T11:04:00","slug":"bruselj-potrdil-energijske-oznake-z-novo-lestvico","status":"publish","type":"post","link":"https:\/\/hudo.com\/si\/aktualno\/bruselj-potrdil-energijske-oznake-z-novo-lestvico\/","title":{"rendered":"Bruselj potrdil energijske oznake z novo lestvico"},"content":{"rendered":"<p>Kategorija: Slovenija Tue, 13 Jun 2017 15:04:00 +0200  Ljubljana \u2212 \u00bbDr\u017eavljani bodo s temi spremembami dobili jasne, pregledne, digitalizirane informacije, ki bodo uporabne v vsakdanjem \u017eivljenju. Pametne, povezane naprave bodo merile kakovost na\u0161e porabe energije, potro\u0161niki pa bodo la\u017eje primerjali energijsko u\u010dinkovitost gospodinjskih aparatov in se bolje odlo\u010dali pri nakupih,\u00ab je sprejetje poenostavljenih oznak o energijski u\u010dinkovitosti gospodinjskih aparatov pospremil poro\u010devalec v evropskem parlamentu Dario Tamburrano. Predlog prenovljenega sistema oznak z namenom in cilji prenove smo v Delu \u017ee podrobno predstavili. Parlament je danes predlog potrdil z odlo\u010dno ve\u010dino 535 glasov (le 46 proti in 79 vzdr\u017eanih). Na podlagi nove lestvice, ki bo preglednej\u0161a, se bodo potro\u0161niki lahko odlo\u010dili za var\u010dnej\u0161e izdelke, zmanj\u0161ali porabo ter ra\u010dune za elektri\u010dno energijo, hkrati pa spodbujali proizvajalce k inovacijam in nalo\u017ebam v bolj\u0161e aparate. Poglavitna novost je, da v prihodnje na lestvicah ne bo ve\u010d\u00a0&#8230;<\/p>\n","protected":false},"excerpt":{"rendered":"<p>Kategorija: Slovenija Tue, 13 Jun 2017 15:04:00 +0200  Ljubljana \u2212 \u00bbDr\u017eavljani bodo s temi spremembami dobili jasne, pregledne, digitalizirane informacije, ki bodo uporabne v vsakdanjem \u017eivljenju. Pametne, povezane naprave bodo merile kakovost na\u0161e porabe energije, potro\u0161niki pa bodo la\u017eje primerjali energijsko u\u010dinkovitost gospodinjskih aparatov in se bolje odlo\u010dali pri nakupih,\u00ab je sprejetje poenostavljenih oznak o energijski u\u010dinkovitosti gospodinjskih aparatov pospremil poro\u010devalec v evropskem parlamentu Dario Tamburrano. Predlog prenovljenega sistema oznak z namenom in cilji prenove smo v Delu \u017ee podrobno predstavili. Parlament je danes predlog potrdil z odlo\u010dno ve\u010dino 535 glasov (le 46 proti in 79 vzdr\u017eanih). Na podlagi nove lestvice, ki bo preglednej\u0161a, se bodo potro\u0161niki lahko odlo\u010dili za var\u010dnej\u0161e izdelke, zmanj\u0161ali porabo ter ra\u010dune za elektri\u010dno energijo, hkrati pa spodbujali proizvajalce k inovacijam in nalo\u017ebam v bolj\u0161e aparate. Poglavitna novost je, da v prihodnje na lestvicah ne bo ve\u010d\u00a0&#8230;<\/p>\n","protected":false},"author":1,"featured_media":0,"comment_status":"closed","ping_status":"closed","sticky":false,"template":"","format":"standard","meta":{"footnotes":""},"categories":[1179],"tags":[],"source":[1703],"supertag":[],"acf":[],"yoast_head":"<!-- This site is optimized with the Yoast SEO plugin v21.3 - https:\/\/yoast.com\/wordpress\/plugins\/seo\/ -->\n<title>Bruselj potrdil energijske oznake z novo lestvico - Hudo Slovenija<\/title>\n<meta name=\"robots\" content=\"index, follow, max-snippet:-1, max-image-preview:large, max-video-preview:-1\" \/>\n<link rel=\"canonical\" href=\"https:\/\/hudo.com\/si\/aktualno\/bruselj-potrdil-energijske-oznake-z-novo-lestvico\/\" \/>\n<meta property=\"og:locale\" content=\"sl_SI\" \/>\n<meta property=\"og:type\" content=\"article\" \/>\n<meta property=\"og:title\" content=\"Bruselj potrdil energijske oznake z novo lestvico - Hudo Slovenija\" \/>\n<meta property=\"og:description\" content=\"Kategorija: Slovenija Tue, 13 Jun 2017 15:04:00 +0200 Ljubljana \u2212 \u00bbDr\u017eavljani bodo s temi spremembami dobili jasne, pregledne, digitalizirane informacije, ki bodo uporabne v vsakdanjem \u017eivljenju. Pametne, povezane naprave bodo merile kakovost na\u0161e porabe energije, potro\u0161niki pa bodo la\u017eje primerjali energijsko u\u010dinkovitost gospodinjskih aparatov in se bolje odlo\u010dali pri nakupih,\u00ab je sprejetje poenostavljenih oznak o energijski u\u010dinkovitosti gospodinjskih aparatov pospremil poro\u010devalec v evropskem parlamentu Dario Tamburrano. Predlog prenovljenega sistema oznak z namenom in cilji prenove smo v Delu \u017ee podrobno predstavili. Parlament je danes predlog potrdil z odlo\u010dno ve\u010dino 535 glasov (le 46 proti in 79 vzdr\u017eanih). Na podlagi nove lestvice, ki bo preglednej\u0161a, se bodo potro\u0161niki lahko odlo\u010dili za var\u010dnej\u0161e izdelke, zmanj\u0161ali porabo ter ra\u010dune za elektri\u010dno energijo, hkrati pa spodbujali proizvajalce k inovacijam in nalo\u017ebam v bolj\u0161e aparate. Poglavitna novost je, da v prihodnje na lestvicah ne bo ve\u010d\u00a0...\" \/>\n<meta property=\"og:url\" content=\"https:\/\/hudo.com\/si\/aktualno\/bruselj-potrdil-energijske-oznake-z-novo-lestvico\/\" \/>\n<meta property=\"og:site_name\" content=\"Hudo Slovenija\" \/>\n<meta property=\"article:publisher\" content=\"https:\/\/www.facebook.com\/hudo.si\" \/>\n<meta property=\"article:published_time\" content=\"2017-06-13T11:04:00+00:00\" \/>\n<meta property=\"og:image\" content=\"https:\/\/hudo.com\/si\/wp-content\/uploads\/sites\/2\/2017\/06\/480x290_djvu_2021149_bozena_mpi-etikete.jpeg\" \/>\n\t<meta property=\"og:image:width\" content=\"480\" \/>\n\t<meta property=\"og:image:height\" content=\"290\" \/>\n\t<meta property=\"og:image:type\" content=\"image\/jpeg\" \/>\n<meta name=\"author\" content=\"hudo\" \/>\n<meta name=\"twitter:card\" content=\"summary_large_image\" \/>\n<meta name=\"twitter:creator\" content=\"@hudo_si\" \/>\n<meta name=\"twitter:site\" content=\"@hudo_si\" \/>\n<meta name=\"twitter:label1\" content=\"Written by\" \/>\n\t<meta name=\"twitter:data1\" content=\"hudo\" \/>\n\t<meta name=\"twitter:label2\" content=\"Est. reading time\" \/>\n\t<meta name=\"twitter:data2\" content=\"1 minuta\" \/>\n<script type=\"application\/ld+json\" class=\"yoast-schema-graph\">{\"@context\":\"https:\/\/schema.org\",\"@graph\":[{\"@type\":\"Article\",\"@id\":\"https:\/\/hudo.com\/si\/aktualno\/bruselj-potrdil-energijske-oznake-z-novo-lestvico\/#article\",\"isPartOf\":{\"@id\":\"https:\/\/hudo.com\/si\/aktualno\/bruselj-potrdil-energijske-oznake-z-novo-lestvico\/\"},\"author\":{\"name\":\"hudo\",\"@id\":\"https:\/\/hudo.com\/si\/#\/schema\/person\/601cf3379633985b20f7e50f2bb47707\"},\"headline\":\"Bruselj potrdil energijske oznake z novo lestvico\",\"datePublished\":\"2017-06-13T11:04:00+00:00\",\"dateModified\":\"2017-06-13T11:04:00+00:00\",\"mainEntityOfPage\":{\"@id\":\"https:\/\/hudo.com\/si\/aktualno\/bruselj-potrdil-energijske-oznake-z-novo-lestvico\/\"},\"wordCount\":161,\"publisher\":{\"@id\":\"https:\/\/hudo.com\/si\/#organization\"},\"articleSection\":[\"Aktualno\"],\"inLanguage\":\"sl-SI\"},{\"@type\":\"WebPage\",\"@id\":\"https:\/\/hudo.com\/si\/aktualno\/bruselj-potrdil-energijske-oznake-z-novo-lestvico\/\",\"url\":\"https:\/\/hudo.com\/si\/aktualno\/bruselj-potrdil-energijske-oznake-z-novo-lestvico\/\",\"name\":\"Bruselj potrdil energijske oznake z novo lestvico - Hudo Slovenija\",\"isPartOf\":{\"@id\":\"https:\/\/hudo.com\/si\/#website\"},\"datePublished\":\"2017-06-13T11:04:00+00:00\",\"dateModified\":\"2017-06-13T11:04:00+00:00\",\"breadcrumb\":{\"@id\":\"https:\/\/hudo.com\/si\/aktualno\/bruselj-potrdil-energijske-oznake-z-novo-lestvico\/#breadcrumb\"},\"inLanguage\":\"sl-SI\",\"potentialAction\":[{\"@type\":\"ReadAction\",\"target\":[\"https:\/\/hudo.com\/si\/aktualno\/bruselj-potrdil-energijske-oznake-z-novo-lestvico\/\"]}]},{\"@type\":\"BreadcrumbList\",\"@id\":\"https:\/\/hudo.com\/si\/aktualno\/bruselj-potrdil-energijske-oznake-z-novo-lestvico\/#breadcrumb\",\"itemListElement\":[{\"@type\":\"ListItem\",\"position\":1,\"name\":\"Home\",\"item\":\"https:\/\/hudo.com\/si\/\"},{\"@type\":\"ListItem\",\"position\":2,\"name\":\"Bruselj potrdil energijske oznake z novo lestvico\"}]},{\"@type\":\"WebSite\",\"@id\":\"https:\/\/hudo.com\/si\/#website\",\"url\":\"https:\/\/hudo.com\/si\/\",\"name\":\"Hudo Slovenija\",\"description\":\"Vse novice iz Slovenije in sveta\",\"publisher\":{\"@id\":\"https:\/\/hudo.com\/si\/#organization\"},\"potentialAction\":[{\"@type\":\"SearchAction\",\"target\":{\"@type\":\"EntryPoint\",\"urlTemplate\":\"https:\/\/hudo.com\/si\/?s={search_term_string}\"},\"query-input\":\"required name=search_term_string\"}],\"inLanguage\":\"sl-SI\"},{\"@type\":\"Organization\",\"@id\":\"https:\/\/hudo.com\/si\/#organization\",\"name\":\"VSN Media\",\"url\":\"https:\/\/hudo.com\/si\/\",\"logo\":{\"@type\":\"ImageObject\",\"inLanguage\":\"sl-SI\",\"@id\":\"https:\/\/hudo.com\/si\/#\/schema\/logo\/image\/\",\"url\":\"https:\/\/hudo.com\/si\/wp-content\/uploads\/sites\/2\/2021\/03\/hudo-app-2.png\",\"contentUrl\":\"https:\/\/hudo.com\/si\/wp-content\/uploads\/sites\/2\/2021\/03\/hudo-app-2.png\",\"width\":2185,\"height\":2167,\"caption\":\"VSN Media\"},\"image\":{\"@id\":\"https:\/\/hudo.com\/si\/#\/schema\/logo\/image\/\"},\"sameAs\":[\"https:\/\/www.facebook.com\/hudo.si\",\"https:\/\/twitter.com\/hudo_si\"]},{\"@type\":\"Person\",\"@id\":\"https:\/\/hudo.com\/si\/#\/schema\/person\/601cf3379633985b20f7e50f2bb47707\",\"name\":\"hudo\",\"image\":{\"@type\":\"ImageObject\",\"inLanguage\":\"sl-SI\",\"@id\":\"https:\/\/hudo.com\/si\/#\/schema\/person\/image\/\",\"url\":\"https:\/\/secure.gravatar.com\/avatar\/c4ca25fa72cace7a696b52ff5db9e095?s=96&d=mm&r=g\",\"contentUrl\":\"https:\/\/secure.gravatar.com\/avatar\/c4ca25fa72cace7a696b52ff5db9e095?s=96&d=mm&r=g\",\"caption\":\"hudo\"},\"url\":\"https:\/\/hudo.com\/si\/author\/hudo\/\"}]}<\/script>\n<!-- \/ Yoast SEO plugin. -->","yoast_head_json":{"title":"Bruselj potrdil energijske oznake z novo lestvico - Hudo Slovenija","robots":{"index":"index","follow":"follow","max-snippet":"max-snippet:-1","max-image-preview":"max-image-preview:large","max-video-preview":"max-video-preview:-1"},"canonical":"https:\/\/hudo.com\/si\/aktualno\/bruselj-potrdil-energijske-oznake-z-novo-lestvico\/","og_locale":"sl_SI","og_type":"article","og_title":"Bruselj potrdil energijske oznake z novo lestvico - Hudo Slovenija","og_description":"Kategorija: Slovenija Tue, 13 Jun 2017 15:04:00 +0200 Ljubljana \u2212 \u00bbDr\u017eavljani bodo s temi spremembami dobili jasne, pregledne, digitalizirane informacije, ki bodo uporabne v vsakdanjem \u017eivljenju. Pametne, povezane naprave bodo merile kakovost na\u0161e porabe energije, potro\u0161niki pa bodo la\u017eje primerjali energijsko u\u010dinkovitost gospodinjskih aparatov in se bolje odlo\u010dali pri nakupih,\u00ab je sprejetje poenostavljenih oznak o energijski u\u010dinkovitosti gospodinjskih aparatov pospremil poro\u010devalec v evropskem parlamentu Dario Tamburrano. Predlog prenovljenega sistema oznak z namenom in cilji prenove smo v Delu \u017ee podrobno predstavili. Parlament je danes predlog potrdil z odlo\u010dno ve\u010dino 535 glasov (le 46 proti in 79 vzdr\u017eanih). Na podlagi nove lestvice, ki bo preglednej\u0161a, se bodo potro\u0161niki lahko odlo\u010dili za var\u010dnej\u0161e izdelke, zmanj\u0161ali porabo ter ra\u010dune za elektri\u010dno energijo, hkrati pa spodbujali proizvajalce k inovacijam in nalo\u017ebam v bolj\u0161e aparate. Poglavitna novost je, da v prihodnje na lestvicah ne bo ve\u010d\u00a0...","og_url":"https:\/\/hudo.com\/si\/aktualno\/bruselj-potrdil-energijske-oznake-z-novo-lestvico\/","og_site_name":"Hudo Slovenija","article_publisher":"https:\/\/www.facebook.com\/hudo.si","article_published_time":"2017-06-13T11:04:00+00:00","og_image":[{"width":480,"height":290,"url":"https:\/\/hudo.com\/si\/wp-content\/uploads\/sites\/2\/2017\/06\/480x290_djvu_2021149_bozena_mpi-etikete.jpeg","type":"image\/jpeg"}],"author":"hudo","twitter_card":"summary_large_image","twitter_creator":"@hudo_si","twitter_site":"@hudo_si","twitter_misc":{"Written by":"hudo","Est. reading time":"1 minuta"},"schema":{"@context":"https:\/\/schema.org","@graph":[{"@type":"Article","@id":"https:\/\/hudo.com\/si\/aktualno\/bruselj-potrdil-energijske-oznake-z-novo-lestvico\/#article","isPartOf":{"@id":"https:\/\/hudo.com\/si\/aktualno\/bruselj-potrdil-energijske-oznake-z-novo-lestvico\/"},"author":{"name":"hudo","@id":"https:\/\/hudo.com\/si\/#\/schema\/person\/601cf3379633985b20f7e50f2bb47707"},"headline":"Bruselj potrdil energijske oznake z novo lestvico","datePublished":"2017-06-13T11:04:00+00:00","dateModified":"2017-06-13T11:04:00+00:00","mainEntityOfPage":{"@id":"https:\/\/hudo.com\/si\/aktualno\/bruselj-potrdil-energijske-oznake-z-novo-lestvico\/"},"wordCount":161,"publisher":{"@id":"https:\/\/hudo.com\/si\/#organization"},"articleSection":["Aktualno"],"inLanguage":"sl-SI"},{"@type":"WebPage","@id":"https:\/\/hudo.com\/si\/aktualno\/bruselj-potrdil-energijske-oznake-z-novo-lestvico\/","url":"https:\/\/hudo.com\/si\/aktualno\/bruselj-potrdil-energijske-oznake-z-novo-lestvico\/","name":"Bruselj potrdil energijske oznake z novo lestvico - Hudo Slovenija","isPartOf":{"@id":"https:\/\/hudo.com\/si\/#website"},"datePublished":"2017-06-13T11:04:00+00:00","dateModified":"2017-06-13T11:04:00+00:00","breadcrumb":{"@id":"https:\/\/hudo.com\/si\/aktualno\/bruselj-potrdil-energijske-oznake-z-novo-lestvico\/#breadcrumb"},"inLanguage":"sl-SI","potentialAction":[{"@type":"ReadAction","target":["https:\/\/hudo.com\/si\/aktualno\/bruselj-potrdil-energijske-oznake-z-novo-lestvico\/"]}]},{"@type":"BreadcrumbList","@id":"https:\/\/hudo.com\/si\/aktualno\/bruselj-potrdil-energijske-oznake-z-novo-lestvico\/#breadcrumb","itemListElement":[{"@type":"ListItem","position":1,"name":"Home","item":"https:\/\/hudo.com\/si\/"},{"@type":"ListItem","position":2,"name":"Bruselj potrdil energijske oznake z novo lestvico"}]},{"@type":"WebSite","@id":"https:\/\/hudo.com\/si\/#website","url":"https:\/\/hudo.com\/si\/","name":"Hudo Slovenija","description":"Vse novice iz Slovenije in sveta","publisher":{"@id":"https:\/\/hudo.com\/si\/#organization"},"potentialAction":[{"@type":"SearchAction","target":{"@type":"EntryPoint","urlTemplate":"https:\/\/hudo.com\/si\/?s={search_term_string}"},"query-input":"required name=search_term_string"}],"inLanguage":"sl-SI"},{"@type":"Organization","@id":"https:\/\/hudo.com\/si\/#organization","name":"VSN Media","url":"https:\/\/hudo.com\/si\/","logo":{"@type":"ImageObject","inLanguage":"sl-SI","@id":"https:\/\/hudo.com\/si\/#\/schema\/logo\/image\/","url":"https:\/\/hudo.com\/si\/wp-content\/uploads\/sites\/2\/2021\/03\/hudo-app-2.png","contentUrl":"https:\/\/hudo.com\/si\/wp-content\/uploads\/sites\/2\/2021\/03\/hudo-app-2.png","width":2185,"height":2167,"caption":"VSN Media"},"image":{"@id":"https:\/\/hudo.com\/si\/#\/schema\/logo\/image\/"},"sameAs":["https:\/\/www.facebook.com\/hudo.si","https:\/\/twitter.com\/hudo_si"]},{"@type":"Person","@id":"https:\/\/hudo.com\/si\/#\/schema\/person\/601cf3379633985b20f7e50f2bb47707","name":"hudo","image":{"@type":"ImageObject","inLanguage":"sl-SI","@id":"https:\/\/hudo.com\/si\/#\/schema\/person\/image\/","url":"https:\/\/secure.gravatar.com\/avatar\/c4ca25fa72cace7a696b52ff5db9e095?s=96&d=mm&r=g","contentUrl":"https:\/\/secure.gravatar.com\/avatar\/c4ca25fa72cace7a696b52ff5db9e095?s=96&d=mm&r=g","caption":"hudo"},"url":"https:\/\/hudo.com\/si\/author\/hudo\/"}]}},"amp_enabled":true,"_links":{"self":[{"href":"https:\/\/hudo.com\/si\/wp-json\/wp\/v2\/posts\/266031"}],"collection":[{"href":"https:\/\/hudo.com\/si\/wp-json\/wp\/v2\/posts"}],"about":[{"href":"https:\/\/hudo.com\/si\/wp-json\/wp\/v2\/types\/post"}],"author":[{"embeddable":true,"href":"https:\/\/hudo.com\/si\/wp-json\/wp\/v2\/users\/1"}],"replies":[{"embeddable":true,"href":"https:\/\/hudo.com\/si\/wp-json\/wp\/v2\/comments?post=266031"}],"version-history":[{"count":0,"href":"https:\/\/hudo.com\/si\/wp-json\/wp\/v2\/posts\/266031\/revisions"}],"wp:attachment":[{"href":"https:\/\/hudo.com\/si\/wp-json\/wp\/v2\/media?parent=266031"}],"wp:term":[{"taxonomy":"category","embeddable":true,"href":"https:\/\/hudo.com\/si\/wp-json\/wp\/v2\/categories?post=266031"},{"taxonomy":"post_tag","embeddable":true,"href":"https:\/\/hudo.com\/si\/wp-json\/wp\/v2\/tags?post=266031"},{"taxonomy":"source","embeddable":true,"href":"https:\/\/hudo.com\/si\/wp-json\/wp\/v2\/source?post=266031"},{"taxonomy":"supertag","embeddable":true,"href":"https:\/\/hudo.com\/si\/wp-json\/wp\/v2\/supertag?post=266031"}],"curies":[{"name":"wp","href":"https:\/\/api.w.org\/{rel}","templated":true}]}}