{"id":266043,"date":"2017-06-13T12:30:00","date_gmt":"2017-06-13T10:30:00","guid":{"rendered":"http:\/\/hudo.com\/si\/2017\/06\/13\/ob-dnevu-policije-odprli-zgodovinsko-sobo\/"},"modified":"2017-06-13T12:30:00","modified_gmt":"2017-06-13T10:30:00","slug":"ob-dnevu-policije-odprli-zgodovinsko-sobo","status":"publish","type":"post","link":"https:\/\/hudo.com\/si\/aktualno\/ob-dnevu-policije-odprli-zgodovinsko-sobo\/","title":{"rendered":"Ob dnevu policije odprli zgodovinsko sobo"},"content":{"rendered":"<p>Kategorija: Kronika Tue, 13 Jun 2017 14:30:00 +0200  Murska Sobota \u2212 Na policijski upravi Murska Sobota so danes pripravili slovesnost pred leto\u0161njim dnevom policije in ob tej prilo\u017enosti \u0161tevilnim zaposlenim razdelili jubilejna priznanja in odli\u010dja za prizadevnost in dobro delo. Zbrane je nagovoril tudi generalni direktor Policije Marjan Fank, ki je izrazil zadovoljstvo nad tem, da se polo\u017eaj policistov in njihova opremljenost zadnje \u010dase vendarle izbolj\u0161ujeta. Po slovesnosti je Fank skupaj z direktorjem PU Murska Sobota Damirjem Ivan\u010di\u010dem v stavbi Policijske uprave Murska Sobota odprl \u0161e posebno zgodovinsko sobo pomurske policije. V njej je predstavljena zbirka fotografij, dokumentov, predmetov in maket, ki pri\u010dajo o zgodovini in delu milice in policije v Pomurju od leta 1970 naprej. Vse razstavljeno je dolga leta vestno zbiral in shranjeval nekdanji policist sobo\u0161ke policijske uprave \u0160tefan Abraham, ki je zbirko danes tudi s ponosom\u00a0&#8230;<\/p>\n","protected":false},"excerpt":{"rendered":"<p>Kategorija: Kronika Tue, 13 Jun 2017 14:30:00 +0200  Murska Sobota \u2212 Na policijski upravi Murska Sobota so danes pripravili slovesnost pred leto\u0161njim dnevom policije in ob tej prilo\u017enosti \u0161tevilnim zaposlenim razdelili jubilejna priznanja in odli\u010dja za prizadevnost in dobro delo. Zbrane je nagovoril tudi generalni direktor Policije Marjan Fank, ki je izrazil zadovoljstvo nad tem, da se polo\u017eaj policistov in njihova opremljenost zadnje \u010dase vendarle izbolj\u0161ujeta. Po slovesnosti je Fank skupaj z direktorjem PU Murska Sobota Damirjem Ivan\u010di\u010dem v stavbi Policijske uprave Murska Sobota odprl \u0161e posebno zgodovinsko sobo pomurske policije. V njej je predstavljena zbirka fotografij, dokumentov, predmetov in maket, ki pri\u010dajo o zgodovini in delu milice in policije v Pomurju od leta 1970 naprej. Vse razstavljeno je dolga leta vestno zbiral in shranjeval nekdanji policist sobo\u0161ke policijske uprave \u0160tefan Abraham, ki je zbirko danes tudi s ponosom\u00a0&#8230;<\/p>\n","protected":false},"author":1,"featured_media":0,"comment_status":"closed","ping_status":"closed","sticky":false,"template":"","format":"standard","meta":{"footnotes":""},"categories":[1179],"tags":[],"source":[1703],"supertag":[],"acf":[],"yoast_head":"<!-- This site is optimized with the Yoast SEO plugin v21.3 - https:\/\/yoast.com\/wordpress\/plugins\/seo\/ -->\n<title>Ob dnevu policije odprli zgodovinsko sobo - Hudo Slovenija<\/title>\n<meta name=\"robots\" content=\"index, follow, max-snippet:-1, max-image-preview:large, max-video-preview:-1\" \/>\n<link rel=\"canonical\" href=\"https:\/\/hudo.com\/si\/aktualno\/ob-dnevu-policije-odprli-zgodovinsko-sobo\/\" \/>\n<meta property=\"og:locale\" content=\"sl_SI\" \/>\n<meta property=\"og:type\" content=\"article\" \/>\n<meta property=\"og:title\" content=\"Ob dnevu policije odprli zgodovinsko sobo - Hudo Slovenija\" \/>\n<meta property=\"og:description\" content=\"Kategorija: Kronika Tue, 13 Jun 2017 14:30:00 +0200 Murska Sobota \u2212 Na policijski upravi Murska Sobota so danes pripravili slovesnost pred leto\u0161njim dnevom policije in ob tej prilo\u017enosti \u0161tevilnim zaposlenim razdelili jubilejna priznanja in odli\u010dja za prizadevnost in dobro delo. Zbrane je nagovoril tudi generalni direktor Policije Marjan Fank, ki je izrazil zadovoljstvo nad tem, da se polo\u017eaj policistov in njihova opremljenost zadnje \u010dase vendarle izbolj\u0161ujeta. Po slovesnosti je Fank skupaj z direktorjem PU Murska Sobota Damirjem Ivan\u010di\u010dem v stavbi Policijske uprave Murska Sobota odprl \u0161e posebno zgodovinsko sobo pomurske policije. V njej je predstavljena zbirka fotografij, dokumentov, predmetov in maket, ki pri\u010dajo o zgodovini in delu milice in policije v Pomurju od leta 1970 naprej. Vse razstavljeno je dolga leta vestno zbiral in shranjeval nekdanji policist sobo\u0161ke policijske uprave \u0160tefan Abraham, ki je zbirko danes tudi s ponosom\u00a0...\" \/>\n<meta property=\"og:url\" content=\"https:\/\/hudo.com\/si\/aktualno\/ob-dnevu-policije-odprli-zgodovinsko-sobo\/\" \/>\n<meta property=\"og:site_name\" content=\"Hudo Slovenija\" \/>\n<meta property=\"article:publisher\" content=\"https:\/\/www.facebook.com\/hudo.si\" \/>\n<meta property=\"article:published_time\" content=\"2017-06-13T10:30:00+00:00\" \/>\n<meta property=\"og:image\" content=\"https:\/\/hudo.com\/si\/wp-content\/uploads\/sites\/2\/2017\/06\/480x290_PU-MS-proslava-in-zbirka13jun17-28.jpeg\" \/>\n\t<meta property=\"og:image:width\" content=\"480\" \/>\n\t<meta property=\"og:image:height\" content=\"290\" \/>\n\t<meta property=\"og:image:type\" content=\"image\/jpeg\" \/>\n<meta name=\"author\" content=\"hudo\" \/>\n<meta name=\"twitter:card\" content=\"summary_large_image\" \/>\n<meta name=\"twitter:creator\" content=\"@hudo_si\" \/>\n<meta name=\"twitter:site\" content=\"@hudo_si\" \/>\n<meta name=\"twitter:label1\" content=\"Written by\" \/>\n\t<meta name=\"twitter:data1\" content=\"hudo\" \/>\n\t<meta name=\"twitter:label2\" content=\"Est. reading time\" \/>\n\t<meta name=\"twitter:data2\" content=\"1 minuta\" \/>\n<script type=\"application\/ld+json\" class=\"yoast-schema-graph\">{\"@context\":\"https:\/\/schema.org\",\"@graph\":[{\"@type\":\"Article\",\"@id\":\"https:\/\/hudo.com\/si\/aktualno\/ob-dnevu-policije-odprli-zgodovinsko-sobo\/#article\",\"isPartOf\":{\"@id\":\"https:\/\/hudo.com\/si\/aktualno\/ob-dnevu-policije-odprli-zgodovinsko-sobo\/\"},\"author\":{\"name\":\"hudo\",\"@id\":\"https:\/\/hudo.com\/si\/#\/schema\/person\/601cf3379633985b20f7e50f2bb47707\"},\"headline\":\"Ob dnevu policije odprli zgodovinsko sobo\",\"datePublished\":\"2017-06-13T10:30:00+00:00\",\"dateModified\":\"2017-06-13T10:30:00+00:00\",\"mainEntityOfPage\":{\"@id\":\"https:\/\/hudo.com\/si\/aktualno\/ob-dnevu-policije-odprli-zgodovinsko-sobo\/\"},\"wordCount\":148,\"publisher\":{\"@id\":\"https:\/\/hudo.com\/si\/#organization\"},\"articleSection\":[\"Aktualno\"],\"inLanguage\":\"sl-SI\"},{\"@type\":\"WebPage\",\"@id\":\"https:\/\/hudo.com\/si\/aktualno\/ob-dnevu-policije-odprli-zgodovinsko-sobo\/\",\"url\":\"https:\/\/hudo.com\/si\/aktualno\/ob-dnevu-policije-odprli-zgodovinsko-sobo\/\",\"name\":\"Ob dnevu policije odprli zgodovinsko sobo - Hudo Slovenija\",\"isPartOf\":{\"@id\":\"https:\/\/hudo.com\/si\/#website\"},\"datePublished\":\"2017-06-13T10:30:00+00:00\",\"dateModified\":\"2017-06-13T10:30:00+00:00\",\"breadcrumb\":{\"@id\":\"https:\/\/hudo.com\/si\/aktualno\/ob-dnevu-policije-odprli-zgodovinsko-sobo\/#breadcrumb\"},\"inLanguage\":\"sl-SI\",\"potentialAction\":[{\"@type\":\"ReadAction\",\"target\":[\"https:\/\/hudo.com\/si\/aktualno\/ob-dnevu-policije-odprli-zgodovinsko-sobo\/\"]}]},{\"@type\":\"BreadcrumbList\",\"@id\":\"https:\/\/hudo.com\/si\/aktualno\/ob-dnevu-policije-odprli-zgodovinsko-sobo\/#breadcrumb\",\"itemListElement\":[{\"@type\":\"ListItem\",\"position\":1,\"name\":\"Home\",\"item\":\"https:\/\/hudo.com\/si\/\"},{\"@type\":\"ListItem\",\"position\":2,\"name\":\"Ob dnevu policije odprli zgodovinsko sobo\"}]},{\"@type\":\"WebSite\",\"@id\":\"https:\/\/hudo.com\/si\/#website\",\"url\":\"https:\/\/hudo.com\/si\/\",\"name\":\"Hudo Slovenija\",\"description\":\"Vse novice iz Slovenije in sveta\",\"publisher\":{\"@id\":\"https:\/\/hudo.com\/si\/#organization\"},\"potentialAction\":[{\"@type\":\"SearchAction\",\"target\":{\"@type\":\"EntryPoint\",\"urlTemplate\":\"https:\/\/hudo.com\/si\/?s={search_term_string}\"},\"query-input\":\"required name=search_term_string\"}],\"inLanguage\":\"sl-SI\"},{\"@type\":\"Organization\",\"@id\":\"https:\/\/hudo.com\/si\/#organization\",\"name\":\"VSN Media\",\"url\":\"https:\/\/hudo.com\/si\/\",\"logo\":{\"@type\":\"ImageObject\",\"inLanguage\":\"sl-SI\",\"@id\":\"https:\/\/hudo.com\/si\/#\/schema\/logo\/image\/\",\"url\":\"https:\/\/hudo.com\/si\/wp-content\/uploads\/sites\/2\/2021\/03\/hudo-app-2.png\",\"contentUrl\":\"https:\/\/hudo.com\/si\/wp-content\/uploads\/sites\/2\/2021\/03\/hudo-app-2.png\",\"width\":2185,\"height\":2167,\"caption\":\"VSN Media\"},\"image\":{\"@id\":\"https:\/\/hudo.com\/si\/#\/schema\/logo\/image\/\"},\"sameAs\":[\"https:\/\/www.facebook.com\/hudo.si\",\"https:\/\/twitter.com\/hudo_si\"]},{\"@type\":\"Person\",\"@id\":\"https:\/\/hudo.com\/si\/#\/schema\/person\/601cf3379633985b20f7e50f2bb47707\",\"name\":\"hudo\",\"image\":{\"@type\":\"ImageObject\",\"inLanguage\":\"sl-SI\",\"@id\":\"https:\/\/hudo.com\/si\/#\/schema\/person\/image\/\",\"url\":\"https:\/\/secure.gravatar.com\/avatar\/c4ca25fa72cace7a696b52ff5db9e095?s=96&d=mm&r=g\",\"contentUrl\":\"https:\/\/secure.gravatar.com\/avatar\/c4ca25fa72cace7a696b52ff5db9e095?s=96&d=mm&r=g\",\"caption\":\"hudo\"},\"url\":\"https:\/\/hudo.com\/si\/author\/hudo\/\"}]}<\/script>\n<!-- \/ Yoast SEO plugin. -->","yoast_head_json":{"title":"Ob dnevu policije odprli zgodovinsko sobo - Hudo Slovenija","robots":{"index":"index","follow":"follow","max-snippet":"max-snippet:-1","max-image-preview":"max-image-preview:large","max-video-preview":"max-video-preview:-1"},"canonical":"https:\/\/hudo.com\/si\/aktualno\/ob-dnevu-policije-odprli-zgodovinsko-sobo\/","og_locale":"sl_SI","og_type":"article","og_title":"Ob dnevu policije odprli zgodovinsko sobo - Hudo Slovenija","og_description":"Kategorija: Kronika Tue, 13 Jun 2017 14:30:00 +0200 Murska Sobota \u2212 Na policijski upravi Murska Sobota so danes pripravili slovesnost pred leto\u0161njim dnevom policije in ob tej prilo\u017enosti \u0161tevilnim zaposlenim razdelili jubilejna priznanja in odli\u010dja za prizadevnost in dobro delo. Zbrane je nagovoril tudi generalni direktor Policije Marjan Fank, ki je izrazil zadovoljstvo nad tem, da se polo\u017eaj policistov in njihova opremljenost zadnje \u010dase vendarle izbolj\u0161ujeta. Po slovesnosti je Fank skupaj z direktorjem PU Murska Sobota Damirjem Ivan\u010di\u010dem v stavbi Policijske uprave Murska Sobota odprl \u0161e posebno zgodovinsko sobo pomurske policije. V njej je predstavljena zbirka fotografij, dokumentov, predmetov in maket, ki pri\u010dajo o zgodovini in delu milice in policije v Pomurju od leta 1970 naprej. Vse razstavljeno je dolga leta vestno zbiral in shranjeval nekdanji policist sobo\u0161ke policijske uprave \u0160tefan Abraham, ki je zbirko danes tudi s ponosom\u00a0...","og_url":"https:\/\/hudo.com\/si\/aktualno\/ob-dnevu-policije-odprli-zgodovinsko-sobo\/","og_site_name":"Hudo Slovenija","article_publisher":"https:\/\/www.facebook.com\/hudo.si","article_published_time":"2017-06-13T10:30:00+00:00","og_image":[{"width":480,"height":290,"url":"https:\/\/hudo.com\/si\/wp-content\/uploads\/sites\/2\/2017\/06\/480x290_PU-MS-proslava-in-zbirka13jun17-28.jpeg","type":"image\/jpeg"}],"author":"hudo","twitter_card":"summary_large_image","twitter_creator":"@hudo_si","twitter_site":"@hudo_si","twitter_misc":{"Written by":"hudo","Est. reading time":"1 minuta"},"schema":{"@context":"https:\/\/schema.org","@graph":[{"@type":"Article","@id":"https:\/\/hudo.com\/si\/aktualno\/ob-dnevu-policije-odprli-zgodovinsko-sobo\/#article","isPartOf":{"@id":"https:\/\/hudo.com\/si\/aktualno\/ob-dnevu-policije-odprli-zgodovinsko-sobo\/"},"author":{"name":"hudo","@id":"https:\/\/hudo.com\/si\/#\/schema\/person\/601cf3379633985b20f7e50f2bb47707"},"headline":"Ob dnevu policije odprli zgodovinsko sobo","datePublished":"2017-06-13T10:30:00+00:00","dateModified":"2017-06-13T10:30:00+00:00","mainEntityOfPage":{"@id":"https:\/\/hudo.com\/si\/aktualno\/ob-dnevu-policije-odprli-zgodovinsko-sobo\/"},"wordCount":148,"publisher":{"@id":"https:\/\/hudo.com\/si\/#organization"},"articleSection":["Aktualno"],"inLanguage":"sl-SI"},{"@type":"WebPage","@id":"https:\/\/hudo.com\/si\/aktualno\/ob-dnevu-policije-odprli-zgodovinsko-sobo\/","url":"https:\/\/hudo.com\/si\/aktualno\/ob-dnevu-policije-odprli-zgodovinsko-sobo\/","name":"Ob dnevu policije odprli zgodovinsko sobo - Hudo Slovenija","isPartOf":{"@id":"https:\/\/hudo.com\/si\/#website"},"datePublished":"2017-06-13T10:30:00+00:00","dateModified":"2017-06-13T10:30:00+00:00","breadcrumb":{"@id":"https:\/\/hudo.com\/si\/aktualno\/ob-dnevu-policije-odprli-zgodovinsko-sobo\/#breadcrumb"},"inLanguage":"sl-SI","potentialAction":[{"@type":"ReadAction","target":["https:\/\/hudo.com\/si\/aktualno\/ob-dnevu-policije-odprli-zgodovinsko-sobo\/"]}]},{"@type":"BreadcrumbList","@id":"https:\/\/hudo.com\/si\/aktualno\/ob-dnevu-policije-odprli-zgodovinsko-sobo\/#breadcrumb","itemListElement":[{"@type":"ListItem","position":1,"name":"Home","item":"https:\/\/hudo.com\/si\/"},{"@type":"ListItem","position":2,"name":"Ob dnevu policije odprli zgodovinsko sobo"}]},{"@type":"WebSite","@id":"https:\/\/hudo.com\/si\/#website","url":"https:\/\/hudo.com\/si\/","name":"Hudo Slovenija","description":"Vse novice iz Slovenije in sveta","publisher":{"@id":"https:\/\/hudo.com\/si\/#organization"},"potentialAction":[{"@type":"SearchAction","target":{"@type":"EntryPoint","urlTemplate":"https:\/\/hudo.com\/si\/?s={search_term_string}"},"query-input":"required name=search_term_string"}],"inLanguage":"sl-SI"},{"@type":"Organization","@id":"https:\/\/hudo.com\/si\/#organization","name":"VSN Media","url":"https:\/\/hudo.com\/si\/","logo":{"@type":"ImageObject","inLanguage":"sl-SI","@id":"https:\/\/hudo.com\/si\/#\/schema\/logo\/image\/","url":"https:\/\/hudo.com\/si\/wp-content\/uploads\/sites\/2\/2021\/03\/hudo-app-2.png","contentUrl":"https:\/\/hudo.com\/si\/wp-content\/uploads\/sites\/2\/2021\/03\/hudo-app-2.png","width":2185,"height":2167,"caption":"VSN Media"},"image":{"@id":"https:\/\/hudo.com\/si\/#\/schema\/logo\/image\/"},"sameAs":["https:\/\/www.facebook.com\/hudo.si","https:\/\/twitter.com\/hudo_si"]},{"@type":"Person","@id":"https:\/\/hudo.com\/si\/#\/schema\/person\/601cf3379633985b20f7e50f2bb47707","name":"hudo","image":{"@type":"ImageObject","inLanguage":"sl-SI","@id":"https:\/\/hudo.com\/si\/#\/schema\/person\/image\/","url":"https:\/\/secure.gravatar.com\/avatar\/c4ca25fa72cace7a696b52ff5db9e095?s=96&d=mm&r=g","contentUrl":"https:\/\/secure.gravatar.com\/avatar\/c4ca25fa72cace7a696b52ff5db9e095?s=96&d=mm&r=g","caption":"hudo"},"url":"https:\/\/hudo.com\/si\/author\/hudo\/"}]}},"amp_enabled":true,"_links":{"self":[{"href":"https:\/\/hudo.com\/si\/wp-json\/wp\/v2\/posts\/266043"}],"collection":[{"href":"https:\/\/hudo.com\/si\/wp-json\/wp\/v2\/posts"}],"about":[{"href":"https:\/\/hudo.com\/si\/wp-json\/wp\/v2\/types\/post"}],"author":[{"embeddable":true,"href":"https:\/\/hudo.com\/si\/wp-json\/wp\/v2\/users\/1"}],"replies":[{"embeddable":true,"href":"https:\/\/hudo.com\/si\/wp-json\/wp\/v2\/comments?post=266043"}],"version-history":[{"count":0,"href":"https:\/\/hudo.com\/si\/wp-json\/wp\/v2\/posts\/266043\/revisions"}],"wp:attachment":[{"href":"https:\/\/hudo.com\/si\/wp-json\/wp\/v2\/media?parent=266043"}],"wp:term":[{"taxonomy":"category","embeddable":true,"href":"https:\/\/hudo.com\/si\/wp-json\/wp\/v2\/categories?post=266043"},{"taxonomy":"post_tag","embeddable":true,"href":"https:\/\/hudo.com\/si\/wp-json\/wp\/v2\/tags?post=266043"},{"taxonomy":"source","embeddable":true,"href":"https:\/\/hudo.com\/si\/wp-json\/wp\/v2\/source?post=266043"},{"taxonomy":"supertag","embeddable":true,"href":"https:\/\/hudo.com\/si\/wp-json\/wp\/v2\/supertag?post=266043"}],"curies":[{"name":"wp","href":"https:\/\/api.w.org\/{rel}","templated":true}]}}