{"id":266047,"date":"2017-06-13T12:06:00","date_gmt":"2017-06-13T10:06:00","guid":{"rendered":"http:\/\/hudo.com\/si\/2017\/06\/13\/vsi-obsojeni-v-zadevi-istrabenz-prejeli-sodbe\/"},"modified":"2017-06-13T12:06:00","modified_gmt":"2017-06-13T10:06:00","slug":"vsi-obsojeni-v-zadevi-istrabenz-prejeli-sodbe","status":"publish","type":"post","link":"https:\/\/hudo.com\/si\/aktualno\/vsi-obsojeni-v-zadevi-istrabenz-prejeli-sodbe\/","title":{"rendered":"Vsi obsojeni v zadevi Istrabenz prejeli sodbe"},"content":{"rendered":"<p>Kategorija: Kronika Tue, 13 Jun 2017 14:06:00 +0200  Ljubljana \u2212 Okro\u017eno sodi\u0161\u010de v Ljubljani je vsem trem obsojenim v zadevi Istrabenz \u2212 Igorju Bav\u010darju ter Nastji in Kristjanu Su\u0161inskemu \u2212 vro\u010dilo odlo\u010ditev vi\u0161jega sodi\u0161\u010da, ki je potrdilo prvostopenjske dosojene zaporne kazni. Zdaj bo okro\u017eno sodi\u0161\u010de za\u010delo vro\u010dati pozive na prestajanje dosojenih zapornih kazni, so na okro\u017enem sodi\u0161\u010du pojasnili za STA. Obsojeni bodo imeli 15 dni \u010dasa za dvig poziva na prestajanje kazni, od dviga pa mora prete\u010di \u0161e osem dni do za\u010detka prestajanja kazni. Vi\u0161je sodi\u0161\u010de je sicer maja po obravnavi prito\u017eb obsojenih potrdilo sodbo za nekdanjega predsednika uprave Istrabenza Bav\u010darja in nekdanjega Istrabenzovega svetovalca Kristjana Su\u0161inskega, spremenilo pa v delu, ki se nana\u0161a na izrek kazni za nekdanjega predsednika uprave Maksime Holdinga Nastjo Su\u0161inskega. Njihovi odvetniki so \u017ee napovedali, da bodo vlo\u017eili zahtevke za varstvo zakonitosti na vrhovno sodi\u0161\u010de, ki\u00a0&#8230;<\/p>\n","protected":false},"excerpt":{"rendered":"<p>Kategorija: Kronika Tue, 13 Jun 2017 14:06:00 +0200  Ljubljana \u2212 Okro\u017eno sodi\u0161\u010de v Ljubljani je vsem trem obsojenim v zadevi Istrabenz \u2212 Igorju Bav\u010darju ter Nastji in Kristjanu Su\u0161inskemu \u2212 vro\u010dilo odlo\u010ditev vi\u0161jega sodi\u0161\u010da, ki je potrdilo prvostopenjske dosojene zaporne kazni. Zdaj bo okro\u017eno sodi\u0161\u010de za\u010delo vro\u010dati pozive na prestajanje dosojenih zapornih kazni, so na okro\u017enem sodi\u0161\u010du pojasnili za STA. Obsojeni bodo imeli 15 dni \u010dasa za dvig poziva na prestajanje kazni, od dviga pa mora prete\u010di \u0161e osem dni do za\u010detka prestajanja kazni. Vi\u0161je sodi\u0161\u010de je sicer maja po obravnavi prito\u017eb obsojenih potrdilo sodbo za nekdanjega predsednika uprave Istrabenza Bav\u010darja in nekdanjega Istrabenzovega svetovalca Kristjana Su\u0161inskega, spremenilo pa v delu, ki se nana\u0161a na izrek kazni za nekdanjega predsednika uprave Maksime Holdinga Nastjo Su\u0161inskega. Njihovi odvetniki so \u017ee napovedali, da bodo vlo\u017eili zahtevke za varstvo zakonitosti na vrhovno sodi\u0161\u010de, ki\u00a0&#8230;<\/p>\n","protected":false},"author":1,"featured_media":0,"comment_status":"closed","ping_status":"closed","sticky":false,"template":"","format":"standard","meta":{"footnotes":""},"categories":[1179],"tags":[],"source":[1703],"supertag":[],"acf":[],"yoast_head":"<!-- This site is optimized with the Yoast SEO plugin v21.3 - https:\/\/yoast.com\/wordpress\/plugins\/seo\/ -->\n<title>Vsi obsojeni v zadevi Istrabenz prejeli sodbe - Hudo Slovenija<\/title>\n<meta name=\"robots\" content=\"index, follow, max-snippet:-1, max-image-preview:large, max-video-preview:-1\" \/>\n<link rel=\"canonical\" href=\"https:\/\/hudo.com\/si\/aktualno\/vsi-obsojeni-v-zadevi-istrabenz-prejeli-sodbe\/\" \/>\n<meta property=\"og:locale\" content=\"sl_SI\" \/>\n<meta property=\"og:type\" content=\"article\" \/>\n<meta property=\"og:title\" content=\"Vsi obsojeni v zadevi Istrabenz prejeli sodbe - Hudo Slovenija\" \/>\n<meta property=\"og:description\" content=\"Kategorija: Kronika Tue, 13 Jun 2017 14:06:00 +0200 Ljubljana \u2212 Okro\u017eno sodi\u0161\u010de v Ljubljani je vsem trem obsojenim v zadevi Istrabenz \u2212 Igorju Bav\u010darju ter Nastji in Kristjanu Su\u0161inskemu \u2212 vro\u010dilo odlo\u010ditev vi\u0161jega sodi\u0161\u010da, ki je potrdilo prvostopenjske dosojene zaporne kazni. Zdaj bo okro\u017eno sodi\u0161\u010de za\u010delo vro\u010dati pozive na prestajanje dosojenih zapornih kazni, so na okro\u017enem sodi\u0161\u010du pojasnili za STA. Obsojeni bodo imeli 15 dni \u010dasa za dvig poziva na prestajanje kazni, od dviga pa mora prete\u010di \u0161e osem dni do za\u010detka prestajanja kazni. Vi\u0161je sodi\u0161\u010de je sicer maja po obravnavi prito\u017eb obsojenih potrdilo sodbo za nekdanjega predsednika uprave Istrabenza Bav\u010darja in nekdanjega Istrabenzovega svetovalca Kristjana Su\u0161inskega, spremenilo pa v delu, ki se nana\u0161a na izrek kazni za nekdanjega predsednika uprave Maksime Holdinga Nastjo Su\u0161inskega. Njihovi odvetniki so \u017ee napovedali, da bodo vlo\u017eili zahtevke za varstvo zakonitosti na vrhovno sodi\u0161\u010de, ki\u00a0...\" \/>\n<meta property=\"og:url\" content=\"https:\/\/hudo.com\/si\/aktualno\/vsi-obsojeni-v-zadevi-istrabenz-prejeli-sodbe\/\" \/>\n<meta property=\"og:site_name\" content=\"Hudo Slovenija\" \/>\n<meta property=\"article:publisher\" content=\"https:\/\/www.facebook.com\/hudo.si\" \/>\n<meta property=\"article:published_time\" content=\"2017-06-13T10:06:00+00:00\" \/>\n<meta property=\"og:image\" content=\"https:\/\/hudo.com\/si\/wp-content\/uploads\/sites\/2\/2017\/06\/480x290_Delo_Foto-20160905154403-14756400.jpeg\" \/>\n\t<meta property=\"og:image:width\" content=\"480\" \/>\n\t<meta property=\"og:image:height\" content=\"290\" \/>\n\t<meta property=\"og:image:type\" content=\"image\/jpeg\" \/>\n<meta name=\"author\" content=\"hudo\" \/>\n<meta name=\"twitter:card\" content=\"summary_large_image\" \/>\n<meta name=\"twitter:creator\" content=\"@hudo_si\" \/>\n<meta name=\"twitter:site\" content=\"@hudo_si\" \/>\n<meta name=\"twitter:label1\" content=\"Written by\" \/>\n\t<meta name=\"twitter:data1\" content=\"hudo\" \/>\n\t<meta name=\"twitter:label2\" content=\"Est. reading time\" \/>\n\t<meta name=\"twitter:data2\" content=\"1 minuta\" \/>\n<script type=\"application\/ld+json\" class=\"yoast-schema-graph\">{\"@context\":\"https:\/\/schema.org\",\"@graph\":[{\"@type\":\"Article\",\"@id\":\"https:\/\/hudo.com\/si\/aktualno\/vsi-obsojeni-v-zadevi-istrabenz-prejeli-sodbe\/#article\",\"isPartOf\":{\"@id\":\"https:\/\/hudo.com\/si\/aktualno\/vsi-obsojeni-v-zadevi-istrabenz-prejeli-sodbe\/\"},\"author\":{\"name\":\"hudo\",\"@id\":\"https:\/\/hudo.com\/si\/#\/schema\/person\/601cf3379633985b20f7e50f2bb47707\"},\"headline\":\"Vsi obsojeni v zadevi Istrabenz prejeli sodbe\",\"datePublished\":\"2017-06-13T10:06:00+00:00\",\"dateModified\":\"2017-06-13T10:06:00+00:00\",\"mainEntityOfPage\":{\"@id\":\"https:\/\/hudo.com\/si\/aktualno\/vsi-obsojeni-v-zadevi-istrabenz-prejeli-sodbe\/\"},\"wordCount\":165,\"publisher\":{\"@id\":\"https:\/\/hudo.com\/si\/#organization\"},\"articleSection\":[\"Aktualno\"],\"inLanguage\":\"sl-SI\"},{\"@type\":\"WebPage\",\"@id\":\"https:\/\/hudo.com\/si\/aktualno\/vsi-obsojeni-v-zadevi-istrabenz-prejeli-sodbe\/\",\"url\":\"https:\/\/hudo.com\/si\/aktualno\/vsi-obsojeni-v-zadevi-istrabenz-prejeli-sodbe\/\",\"name\":\"Vsi obsojeni v zadevi Istrabenz prejeli sodbe - Hudo Slovenija\",\"isPartOf\":{\"@id\":\"https:\/\/hudo.com\/si\/#website\"},\"datePublished\":\"2017-06-13T10:06:00+00:00\",\"dateModified\":\"2017-06-13T10:06:00+00:00\",\"breadcrumb\":{\"@id\":\"https:\/\/hudo.com\/si\/aktualno\/vsi-obsojeni-v-zadevi-istrabenz-prejeli-sodbe\/#breadcrumb\"},\"inLanguage\":\"sl-SI\",\"potentialAction\":[{\"@type\":\"ReadAction\",\"target\":[\"https:\/\/hudo.com\/si\/aktualno\/vsi-obsojeni-v-zadevi-istrabenz-prejeli-sodbe\/\"]}]},{\"@type\":\"BreadcrumbList\",\"@id\":\"https:\/\/hudo.com\/si\/aktualno\/vsi-obsojeni-v-zadevi-istrabenz-prejeli-sodbe\/#breadcrumb\",\"itemListElement\":[{\"@type\":\"ListItem\",\"position\":1,\"name\":\"Home\",\"item\":\"https:\/\/hudo.com\/si\/\"},{\"@type\":\"ListItem\",\"position\":2,\"name\":\"Vsi obsojeni v zadevi Istrabenz prejeli sodbe\"}]},{\"@type\":\"WebSite\",\"@id\":\"https:\/\/hudo.com\/si\/#website\",\"url\":\"https:\/\/hudo.com\/si\/\",\"name\":\"Hudo Slovenija\",\"description\":\"Vse novice iz Slovenije in sveta\",\"publisher\":{\"@id\":\"https:\/\/hudo.com\/si\/#organization\"},\"potentialAction\":[{\"@type\":\"SearchAction\",\"target\":{\"@type\":\"EntryPoint\",\"urlTemplate\":\"https:\/\/hudo.com\/si\/?s={search_term_string}\"},\"query-input\":\"required name=search_term_string\"}],\"inLanguage\":\"sl-SI\"},{\"@type\":\"Organization\",\"@id\":\"https:\/\/hudo.com\/si\/#organization\",\"name\":\"VSN Media\",\"url\":\"https:\/\/hudo.com\/si\/\",\"logo\":{\"@type\":\"ImageObject\",\"inLanguage\":\"sl-SI\",\"@id\":\"https:\/\/hudo.com\/si\/#\/schema\/logo\/image\/\",\"url\":\"https:\/\/hudo.com\/si\/wp-content\/uploads\/sites\/2\/2021\/03\/hudo-app-2.png\",\"contentUrl\":\"https:\/\/hudo.com\/si\/wp-content\/uploads\/sites\/2\/2021\/03\/hudo-app-2.png\",\"width\":2185,\"height\":2167,\"caption\":\"VSN Media\"},\"image\":{\"@id\":\"https:\/\/hudo.com\/si\/#\/schema\/logo\/image\/\"},\"sameAs\":[\"https:\/\/www.facebook.com\/hudo.si\",\"https:\/\/twitter.com\/hudo_si\"]},{\"@type\":\"Person\",\"@id\":\"https:\/\/hudo.com\/si\/#\/schema\/person\/601cf3379633985b20f7e50f2bb47707\",\"name\":\"hudo\",\"image\":{\"@type\":\"ImageObject\",\"inLanguage\":\"sl-SI\",\"@id\":\"https:\/\/hudo.com\/si\/#\/schema\/person\/image\/\",\"url\":\"https:\/\/secure.gravatar.com\/avatar\/c4ca25fa72cace7a696b52ff5db9e095?s=96&d=mm&r=g\",\"contentUrl\":\"https:\/\/secure.gravatar.com\/avatar\/c4ca25fa72cace7a696b52ff5db9e095?s=96&d=mm&r=g\",\"caption\":\"hudo\"},\"url\":\"https:\/\/hudo.com\/si\/author\/hudo\/\"}]}<\/script>\n<!-- \/ Yoast SEO plugin. -->","yoast_head_json":{"title":"Vsi obsojeni v zadevi Istrabenz prejeli sodbe - Hudo Slovenija","robots":{"index":"index","follow":"follow","max-snippet":"max-snippet:-1","max-image-preview":"max-image-preview:large","max-video-preview":"max-video-preview:-1"},"canonical":"https:\/\/hudo.com\/si\/aktualno\/vsi-obsojeni-v-zadevi-istrabenz-prejeli-sodbe\/","og_locale":"sl_SI","og_type":"article","og_title":"Vsi obsojeni v zadevi Istrabenz prejeli sodbe - Hudo Slovenija","og_description":"Kategorija: Kronika Tue, 13 Jun 2017 14:06:00 +0200 Ljubljana \u2212 Okro\u017eno sodi\u0161\u010de v Ljubljani je vsem trem obsojenim v zadevi Istrabenz \u2212 Igorju Bav\u010darju ter Nastji in Kristjanu Su\u0161inskemu \u2212 vro\u010dilo odlo\u010ditev vi\u0161jega sodi\u0161\u010da, ki je potrdilo prvostopenjske dosojene zaporne kazni. Zdaj bo okro\u017eno sodi\u0161\u010de za\u010delo vro\u010dati pozive na prestajanje dosojenih zapornih kazni, so na okro\u017enem sodi\u0161\u010du pojasnili za STA. Obsojeni bodo imeli 15 dni \u010dasa za dvig poziva na prestajanje kazni, od dviga pa mora prete\u010di \u0161e osem dni do za\u010detka prestajanja kazni. Vi\u0161je sodi\u0161\u010de je sicer maja po obravnavi prito\u017eb obsojenih potrdilo sodbo za nekdanjega predsednika uprave Istrabenza Bav\u010darja in nekdanjega Istrabenzovega svetovalca Kristjana Su\u0161inskega, spremenilo pa v delu, ki se nana\u0161a na izrek kazni za nekdanjega predsednika uprave Maksime Holdinga Nastjo Su\u0161inskega. Njihovi odvetniki so \u017ee napovedali, da bodo vlo\u017eili zahtevke za varstvo zakonitosti na vrhovno sodi\u0161\u010de, ki\u00a0...","og_url":"https:\/\/hudo.com\/si\/aktualno\/vsi-obsojeni-v-zadevi-istrabenz-prejeli-sodbe\/","og_site_name":"Hudo Slovenija","article_publisher":"https:\/\/www.facebook.com\/hudo.si","article_published_time":"2017-06-13T10:06:00+00:00","og_image":[{"width":480,"height":290,"url":"https:\/\/hudo.com\/si\/wp-content\/uploads\/sites\/2\/2017\/06\/480x290_Delo_Foto-20160905154403-14756400.jpeg","type":"image\/jpeg"}],"author":"hudo","twitter_card":"summary_large_image","twitter_creator":"@hudo_si","twitter_site":"@hudo_si","twitter_misc":{"Written by":"hudo","Est. reading time":"1 minuta"},"schema":{"@context":"https:\/\/schema.org","@graph":[{"@type":"Article","@id":"https:\/\/hudo.com\/si\/aktualno\/vsi-obsojeni-v-zadevi-istrabenz-prejeli-sodbe\/#article","isPartOf":{"@id":"https:\/\/hudo.com\/si\/aktualno\/vsi-obsojeni-v-zadevi-istrabenz-prejeli-sodbe\/"},"author":{"name":"hudo","@id":"https:\/\/hudo.com\/si\/#\/schema\/person\/601cf3379633985b20f7e50f2bb47707"},"headline":"Vsi obsojeni v zadevi Istrabenz prejeli sodbe","datePublished":"2017-06-13T10:06:00+00:00","dateModified":"2017-06-13T10:06:00+00:00","mainEntityOfPage":{"@id":"https:\/\/hudo.com\/si\/aktualno\/vsi-obsojeni-v-zadevi-istrabenz-prejeli-sodbe\/"},"wordCount":165,"publisher":{"@id":"https:\/\/hudo.com\/si\/#organization"},"articleSection":["Aktualno"],"inLanguage":"sl-SI"},{"@type":"WebPage","@id":"https:\/\/hudo.com\/si\/aktualno\/vsi-obsojeni-v-zadevi-istrabenz-prejeli-sodbe\/","url":"https:\/\/hudo.com\/si\/aktualno\/vsi-obsojeni-v-zadevi-istrabenz-prejeli-sodbe\/","name":"Vsi obsojeni v zadevi Istrabenz prejeli sodbe - Hudo Slovenija","isPartOf":{"@id":"https:\/\/hudo.com\/si\/#website"},"datePublished":"2017-06-13T10:06:00+00:00","dateModified":"2017-06-13T10:06:00+00:00","breadcrumb":{"@id":"https:\/\/hudo.com\/si\/aktualno\/vsi-obsojeni-v-zadevi-istrabenz-prejeli-sodbe\/#breadcrumb"},"inLanguage":"sl-SI","potentialAction":[{"@type":"ReadAction","target":["https:\/\/hudo.com\/si\/aktualno\/vsi-obsojeni-v-zadevi-istrabenz-prejeli-sodbe\/"]}]},{"@type":"BreadcrumbList","@id":"https:\/\/hudo.com\/si\/aktualno\/vsi-obsojeni-v-zadevi-istrabenz-prejeli-sodbe\/#breadcrumb","itemListElement":[{"@type":"ListItem","position":1,"name":"Home","item":"https:\/\/hudo.com\/si\/"},{"@type":"ListItem","position":2,"name":"Vsi obsojeni v zadevi Istrabenz prejeli sodbe"}]},{"@type":"WebSite","@id":"https:\/\/hudo.com\/si\/#website","url":"https:\/\/hudo.com\/si\/","name":"Hudo Slovenija","description":"Vse novice iz Slovenije in sveta","publisher":{"@id":"https:\/\/hudo.com\/si\/#organization"},"potentialAction":[{"@type":"SearchAction","target":{"@type":"EntryPoint","urlTemplate":"https:\/\/hudo.com\/si\/?s={search_term_string}"},"query-input":"required name=search_term_string"}],"inLanguage":"sl-SI"},{"@type":"Organization","@id":"https:\/\/hudo.com\/si\/#organization","name":"VSN Media","url":"https:\/\/hudo.com\/si\/","logo":{"@type":"ImageObject","inLanguage":"sl-SI","@id":"https:\/\/hudo.com\/si\/#\/schema\/logo\/image\/","url":"https:\/\/hudo.com\/si\/wp-content\/uploads\/sites\/2\/2021\/03\/hudo-app-2.png","contentUrl":"https:\/\/hudo.com\/si\/wp-content\/uploads\/sites\/2\/2021\/03\/hudo-app-2.png","width":2185,"height":2167,"caption":"VSN Media"},"image":{"@id":"https:\/\/hudo.com\/si\/#\/schema\/logo\/image\/"},"sameAs":["https:\/\/www.facebook.com\/hudo.si","https:\/\/twitter.com\/hudo_si"]},{"@type":"Person","@id":"https:\/\/hudo.com\/si\/#\/schema\/person\/601cf3379633985b20f7e50f2bb47707","name":"hudo","image":{"@type":"ImageObject","inLanguage":"sl-SI","@id":"https:\/\/hudo.com\/si\/#\/schema\/person\/image\/","url":"https:\/\/secure.gravatar.com\/avatar\/c4ca25fa72cace7a696b52ff5db9e095?s=96&d=mm&r=g","contentUrl":"https:\/\/secure.gravatar.com\/avatar\/c4ca25fa72cace7a696b52ff5db9e095?s=96&d=mm&r=g","caption":"hudo"},"url":"https:\/\/hudo.com\/si\/author\/hudo\/"}]}},"amp_enabled":true,"_links":{"self":[{"href":"https:\/\/hudo.com\/si\/wp-json\/wp\/v2\/posts\/266047"}],"collection":[{"href":"https:\/\/hudo.com\/si\/wp-json\/wp\/v2\/posts"}],"about":[{"href":"https:\/\/hudo.com\/si\/wp-json\/wp\/v2\/types\/post"}],"author":[{"embeddable":true,"href":"https:\/\/hudo.com\/si\/wp-json\/wp\/v2\/users\/1"}],"replies":[{"embeddable":true,"href":"https:\/\/hudo.com\/si\/wp-json\/wp\/v2\/comments?post=266047"}],"version-history":[{"count":0,"href":"https:\/\/hudo.com\/si\/wp-json\/wp\/v2\/posts\/266047\/revisions"}],"wp:attachment":[{"href":"https:\/\/hudo.com\/si\/wp-json\/wp\/v2\/media?parent=266047"}],"wp:term":[{"taxonomy":"category","embeddable":true,"href":"https:\/\/hudo.com\/si\/wp-json\/wp\/v2\/categories?post=266047"},{"taxonomy":"post_tag","embeddable":true,"href":"https:\/\/hudo.com\/si\/wp-json\/wp\/v2\/tags?post=266047"},{"taxonomy":"source","embeddable":true,"href":"https:\/\/hudo.com\/si\/wp-json\/wp\/v2\/source?post=266047"},{"taxonomy":"supertag","embeddable":true,"href":"https:\/\/hudo.com\/si\/wp-json\/wp\/v2\/supertag?post=266047"}],"curies":[{"name":"wp","href":"https:\/\/api.w.org\/{rel}","templated":true}]}}