{"id":266057,"date":"2017-06-13T11:10:00","date_gmt":"2017-06-13T09:10:00","guid":{"rendered":"http:\/\/hudo.com\/si\/2017\/06\/13\/zlate-lisice-ni-v-programu-sezone-202021-ni-tako-crno-kot-se-zdi\/"},"modified":"2017-06-13T11:10:00","modified_gmt":"2017-06-13T09:10:00","slug":"zlate-lisice-ni-v-programu-sezone-202021-ni-tako-crno-kot-se-zdi","status":"publish","type":"post","link":"https:\/\/hudo.com\/si\/aktualno\/zlate-lisice-ni-v-programu-sezone-202021-ni-tako-crno-kot-se-zdi\/","title":{"rendered":"Zlate lisice ni v programu sezone 2020\/21? Ni tako \u010drno, kot se zdi!"},"content":{"rendered":"<p>Bo Maribor ostal brez tekme svetovnega pokala v alpskem smu\u010danju? Generalni sekretar Zlate lisice Sre\u010dko Vilar je danes povedal, da v gradivih, ki so bila poslana pred konferenco v Portoro\u017eu, med organizatorji tekem v sezoni 2020\/21 ni bil napisan Maribor. &#8220;Ni pa zadeva tako \u010drna, kot se zdi, saj ni bilo \u0161e ni\u010d sprejeto. Ta osnutek je pri\u0161el v gradivo, vendar se o njem \u0161e ni niti debatiralo. V okviru pristojnosti je treba reagirati. To se sedaj izvaja. Na Smu\u010darski zvezi Slovenije se pripravlja dopis z vljudno zahtevo, da se Maribor vrne v koledar.&#8221;   Igor Napast&#8221;Imamo kar nekaj argumentov, imamo tradicijo,&#8221; poudarja generalni sekretar Zlate lisice Sre\u010dko Vilar.&#8221;>     Igor Napast &#8220;Imamo kar nekaj argumentov, imamo tradicijo,&#8221; poudarja generalni sekretar Zlate lisice Sre\u010dko Vilar.     Organizatorji ostajajo optimisti\u010dni. &#8220;Moramo biti pripravljeni na sestanek, ki bo jeseni pred za\u010detkom nove sezone v Z\u00fcrichu. Imamo kar nekaj argumentov, imamo tradicijo. \u010ce tekme ne bi bilo, bi odpadla 58. izvedba Zlate lisice. Tekme v Mariboru so odli\u010dno organizirane, lani nam je ob rednem spremljanju vremena uspelo pripraviti odli\u010dne proge. Mo\u010dan argument je tudi zelo dober obisk tekem in velika odmevnost dogodka, saj smo bili po \u0161tevilu gledalcev pred televizorji pred vsemi prizori\u0161\u010di \u017eenskih tekem,&#8221; pravi Vilar. Tudi Tone Vogrinec, ki zadevo nekoliko bolj pozna, saj je \u010dlan izvr\u0161nega odbora za alpsko smu\u010danje pri Mednarodni smu\u010darski zvezi Fis, meni, da panika ni potrebna. &#8220;Mali alarm je zasvetil. Janez Kocijan\u010di\u010d je v predsedstvu mednarodne zveze \u017ee reagiral in je vedno sposoben stvari postaviti na svoje mesto. Obi\u010dajno je, da ko se fantje stepejo, vedno udarijo po naj\u0161ibkej\u0161em. Ne znam si predstavljati, da bi tekmo vzeli Avstrijcem ali Italijanom. Do sestanka, ki bo oktobra v Z\u00fcrichu, je treba pripraviti vljudno reakcijo. Prepri\u010dan sem, da bo protest uspe\u0161en,&#8221; je kljub vsemu optimisti\u010den Vogrinec.   Miran Jur\u0161i\u010d&#8221;Ko se fantje stepejo, vedno udarijo po naj\u0161ibkej\u0161em,&#8221; ugotavlja Tone<\/p>\n","protected":false},"excerpt":{"rendered":"<p>Bo Maribor ostal brez tekme svetovnega pokala v alpskem smu\u010danju? Generalni sekretar Zlate lisice Sre\u010dko Vilar je danes povedal, da v gradivih, ki so bila poslana pred konferenco v Portoro\u017eu, med organizatorji tekem v sezoni 2020\/21 ni bil napisan Maribor. &#8220;Ni pa zadeva tako \u010drna, kot se zdi, saj ni bilo \u0161e ni\u010d sprejeto. Ta osnutek je pri\u0161el v gradivo, vendar se o njem \u0161e ni niti debatiralo. V okviru pristojnosti je treba reagirati. To se sedaj izvaja. Na Smu\u010darski zvezi Slovenije se pripravlja dopis z vljudno zahtevo, da se Maribor vrne v koledar.&#8221;   Igor Napast&#8221;Imamo kar nekaj argumentov, imamo tradicijo,&#8221; poudarja generalni sekretar Zlate lisice Sre\u010dko Vilar.&#8221;>     Igor Napast &#8220;Imamo kar nekaj argumentov, imamo tradicijo,&#8221; poudarja generalni sekretar Zlate lisice Sre\u010dko Vilar.     Organizatorji ostajajo optimisti\u010dni. &#8220;Moramo biti pripravljeni na sestanek, ki bo jeseni pred za\u010detkom nove sezone v Z\u00fcrichu. Imamo kar nekaj argumentov, imamo tradicijo. \u010ce tekme ne bi bilo, bi odpadla 58. izvedba Zlate lisice. Tekme v Mariboru so odli\u010dno organizirane, lani nam je ob rednem spremljanju vremena uspelo pripraviti odli\u010dne proge. Mo\u010dan argument je tudi zelo dober obisk tekem in velika odmevnost dogodka, saj smo bili po \u0161tevilu gledalcev pred televizorji pred vsemi prizori\u0161\u010di \u017eenskih tekem,&#8221; pravi Vilar. Tudi Tone Vogrinec, ki zadevo nekoliko bolj pozna, saj je \u010dlan izvr\u0161nega odbora za alpsko smu\u010danje pri Mednarodni smu\u010darski zvezi Fis, meni, da panika ni potrebna. &#8220;Mali alarm je zasvetil. Janez Kocijan\u010di\u010d je v predsedstvu mednarodne zveze \u017ee reagiral in je vedno sposoben stvari postaviti na svoje mesto. Obi\u010dajno je, da ko se fantje stepejo, vedno udarijo po naj\u0161ibkej\u0161em. Ne znam si predstavljati, da bi tekmo vzeli Avstrijcem ali Italijanom. Do sestanka, ki bo oktobra v Z\u00fcrichu, je treba pripraviti vljudno reakcijo. Prepri\u010dan sem, da bo protest uspe\u0161en,&#8221; je kljub vsemu optimisti\u010den Vogrinec.   Miran Jur\u0161i\u010d&#8221;Ko se fantje stepejo, vedno udarijo po naj\u0161ibkej\u0161em,&#8221; ugotavlja Tone<\/p>\n","protected":false},"author":1,"featured_media":0,"comment_status":"closed","ping_status":"closed","sticky":false,"template":"","format":"standard","meta":{"footnotes":""},"categories":[1179],"tags":[],"source":[1711],"supertag":[],"acf":[],"yoast_head":"<!-- This site is optimized with the Yoast SEO plugin v21.3 - https:\/\/yoast.com\/wordpress\/plugins\/seo\/ -->\n<title>Zlate lisice ni v programu sezone 2020\/21? Ni tako \u010drno, kot se zdi! - Hudo Slovenija<\/title>\n<meta name=\"robots\" content=\"index, follow, max-snippet:-1, max-image-preview:large, max-video-preview:-1\" \/>\n<link rel=\"canonical\" href=\"https:\/\/hudo.com\/si\/aktualno\/zlate-lisice-ni-v-programu-sezone-202021-ni-tako-crno-kot-se-zdi\/\" \/>\n<meta property=\"og:locale\" content=\"sl_SI\" \/>\n<meta property=\"og:type\" content=\"article\" \/>\n<meta property=\"og:title\" content=\"Zlate lisice ni v programu sezone 2020\/21? Ni tako \u010drno, kot se zdi! - Hudo Slovenija\" \/>\n<meta property=\"og:description\" content=\"Bo Maribor ostal brez tekme svetovnega pokala v alpskem smu\u010danju? Generalni sekretar Zlate lisice Sre\u010dko Vilar je danes povedal, da v gradivih, ki so bila poslana pred konferenco v Portoro\u017eu, med organizatorji tekem v sezoni 2020\/21 ni bil napisan Maribor. &quot;Ni pa zadeva tako \u010drna, kot se zdi, saj ni bilo \u0161e ni\u010d sprejeto. Ta osnutek je pri\u0161el v gradivo, vendar se o njem \u0161e ni niti debatiralo. V okviru pristojnosti je treba reagirati. To se sedaj izvaja. Na Smu\u010darski zvezi Slovenije se pripravlja dopis z vljudno zahtevo, da se Maribor vrne v koledar.&quot;  Igor Napast&quot;Imamo kar nekaj argumentov, imamo tradicijo,&quot; poudarja generalni sekretar Zlate lisice Sre\u010dko Vilar.&quot;&gt;   Igor Napast &quot;Imamo kar nekaj argumentov, imamo tradicijo,&quot; poudarja generalni sekretar Zlate lisice Sre\u010dko Vilar.   Organizatorji ostajajo optimisti\u010dni. &quot;Moramo biti pripravljeni na sestanek, ki bo jeseni pred za\u010detkom nove sezone v Z\u00fcrichu. Imamo kar nekaj argumentov, imamo tradicijo. \u010ce tekme ne bi bilo, bi odpadla 58. izvedba Zlate lisice. Tekme v Mariboru so odli\u010dno organizirane, lani nam je ob rednem spremljanju vremena uspelo pripraviti odli\u010dne proge. Mo\u010dan argument je tudi zelo dober obisk tekem in velika odmevnost dogodka, saj smo bili po \u0161tevilu gledalcev pred televizorji pred vsemi prizori\u0161\u010di \u017eenskih tekem,&quot; pravi Vilar. Tudi Tone Vogrinec, ki zadevo nekoliko bolj pozna, saj je \u010dlan izvr\u0161nega odbora za alpsko smu\u010danje pri Mednarodni smu\u010darski zvezi Fis, meni, da panika ni potrebna. &quot;Mali alarm je zasvetil. Janez Kocijan\u010di\u010d je v predsedstvu mednarodne zveze \u017ee reagiral in je vedno sposoben stvari postaviti na svoje mesto. Obi\u010dajno je, da ko se fantje stepejo, vedno udarijo po naj\u0161ibkej\u0161em. Ne znam si predstavljati, da bi tekmo vzeli Avstrijcem ali Italijanom. Do sestanka, ki bo oktobra v Z\u00fcrichu, je treba pripraviti vljudno reakcijo. Prepri\u010dan sem, da bo protest uspe\u0161en,&quot; je kljub vsemu optimisti\u010den Vogrinec.  Miran Jur\u0161i\u010d&quot;Ko se fantje stepejo, vedno udarijo po naj\u0161ibkej\u0161em,&quot; ugotavlja Tone\" \/>\n<meta property=\"og:url\" content=\"https:\/\/hudo.com\/si\/aktualno\/zlate-lisice-ni-v-programu-sezone-202021-ni-tako-crno-kot-se-zdi\/\" \/>\n<meta property=\"og:site_name\" content=\"Hudo Slovenija\" \/>\n<meta property=\"article:publisher\" content=\"https:\/\/www.facebook.com\/hudo.si\" \/>\n<meta property=\"article:published_time\" content=\"2017-06-13T09:10:00+00:00\" \/>\n<meta property=\"og:image\" content=\"https:\/\/hudo.com\/si\/wp-content\/uploads\/sites\/2\/2017\/06\/0108M7-300.jpg\" \/>\n\t<meta property=\"og:image:width\" content=\"450\" \/>\n\t<meta property=\"og:image:height\" content=\"300\" \/>\n\t<meta property=\"og:image:type\" content=\"image\/jpeg\" \/>\n<meta name=\"author\" content=\"hudo\" \/>\n<meta name=\"twitter:card\" content=\"summary_large_image\" \/>\n<meta name=\"twitter:creator\" content=\"@hudo_si\" \/>\n<meta name=\"twitter:site\" content=\"@hudo_si\" \/>\n<meta name=\"twitter:label1\" content=\"Written by\" \/>\n\t<meta name=\"twitter:data1\" content=\"hudo\" \/>\n\t<meta name=\"twitter:label2\" content=\"Est. reading time\" \/>\n\t<meta name=\"twitter:data2\" content=\"2 minuti\" \/>\n<script type=\"application\/ld+json\" class=\"yoast-schema-graph\">{\"@context\":\"https:\/\/schema.org\",\"@graph\":[{\"@type\":\"Article\",\"@id\":\"https:\/\/hudo.com\/si\/aktualno\/zlate-lisice-ni-v-programu-sezone-202021-ni-tako-crno-kot-se-zdi\/#article\",\"isPartOf\":{\"@id\":\"https:\/\/hudo.com\/si\/aktualno\/zlate-lisice-ni-v-programu-sezone-202021-ni-tako-crno-kot-se-zdi\/\"},\"author\":{\"name\":\"hudo\",\"@id\":\"https:\/\/hudo.com\/si\/#\/schema\/person\/601cf3379633985b20f7e50f2bb47707\"},\"headline\":\"Zlate lisice ni v programu sezone 2020\/21? Ni tako \u010drno, kot se zdi!\",\"datePublished\":\"2017-06-13T09:10:00+00:00\",\"dateModified\":\"2017-06-13T09:10:00+00:00\",\"mainEntityOfPage\":{\"@id\":\"https:\/\/hudo.com\/si\/aktualno\/zlate-lisice-ni-v-programu-sezone-202021-ni-tako-crno-kot-se-zdi\/\"},\"wordCount\":345,\"publisher\":{\"@id\":\"https:\/\/hudo.com\/si\/#organization\"},\"articleSection\":[\"Aktualno\"],\"inLanguage\":\"sl-SI\"},{\"@type\":\"WebPage\",\"@id\":\"https:\/\/hudo.com\/si\/aktualno\/zlate-lisice-ni-v-programu-sezone-202021-ni-tako-crno-kot-se-zdi\/\",\"url\":\"https:\/\/hudo.com\/si\/aktualno\/zlate-lisice-ni-v-programu-sezone-202021-ni-tako-crno-kot-se-zdi\/\",\"name\":\"Zlate lisice ni v programu sezone 2020\/21? Ni tako \u010drno, kot se zdi! - Hudo Slovenija\",\"isPartOf\":{\"@id\":\"https:\/\/hudo.com\/si\/#website\"},\"datePublished\":\"2017-06-13T09:10:00+00:00\",\"dateModified\":\"2017-06-13T09:10:00+00:00\",\"breadcrumb\":{\"@id\":\"https:\/\/hudo.com\/si\/aktualno\/zlate-lisice-ni-v-programu-sezone-202021-ni-tako-crno-kot-se-zdi\/#breadcrumb\"},\"inLanguage\":\"sl-SI\",\"potentialAction\":[{\"@type\":\"ReadAction\",\"target\":[\"https:\/\/hudo.com\/si\/aktualno\/zlate-lisice-ni-v-programu-sezone-202021-ni-tako-crno-kot-se-zdi\/\"]}]},{\"@type\":\"BreadcrumbList\",\"@id\":\"https:\/\/hudo.com\/si\/aktualno\/zlate-lisice-ni-v-programu-sezone-202021-ni-tako-crno-kot-se-zdi\/#breadcrumb\",\"itemListElement\":[{\"@type\":\"ListItem\",\"position\":1,\"name\":\"Home\",\"item\":\"https:\/\/hudo.com\/si\/\"},{\"@type\":\"ListItem\",\"position\":2,\"name\":\"Zlate lisice ni v programu sezone 2020\/21? Ni tako \u010drno, kot se zdi!\"}]},{\"@type\":\"WebSite\",\"@id\":\"https:\/\/hudo.com\/si\/#website\",\"url\":\"https:\/\/hudo.com\/si\/\",\"name\":\"Hudo Slovenija\",\"description\":\"Vse novice iz Slovenije in sveta\",\"publisher\":{\"@id\":\"https:\/\/hudo.com\/si\/#organization\"},\"potentialAction\":[{\"@type\":\"SearchAction\",\"target\":{\"@type\":\"EntryPoint\",\"urlTemplate\":\"https:\/\/hudo.com\/si\/?s={search_term_string}\"},\"query-input\":\"required name=search_term_string\"}],\"inLanguage\":\"sl-SI\"},{\"@type\":\"Organization\",\"@id\":\"https:\/\/hudo.com\/si\/#organization\",\"name\":\"VSN Media\",\"url\":\"https:\/\/hudo.com\/si\/\",\"logo\":{\"@type\":\"ImageObject\",\"inLanguage\":\"sl-SI\",\"@id\":\"https:\/\/hudo.com\/si\/#\/schema\/logo\/image\/\",\"url\":\"https:\/\/hudo.com\/si\/wp-content\/uploads\/sites\/2\/2021\/03\/hudo-app-2.png\",\"contentUrl\":\"https:\/\/hudo.com\/si\/wp-content\/uploads\/sites\/2\/2021\/03\/hudo-app-2.png\",\"width\":2185,\"height\":2167,\"caption\":\"VSN Media\"},\"image\":{\"@id\":\"https:\/\/hudo.com\/si\/#\/schema\/logo\/image\/\"},\"sameAs\":[\"https:\/\/www.facebook.com\/hudo.si\",\"https:\/\/twitter.com\/hudo_si\"]},{\"@type\":\"Person\",\"@id\":\"https:\/\/hudo.com\/si\/#\/schema\/person\/601cf3379633985b20f7e50f2bb47707\",\"name\":\"hudo\",\"image\":{\"@type\":\"ImageObject\",\"inLanguage\":\"sl-SI\",\"@id\":\"https:\/\/hudo.com\/si\/#\/schema\/person\/image\/\",\"url\":\"https:\/\/secure.gravatar.com\/avatar\/c4ca25fa72cace7a696b52ff5db9e095?s=96&d=mm&r=g\",\"contentUrl\":\"https:\/\/secure.gravatar.com\/avatar\/c4ca25fa72cace7a696b52ff5db9e095?s=96&d=mm&r=g\",\"caption\":\"hudo\"},\"url\":\"https:\/\/hudo.com\/si\/author\/hudo\/\"}]}<\/script>\n<!-- \/ Yoast SEO plugin. -->","yoast_head_json":{"title":"Zlate lisice ni v programu sezone 2020\/21? Ni tako \u010drno, kot se zdi! - Hudo Slovenija","robots":{"index":"index","follow":"follow","max-snippet":"max-snippet:-1","max-image-preview":"max-image-preview:large","max-video-preview":"max-video-preview:-1"},"canonical":"https:\/\/hudo.com\/si\/aktualno\/zlate-lisice-ni-v-programu-sezone-202021-ni-tako-crno-kot-se-zdi\/","og_locale":"sl_SI","og_type":"article","og_title":"Zlate lisice ni v programu sezone 2020\/21? Ni tako \u010drno, kot se zdi! - Hudo Slovenija","og_description":"Bo Maribor ostal brez tekme svetovnega pokala v alpskem smu\u010danju? Generalni sekretar Zlate lisice Sre\u010dko Vilar je danes povedal, da v gradivih, ki so bila poslana pred konferenco v Portoro\u017eu, med organizatorji tekem v sezoni 2020\/21 ni bil napisan Maribor. \"Ni pa zadeva tako \u010drna, kot se zdi, saj ni bilo \u0161e ni\u010d sprejeto. Ta osnutek je pri\u0161el v gradivo, vendar se o njem \u0161e ni niti debatiralo. V okviru pristojnosti je treba reagirati. To se sedaj izvaja. Na Smu\u010darski zvezi Slovenije se pripravlja dopis z vljudno zahtevo, da se Maribor vrne v koledar.\"  Igor Napast\"Imamo kar nekaj argumentov, imamo tradicijo,\" poudarja generalni sekretar Zlate lisice Sre\u010dko Vilar.\">   Igor Napast \"Imamo kar nekaj argumentov, imamo tradicijo,\" poudarja generalni sekretar Zlate lisice Sre\u010dko Vilar.   Organizatorji ostajajo optimisti\u010dni. \"Moramo biti pripravljeni na sestanek, ki bo jeseni pred za\u010detkom nove sezone v Z\u00fcrichu. Imamo kar nekaj argumentov, imamo tradicijo. \u010ce tekme ne bi bilo, bi odpadla 58. izvedba Zlate lisice. Tekme v Mariboru so odli\u010dno organizirane, lani nam je ob rednem spremljanju vremena uspelo pripraviti odli\u010dne proge. Mo\u010dan argument je tudi zelo dober obisk tekem in velika odmevnost dogodka, saj smo bili po \u0161tevilu gledalcev pred televizorji pred vsemi prizori\u0161\u010di \u017eenskih tekem,\" pravi Vilar. Tudi Tone Vogrinec, ki zadevo nekoliko bolj pozna, saj je \u010dlan izvr\u0161nega odbora za alpsko smu\u010danje pri Mednarodni smu\u010darski zvezi Fis, meni, da panika ni potrebna. \"Mali alarm je zasvetil. Janez Kocijan\u010di\u010d je v predsedstvu mednarodne zveze \u017ee reagiral in je vedno sposoben stvari postaviti na svoje mesto. Obi\u010dajno je, da ko se fantje stepejo, vedno udarijo po naj\u0161ibkej\u0161em. Ne znam si predstavljati, da bi tekmo vzeli Avstrijcem ali Italijanom. Do sestanka, ki bo oktobra v Z\u00fcrichu, je treba pripraviti vljudno reakcijo. Prepri\u010dan sem, da bo protest uspe\u0161en,\" je kljub vsemu optimisti\u010den Vogrinec.  Miran Jur\u0161i\u010d\"Ko se fantje stepejo, vedno udarijo po naj\u0161ibkej\u0161em,\" ugotavlja Tone","og_url":"https:\/\/hudo.com\/si\/aktualno\/zlate-lisice-ni-v-programu-sezone-202021-ni-tako-crno-kot-se-zdi\/","og_site_name":"Hudo Slovenija","article_publisher":"https:\/\/www.facebook.com\/hudo.si","article_published_time":"2017-06-13T09:10:00+00:00","og_image":[{"width":450,"height":300,"url":"https:\/\/hudo.com\/si\/wp-content\/uploads\/sites\/2\/2017\/06\/0108M7-300.jpg","type":"image\/jpeg"}],"author":"hudo","twitter_card":"summary_large_image","twitter_creator":"@hudo_si","twitter_site":"@hudo_si","twitter_misc":{"Written by":"hudo","Est. reading time":"2 minuti"},"schema":{"@context":"https:\/\/schema.org","@graph":[{"@type":"Article","@id":"https:\/\/hudo.com\/si\/aktualno\/zlate-lisice-ni-v-programu-sezone-202021-ni-tako-crno-kot-se-zdi\/#article","isPartOf":{"@id":"https:\/\/hudo.com\/si\/aktualno\/zlate-lisice-ni-v-programu-sezone-202021-ni-tako-crno-kot-se-zdi\/"},"author":{"name":"hudo","@id":"https:\/\/hudo.com\/si\/#\/schema\/person\/601cf3379633985b20f7e50f2bb47707"},"headline":"Zlate lisice ni v programu sezone 2020\/21? Ni tako \u010drno, kot se zdi!","datePublished":"2017-06-13T09:10:00+00:00","dateModified":"2017-06-13T09:10:00+00:00","mainEntityOfPage":{"@id":"https:\/\/hudo.com\/si\/aktualno\/zlate-lisice-ni-v-programu-sezone-202021-ni-tako-crno-kot-se-zdi\/"},"wordCount":345,"publisher":{"@id":"https:\/\/hudo.com\/si\/#organization"},"articleSection":["Aktualno"],"inLanguage":"sl-SI"},{"@type":"WebPage","@id":"https:\/\/hudo.com\/si\/aktualno\/zlate-lisice-ni-v-programu-sezone-202021-ni-tako-crno-kot-se-zdi\/","url":"https:\/\/hudo.com\/si\/aktualno\/zlate-lisice-ni-v-programu-sezone-202021-ni-tako-crno-kot-se-zdi\/","name":"Zlate lisice ni v programu sezone 2020\/21? Ni tako \u010drno, kot se zdi! - Hudo Slovenija","isPartOf":{"@id":"https:\/\/hudo.com\/si\/#website"},"datePublished":"2017-06-13T09:10:00+00:00","dateModified":"2017-06-13T09:10:00+00:00","breadcrumb":{"@id":"https:\/\/hudo.com\/si\/aktualno\/zlate-lisice-ni-v-programu-sezone-202021-ni-tako-crno-kot-se-zdi\/#breadcrumb"},"inLanguage":"sl-SI","potentialAction":[{"@type":"ReadAction","target":["https:\/\/hudo.com\/si\/aktualno\/zlate-lisice-ni-v-programu-sezone-202021-ni-tako-crno-kot-se-zdi\/"]}]},{"@type":"BreadcrumbList","@id":"https:\/\/hudo.com\/si\/aktualno\/zlate-lisice-ni-v-programu-sezone-202021-ni-tako-crno-kot-se-zdi\/#breadcrumb","itemListElement":[{"@type":"ListItem","position":1,"name":"Home","item":"https:\/\/hudo.com\/si\/"},{"@type":"ListItem","position":2,"name":"Zlate lisice ni v programu sezone 2020\/21? Ni tako \u010drno, kot se zdi!"}]},{"@type":"WebSite","@id":"https:\/\/hudo.com\/si\/#website","url":"https:\/\/hudo.com\/si\/","name":"Hudo Slovenija","description":"Vse novice iz Slovenije in sveta","publisher":{"@id":"https:\/\/hudo.com\/si\/#organization"},"potentialAction":[{"@type":"SearchAction","target":{"@type":"EntryPoint","urlTemplate":"https:\/\/hudo.com\/si\/?s={search_term_string}"},"query-input":"required name=search_term_string"}],"inLanguage":"sl-SI"},{"@type":"Organization","@id":"https:\/\/hudo.com\/si\/#organization","name":"VSN Media","url":"https:\/\/hudo.com\/si\/","logo":{"@type":"ImageObject","inLanguage":"sl-SI","@id":"https:\/\/hudo.com\/si\/#\/schema\/logo\/image\/","url":"https:\/\/hudo.com\/si\/wp-content\/uploads\/sites\/2\/2021\/03\/hudo-app-2.png","contentUrl":"https:\/\/hudo.com\/si\/wp-content\/uploads\/sites\/2\/2021\/03\/hudo-app-2.png","width":2185,"height":2167,"caption":"VSN Media"},"image":{"@id":"https:\/\/hudo.com\/si\/#\/schema\/logo\/image\/"},"sameAs":["https:\/\/www.facebook.com\/hudo.si","https:\/\/twitter.com\/hudo_si"]},{"@type":"Person","@id":"https:\/\/hudo.com\/si\/#\/schema\/person\/601cf3379633985b20f7e50f2bb47707","name":"hudo","image":{"@type":"ImageObject","inLanguage":"sl-SI","@id":"https:\/\/hudo.com\/si\/#\/schema\/person\/image\/","url":"https:\/\/secure.gravatar.com\/avatar\/c4ca25fa72cace7a696b52ff5db9e095?s=96&d=mm&r=g","contentUrl":"https:\/\/secure.gravatar.com\/avatar\/c4ca25fa72cace7a696b52ff5db9e095?s=96&d=mm&r=g","caption":"hudo"},"url":"https:\/\/hudo.com\/si\/author\/hudo\/"}]}},"amp_enabled":true,"_links":{"self":[{"href":"https:\/\/hudo.com\/si\/wp-json\/wp\/v2\/posts\/266057"}],"collection":[{"href":"https:\/\/hudo.com\/si\/wp-json\/wp\/v2\/posts"}],"about":[{"href":"https:\/\/hudo.com\/si\/wp-json\/wp\/v2\/types\/post"}],"author":[{"embeddable":true,"href":"https:\/\/hudo.com\/si\/wp-json\/wp\/v2\/users\/1"}],"replies":[{"embeddable":true,"href":"https:\/\/hudo.com\/si\/wp-json\/wp\/v2\/comments?post=266057"}],"version-history":[{"count":0,"href":"https:\/\/hudo.com\/si\/wp-json\/wp\/v2\/posts\/266057\/revisions"}],"wp:attachment":[{"href":"https:\/\/hudo.com\/si\/wp-json\/wp\/v2\/media?parent=266057"}],"wp:term":[{"taxonomy":"category","embeddable":true,"href":"https:\/\/hudo.com\/si\/wp-json\/wp\/v2\/categories?post=266057"},{"taxonomy":"post_tag","embeddable":true,"href":"https:\/\/hudo.com\/si\/wp-json\/wp\/v2\/tags?post=266057"},{"taxonomy":"source","embeddable":true,"href":"https:\/\/hudo.com\/si\/wp-json\/wp\/v2\/source?post=266057"},{"taxonomy":"supertag","embeddable":true,"href":"https:\/\/hudo.com\/si\/wp-json\/wp\/v2\/supertag?post=266057"}],"curies":[{"name":"wp","href":"https:\/\/api.w.org\/{rel}","templated":true}]}}