{"id":266167,"date":"2017-06-14T09:05:08","date_gmt":"2017-06-14T07:05:08","guid":{"rendered":"http:\/\/hudo.com\/si\/?p=266167"},"modified":"2017-06-14T09:05:08","modified_gmt":"2017-06-14T07:05:08","slug":"melanijin-oce-prispel-v-washington-uporabniki-twitterja-sokirani-isti-je-kot-donald","status":"publish","type":"post","link":"https:\/\/hudo.com\/si\/vip\/melanijin-oce-prispel-v-washington-uporabniki-twitterja-sokirani-isti-je-kot-donald\/","title":{"rendered":"Melanijin o\u010de prispel v Washington, uporabniki Twitterja \u0161okirani: &#8220;Isti je kot Donald&#8221;"},"content":{"rendered":"<figure id=\"attachment_266168\" aria-describedby=\"caption-attachment-266168\" style=\"width: 1000px\" class=\"wp-caption alignnone\"><a href=\"http:\/\/hudo.com\/si\/wp-content\/uploads\/sites\/2\/2017\/06\/profimedia-0336927550.jpg\"><img loading=\"lazy\" decoding=\"async\" class=\"size-large wp-image-266168\" src=\"http:\/\/hudo.com\/si\/wp-content\/uploads\/sites\/2\/2017\/06\/profimedia-0336927550-1024x850.jpg\" alt=\"\" width=\"1000\" height=\"830\" srcset=\"https:\/\/hudo.com\/si\/wp-content\/uploads\/sites\/2\/2017\/06\/profimedia-0336927550-1024x850.jpg 1024w, https:\/\/hudo.com\/si\/wp-content\/uploads\/sites\/2\/2017\/06\/profimedia-0336927550-300x249.jpg 300w, https:\/\/hudo.com\/si\/wp-content\/uploads\/sites\/2\/2017\/06\/profimedia-0336927550-768x637.jpg 768w, https:\/\/hudo.com\/si\/wp-content\/uploads\/sites\/2\/2017\/06\/profimedia-0336927550-600x498.jpg 600w, https:\/\/hudo.com\/si\/wp-content\/uploads\/sites\/2\/2017\/06\/profimedia-0336927550.jpg 1250w\" sizes=\"(max-width: 1000px) 100vw, 1000px\" \/><\/a><figcaption id=\"caption-attachment-266168\" class=\"wp-caption-text\">Viktor and Amalija Knavs (Foto: Profimedia)<\/figcaption><\/figure>\n<p>Takoj, ko se je v medijih pojavila fotografija njenega o\u010deta, so uporabniki Twitterja spro\u017eili burno razpravo. Viktor je v Washington pri\u0161el v \u010drni obleki in z rde\u010do kravato (ali najljub\u0161o barvo kravate Donalda Trumpa). Tako so \u0161tevilni opazili, da je Melanijin o\u010de pravzaprav zelo podoben trenutnemu ameri\u0161kemu predsedniku.<\/p>\n<blockquote class=\"twitter-tweet\" data-lang=\"en-gb\">\n<p dir=\"ltr\" lang=\"en\">I had no idea what Melania&#8217;s dad looked like until now and um&#8230; <a href=\"https:\/\/t.co\/bbEMUayZCw\">pic.twitter.com\/bbEMUayZCw<\/a><\/p>\n<p>\u2014 Matt Novak (@paleofuture) <a href=\"https:\/\/twitter.com\/paleofuture\/status\/874129596760768513\">12 June 2017<\/a><\/p><\/blockquote>\n<p><div class=\"embed-notice\">Za ogled vstavljene vsebine morate omogo\u010diti <a href=\"#\" onclick=\"Optanon.ToggleInfoDisplay()\">shranjevanje pi\u0161kotkov v napravi<\/a><\/div><script async type=\"text\/plain\" class=\"optanon-category-C0002-C0003-C0004\" optanon-src=\"\/\/platform.twitter.com\/widgets.js\" charset=\"utf-8\"><\/script><\/p>\n<blockquote class=\"twitter-tweet\" data-lang=\"en-gb\">\n<p dir=\"ltr\" lang=\"en\">nothing to see here <a href=\"https:\/\/t.co\/7mcNTJrCix\">pic.twitter.com\/7mcNTJrCix<\/a><\/p>\n<p>\u2014 inov8ive (@inov8ive1) <a href=\"https:\/\/twitter.com\/inov8ive1\/status\/874181333576290304\">12 June 2017<\/a><\/p><\/blockquote>\n<p><div class=\"embed-notice\">Za ogled vstavljene vsebine morate omogo\u010diti <a href=\"#\" onclick=\"Optanon.ToggleInfoDisplay()\">shranjevanje pi\u0161kotkov v napravi<\/a><\/div><script async type=\"text\/plain\" class=\"optanon-category-C0002-C0003-C0004\" optanon-src=\"\/\/platform.twitter.com\/widgets.js\" charset=\"utf-8\"><\/script><\/p>\n<p><span class=\"im\">&#8220;Do sedaj nisem vedel, kako je videti Melanijin o\u010de, hm&#8230;,&#8221; &#8220;Freud se zdaj zagotovo obra\u010da v grobu&#8221;, &#8220;Pravkar se mi je malo zaletelo&#8221;, &#8220;Imata iste roke&#8221;, &#8220;Google mi je povedal, da je star 73 let. Donald jih ima 70,&#8221; so uporabniki Twitterja komentirali podobnost med njima.<\/span><\/p>\n<blockquote class=\"twitter-tweet\" data-lang=\"en-gb\">\n<p dir=\"ltr\" lang=\"en\">Sing it with me, &#8220;I will be your father figure.&#8221; <a href=\"https:\/\/t.co\/vu7HXTAnPw\">pic.twitter.com\/vu7HXTAnPw<\/a><\/p>\n<p>\u2014 Danny Deraney (@DannyDeraney) <a href=\"https:\/\/twitter.com\/DannyDeraney\/status\/874282045744193536\">12 June 2017<\/a><\/p><\/blockquote>\n<p><div class=\"embed-notice\">Za ogled vstavljene vsebine morate omogo\u010diti <a href=\"#\" onclick=\"Optanon.ToggleInfoDisplay()\">shranjevanje pi\u0161kotkov v napravi<\/a><\/div><script async type=\"text\/plain\" class=\"optanon-category-C0002-C0003-C0004\" optanon-src=\"\/\/platform.twitter.com\/widgets.js\" charset=\"utf-8\"><\/script><\/p>\n<blockquote class=\"twitter-tweet\" data-lang=\"en-gb\">\n<p dir=\"ltr\" lang=\"en\">Google tells me he&#8217;s 73 years old. President Trump is 70.<\/p>\n<p>\u2014 Joe Crawford (@artlung) <a href=\"https:\/\/twitter.com\/artlung\/status\/874150666129690630\">12 June 2017<\/a><\/p><\/blockquote>\n<p><div class=\"embed-notice\">Za ogled vstavljene vsebine morate omogo\u010diti <a href=\"#\" onclick=\"Optanon.ToggleInfoDisplay()\">shranjevanje pi\u0161kotkov v napravi<\/a><\/div><script async type=\"text\/plain\" class=\"optanon-category-C0002-C0003-C0004\" optanon-src=\"\/\/platform.twitter.com\/widgets.js\" charset=\"utf-8\"><\/script><\/p>\n<blockquote class=\"twitter-tweet\" data-lang=\"en-gb\">\n<p dir=\"ltr\" lang=\"en\">OMG Freud must be spinning in his grave! Also see 45s Mum <a href=\"https:\/\/t.co\/N4xznIqmwR\">pic.twitter.com\/N4xznIqmwR<\/a><\/p>\n<p>\u2014 MonroW (@jmcefalas) <a href=\"https:\/\/twitter.com\/jmcefalas\/status\/874182248760844289\">12 June 2017<\/a><\/p><\/blockquote>\n<p><div class=\"embed-notice\">Za ogled vstavljene vsebine morate omogo\u010diti <a href=\"#\" onclick=\"Optanon.ToggleInfoDisplay()\">shranjevanje pi\u0161kotkov v napravi<\/a><\/div><script async type=\"text\/plain\" class=\"optanon-category-C0002-C0003-C0004\" optanon-src=\"\/\/platform.twitter.com\/widgets.js\" charset=\"utf-8\"><\/script><\/p>\n<blockquote class=\"twitter-tweet\" data-lang=\"en-gb\">\n<p dir=\"ltr\" lang=\"en\">They even have the same little hands.<br \/>\nHe could be Trump&#8217;s stunt double. <a href=\"https:\/\/t.co\/Jo80j1ZHwA\">pic.twitter.com\/Jo80j1ZHwA<\/a><\/p>\n<p>\u2014 \u2022Sue Morgan\u2022 (@Sue_Morgan71) <a href=\"https:\/\/twitter.com\/Sue_Morgan71\/status\/874287343754194946\">12 June 2017<\/a><\/p><\/blockquote>\n<p><div class=\"embed-notice\">Za ogled vstavljene vsebine morate omogo\u010diti <a href=\"#\" onclick=\"Optanon.ToggleInfoDisplay()\">shranjevanje pi\u0161kotkov v napravi<\/a><\/div><script async type=\"text\/plain\" class=\"optanon-category-C0002-C0003-C0004\" optanon-src=\"\/\/platform.twitter.com\/widgets.js\" charset=\"utf-8\"><\/script><\/p>\n","protected":false},"excerpt":{"rendered":"<p>Melania in Barron Trump sta se kon\u010dno preselila v Belo hi\u0161o, z njima pa sta v Washington pri\u0161la tudi Melanijina star\u0161a Viktor in Amalija Knavs.<\/p>\n","protected":false},"author":6,"featured_media":266169,"comment_status":"closed","ping_status":"closed","sticky":false,"template":"","format":"standard","meta":{"footnotes":""},"categories":[1093],"tags":[1680,1681,8234],"source":[4511],"supertag":[],"acf":[],"yoast_head":"<!-- This site is optimized with the Yoast SEO plugin v21.3 - https:\/\/yoast.com\/wordpress\/plugins\/seo\/ -->\n<title>Melanijin o\u010de prispel v Washington, uporabniki Twitterja \u0161okirani: &quot;Isti je kot Donald&quot; - Hudo Slovenija<\/title>\n<meta name=\"robots\" content=\"index, follow, max-snippet:-1, max-image-preview:large, max-video-preview:-1\" \/>\n<link rel=\"canonical\" href=\"https:\/\/hudo.com\/si\/vip\/melanijin-oce-prispel-v-washington-uporabniki-twitterja-sokirani-isti-je-kot-donald\/\" \/>\n<meta property=\"og:locale\" content=\"sl_SI\" \/>\n<meta property=\"og:type\" content=\"article\" \/>\n<meta property=\"og:title\" content=\"Melanijin o\u010de prispel v Washington, uporabniki Twitterja \u0161okirani: &quot;Isti je kot Donald&quot; - Hudo Slovenija\" \/>\n<meta property=\"og:description\" content=\"Melania in Barron Trump sta se kon\u010dno preselila v Belo hi\u0161o, z njima pa sta v Washington pri\u0161la tudi Melanijina star\u0161a Viktor in Amalija Knavs.\" \/>\n<meta property=\"og:url\" content=\"https:\/\/hudo.com\/si\/vip\/melanijin-oce-prispel-v-washington-uporabniki-twitterja-sokirani-isti-je-kot-donald\/\" \/>\n<meta property=\"og:site_name\" content=\"Hudo Slovenija\" \/>\n<meta property=\"article:publisher\" content=\"https:\/\/www.facebook.com\/hudo.si\" \/>\n<meta property=\"article:published_time\" content=\"2017-06-14T07:05:08+00:00\" \/>\n<meta property=\"og:image\" content=\"https:\/\/hudo.com\/si\/wp-content\/uploads\/sites\/2\/2017\/06\/viktor.jpg\" \/>\n\t<meta property=\"og:image:width\" content=\"419\" \/>\n\t<meta property=\"og:image:height\" content=\"339\" \/>\n\t<meta property=\"og:image:type\" content=\"image\/jpeg\" \/>\n<meta name=\"author\" content=\"A. G.\" \/>\n<meta name=\"twitter:card\" content=\"summary_large_image\" \/>\n<meta name=\"twitter:creator\" content=\"@hudo_si\" \/>\n<meta name=\"twitter:site\" content=\"@hudo_si\" \/>\n<meta name=\"twitter:label1\" content=\"Written by\" \/>\n\t<meta name=\"twitter:data1\" content=\"A. G.\" \/>\n\t<meta name=\"twitter:label2\" content=\"Est. reading time\" \/>\n\t<meta name=\"twitter:data2\" content=\"1 minuta\" \/>\n<script type=\"application\/ld+json\" class=\"yoast-schema-graph\">{\"@context\":\"https:\/\/schema.org\",\"@graph\":[{\"@type\":\"Article\",\"@id\":\"https:\/\/hudo.com\/si\/vip\/melanijin-oce-prispel-v-washington-uporabniki-twitterja-sokirani-isti-je-kot-donald\/#article\",\"isPartOf\":{\"@id\":\"https:\/\/hudo.com\/si\/vip\/melanijin-oce-prispel-v-washington-uporabniki-twitterja-sokirani-isti-je-kot-donald\/\"},\"author\":{\"name\":\"A. G.\",\"@id\":\"https:\/\/hudo.com\/si\/#\/schema\/person\/f95639a66e0dd2c682b0568634e85b8b\"},\"headline\":\"Melanijin o\u010de prispel v Washington, uporabniki Twitterja \u0161okirani: &#8220;Isti je kot Donald&#8221;\",\"datePublished\":\"2017-06-14T07:05:08+00:00\",\"dateModified\":\"2017-06-14T07:05:08+00:00\",\"mainEntityOfPage\":{\"@id\":\"https:\/\/hudo.com\/si\/vip\/melanijin-oce-prispel-v-washington-uporabniki-twitterja-sokirani-isti-je-kot-donald\/\"},\"wordCount\":237,\"publisher\":{\"@id\":\"https:\/\/hudo.com\/si\/#organization\"},\"keywords\":[\"Donald Trump\",\"Melania Trump\",\"Viktor Knavs\"],\"articleSection\":[\"VIP\"],\"inLanguage\":\"sl-SI\"},{\"@type\":\"WebPage\",\"@id\":\"https:\/\/hudo.com\/si\/vip\/melanijin-oce-prispel-v-washington-uporabniki-twitterja-sokirani-isti-je-kot-donald\/\",\"url\":\"https:\/\/hudo.com\/si\/vip\/melanijin-oce-prispel-v-washington-uporabniki-twitterja-sokirani-isti-je-kot-donald\/\",\"name\":\"Melanijin o\u010de prispel v Washington, uporabniki Twitterja \u0161okirani: \\\"Isti je kot Donald\\\" - Hudo Slovenija\",\"isPartOf\":{\"@id\":\"https:\/\/hudo.com\/si\/#website\"},\"datePublished\":\"2017-06-14T07:05:08+00:00\",\"dateModified\":\"2017-06-14T07:05:08+00:00\",\"breadcrumb\":{\"@id\":\"https:\/\/hudo.com\/si\/vip\/melanijin-oce-prispel-v-washington-uporabniki-twitterja-sokirani-isti-je-kot-donald\/#breadcrumb\"},\"inLanguage\":\"sl-SI\",\"potentialAction\":[{\"@type\":\"ReadAction\",\"target\":[\"https:\/\/hudo.com\/si\/vip\/melanijin-oce-prispel-v-washington-uporabniki-twitterja-sokirani-isti-je-kot-donald\/\"]}]},{\"@type\":\"BreadcrumbList\",\"@id\":\"https:\/\/hudo.com\/si\/vip\/melanijin-oce-prispel-v-washington-uporabniki-twitterja-sokirani-isti-je-kot-donald\/#breadcrumb\",\"itemListElement\":[{\"@type\":\"ListItem\",\"position\":1,\"name\":\"Home\",\"item\":\"https:\/\/hudo.com\/si\/\"},{\"@type\":\"ListItem\",\"position\":2,\"name\":\"Melanijin o\u010de prispel v Washington, uporabniki Twitterja \u0161okirani: &#8220;Isti je kot Donald&#8221;\"}]},{\"@type\":\"WebSite\",\"@id\":\"https:\/\/hudo.com\/si\/#website\",\"url\":\"https:\/\/hudo.com\/si\/\",\"name\":\"Hudo Slovenija\",\"description\":\"Vse novice iz Slovenije in sveta\",\"publisher\":{\"@id\":\"https:\/\/hudo.com\/si\/#organization\"},\"potentialAction\":[{\"@type\":\"SearchAction\",\"target\":{\"@type\":\"EntryPoint\",\"urlTemplate\":\"https:\/\/hudo.com\/si\/?s={search_term_string}\"},\"query-input\":\"required name=search_term_string\"}],\"inLanguage\":\"sl-SI\"},{\"@type\":\"Organization\",\"@id\":\"https:\/\/hudo.com\/si\/#organization\",\"name\":\"VSN Media\",\"url\":\"https:\/\/hudo.com\/si\/\",\"logo\":{\"@type\":\"ImageObject\",\"inLanguage\":\"sl-SI\",\"@id\":\"https:\/\/hudo.com\/si\/#\/schema\/logo\/image\/\",\"url\":\"https:\/\/hudo.com\/si\/wp-content\/uploads\/sites\/2\/2021\/03\/hudo-app-2.png\",\"contentUrl\":\"https:\/\/hudo.com\/si\/wp-content\/uploads\/sites\/2\/2021\/03\/hudo-app-2.png\",\"width\":2185,\"height\":2167,\"caption\":\"VSN Media\"},\"image\":{\"@id\":\"https:\/\/hudo.com\/si\/#\/schema\/logo\/image\/\"},\"sameAs\":[\"https:\/\/www.facebook.com\/hudo.si\",\"https:\/\/twitter.com\/hudo_si\"]},{\"@type\":\"Person\",\"@id\":\"https:\/\/hudo.com\/si\/#\/schema\/person\/f95639a66e0dd2c682b0568634e85b8b\",\"name\":\"A. G.\",\"image\":{\"@type\":\"ImageObject\",\"inLanguage\":\"sl-SI\",\"@id\":\"https:\/\/hudo.com\/si\/#\/schema\/person\/image\/\",\"url\":\"https:\/\/secure.gravatar.com\/avatar\/9f44de561c70d5d80348d3ed0f4b142d?s=96&d=mm&r=g\",\"contentUrl\":\"https:\/\/secure.gravatar.com\/avatar\/9f44de561c70d5d80348d3ed0f4b142d?s=96&d=mm&r=g\",\"caption\":\"A. G.\"},\"url\":\"https:\/\/hudo.com\/si\/author\/alenkagrmek\/\"}]}<\/script>\n<!-- \/ Yoast SEO plugin. -->","yoast_head_json":{"title":"Melanijin o\u010de prispel v Washington, uporabniki Twitterja \u0161okirani: \"Isti je kot Donald\" - Hudo Slovenija","robots":{"index":"index","follow":"follow","max-snippet":"max-snippet:-1","max-image-preview":"max-image-preview:large","max-video-preview":"max-video-preview:-1"},"canonical":"https:\/\/hudo.com\/si\/vip\/melanijin-oce-prispel-v-washington-uporabniki-twitterja-sokirani-isti-je-kot-donald\/","og_locale":"sl_SI","og_type":"article","og_title":"Melanijin o\u010de prispel v Washington, uporabniki Twitterja \u0161okirani: \"Isti je kot Donald\" - Hudo Slovenija","og_description":"Melania in Barron Trump sta se kon\u010dno preselila v Belo hi\u0161o, z njima pa sta v Washington pri\u0161la tudi Melanijina star\u0161a Viktor in Amalija Knavs.","og_url":"https:\/\/hudo.com\/si\/vip\/melanijin-oce-prispel-v-washington-uporabniki-twitterja-sokirani-isti-je-kot-donald\/","og_site_name":"Hudo Slovenija","article_publisher":"https:\/\/www.facebook.com\/hudo.si","article_published_time":"2017-06-14T07:05:08+00:00","og_image":[{"width":419,"height":339,"url":"https:\/\/hudo.com\/si\/wp-content\/uploads\/sites\/2\/2017\/06\/viktor.jpg","type":"image\/jpeg"}],"author":"A. G.","twitter_card":"summary_large_image","twitter_creator":"@hudo_si","twitter_site":"@hudo_si","twitter_misc":{"Written by":"A. G.","Est. reading time":"1 minuta"},"schema":{"@context":"https:\/\/schema.org","@graph":[{"@type":"Article","@id":"https:\/\/hudo.com\/si\/vip\/melanijin-oce-prispel-v-washington-uporabniki-twitterja-sokirani-isti-je-kot-donald\/#article","isPartOf":{"@id":"https:\/\/hudo.com\/si\/vip\/melanijin-oce-prispel-v-washington-uporabniki-twitterja-sokirani-isti-je-kot-donald\/"},"author":{"name":"A. G.","@id":"https:\/\/hudo.com\/si\/#\/schema\/person\/f95639a66e0dd2c682b0568634e85b8b"},"headline":"Melanijin o\u010de prispel v Washington, uporabniki Twitterja \u0161okirani: &#8220;Isti je kot Donald&#8221;","datePublished":"2017-06-14T07:05:08+00:00","dateModified":"2017-06-14T07:05:08+00:00","mainEntityOfPage":{"@id":"https:\/\/hudo.com\/si\/vip\/melanijin-oce-prispel-v-washington-uporabniki-twitterja-sokirani-isti-je-kot-donald\/"},"wordCount":237,"publisher":{"@id":"https:\/\/hudo.com\/si\/#organization"},"keywords":["Donald Trump","Melania Trump","Viktor Knavs"],"articleSection":["VIP"],"inLanguage":"sl-SI"},{"@type":"WebPage","@id":"https:\/\/hudo.com\/si\/vip\/melanijin-oce-prispel-v-washington-uporabniki-twitterja-sokirani-isti-je-kot-donald\/","url":"https:\/\/hudo.com\/si\/vip\/melanijin-oce-prispel-v-washington-uporabniki-twitterja-sokirani-isti-je-kot-donald\/","name":"Melanijin o\u010de prispel v Washington, uporabniki Twitterja \u0161okirani: \"Isti je kot Donald\" - Hudo Slovenija","isPartOf":{"@id":"https:\/\/hudo.com\/si\/#website"},"datePublished":"2017-06-14T07:05:08+00:00","dateModified":"2017-06-14T07:05:08+00:00","breadcrumb":{"@id":"https:\/\/hudo.com\/si\/vip\/melanijin-oce-prispel-v-washington-uporabniki-twitterja-sokirani-isti-je-kot-donald\/#breadcrumb"},"inLanguage":"sl-SI","potentialAction":[{"@type":"ReadAction","target":["https:\/\/hudo.com\/si\/vip\/melanijin-oce-prispel-v-washington-uporabniki-twitterja-sokirani-isti-je-kot-donald\/"]}]},{"@type":"BreadcrumbList","@id":"https:\/\/hudo.com\/si\/vip\/melanijin-oce-prispel-v-washington-uporabniki-twitterja-sokirani-isti-je-kot-donald\/#breadcrumb","itemListElement":[{"@type":"ListItem","position":1,"name":"Home","item":"https:\/\/hudo.com\/si\/"},{"@type":"ListItem","position":2,"name":"Melanijin o\u010de prispel v Washington, uporabniki Twitterja \u0161okirani: &#8220;Isti je kot Donald&#8221;"}]},{"@type":"WebSite","@id":"https:\/\/hudo.com\/si\/#website","url":"https:\/\/hudo.com\/si\/","name":"Hudo Slovenija","description":"Vse novice iz Slovenije in sveta","publisher":{"@id":"https:\/\/hudo.com\/si\/#organization"},"potentialAction":[{"@type":"SearchAction","target":{"@type":"EntryPoint","urlTemplate":"https:\/\/hudo.com\/si\/?s={search_term_string}"},"query-input":"required name=search_term_string"}],"inLanguage":"sl-SI"},{"@type":"Organization","@id":"https:\/\/hudo.com\/si\/#organization","name":"VSN Media","url":"https:\/\/hudo.com\/si\/","logo":{"@type":"ImageObject","inLanguage":"sl-SI","@id":"https:\/\/hudo.com\/si\/#\/schema\/logo\/image\/","url":"https:\/\/hudo.com\/si\/wp-content\/uploads\/sites\/2\/2021\/03\/hudo-app-2.png","contentUrl":"https:\/\/hudo.com\/si\/wp-content\/uploads\/sites\/2\/2021\/03\/hudo-app-2.png","width":2185,"height":2167,"caption":"VSN Media"},"image":{"@id":"https:\/\/hudo.com\/si\/#\/schema\/logo\/image\/"},"sameAs":["https:\/\/www.facebook.com\/hudo.si","https:\/\/twitter.com\/hudo_si"]},{"@type":"Person","@id":"https:\/\/hudo.com\/si\/#\/schema\/person\/f95639a66e0dd2c682b0568634e85b8b","name":"A. G.","image":{"@type":"ImageObject","inLanguage":"sl-SI","@id":"https:\/\/hudo.com\/si\/#\/schema\/person\/image\/","url":"https:\/\/secure.gravatar.com\/avatar\/9f44de561c70d5d80348d3ed0f4b142d?s=96&d=mm&r=g","contentUrl":"https:\/\/secure.gravatar.com\/avatar\/9f44de561c70d5d80348d3ed0f4b142d?s=96&d=mm&r=g","caption":"A. G."},"url":"https:\/\/hudo.com\/si\/author\/alenkagrmek\/"}]}},"amp_enabled":true,"_links":{"self":[{"href":"https:\/\/hudo.com\/si\/wp-json\/wp\/v2\/posts\/266167"}],"collection":[{"href":"https:\/\/hudo.com\/si\/wp-json\/wp\/v2\/posts"}],"about":[{"href":"https:\/\/hudo.com\/si\/wp-json\/wp\/v2\/types\/post"}],"author":[{"embeddable":true,"href":"https:\/\/hudo.com\/si\/wp-json\/wp\/v2\/users\/6"}],"replies":[{"embeddable":true,"href":"https:\/\/hudo.com\/si\/wp-json\/wp\/v2\/comments?post=266167"}],"version-history":[{"count":1,"href":"https:\/\/hudo.com\/si\/wp-json\/wp\/v2\/posts\/266167\/revisions"}],"predecessor-version":[{"id":266170,"href":"https:\/\/hudo.com\/si\/wp-json\/wp\/v2\/posts\/266167\/revisions\/266170"}],"wp:featuredmedia":[{"embeddable":true,"href":"https:\/\/hudo.com\/si\/wp-json\/wp\/v2\/media\/266169"}],"wp:attachment":[{"href":"https:\/\/hudo.com\/si\/wp-json\/wp\/v2\/media?parent=266167"}],"wp:term":[{"taxonomy":"category","embeddable":true,"href":"https:\/\/hudo.com\/si\/wp-json\/wp\/v2\/categories?post=266167"},{"taxonomy":"post_tag","embeddable":true,"href":"https:\/\/hudo.com\/si\/wp-json\/wp\/v2\/tags?post=266167"},{"taxonomy":"source","embeddable":true,"href":"https:\/\/hudo.com\/si\/wp-json\/wp\/v2\/source?post=266167"},{"taxonomy":"supertag","embeddable":true,"href":"https:\/\/hudo.com\/si\/wp-json\/wp\/v2\/supertag?post=266167"}],"curies":[{"name":"wp","href":"https:\/\/api.w.org\/{rel}","templated":true}]}}