{"id":266801,"date":"2017-06-15T14:10:43","date_gmt":"2017-06-15T12:10:43","guid":{"rendered":"http:\/\/hudo.com\/si\/?p=266801"},"modified":"2017-06-15T14:10:43","modified_gmt":"2017-06-15T12:10:43","slug":"zaradi-izpada-elektrike-na-bruseljskem-letaliscu-je-danes-prislo-odpovedi-stevilnih-letov","status":"publish","type":"post","link":"https:\/\/hudo.com\/si\/aktualno\/zaradi-izpada-elektrike-na-bruseljskem-letaliscu-je-danes-prislo-odpovedi-stevilnih-letov\/","title":{"rendered":"Zaradi izpada elektrike na bruseljskem letali\u0161\u010du je danes pri\u0161lo do odpovedi \u0161tevilnih letov"},"content":{"rendered":"<p>Na letali\u0161\u010du, ki je bil marca lani tar\u010da teroristi\u010dnega napada, so bili zaradi izpada elektrike primorani odpovedati 16 letov.<\/p>\n<p>Do okvare je pri\u0161lo malo pred pet uro zjutraj. Najbolj je bila prizadeta mehanizacija, zadol\u017eena za transport prtljage, ki tudi po preklopu na rezervno napajanje ni delovala. Napako so odpravili okoli sedme ure zjutraj.<\/p>\n<p>&#8220;Razmere so se normalizirale, vendar zamude \u0161e vedno ostajajo&#8221;, je za francosko tiskovno agencijo AFP dejala predstavnica letali\u0161\u010da za odnose z javnostmi Florence Mulls. &#8220;Zamude so prizadele pribli\u017eno 20 odstotkov vseh letov&#8221;, je dodala.<\/p>\n","protected":false},"excerpt":{"rendered":"<p>Ve\u010d sto potnikov je po ve\u010d ur \u010dakalo na prostem, poro\u010da nem\u0161ka tiskovna agencija dpa.<\/p>\n","protected":false},"author":8,"featured_media":142144,"comment_status":"closed","ping_status":"closed","sticky":false,"template":"","format":"standard","meta":{"footnotes":""},"categories":[1179],"tags":[4772,6261,1805],"source":[4511],"supertag":[6103],"acf":[],"yoast_head":"<!-- This site is optimized with the Yoast SEO plugin v21.3 - https:\/\/yoast.com\/wordpress\/plugins\/seo\/ -->\n<title>Zaradi izpada elektrike na bruseljskem letali\u0161\u010du je danes pri\u0161lo do odpovedi \u0161tevilnih letov - Hudo Slovenija<\/title>\n<meta name=\"robots\" content=\"index, follow, max-snippet:-1, max-image-preview:large, max-video-preview:-1\" \/>\n<link rel=\"canonical\" href=\"https:\/\/hudo.com\/si\/aktualno\/zaradi-izpada-elektrike-na-bruseljskem-letaliscu-je-danes-prislo-odpovedi-stevilnih-letov\/\" \/>\n<meta property=\"og:locale\" content=\"sl_SI\" \/>\n<meta property=\"og:type\" content=\"article\" \/>\n<meta property=\"og:title\" content=\"Zaradi izpada elektrike na bruseljskem letali\u0161\u010du je danes pri\u0161lo do odpovedi \u0161tevilnih letov - Hudo Slovenija\" \/>\n<meta property=\"og:description\" content=\"Ve\u010d sto potnikov je po ve\u010d ur \u010dakalo na prostem, poro\u010da nem\u0161ka tiskovna agencija dpa.\" \/>\n<meta property=\"og:url\" content=\"https:\/\/hudo.com\/si\/aktualno\/zaradi-izpada-elektrike-na-bruseljskem-letaliscu-je-danes-prislo-odpovedi-stevilnih-letov\/\" \/>\n<meta property=\"og:site_name\" content=\"Hudo Slovenija\" \/>\n<meta property=\"article:publisher\" content=\"https:\/\/www.facebook.com\/hudo.si\" \/>\n<meta property=\"article:published_time\" content=\"2017-06-15T12:10:43+00:00\" \/>\n<meta property=\"og:image\" content=\"https:\/\/hudo.com\/si\/wp-content\/uploads\/sites\/2\/2016\/09\/profimedia-0261591564.jpg\" \/>\n\t<meta property=\"og:image:width\" content=\"1250\" \/>\n\t<meta property=\"og:image:height\" content=\"833\" \/>\n\t<meta property=\"og:image:type\" content=\"image\/jpeg\" \/>\n<meta name=\"author\" content=\"M. N., STA\" \/>\n<meta name=\"twitter:card\" content=\"summary_large_image\" \/>\n<meta name=\"twitter:creator\" content=\"@hudo_si\" \/>\n<meta name=\"twitter:site\" content=\"@hudo_si\" \/>\n<meta name=\"twitter:label1\" content=\"Written by\" \/>\n\t<meta name=\"twitter:data1\" content=\"M. N., STA\" \/>\n<script type=\"application\/ld+json\" class=\"yoast-schema-graph\">{\"@context\":\"https:\/\/schema.org\",\"@graph\":[{\"@type\":\"Article\",\"@id\":\"https:\/\/hudo.com\/si\/aktualno\/zaradi-izpada-elektrike-na-bruseljskem-letaliscu-je-danes-prislo-odpovedi-stevilnih-letov\/#article\",\"isPartOf\":{\"@id\":\"https:\/\/hudo.com\/si\/aktualno\/zaradi-izpada-elektrike-na-bruseljskem-letaliscu-je-danes-prislo-odpovedi-stevilnih-letov\/\"},\"author\":{\"name\":\"M. N., STA\",\"@id\":\"https:\/\/hudo.com\/si\/#\/schema\/person\/c2f10ce65d2e6ede2aeda5be2a0611fa\"},\"headline\":\"Zaradi izpada elektrike na bruseljskem letali\u0161\u010du je danes pri\u0161lo do odpovedi \u0161tevilnih letov\",\"datePublished\":\"2017-06-15T12:10:43+00:00\",\"dateModified\":\"2017-06-15T12:10:43+00:00\",\"mainEntityOfPage\":{\"@id\":\"https:\/\/hudo.com\/si\/aktualno\/zaradi-izpada-elektrike-na-bruseljskem-letaliscu-je-danes-prislo-odpovedi-stevilnih-letov\/\"},\"wordCount\":107,\"publisher\":{\"@id\":\"https:\/\/hudo.com\/si\/#organization\"},\"keywords\":[\"Bruselj\",\"elektrika\",\"letali\u0161\u010de\"],\"articleSection\":[\"Aktualno\"],\"inLanguage\":\"sl-SI\"},{\"@type\":\"WebPage\",\"@id\":\"https:\/\/hudo.com\/si\/aktualno\/zaradi-izpada-elektrike-na-bruseljskem-letaliscu-je-danes-prislo-odpovedi-stevilnih-letov\/\",\"url\":\"https:\/\/hudo.com\/si\/aktualno\/zaradi-izpada-elektrike-na-bruseljskem-letaliscu-je-danes-prislo-odpovedi-stevilnih-letov\/\",\"name\":\"Zaradi izpada elektrike na bruseljskem letali\u0161\u010du je danes pri\u0161lo do odpovedi \u0161tevilnih letov - Hudo Slovenija\",\"isPartOf\":{\"@id\":\"https:\/\/hudo.com\/si\/#website\"},\"datePublished\":\"2017-06-15T12:10:43+00:00\",\"dateModified\":\"2017-06-15T12:10:43+00:00\",\"breadcrumb\":{\"@id\":\"https:\/\/hudo.com\/si\/aktualno\/zaradi-izpada-elektrike-na-bruseljskem-letaliscu-je-danes-prislo-odpovedi-stevilnih-letov\/#breadcrumb\"},\"inLanguage\":\"sl-SI\",\"potentialAction\":[{\"@type\":\"ReadAction\",\"target\":[\"https:\/\/hudo.com\/si\/aktualno\/zaradi-izpada-elektrike-na-bruseljskem-letaliscu-je-danes-prislo-odpovedi-stevilnih-letov\/\"]}]},{\"@type\":\"BreadcrumbList\",\"@id\":\"https:\/\/hudo.com\/si\/aktualno\/zaradi-izpada-elektrike-na-bruseljskem-letaliscu-je-danes-prislo-odpovedi-stevilnih-letov\/#breadcrumb\",\"itemListElement\":[{\"@type\":\"ListItem\",\"position\":1,\"name\":\"Home\",\"item\":\"https:\/\/hudo.com\/si\/\"},{\"@type\":\"ListItem\",\"position\":2,\"name\":\"Zaradi izpada elektrike na bruseljskem letali\u0161\u010du je danes pri\u0161lo do odpovedi \u0161tevilnih letov\"}]},{\"@type\":\"WebSite\",\"@id\":\"https:\/\/hudo.com\/si\/#website\",\"url\":\"https:\/\/hudo.com\/si\/\",\"name\":\"Hudo Slovenija\",\"description\":\"Vse novice iz Slovenije in sveta\",\"publisher\":{\"@id\":\"https:\/\/hudo.com\/si\/#organization\"},\"potentialAction\":[{\"@type\":\"SearchAction\",\"target\":{\"@type\":\"EntryPoint\",\"urlTemplate\":\"https:\/\/hudo.com\/si\/?s={search_term_string}\"},\"query-input\":\"required name=search_term_string\"}],\"inLanguage\":\"sl-SI\"},{\"@type\":\"Organization\",\"@id\":\"https:\/\/hudo.com\/si\/#organization\",\"name\":\"VSN Media\",\"url\":\"https:\/\/hudo.com\/si\/\",\"logo\":{\"@type\":\"ImageObject\",\"inLanguage\":\"sl-SI\",\"@id\":\"https:\/\/hudo.com\/si\/#\/schema\/logo\/image\/\",\"url\":\"https:\/\/hudo.com\/si\/wp-content\/uploads\/sites\/2\/2021\/03\/hudo-app-2.png\",\"contentUrl\":\"https:\/\/hudo.com\/si\/wp-content\/uploads\/sites\/2\/2021\/03\/hudo-app-2.png\",\"width\":2185,\"height\":2167,\"caption\":\"VSN Media\"},\"image\":{\"@id\":\"https:\/\/hudo.com\/si\/#\/schema\/logo\/image\/\"},\"sameAs\":[\"https:\/\/www.facebook.com\/hudo.si\",\"https:\/\/twitter.com\/hudo_si\"]},{\"@type\":\"Person\",\"@id\":\"https:\/\/hudo.com\/si\/#\/schema\/person\/c2f10ce65d2e6ede2aeda5be2a0611fa\",\"name\":\"M. N., STA\",\"image\":{\"@type\":\"ImageObject\",\"inLanguage\":\"sl-SI\",\"@id\":\"https:\/\/hudo.com\/si\/#\/schema\/person\/image\/\",\"url\":\"https:\/\/secure.gravatar.com\/avatar\/f370d38daa10467f755c5c766a4cac20?s=96&d=mm&r=g\",\"contentUrl\":\"https:\/\/secure.gravatar.com\/avatar\/f370d38daa10467f755c5c766a4cac20?s=96&d=mm&r=g\",\"caption\":\"M. N., STA\"},\"url\":\"https:\/\/hudo.com\/si\/author\/mana\/\"}]}<\/script>\n<!-- \/ Yoast SEO plugin. -->","yoast_head_json":{"title":"Zaradi izpada elektrike na bruseljskem letali\u0161\u010du je danes pri\u0161lo do odpovedi \u0161tevilnih letov - Hudo Slovenija","robots":{"index":"index","follow":"follow","max-snippet":"max-snippet:-1","max-image-preview":"max-image-preview:large","max-video-preview":"max-video-preview:-1"},"canonical":"https:\/\/hudo.com\/si\/aktualno\/zaradi-izpada-elektrike-na-bruseljskem-letaliscu-je-danes-prislo-odpovedi-stevilnih-letov\/","og_locale":"sl_SI","og_type":"article","og_title":"Zaradi izpada elektrike na bruseljskem letali\u0161\u010du je danes pri\u0161lo do odpovedi \u0161tevilnih letov - Hudo Slovenija","og_description":"Ve\u010d sto potnikov je po ve\u010d ur \u010dakalo na prostem, poro\u010da nem\u0161ka tiskovna agencija dpa.","og_url":"https:\/\/hudo.com\/si\/aktualno\/zaradi-izpada-elektrike-na-bruseljskem-letaliscu-je-danes-prislo-odpovedi-stevilnih-letov\/","og_site_name":"Hudo Slovenija","article_publisher":"https:\/\/www.facebook.com\/hudo.si","article_published_time":"2017-06-15T12:10:43+00:00","og_image":[{"width":1250,"height":833,"url":"https:\/\/hudo.com\/si\/wp-content\/uploads\/sites\/2\/2016\/09\/profimedia-0261591564.jpg","type":"image\/jpeg"}],"author":"M. N., STA","twitter_card":"summary_large_image","twitter_creator":"@hudo_si","twitter_site":"@hudo_si","twitter_misc":{"Written by":"M. N., STA"},"schema":{"@context":"https:\/\/schema.org","@graph":[{"@type":"Article","@id":"https:\/\/hudo.com\/si\/aktualno\/zaradi-izpada-elektrike-na-bruseljskem-letaliscu-je-danes-prislo-odpovedi-stevilnih-letov\/#article","isPartOf":{"@id":"https:\/\/hudo.com\/si\/aktualno\/zaradi-izpada-elektrike-na-bruseljskem-letaliscu-je-danes-prislo-odpovedi-stevilnih-letov\/"},"author":{"name":"M. N., STA","@id":"https:\/\/hudo.com\/si\/#\/schema\/person\/c2f10ce65d2e6ede2aeda5be2a0611fa"},"headline":"Zaradi izpada elektrike na bruseljskem letali\u0161\u010du je danes pri\u0161lo do odpovedi \u0161tevilnih letov","datePublished":"2017-06-15T12:10:43+00:00","dateModified":"2017-06-15T12:10:43+00:00","mainEntityOfPage":{"@id":"https:\/\/hudo.com\/si\/aktualno\/zaradi-izpada-elektrike-na-bruseljskem-letaliscu-je-danes-prislo-odpovedi-stevilnih-letov\/"},"wordCount":107,"publisher":{"@id":"https:\/\/hudo.com\/si\/#organization"},"keywords":["Bruselj","elektrika","letali\u0161\u010de"],"articleSection":["Aktualno"],"inLanguage":"sl-SI"},{"@type":"WebPage","@id":"https:\/\/hudo.com\/si\/aktualno\/zaradi-izpada-elektrike-na-bruseljskem-letaliscu-je-danes-prislo-odpovedi-stevilnih-letov\/","url":"https:\/\/hudo.com\/si\/aktualno\/zaradi-izpada-elektrike-na-bruseljskem-letaliscu-je-danes-prislo-odpovedi-stevilnih-letov\/","name":"Zaradi izpada elektrike na bruseljskem letali\u0161\u010du je danes pri\u0161lo do odpovedi \u0161tevilnih letov - Hudo Slovenija","isPartOf":{"@id":"https:\/\/hudo.com\/si\/#website"},"datePublished":"2017-06-15T12:10:43+00:00","dateModified":"2017-06-15T12:10:43+00:00","breadcrumb":{"@id":"https:\/\/hudo.com\/si\/aktualno\/zaradi-izpada-elektrike-na-bruseljskem-letaliscu-je-danes-prislo-odpovedi-stevilnih-letov\/#breadcrumb"},"inLanguage":"sl-SI","potentialAction":[{"@type":"ReadAction","target":["https:\/\/hudo.com\/si\/aktualno\/zaradi-izpada-elektrike-na-bruseljskem-letaliscu-je-danes-prislo-odpovedi-stevilnih-letov\/"]}]},{"@type":"BreadcrumbList","@id":"https:\/\/hudo.com\/si\/aktualno\/zaradi-izpada-elektrike-na-bruseljskem-letaliscu-je-danes-prislo-odpovedi-stevilnih-letov\/#breadcrumb","itemListElement":[{"@type":"ListItem","position":1,"name":"Home","item":"https:\/\/hudo.com\/si\/"},{"@type":"ListItem","position":2,"name":"Zaradi izpada elektrike na bruseljskem letali\u0161\u010du je danes pri\u0161lo do odpovedi \u0161tevilnih letov"}]},{"@type":"WebSite","@id":"https:\/\/hudo.com\/si\/#website","url":"https:\/\/hudo.com\/si\/","name":"Hudo Slovenija","description":"Vse novice iz Slovenije in sveta","publisher":{"@id":"https:\/\/hudo.com\/si\/#organization"},"potentialAction":[{"@type":"SearchAction","target":{"@type":"EntryPoint","urlTemplate":"https:\/\/hudo.com\/si\/?s={search_term_string}"},"query-input":"required name=search_term_string"}],"inLanguage":"sl-SI"},{"@type":"Organization","@id":"https:\/\/hudo.com\/si\/#organization","name":"VSN Media","url":"https:\/\/hudo.com\/si\/","logo":{"@type":"ImageObject","inLanguage":"sl-SI","@id":"https:\/\/hudo.com\/si\/#\/schema\/logo\/image\/","url":"https:\/\/hudo.com\/si\/wp-content\/uploads\/sites\/2\/2021\/03\/hudo-app-2.png","contentUrl":"https:\/\/hudo.com\/si\/wp-content\/uploads\/sites\/2\/2021\/03\/hudo-app-2.png","width":2185,"height":2167,"caption":"VSN Media"},"image":{"@id":"https:\/\/hudo.com\/si\/#\/schema\/logo\/image\/"},"sameAs":["https:\/\/www.facebook.com\/hudo.si","https:\/\/twitter.com\/hudo_si"]},{"@type":"Person","@id":"https:\/\/hudo.com\/si\/#\/schema\/person\/c2f10ce65d2e6ede2aeda5be2a0611fa","name":"M. N., STA","image":{"@type":"ImageObject","inLanguage":"sl-SI","@id":"https:\/\/hudo.com\/si\/#\/schema\/person\/image\/","url":"https:\/\/secure.gravatar.com\/avatar\/f370d38daa10467f755c5c766a4cac20?s=96&d=mm&r=g","contentUrl":"https:\/\/secure.gravatar.com\/avatar\/f370d38daa10467f755c5c766a4cac20?s=96&d=mm&r=g","caption":"M. N., STA"},"url":"https:\/\/hudo.com\/si\/author\/mana\/"}]}},"amp_enabled":true,"_links":{"self":[{"href":"https:\/\/hudo.com\/si\/wp-json\/wp\/v2\/posts\/266801"}],"collection":[{"href":"https:\/\/hudo.com\/si\/wp-json\/wp\/v2\/posts"}],"about":[{"href":"https:\/\/hudo.com\/si\/wp-json\/wp\/v2\/types\/post"}],"author":[{"embeddable":true,"href":"https:\/\/hudo.com\/si\/wp-json\/wp\/v2\/users\/8"}],"replies":[{"embeddable":true,"href":"https:\/\/hudo.com\/si\/wp-json\/wp\/v2\/comments?post=266801"}],"version-history":[{"count":1,"href":"https:\/\/hudo.com\/si\/wp-json\/wp\/v2\/posts\/266801\/revisions"}],"predecessor-version":[{"id":266802,"href":"https:\/\/hudo.com\/si\/wp-json\/wp\/v2\/posts\/266801\/revisions\/266802"}],"wp:featuredmedia":[{"embeddable":true,"href":"https:\/\/hudo.com\/si\/wp-json\/wp\/v2\/media\/142144"}],"wp:attachment":[{"href":"https:\/\/hudo.com\/si\/wp-json\/wp\/v2\/media?parent=266801"}],"wp:term":[{"taxonomy":"category","embeddable":true,"href":"https:\/\/hudo.com\/si\/wp-json\/wp\/v2\/categories?post=266801"},{"taxonomy":"post_tag","embeddable":true,"href":"https:\/\/hudo.com\/si\/wp-json\/wp\/v2\/tags?post=266801"},{"taxonomy":"source","embeddable":true,"href":"https:\/\/hudo.com\/si\/wp-json\/wp\/v2\/source?post=266801"},{"taxonomy":"supertag","embeddable":true,"href":"https:\/\/hudo.com\/si\/wp-json\/wp\/v2\/supertag?post=266801"}],"curies":[{"name":"wp","href":"https:\/\/api.w.org\/{rel}","templated":true}]}}