{"id":26686,"date":"2016-04-11T12:00:00","date_gmt":"2016-04-11T10:00:00","guid":{"rendered":"http:\/\/hudo.com\/si\/2016\/04\/11\/zdovc-z-reprezentanco-le-na-klopi-slovenije\/"},"modified":"2016-04-12T08:06:44","modified_gmt":"2016-04-12T06:06:44","slug":"zdovc-z-reprezentanco-le-na-klopi-slovenije","status":"publish","type":"post","link":"https:\/\/hudo.com\/si\/aktualno\/zdovc-z-reprezentanco-le-na-klopi-slovenije\/","title":{"rendered":"Zdovc z reprezentanco le na klopi Slovenije"},"content":{"rendered":"<p>Kategorija: Ko\u0161arka Mon, 11 Apr 2016 14:00:00 +0200  Ljubljana \u2013 \u0160tirje meseci so minili, odkar se je Jure Zdovc preselil iz Gaziantepa v Atene in preklopil misli na vi\u0161jo tekmovalno raven. Okolje, ki \u0161e ni do\u010dakalo uvrstitve v kon\u010dnico tur\u0161kega prvenstva in je v zadnjih letih predvsem znano kot zbirali\u0161\u010de sirskih beguncev, je zamenjal za mo\u0161tvo AEK, ki razmi\u0161lja o vrnitvi v evroligo. \u00bbNa Royal Hali sem \u017ee pozabil, \u010deprav sem na njegovi klopi pre\u017eivel dve leti. Ob odhodu se je vse razpletalo zelo hitro, storil pa sem nekaj, kar je bilo treba storiti. V Tur\u010diji se je vse odvijalo precej bolj mirno in brez ve\u010djega stresa. Ne morem re\u010di, da nismo imeli podpore navija\u010dev, toda vse skupaj je bilo dale\u010d od tega, da bi me ljudje ustavljali na ulici in spra\u0161evali o na\u0161em mo\u0161tvu. AEK je nekaj\u00a0&#8230;<\/p>\n","protected":false},"excerpt":{"rendered":"<p>Kategorija: Ko\u0161arka Mon, 11 Apr 2016 14:00:00 +0200  Ljubljana \u2013 \u0160tirje meseci so minili, odkar se je Jure Zdovc preselil iz Gaziantepa v Atene in preklopil misli na vi\u0161jo tekmovalno raven. Okolje, ki \u0161e ni do\u010dakalo uvrstitve v kon\u010dnico tur\u0161kega prvenstva in je v zadnjih letih predvsem znano kot zbirali\u0161\u010de sirskih beguncev, je zamenjal za mo\u0161tvo AEK, ki razmi\u0161lja o vrnitvi v evroligo. \u00bbNa Royal Hali sem \u017ee pozabil, \u010deprav sem na njegovi klopi pre\u017eivel dve leti. Ob odhodu se je vse razpletalo zelo hitro, storil pa sem nekaj, kar je bilo treba storiti. V Tur\u010diji se je vse odvijalo precej bolj mirno in brez ve\u010djega stresa. Ne morem re\u010di, da nismo imeli podpore navija\u010dev, toda vse skupaj je bilo dale\u010d od tega, da bi me ljudje ustavljali na ulici in spra\u0161evali o na\u0161em mo\u0161tvu. AEK je nekaj\u00a0&#8230;<\/p>\n","protected":false},"author":1,"featured_media":0,"comment_status":"closed","ping_status":"closed","sticky":false,"template":"","format":"standard","meta":{"footnotes":""},"categories":[1179],"tags":[],"source":[4511],"supertag":[],"acf":[],"yoast_head":"<!-- This site is optimized with the Yoast SEO plugin v21.3 - https:\/\/yoast.com\/wordpress\/plugins\/seo\/ -->\n<title>Zdovc z reprezentanco le na klopi Slovenije - Hudo Slovenija<\/title>\n<meta name=\"robots\" content=\"index, follow, max-snippet:-1, max-image-preview:large, max-video-preview:-1\" \/>\n<link rel=\"canonical\" href=\"https:\/\/hudo.com\/si\/aktualno\/zdovc-z-reprezentanco-le-na-klopi-slovenije\/\" \/>\n<meta property=\"og:locale\" content=\"sl_SI\" \/>\n<meta property=\"og:type\" content=\"article\" \/>\n<meta property=\"og:title\" content=\"Zdovc z reprezentanco le na klopi Slovenije - Hudo Slovenija\" \/>\n<meta property=\"og:description\" content=\"Kategorija: Ko\u0161arka Mon, 11 Apr 2016 14:00:00 +0200 Ljubljana \u2013 \u0160tirje meseci so minili, odkar se je Jure Zdovc preselil iz Gaziantepa v Atene in preklopil misli na vi\u0161jo tekmovalno raven. Okolje, ki \u0161e ni do\u010dakalo uvrstitve v kon\u010dnico tur\u0161kega prvenstva in je v zadnjih letih predvsem znano kot zbirali\u0161\u010de sirskih beguncev, je zamenjal za mo\u0161tvo AEK, ki razmi\u0161lja o vrnitvi v evroligo. \u00bbNa Royal Hali sem \u017ee pozabil, \u010deprav sem na njegovi klopi pre\u017eivel dve leti. Ob odhodu se je vse razpletalo zelo hitro, storil pa sem nekaj, kar je bilo treba storiti. V Tur\u010diji se je vse odvijalo precej bolj mirno in brez ve\u010djega stresa. Ne morem re\u010di, da nismo imeli podpore navija\u010dev, toda vse skupaj je bilo dale\u010d od tega, da bi me ljudje ustavljali na ulici in spra\u0161evali o na\u0161em mo\u0161tvu. AEK je nekaj\u00a0...\" \/>\n<meta property=\"og:url\" content=\"https:\/\/hudo.com\/si\/aktualno\/zdovc-z-reprezentanco-le-na-klopi-slovenije\/\" \/>\n<meta property=\"og:site_name\" content=\"Hudo Slovenija\" \/>\n<meta property=\"article:publisher\" content=\"https:\/\/www.facebook.com\/hudo.si\" \/>\n<meta property=\"article:published_time\" content=\"2016-04-11T10:00:00+00:00\" \/>\n<meta property=\"article:modified_time\" content=\"2016-04-12T06:06:44+00:00\" \/>\n<meta property=\"og:image\" content=\"https:\/\/hudo.com\/si\/wp-content\/uploads\/sites\/2\/2016\/04\/480x290_Sport__djvu_2173910_edo___i_hires0.jpeg\" \/>\n\t<meta property=\"og:image:width\" content=\"480\" \/>\n\t<meta property=\"og:image:height\" content=\"290\" \/>\n\t<meta property=\"og:image:type\" content=\"image\/jpeg\" \/>\n<meta name=\"author\" content=\"hudo\" \/>\n<meta name=\"twitter:card\" content=\"summary_large_image\" \/>\n<meta name=\"twitter:creator\" content=\"@hudo_si\" \/>\n<meta name=\"twitter:site\" content=\"@hudo_si\" \/>\n<meta name=\"twitter:label1\" content=\"Written by\" \/>\n\t<meta name=\"twitter:data1\" content=\"hudo\" \/>\n\t<meta name=\"twitter:label2\" content=\"Est. reading time\" \/>\n\t<meta name=\"twitter:data2\" content=\"1 minuta\" \/>\n<script type=\"application\/ld+json\" class=\"yoast-schema-graph\">{\"@context\":\"https:\/\/schema.org\",\"@graph\":[{\"@type\":\"Article\",\"@id\":\"https:\/\/hudo.com\/si\/aktualno\/zdovc-z-reprezentanco-le-na-klopi-slovenije\/#article\",\"isPartOf\":{\"@id\":\"https:\/\/hudo.com\/si\/aktualno\/zdovc-z-reprezentanco-le-na-klopi-slovenije\/\"},\"author\":{\"name\":\"hudo\",\"@id\":\"https:\/\/hudo.com\/si\/#\/schema\/person\/601cf3379633985b20f7e50f2bb47707\"},\"headline\":\"Zdovc z reprezentanco le na klopi Slovenije\",\"datePublished\":\"2016-04-11T10:00:00+00:00\",\"dateModified\":\"2016-04-12T06:06:44+00:00\",\"mainEntityOfPage\":{\"@id\":\"https:\/\/hudo.com\/si\/aktualno\/zdovc-z-reprezentanco-le-na-klopi-slovenije\/\"},\"wordCount\":156,\"publisher\":{\"@id\":\"https:\/\/hudo.com\/si\/#organization\"},\"articleSection\":[\"Aktualno\"],\"inLanguage\":\"sl-SI\"},{\"@type\":\"WebPage\",\"@id\":\"https:\/\/hudo.com\/si\/aktualno\/zdovc-z-reprezentanco-le-na-klopi-slovenije\/\",\"url\":\"https:\/\/hudo.com\/si\/aktualno\/zdovc-z-reprezentanco-le-na-klopi-slovenije\/\",\"name\":\"Zdovc z reprezentanco le na klopi Slovenije - Hudo Slovenija\",\"isPartOf\":{\"@id\":\"https:\/\/hudo.com\/si\/#website\"},\"datePublished\":\"2016-04-11T10:00:00+00:00\",\"dateModified\":\"2016-04-12T06:06:44+00:00\",\"breadcrumb\":{\"@id\":\"https:\/\/hudo.com\/si\/aktualno\/zdovc-z-reprezentanco-le-na-klopi-slovenije\/#breadcrumb\"},\"inLanguage\":\"sl-SI\",\"potentialAction\":[{\"@type\":\"ReadAction\",\"target\":[\"https:\/\/hudo.com\/si\/aktualno\/zdovc-z-reprezentanco-le-na-klopi-slovenije\/\"]}]},{\"@type\":\"BreadcrumbList\",\"@id\":\"https:\/\/hudo.com\/si\/aktualno\/zdovc-z-reprezentanco-le-na-klopi-slovenije\/#breadcrumb\",\"itemListElement\":[{\"@type\":\"ListItem\",\"position\":1,\"name\":\"Home\",\"item\":\"https:\/\/hudo.com\/si\/\"},{\"@type\":\"ListItem\",\"position\":2,\"name\":\"Zdovc z reprezentanco le na klopi Slovenije\"}]},{\"@type\":\"WebSite\",\"@id\":\"https:\/\/hudo.com\/si\/#website\",\"url\":\"https:\/\/hudo.com\/si\/\",\"name\":\"Hudo Slovenija\",\"description\":\"Vse novice iz Slovenije in sveta\",\"publisher\":{\"@id\":\"https:\/\/hudo.com\/si\/#organization\"},\"potentialAction\":[{\"@type\":\"SearchAction\",\"target\":{\"@type\":\"EntryPoint\",\"urlTemplate\":\"https:\/\/hudo.com\/si\/?s={search_term_string}\"},\"query-input\":\"required name=search_term_string\"}],\"inLanguage\":\"sl-SI\"},{\"@type\":\"Organization\",\"@id\":\"https:\/\/hudo.com\/si\/#organization\",\"name\":\"VSN Media\",\"url\":\"https:\/\/hudo.com\/si\/\",\"logo\":{\"@type\":\"ImageObject\",\"inLanguage\":\"sl-SI\",\"@id\":\"https:\/\/hudo.com\/si\/#\/schema\/logo\/image\/\",\"url\":\"https:\/\/hudo.com\/si\/wp-content\/uploads\/sites\/2\/2021\/03\/hudo-app-2.png\",\"contentUrl\":\"https:\/\/hudo.com\/si\/wp-content\/uploads\/sites\/2\/2021\/03\/hudo-app-2.png\",\"width\":2185,\"height\":2167,\"caption\":\"VSN Media\"},\"image\":{\"@id\":\"https:\/\/hudo.com\/si\/#\/schema\/logo\/image\/\"},\"sameAs\":[\"https:\/\/www.facebook.com\/hudo.si\",\"https:\/\/twitter.com\/hudo_si\"]},{\"@type\":\"Person\",\"@id\":\"https:\/\/hudo.com\/si\/#\/schema\/person\/601cf3379633985b20f7e50f2bb47707\",\"name\":\"hudo\",\"image\":{\"@type\":\"ImageObject\",\"inLanguage\":\"sl-SI\",\"@id\":\"https:\/\/hudo.com\/si\/#\/schema\/person\/image\/\",\"url\":\"https:\/\/secure.gravatar.com\/avatar\/c4ca25fa72cace7a696b52ff5db9e095?s=96&d=mm&r=g\",\"contentUrl\":\"https:\/\/secure.gravatar.com\/avatar\/c4ca25fa72cace7a696b52ff5db9e095?s=96&d=mm&r=g\",\"caption\":\"hudo\"},\"url\":\"https:\/\/hudo.com\/si\/author\/hudo\/\"}]}<\/script>\n<!-- \/ Yoast SEO plugin. -->","yoast_head_json":{"title":"Zdovc z reprezentanco le na klopi Slovenije - Hudo Slovenija","robots":{"index":"index","follow":"follow","max-snippet":"max-snippet:-1","max-image-preview":"max-image-preview:large","max-video-preview":"max-video-preview:-1"},"canonical":"https:\/\/hudo.com\/si\/aktualno\/zdovc-z-reprezentanco-le-na-klopi-slovenije\/","og_locale":"sl_SI","og_type":"article","og_title":"Zdovc z reprezentanco le na klopi Slovenije - Hudo Slovenija","og_description":"Kategorija: Ko\u0161arka Mon, 11 Apr 2016 14:00:00 +0200 Ljubljana \u2013 \u0160tirje meseci so minili, odkar se je Jure Zdovc preselil iz Gaziantepa v Atene in preklopil misli na vi\u0161jo tekmovalno raven. Okolje, ki \u0161e ni do\u010dakalo uvrstitve v kon\u010dnico tur\u0161kega prvenstva in je v zadnjih letih predvsem znano kot zbirali\u0161\u010de sirskih beguncev, je zamenjal za mo\u0161tvo AEK, ki razmi\u0161lja o vrnitvi v evroligo. \u00bbNa Royal Hali sem \u017ee pozabil, \u010deprav sem na njegovi klopi pre\u017eivel dve leti. Ob odhodu se je vse razpletalo zelo hitro, storil pa sem nekaj, kar je bilo treba storiti. V Tur\u010diji se je vse odvijalo precej bolj mirno in brez ve\u010djega stresa. Ne morem re\u010di, da nismo imeli podpore navija\u010dev, toda vse skupaj je bilo dale\u010d od tega, da bi me ljudje ustavljali na ulici in spra\u0161evali o na\u0161em mo\u0161tvu. AEK je nekaj\u00a0...","og_url":"https:\/\/hudo.com\/si\/aktualno\/zdovc-z-reprezentanco-le-na-klopi-slovenije\/","og_site_name":"Hudo Slovenija","article_publisher":"https:\/\/www.facebook.com\/hudo.si","article_published_time":"2016-04-11T10:00:00+00:00","article_modified_time":"2016-04-12T06:06:44+00:00","og_image":[{"width":480,"height":290,"url":"https:\/\/hudo.com\/si\/wp-content\/uploads\/sites\/2\/2016\/04\/480x290_Sport__djvu_2173910_edo___i_hires0.jpeg","type":"image\/jpeg"}],"author":"hudo","twitter_card":"summary_large_image","twitter_creator":"@hudo_si","twitter_site":"@hudo_si","twitter_misc":{"Written by":"hudo","Est. reading time":"1 minuta"},"schema":{"@context":"https:\/\/schema.org","@graph":[{"@type":"Article","@id":"https:\/\/hudo.com\/si\/aktualno\/zdovc-z-reprezentanco-le-na-klopi-slovenije\/#article","isPartOf":{"@id":"https:\/\/hudo.com\/si\/aktualno\/zdovc-z-reprezentanco-le-na-klopi-slovenije\/"},"author":{"name":"hudo","@id":"https:\/\/hudo.com\/si\/#\/schema\/person\/601cf3379633985b20f7e50f2bb47707"},"headline":"Zdovc z reprezentanco le na klopi Slovenije","datePublished":"2016-04-11T10:00:00+00:00","dateModified":"2016-04-12T06:06:44+00:00","mainEntityOfPage":{"@id":"https:\/\/hudo.com\/si\/aktualno\/zdovc-z-reprezentanco-le-na-klopi-slovenije\/"},"wordCount":156,"publisher":{"@id":"https:\/\/hudo.com\/si\/#organization"},"articleSection":["Aktualno"],"inLanguage":"sl-SI"},{"@type":"WebPage","@id":"https:\/\/hudo.com\/si\/aktualno\/zdovc-z-reprezentanco-le-na-klopi-slovenije\/","url":"https:\/\/hudo.com\/si\/aktualno\/zdovc-z-reprezentanco-le-na-klopi-slovenije\/","name":"Zdovc z reprezentanco le na klopi Slovenije - Hudo Slovenija","isPartOf":{"@id":"https:\/\/hudo.com\/si\/#website"},"datePublished":"2016-04-11T10:00:00+00:00","dateModified":"2016-04-12T06:06:44+00:00","breadcrumb":{"@id":"https:\/\/hudo.com\/si\/aktualno\/zdovc-z-reprezentanco-le-na-klopi-slovenije\/#breadcrumb"},"inLanguage":"sl-SI","potentialAction":[{"@type":"ReadAction","target":["https:\/\/hudo.com\/si\/aktualno\/zdovc-z-reprezentanco-le-na-klopi-slovenije\/"]}]},{"@type":"BreadcrumbList","@id":"https:\/\/hudo.com\/si\/aktualno\/zdovc-z-reprezentanco-le-na-klopi-slovenije\/#breadcrumb","itemListElement":[{"@type":"ListItem","position":1,"name":"Home","item":"https:\/\/hudo.com\/si\/"},{"@type":"ListItem","position":2,"name":"Zdovc z reprezentanco le na klopi Slovenije"}]},{"@type":"WebSite","@id":"https:\/\/hudo.com\/si\/#website","url":"https:\/\/hudo.com\/si\/","name":"Hudo Slovenija","description":"Vse novice iz Slovenije in sveta","publisher":{"@id":"https:\/\/hudo.com\/si\/#organization"},"potentialAction":[{"@type":"SearchAction","target":{"@type":"EntryPoint","urlTemplate":"https:\/\/hudo.com\/si\/?s={search_term_string}"},"query-input":"required name=search_term_string"}],"inLanguage":"sl-SI"},{"@type":"Organization","@id":"https:\/\/hudo.com\/si\/#organization","name":"VSN Media","url":"https:\/\/hudo.com\/si\/","logo":{"@type":"ImageObject","inLanguage":"sl-SI","@id":"https:\/\/hudo.com\/si\/#\/schema\/logo\/image\/","url":"https:\/\/hudo.com\/si\/wp-content\/uploads\/sites\/2\/2021\/03\/hudo-app-2.png","contentUrl":"https:\/\/hudo.com\/si\/wp-content\/uploads\/sites\/2\/2021\/03\/hudo-app-2.png","width":2185,"height":2167,"caption":"VSN Media"},"image":{"@id":"https:\/\/hudo.com\/si\/#\/schema\/logo\/image\/"},"sameAs":["https:\/\/www.facebook.com\/hudo.si","https:\/\/twitter.com\/hudo_si"]},{"@type":"Person","@id":"https:\/\/hudo.com\/si\/#\/schema\/person\/601cf3379633985b20f7e50f2bb47707","name":"hudo","image":{"@type":"ImageObject","inLanguage":"sl-SI","@id":"https:\/\/hudo.com\/si\/#\/schema\/person\/image\/","url":"https:\/\/secure.gravatar.com\/avatar\/c4ca25fa72cace7a696b52ff5db9e095?s=96&d=mm&r=g","contentUrl":"https:\/\/secure.gravatar.com\/avatar\/c4ca25fa72cace7a696b52ff5db9e095?s=96&d=mm&r=g","caption":"hudo"},"url":"https:\/\/hudo.com\/si\/author\/hudo\/"}]}},"amp_enabled":true,"_links":{"self":[{"href":"https:\/\/hudo.com\/si\/wp-json\/wp\/v2\/posts\/26686"}],"collection":[{"href":"https:\/\/hudo.com\/si\/wp-json\/wp\/v2\/posts"}],"about":[{"href":"https:\/\/hudo.com\/si\/wp-json\/wp\/v2\/types\/post"}],"author":[{"embeddable":true,"href":"https:\/\/hudo.com\/si\/wp-json\/wp\/v2\/users\/1"}],"replies":[{"embeddable":true,"href":"https:\/\/hudo.com\/si\/wp-json\/wp\/v2\/comments?post=26686"}],"version-history":[{"count":1,"href":"https:\/\/hudo.com\/si\/wp-json\/wp\/v2\/posts\/26686\/revisions"}],"predecessor-version":[{"id":26769,"href":"https:\/\/hudo.com\/si\/wp-json\/wp\/v2\/posts\/26686\/revisions\/26769"}],"wp:attachment":[{"href":"https:\/\/hudo.com\/si\/wp-json\/wp\/v2\/media?parent=26686"}],"wp:term":[{"taxonomy":"category","embeddable":true,"href":"https:\/\/hudo.com\/si\/wp-json\/wp\/v2\/categories?post=26686"},{"taxonomy":"post_tag","embeddable":true,"href":"https:\/\/hudo.com\/si\/wp-json\/wp\/v2\/tags?post=26686"},{"taxonomy":"source","embeddable":true,"href":"https:\/\/hudo.com\/si\/wp-json\/wp\/v2\/source?post=26686"},{"taxonomy":"supertag","embeddable":true,"href":"https:\/\/hudo.com\/si\/wp-json\/wp\/v2\/supertag?post=26686"}],"curies":[{"name":"wp","href":"https:\/\/api.w.org\/{rel}","templated":true}]}}