{"id":266885,"date":"2017-06-15T13:26:00","date_gmt":"2017-06-15T11:26:00","guid":{"rendered":"http:\/\/hudo.com\/si\/2017\/06\/15\/dirka-po-sloveniji-bennettu-prva-etapa-slovenske-pentlje-mezgec-tretji\/"},"modified":"2017-06-15T13:26:00","modified_gmt":"2017-06-15T11:26:00","slug":"dirka-po-sloveniji-bennettu-prva-etapa-slovenske-pentlje-mezgec-tretji","status":"publish","type":"post","link":"https:\/\/hudo.com\/si\/aktualno\/dirka-po-sloveniji-bennettu-prva-etapa-slovenske-pentlje-mezgec-tretji\/","title":{"rendered":"Dirka po Sloveniji: Bennettu prva etapa slovenske pentlje, Mezgec tretji"},"content":{"rendered":"<p>Kategorija: Kolesarstvo Thu, 15 Jun 2017 15:26:00 +0200  Ko\u010devje &#8211; V Kopru se je za\u010dela leto\u0161nja kolesarska dirka Po Sloveniji. Uvodno, 159,4 kilometra dolgo etapo s ciljem v Ko\u010devju je v sprintu glavnine dobil Irec Sam Bennett (Bora Hansgrohe) pred Italijanom Sonnyjem Colbrellijem in Slovencem Luko Mezgecom. Od Slovencev je bil v deseterici \u0161e Marko Pavli\u010d; zasedel je \u0161esto mesto. Etapa je bila v znamenju dolgega pobega skupine devetih kolesarjev, v kateri so bili od Slovencev Primo\u017e Obal (Slovenija), Jon Bo\u017ei\u010d (Adria Mobil), Andi Bajc (Amplatz) in \u017diga Jerman (Rog), slednji je dobil lete\u010da cilja v Lipici in Ribnici, na gorskem cilju na \u010crnem Kalu pa je bil drugi. Skupina je imel \u017ee nekaj ve\u010d kot \u0161tiri minute prednosti, njen pobeg pa se je kon\u010dal dobrih 13 kilometrov pred ciljem. Avstrijec Matthias Krizek je vztrajal \u0161e nekoliko dlje, toda\u00a0&#8230;<\/p>\n","protected":false},"excerpt":{"rendered":"<p>Kategorija: Kolesarstvo Thu, 15 Jun 2017 15:26:00 +0200  Ko\u010devje &#8211; V Kopru se je za\u010dela leto\u0161nja kolesarska dirka Po Sloveniji. Uvodno, 159,4 kilometra dolgo etapo s ciljem v Ko\u010devju je v sprintu glavnine dobil Irec Sam Bennett (Bora Hansgrohe) pred Italijanom Sonnyjem Colbrellijem in Slovencem Luko Mezgecom. Od Slovencev je bil v deseterici \u0161e Marko Pavli\u010d; zasedel je \u0161esto mesto. Etapa je bila v znamenju dolgega pobega skupine devetih kolesarjev, v kateri so bili od Slovencev Primo\u017e Obal (Slovenija), Jon Bo\u017ei\u010d (Adria Mobil), Andi Bajc (Amplatz) in \u017diga Jerman (Rog), slednji je dobil lete\u010da cilja v Lipici in Ribnici, na gorskem cilju na \u010crnem Kalu pa je bil drugi. Skupina je imel \u017ee nekaj ve\u010d kot \u0161tiri minute prednosti, njen pobeg pa se je kon\u010dal dobrih 13 kilometrov pred ciljem. Avstrijec Matthias Krizek je vztrajal \u0161e nekoliko dlje, toda\u00a0&#8230;<\/p>\n","protected":false},"author":1,"featured_media":0,"comment_status":"closed","ping_status":"closed","sticky":false,"template":"","format":"standard","meta":{"footnotes":""},"categories":[1179],"tags":[],"source":[1703],"supertag":[],"acf":[],"yoast_head":"<!-- This site is optimized with the Yoast SEO plugin v21.3 - https:\/\/yoast.com\/wordpress\/plugins\/seo\/ -->\n<title>Dirka po Sloveniji: Bennettu prva etapa slovenske pentlje, Mezgec tretji - Hudo Slovenija<\/title>\n<meta name=\"robots\" content=\"index, follow, max-snippet:-1, max-image-preview:large, max-video-preview:-1\" \/>\n<link rel=\"canonical\" href=\"https:\/\/hudo.com\/si\/aktualno\/dirka-po-sloveniji-bennettu-prva-etapa-slovenske-pentlje-mezgec-tretji\/\" \/>\n<meta property=\"og:locale\" content=\"sl_SI\" \/>\n<meta property=\"og:type\" content=\"article\" \/>\n<meta property=\"og:title\" content=\"Dirka po Sloveniji: Bennettu prva etapa slovenske pentlje, Mezgec tretji - Hudo Slovenija\" \/>\n<meta property=\"og:description\" content=\"Kategorija: Kolesarstvo Thu, 15 Jun 2017 15:26:00 +0200 Ko\u010devje - V Kopru se je za\u010dela leto\u0161nja kolesarska dirka Po Sloveniji. Uvodno, 159,4 kilometra dolgo etapo s ciljem v Ko\u010devju je v sprintu glavnine dobil Irec Sam Bennett (Bora Hansgrohe) pred Italijanom Sonnyjem Colbrellijem in Slovencem Luko Mezgecom. Od Slovencev je bil v deseterici \u0161e Marko Pavli\u010d; zasedel je \u0161esto mesto. Etapa je bila v znamenju dolgega pobega skupine devetih kolesarjev, v kateri so bili od Slovencev Primo\u017e Obal (Slovenija), Jon Bo\u017ei\u010d (Adria Mobil), Andi Bajc (Amplatz) in \u017diga Jerman (Rog), slednji je dobil lete\u010da cilja v Lipici in Ribnici, na gorskem cilju na \u010crnem Kalu pa je bil drugi. Skupina je imel \u017ee nekaj ve\u010d kot \u0161tiri minute prednosti, njen pobeg pa se je kon\u010dal dobrih 13 kilometrov pred ciljem. Avstrijec Matthias Krizek je vztrajal \u0161e nekoliko dlje, toda\u00a0...\" \/>\n<meta property=\"og:url\" content=\"https:\/\/hudo.com\/si\/aktualno\/dirka-po-sloveniji-bennettu-prva-etapa-slovenske-pentlje-mezgec-tretji\/\" \/>\n<meta property=\"og:site_name\" content=\"Hudo Slovenija\" \/>\n<meta property=\"article:publisher\" content=\"https:\/\/www.facebook.com\/hudo.si\" \/>\n<meta property=\"article:published_time\" content=\"2017-06-15T11:26:00+00:00\" \/>\n<meta property=\"og:image\" content=\"https:\/\/hudo.com\/si\/wp-content\/uploads\/sites\/2\/2017\/06\/480x290_djvu_1985689_janezp_iza-Kolesarstvo.jpeg\" \/>\n\t<meta property=\"og:image:width\" content=\"480\" \/>\n\t<meta property=\"og:image:height\" content=\"290\" \/>\n\t<meta property=\"og:image:type\" content=\"image\/jpeg\" \/>\n<meta name=\"author\" content=\"hudo\" \/>\n<meta name=\"twitter:card\" content=\"summary_large_image\" \/>\n<meta name=\"twitter:creator\" content=\"@hudo_si\" \/>\n<meta name=\"twitter:site\" content=\"@hudo_si\" \/>\n<meta name=\"twitter:label1\" content=\"Written by\" \/>\n\t<meta name=\"twitter:data1\" content=\"hudo\" \/>\n\t<meta name=\"twitter:label2\" content=\"Est. reading time\" \/>\n\t<meta name=\"twitter:data2\" content=\"1 minuta\" \/>\n<script type=\"application\/ld+json\" class=\"yoast-schema-graph\">{\"@context\":\"https:\/\/schema.org\",\"@graph\":[{\"@type\":\"Article\",\"@id\":\"https:\/\/hudo.com\/si\/aktualno\/dirka-po-sloveniji-bennettu-prva-etapa-slovenske-pentlje-mezgec-tretji\/#article\",\"isPartOf\":{\"@id\":\"https:\/\/hudo.com\/si\/aktualno\/dirka-po-sloveniji-bennettu-prva-etapa-slovenske-pentlje-mezgec-tretji\/\"},\"author\":{\"name\":\"hudo\",\"@id\":\"https:\/\/hudo.com\/si\/#\/schema\/person\/601cf3379633985b20f7e50f2bb47707\"},\"headline\":\"Dirka po Sloveniji: Bennettu prva etapa slovenske pentlje, Mezgec tretji\",\"datePublished\":\"2017-06-15T11:26:00+00:00\",\"dateModified\":\"2017-06-15T11:26:00+00:00\",\"mainEntityOfPage\":{\"@id\":\"https:\/\/hudo.com\/si\/aktualno\/dirka-po-sloveniji-bennettu-prva-etapa-slovenske-pentlje-mezgec-tretji\/\"},\"wordCount\":150,\"publisher\":{\"@id\":\"https:\/\/hudo.com\/si\/#organization\"},\"articleSection\":[\"Aktualno\"],\"inLanguage\":\"sl-SI\"},{\"@type\":\"WebPage\",\"@id\":\"https:\/\/hudo.com\/si\/aktualno\/dirka-po-sloveniji-bennettu-prva-etapa-slovenske-pentlje-mezgec-tretji\/\",\"url\":\"https:\/\/hudo.com\/si\/aktualno\/dirka-po-sloveniji-bennettu-prva-etapa-slovenske-pentlje-mezgec-tretji\/\",\"name\":\"Dirka po Sloveniji: Bennettu prva etapa slovenske pentlje, Mezgec tretji - Hudo Slovenija\",\"isPartOf\":{\"@id\":\"https:\/\/hudo.com\/si\/#website\"},\"datePublished\":\"2017-06-15T11:26:00+00:00\",\"dateModified\":\"2017-06-15T11:26:00+00:00\",\"breadcrumb\":{\"@id\":\"https:\/\/hudo.com\/si\/aktualno\/dirka-po-sloveniji-bennettu-prva-etapa-slovenske-pentlje-mezgec-tretji\/#breadcrumb\"},\"inLanguage\":\"sl-SI\",\"potentialAction\":[{\"@type\":\"ReadAction\",\"target\":[\"https:\/\/hudo.com\/si\/aktualno\/dirka-po-sloveniji-bennettu-prva-etapa-slovenske-pentlje-mezgec-tretji\/\"]}]},{\"@type\":\"BreadcrumbList\",\"@id\":\"https:\/\/hudo.com\/si\/aktualno\/dirka-po-sloveniji-bennettu-prva-etapa-slovenske-pentlje-mezgec-tretji\/#breadcrumb\",\"itemListElement\":[{\"@type\":\"ListItem\",\"position\":1,\"name\":\"Home\",\"item\":\"https:\/\/hudo.com\/si\/\"},{\"@type\":\"ListItem\",\"position\":2,\"name\":\"Dirka po Sloveniji: Bennettu prva etapa slovenske pentlje, Mezgec tretji\"}]},{\"@type\":\"WebSite\",\"@id\":\"https:\/\/hudo.com\/si\/#website\",\"url\":\"https:\/\/hudo.com\/si\/\",\"name\":\"Hudo Slovenija\",\"description\":\"Vse novice iz Slovenije in sveta\",\"publisher\":{\"@id\":\"https:\/\/hudo.com\/si\/#organization\"},\"potentialAction\":[{\"@type\":\"SearchAction\",\"target\":{\"@type\":\"EntryPoint\",\"urlTemplate\":\"https:\/\/hudo.com\/si\/?s={search_term_string}\"},\"query-input\":\"required name=search_term_string\"}],\"inLanguage\":\"sl-SI\"},{\"@type\":\"Organization\",\"@id\":\"https:\/\/hudo.com\/si\/#organization\",\"name\":\"VSN Media\",\"url\":\"https:\/\/hudo.com\/si\/\",\"logo\":{\"@type\":\"ImageObject\",\"inLanguage\":\"sl-SI\",\"@id\":\"https:\/\/hudo.com\/si\/#\/schema\/logo\/image\/\",\"url\":\"https:\/\/hudo.com\/si\/wp-content\/uploads\/sites\/2\/2021\/03\/hudo-app-2.png\",\"contentUrl\":\"https:\/\/hudo.com\/si\/wp-content\/uploads\/sites\/2\/2021\/03\/hudo-app-2.png\",\"width\":2185,\"height\":2167,\"caption\":\"VSN Media\"},\"image\":{\"@id\":\"https:\/\/hudo.com\/si\/#\/schema\/logo\/image\/\"},\"sameAs\":[\"https:\/\/www.facebook.com\/hudo.si\",\"https:\/\/twitter.com\/hudo_si\"]},{\"@type\":\"Person\",\"@id\":\"https:\/\/hudo.com\/si\/#\/schema\/person\/601cf3379633985b20f7e50f2bb47707\",\"name\":\"hudo\",\"image\":{\"@type\":\"ImageObject\",\"inLanguage\":\"sl-SI\",\"@id\":\"https:\/\/hudo.com\/si\/#\/schema\/person\/image\/\",\"url\":\"https:\/\/secure.gravatar.com\/avatar\/c4ca25fa72cace7a696b52ff5db9e095?s=96&d=mm&r=g\",\"contentUrl\":\"https:\/\/secure.gravatar.com\/avatar\/c4ca25fa72cace7a696b52ff5db9e095?s=96&d=mm&r=g\",\"caption\":\"hudo\"},\"url\":\"https:\/\/hudo.com\/si\/author\/hudo\/\"}]}<\/script>\n<!-- \/ Yoast SEO plugin. -->","yoast_head_json":{"title":"Dirka po Sloveniji: Bennettu prva etapa slovenske pentlje, Mezgec tretji - Hudo Slovenija","robots":{"index":"index","follow":"follow","max-snippet":"max-snippet:-1","max-image-preview":"max-image-preview:large","max-video-preview":"max-video-preview:-1"},"canonical":"https:\/\/hudo.com\/si\/aktualno\/dirka-po-sloveniji-bennettu-prva-etapa-slovenske-pentlje-mezgec-tretji\/","og_locale":"sl_SI","og_type":"article","og_title":"Dirka po Sloveniji: Bennettu prva etapa slovenske pentlje, Mezgec tretji - Hudo Slovenija","og_description":"Kategorija: Kolesarstvo Thu, 15 Jun 2017 15:26:00 +0200 Ko\u010devje - V Kopru se je za\u010dela leto\u0161nja kolesarska dirka Po Sloveniji. Uvodno, 159,4 kilometra dolgo etapo s ciljem v Ko\u010devju je v sprintu glavnine dobil Irec Sam Bennett (Bora Hansgrohe) pred Italijanom Sonnyjem Colbrellijem in Slovencem Luko Mezgecom. Od Slovencev je bil v deseterici \u0161e Marko Pavli\u010d; zasedel je \u0161esto mesto. Etapa je bila v znamenju dolgega pobega skupine devetih kolesarjev, v kateri so bili od Slovencev Primo\u017e Obal (Slovenija), Jon Bo\u017ei\u010d (Adria Mobil), Andi Bajc (Amplatz) in \u017diga Jerman (Rog), slednji je dobil lete\u010da cilja v Lipici in Ribnici, na gorskem cilju na \u010crnem Kalu pa je bil drugi. Skupina je imel \u017ee nekaj ve\u010d kot \u0161tiri minute prednosti, njen pobeg pa se je kon\u010dal dobrih 13 kilometrov pred ciljem. Avstrijec Matthias Krizek je vztrajal \u0161e nekoliko dlje, toda\u00a0...","og_url":"https:\/\/hudo.com\/si\/aktualno\/dirka-po-sloveniji-bennettu-prva-etapa-slovenske-pentlje-mezgec-tretji\/","og_site_name":"Hudo Slovenija","article_publisher":"https:\/\/www.facebook.com\/hudo.si","article_published_time":"2017-06-15T11:26:00+00:00","og_image":[{"width":480,"height":290,"url":"https:\/\/hudo.com\/si\/wp-content\/uploads\/sites\/2\/2017\/06\/480x290_djvu_1985689_janezp_iza-Kolesarstvo.jpeg","type":"image\/jpeg"}],"author":"hudo","twitter_card":"summary_large_image","twitter_creator":"@hudo_si","twitter_site":"@hudo_si","twitter_misc":{"Written by":"hudo","Est. reading time":"1 minuta"},"schema":{"@context":"https:\/\/schema.org","@graph":[{"@type":"Article","@id":"https:\/\/hudo.com\/si\/aktualno\/dirka-po-sloveniji-bennettu-prva-etapa-slovenske-pentlje-mezgec-tretji\/#article","isPartOf":{"@id":"https:\/\/hudo.com\/si\/aktualno\/dirka-po-sloveniji-bennettu-prva-etapa-slovenske-pentlje-mezgec-tretji\/"},"author":{"name":"hudo","@id":"https:\/\/hudo.com\/si\/#\/schema\/person\/601cf3379633985b20f7e50f2bb47707"},"headline":"Dirka po Sloveniji: Bennettu prva etapa slovenske pentlje, Mezgec tretji","datePublished":"2017-06-15T11:26:00+00:00","dateModified":"2017-06-15T11:26:00+00:00","mainEntityOfPage":{"@id":"https:\/\/hudo.com\/si\/aktualno\/dirka-po-sloveniji-bennettu-prva-etapa-slovenske-pentlje-mezgec-tretji\/"},"wordCount":150,"publisher":{"@id":"https:\/\/hudo.com\/si\/#organization"},"articleSection":["Aktualno"],"inLanguage":"sl-SI"},{"@type":"WebPage","@id":"https:\/\/hudo.com\/si\/aktualno\/dirka-po-sloveniji-bennettu-prva-etapa-slovenske-pentlje-mezgec-tretji\/","url":"https:\/\/hudo.com\/si\/aktualno\/dirka-po-sloveniji-bennettu-prva-etapa-slovenske-pentlje-mezgec-tretji\/","name":"Dirka po Sloveniji: Bennettu prva etapa slovenske pentlje, Mezgec tretji - Hudo Slovenija","isPartOf":{"@id":"https:\/\/hudo.com\/si\/#website"},"datePublished":"2017-06-15T11:26:00+00:00","dateModified":"2017-06-15T11:26:00+00:00","breadcrumb":{"@id":"https:\/\/hudo.com\/si\/aktualno\/dirka-po-sloveniji-bennettu-prva-etapa-slovenske-pentlje-mezgec-tretji\/#breadcrumb"},"inLanguage":"sl-SI","potentialAction":[{"@type":"ReadAction","target":["https:\/\/hudo.com\/si\/aktualno\/dirka-po-sloveniji-bennettu-prva-etapa-slovenske-pentlje-mezgec-tretji\/"]}]},{"@type":"BreadcrumbList","@id":"https:\/\/hudo.com\/si\/aktualno\/dirka-po-sloveniji-bennettu-prva-etapa-slovenske-pentlje-mezgec-tretji\/#breadcrumb","itemListElement":[{"@type":"ListItem","position":1,"name":"Home","item":"https:\/\/hudo.com\/si\/"},{"@type":"ListItem","position":2,"name":"Dirka po Sloveniji: Bennettu prva etapa slovenske pentlje, Mezgec tretji"}]},{"@type":"WebSite","@id":"https:\/\/hudo.com\/si\/#website","url":"https:\/\/hudo.com\/si\/","name":"Hudo Slovenija","description":"Vse novice iz Slovenije in sveta","publisher":{"@id":"https:\/\/hudo.com\/si\/#organization"},"potentialAction":[{"@type":"SearchAction","target":{"@type":"EntryPoint","urlTemplate":"https:\/\/hudo.com\/si\/?s={search_term_string}"},"query-input":"required name=search_term_string"}],"inLanguage":"sl-SI"},{"@type":"Organization","@id":"https:\/\/hudo.com\/si\/#organization","name":"VSN Media","url":"https:\/\/hudo.com\/si\/","logo":{"@type":"ImageObject","inLanguage":"sl-SI","@id":"https:\/\/hudo.com\/si\/#\/schema\/logo\/image\/","url":"https:\/\/hudo.com\/si\/wp-content\/uploads\/sites\/2\/2021\/03\/hudo-app-2.png","contentUrl":"https:\/\/hudo.com\/si\/wp-content\/uploads\/sites\/2\/2021\/03\/hudo-app-2.png","width":2185,"height":2167,"caption":"VSN Media"},"image":{"@id":"https:\/\/hudo.com\/si\/#\/schema\/logo\/image\/"},"sameAs":["https:\/\/www.facebook.com\/hudo.si","https:\/\/twitter.com\/hudo_si"]},{"@type":"Person","@id":"https:\/\/hudo.com\/si\/#\/schema\/person\/601cf3379633985b20f7e50f2bb47707","name":"hudo","image":{"@type":"ImageObject","inLanguage":"sl-SI","@id":"https:\/\/hudo.com\/si\/#\/schema\/person\/image\/","url":"https:\/\/secure.gravatar.com\/avatar\/c4ca25fa72cace7a696b52ff5db9e095?s=96&d=mm&r=g","contentUrl":"https:\/\/secure.gravatar.com\/avatar\/c4ca25fa72cace7a696b52ff5db9e095?s=96&d=mm&r=g","caption":"hudo"},"url":"https:\/\/hudo.com\/si\/author\/hudo\/"}]}},"amp_enabled":true,"_links":{"self":[{"href":"https:\/\/hudo.com\/si\/wp-json\/wp\/v2\/posts\/266885"}],"collection":[{"href":"https:\/\/hudo.com\/si\/wp-json\/wp\/v2\/posts"}],"about":[{"href":"https:\/\/hudo.com\/si\/wp-json\/wp\/v2\/types\/post"}],"author":[{"embeddable":true,"href":"https:\/\/hudo.com\/si\/wp-json\/wp\/v2\/users\/1"}],"replies":[{"embeddable":true,"href":"https:\/\/hudo.com\/si\/wp-json\/wp\/v2\/comments?post=266885"}],"version-history":[{"count":0,"href":"https:\/\/hudo.com\/si\/wp-json\/wp\/v2\/posts\/266885\/revisions"}],"wp:attachment":[{"href":"https:\/\/hudo.com\/si\/wp-json\/wp\/v2\/media?parent=266885"}],"wp:term":[{"taxonomy":"category","embeddable":true,"href":"https:\/\/hudo.com\/si\/wp-json\/wp\/v2\/categories?post=266885"},{"taxonomy":"post_tag","embeddable":true,"href":"https:\/\/hudo.com\/si\/wp-json\/wp\/v2\/tags?post=266885"},{"taxonomy":"source","embeddable":true,"href":"https:\/\/hudo.com\/si\/wp-json\/wp\/v2\/source?post=266885"},{"taxonomy":"supertag","embeddable":true,"href":"https:\/\/hudo.com\/si\/wp-json\/wp\/v2\/supertag?post=266885"}],"curies":[{"name":"wp","href":"https:\/\/api.w.org\/{rel}","templated":true}]}}