{"id":267288,"date":"2017-06-16T13:49:19","date_gmt":"2017-06-16T11:49:19","guid":{"rendered":"http:\/\/hudo.com\/si\/?p=267288"},"modified":"2017-06-16T13:49:19","modified_gmt":"2017-06-16T11:49:19","slug":"pred-britanskim-parlamentom-prijeli-moskega-z-nozem","status":"publish","type":"post","link":"https:\/\/hudo.com\/si\/aktualno\/pred-britanskim-parlamentom-prijeli-moskega-z-nozem\/","title":{"rendered":"Pred britanskim parlamentom prijeli mo\u0161kega z no\u017eem"},"content":{"rendered":"<p>Politi\u010dni urednik \u010dasnika Evening Standard Joe Murphy je tvitnil, da je bilo sli\u0161ati kri\u010danje &#8220;no\u017e, no\u017e, no\u017e&#8221; in da je policija mo\u0161kega omamila z elektri\u010dnim paralizatorjem.<\/p>\n<p>Scotland Yard je sporo\u010dil, da so prijeli mo\u0161kega, starega okoli 30 let, zaradi suma, da ima no\u017e.<\/p>\n<p>Mo\u0161kega so aretirali ob 11.10 po lokalnem \u010dasu (ob 12.10 po srednjeevropskem). Bradatega mo\u0161kega, ki je bil oble\u010den v \u010drne hla\u010de in siv pulover, je policist dr\u017eal ob ograji parlament z njegovimi rokami na hrbtu, pi\u0161e AFP.<\/p>\n<p>Do incidenta prihaja, potem ko je bila dr\u017eava tar\u010da ve\u010d teroristi\u010dnih napadov.<\/p>\n<p>Varnost okoli parlamenta so izredno zaostrili po 22. marcu, ko je mo\u0161ki z avtomobilom zapeljal v ljudi na bli\u017enjem mostu ter z no\u017eem ubil policista pred parlamentom. V napadu, v katerem je bil napadalec ubit, je umrlo pet ljudi.<\/p>\n<p>Kasneje, 27. aprila, pa so policisti v bli\u017eini parlamenta aretirali mo\u0161kega, saj naj bi pri njemu na\u0161li no\u017ee. 27-letnega Khalida Mohammeda Omarja Alija so nato obto\u017eili organizacije teroristi\u010dnega napada. Sodi\u0161\u010de pa ga je obto\u017eilo tudi zaradi posedovanja eksploziva v Afganistanu v dveh starej\u0161ih primerih.<\/p>\n<p>Ravno na dana\u0161nji dan lani pa je desni\u010darski skrajne\u017e Thomas Mair ubil britansko poslanko in nasprotnico brexita Jo Cox, teden dni pred referendumom, na katerem so Britanci izglasovali izstop Velike Britanije iz EU.<\/p>\n<p>Konec tedna se bo v Veliki Britaniji sicer zvrstilo ve\u010d kot 110.000 dogodkov v spomin Coxovi, na katerih bodo praznovali njeno prepri\u010danje, da &#8220;nas zdru\u017euje ve\u010d stvari, kot lo\u010duje&#8221;.<\/p>\n","protected":false},"excerpt":{"rendered":"<p>Pred britanskim parlamentom v Londonu je danes policija prijela mo\u0161kega zaradi suma, da ima no\u017e. Dodali so, da ni bilo \u017ertev in da incident ni povezan s terorizmom, poro\u010da francoska tiskovna agencija AFP.<\/p>\n","protected":false},"author":8,"featured_media":225374,"comment_status":"closed","ping_status":"closed","sticky":false,"template":"","format":"standard","meta":{"footnotes":""},"categories":[1179],"tags":[5092,2346,1643],"source":[4511],"supertag":[7150,6103],"acf":[],"yoast_head":"<!-- This site is optimized with the Yoast SEO plugin v21.3 - https:\/\/yoast.com\/wordpress\/plugins\/seo\/ -->\n<title>Pred britanskim parlamentom prijeli mo\u0161kega z no\u017eem - Hudo Slovenija<\/title>\n<meta name=\"robots\" content=\"index, follow, max-snippet:-1, max-image-preview:large, max-video-preview:-1\" \/>\n<link rel=\"canonical\" href=\"https:\/\/hudo.com\/si\/aktualno\/pred-britanskim-parlamentom-prijeli-moskega-z-nozem\/\" \/>\n<meta property=\"og:locale\" content=\"sl_SI\" \/>\n<meta property=\"og:type\" content=\"article\" \/>\n<meta property=\"og:title\" content=\"Pred britanskim parlamentom prijeli mo\u0161kega z no\u017eem - Hudo Slovenija\" \/>\n<meta property=\"og:description\" content=\"Pred britanskim parlamentom v Londonu je danes policija prijela mo\u0161kega zaradi suma, da ima no\u017e. Dodali so, da ni bilo \u017ertev in da incident ni povezan s terorizmom, poro\u010da francoska tiskovna agencija AFP.\" \/>\n<meta property=\"og:url\" content=\"https:\/\/hudo.com\/si\/aktualno\/pred-britanskim-parlamentom-prijeli-moskega-z-nozem\/\" \/>\n<meta property=\"og:site_name\" content=\"Hudo Slovenija\" \/>\n<meta property=\"article:publisher\" content=\"https:\/\/www.facebook.com\/hudo.si\" \/>\n<meta property=\"article:published_time\" content=\"2017-06-16T11:49:19+00:00\" \/>\n<meta property=\"og:image\" content=\"https:\/\/hudo.com\/si\/wp-content\/uploads\/sites\/2\/2017\/03\/profimedia-0217362634-1.jpg\" \/>\n\t<meta property=\"og:image:width\" content=\"1250\" \/>\n\t<meta property=\"og:image:height\" content=\"879\" \/>\n\t<meta property=\"og:image:type\" content=\"image\/jpeg\" \/>\n<meta name=\"author\" content=\"M. N., STA\" \/>\n<meta name=\"twitter:card\" content=\"summary_large_image\" \/>\n<meta name=\"twitter:creator\" content=\"@hudo_si\" \/>\n<meta name=\"twitter:site\" content=\"@hudo_si\" \/>\n<meta name=\"twitter:label1\" content=\"Written by\" \/>\n\t<meta name=\"twitter:data1\" content=\"M. N., STA\" \/>\n\t<meta name=\"twitter:label2\" content=\"Est. reading time\" \/>\n\t<meta name=\"twitter:data2\" content=\"1 minuta\" \/>\n<script type=\"application\/ld+json\" class=\"yoast-schema-graph\">{\"@context\":\"https:\/\/schema.org\",\"@graph\":[{\"@type\":\"Article\",\"@id\":\"https:\/\/hudo.com\/si\/aktualno\/pred-britanskim-parlamentom-prijeli-moskega-z-nozem\/#article\",\"isPartOf\":{\"@id\":\"https:\/\/hudo.com\/si\/aktualno\/pred-britanskim-parlamentom-prijeli-moskega-z-nozem\/\"},\"author\":{\"name\":\"M. N., STA\",\"@id\":\"https:\/\/hudo.com\/si\/#\/schema\/person\/c2f10ce65d2e6ede2aeda5be2a0611fa\"},\"headline\":\"Pred britanskim parlamentom prijeli mo\u0161kega z no\u017eem\",\"datePublished\":\"2017-06-16T11:49:19+00:00\",\"dateModified\":\"2017-06-16T11:49:19+00:00\",\"mainEntityOfPage\":{\"@id\":\"https:\/\/hudo.com\/si\/aktualno\/pred-britanskim-parlamentom-prijeli-moskega-z-nozem\/\"},\"wordCount\":273,\"publisher\":{\"@id\":\"https:\/\/hudo.com\/si\/#organization\"},\"keywords\":[\"aretacija\",\"terorizem\",\"Velika Britanija\"],\"articleSection\":[\"Aktualno\"],\"inLanguage\":\"sl-SI\"},{\"@type\":\"WebPage\",\"@id\":\"https:\/\/hudo.com\/si\/aktualno\/pred-britanskim-parlamentom-prijeli-moskega-z-nozem\/\",\"url\":\"https:\/\/hudo.com\/si\/aktualno\/pred-britanskim-parlamentom-prijeli-moskega-z-nozem\/\",\"name\":\"Pred britanskim parlamentom prijeli mo\u0161kega z no\u017eem - Hudo Slovenija\",\"isPartOf\":{\"@id\":\"https:\/\/hudo.com\/si\/#website\"},\"datePublished\":\"2017-06-16T11:49:19+00:00\",\"dateModified\":\"2017-06-16T11:49:19+00:00\",\"breadcrumb\":{\"@id\":\"https:\/\/hudo.com\/si\/aktualno\/pred-britanskim-parlamentom-prijeli-moskega-z-nozem\/#breadcrumb\"},\"inLanguage\":\"sl-SI\",\"potentialAction\":[{\"@type\":\"ReadAction\",\"target\":[\"https:\/\/hudo.com\/si\/aktualno\/pred-britanskim-parlamentom-prijeli-moskega-z-nozem\/\"]}]},{\"@type\":\"BreadcrumbList\",\"@id\":\"https:\/\/hudo.com\/si\/aktualno\/pred-britanskim-parlamentom-prijeli-moskega-z-nozem\/#breadcrumb\",\"itemListElement\":[{\"@type\":\"ListItem\",\"position\":1,\"name\":\"Home\",\"item\":\"https:\/\/hudo.com\/si\/\"},{\"@type\":\"ListItem\",\"position\":2,\"name\":\"Pred britanskim parlamentom prijeli mo\u0161kega z no\u017eem\"}]},{\"@type\":\"WebSite\",\"@id\":\"https:\/\/hudo.com\/si\/#website\",\"url\":\"https:\/\/hudo.com\/si\/\",\"name\":\"Hudo Slovenija\",\"description\":\"Vse novice iz Slovenije in sveta\",\"publisher\":{\"@id\":\"https:\/\/hudo.com\/si\/#organization\"},\"potentialAction\":[{\"@type\":\"SearchAction\",\"target\":{\"@type\":\"EntryPoint\",\"urlTemplate\":\"https:\/\/hudo.com\/si\/?s={search_term_string}\"},\"query-input\":\"required name=search_term_string\"}],\"inLanguage\":\"sl-SI\"},{\"@type\":\"Organization\",\"@id\":\"https:\/\/hudo.com\/si\/#organization\",\"name\":\"VSN Media\",\"url\":\"https:\/\/hudo.com\/si\/\",\"logo\":{\"@type\":\"ImageObject\",\"inLanguage\":\"sl-SI\",\"@id\":\"https:\/\/hudo.com\/si\/#\/schema\/logo\/image\/\",\"url\":\"https:\/\/hudo.com\/si\/wp-content\/uploads\/sites\/2\/2021\/03\/hudo-app-2.png\",\"contentUrl\":\"https:\/\/hudo.com\/si\/wp-content\/uploads\/sites\/2\/2021\/03\/hudo-app-2.png\",\"width\":2185,\"height\":2167,\"caption\":\"VSN Media\"},\"image\":{\"@id\":\"https:\/\/hudo.com\/si\/#\/schema\/logo\/image\/\"},\"sameAs\":[\"https:\/\/www.facebook.com\/hudo.si\",\"https:\/\/twitter.com\/hudo_si\"]},{\"@type\":\"Person\",\"@id\":\"https:\/\/hudo.com\/si\/#\/schema\/person\/c2f10ce65d2e6ede2aeda5be2a0611fa\",\"name\":\"M. N., STA\",\"image\":{\"@type\":\"ImageObject\",\"inLanguage\":\"sl-SI\",\"@id\":\"https:\/\/hudo.com\/si\/#\/schema\/person\/image\/\",\"url\":\"https:\/\/secure.gravatar.com\/avatar\/f370d38daa10467f755c5c766a4cac20?s=96&d=mm&r=g\",\"contentUrl\":\"https:\/\/secure.gravatar.com\/avatar\/f370d38daa10467f755c5c766a4cac20?s=96&d=mm&r=g\",\"caption\":\"M. N., STA\"},\"url\":\"https:\/\/hudo.com\/si\/author\/mana\/\"}]}<\/script>\n<!-- \/ Yoast SEO plugin. -->","yoast_head_json":{"title":"Pred britanskim parlamentom prijeli mo\u0161kega z no\u017eem - Hudo Slovenija","robots":{"index":"index","follow":"follow","max-snippet":"max-snippet:-1","max-image-preview":"max-image-preview:large","max-video-preview":"max-video-preview:-1"},"canonical":"https:\/\/hudo.com\/si\/aktualno\/pred-britanskim-parlamentom-prijeli-moskega-z-nozem\/","og_locale":"sl_SI","og_type":"article","og_title":"Pred britanskim parlamentom prijeli mo\u0161kega z no\u017eem - Hudo Slovenija","og_description":"Pred britanskim parlamentom v Londonu je danes policija prijela mo\u0161kega zaradi suma, da ima no\u017e. Dodali so, da ni bilo \u017ertev in da incident ni povezan s terorizmom, poro\u010da francoska tiskovna agencija AFP.","og_url":"https:\/\/hudo.com\/si\/aktualno\/pred-britanskim-parlamentom-prijeli-moskega-z-nozem\/","og_site_name":"Hudo Slovenija","article_publisher":"https:\/\/www.facebook.com\/hudo.si","article_published_time":"2017-06-16T11:49:19+00:00","og_image":[{"width":1250,"height":879,"url":"https:\/\/hudo.com\/si\/wp-content\/uploads\/sites\/2\/2017\/03\/profimedia-0217362634-1.jpg","type":"image\/jpeg"}],"author":"M. N., STA","twitter_card":"summary_large_image","twitter_creator":"@hudo_si","twitter_site":"@hudo_si","twitter_misc":{"Written by":"M. N., STA","Est. reading time":"1 minuta"},"schema":{"@context":"https:\/\/schema.org","@graph":[{"@type":"Article","@id":"https:\/\/hudo.com\/si\/aktualno\/pred-britanskim-parlamentom-prijeli-moskega-z-nozem\/#article","isPartOf":{"@id":"https:\/\/hudo.com\/si\/aktualno\/pred-britanskim-parlamentom-prijeli-moskega-z-nozem\/"},"author":{"name":"M. N., STA","@id":"https:\/\/hudo.com\/si\/#\/schema\/person\/c2f10ce65d2e6ede2aeda5be2a0611fa"},"headline":"Pred britanskim parlamentom prijeli mo\u0161kega z no\u017eem","datePublished":"2017-06-16T11:49:19+00:00","dateModified":"2017-06-16T11:49:19+00:00","mainEntityOfPage":{"@id":"https:\/\/hudo.com\/si\/aktualno\/pred-britanskim-parlamentom-prijeli-moskega-z-nozem\/"},"wordCount":273,"publisher":{"@id":"https:\/\/hudo.com\/si\/#organization"},"keywords":["aretacija","terorizem","Velika Britanija"],"articleSection":["Aktualno"],"inLanguage":"sl-SI"},{"@type":"WebPage","@id":"https:\/\/hudo.com\/si\/aktualno\/pred-britanskim-parlamentom-prijeli-moskega-z-nozem\/","url":"https:\/\/hudo.com\/si\/aktualno\/pred-britanskim-parlamentom-prijeli-moskega-z-nozem\/","name":"Pred britanskim parlamentom prijeli mo\u0161kega z no\u017eem - Hudo Slovenija","isPartOf":{"@id":"https:\/\/hudo.com\/si\/#website"},"datePublished":"2017-06-16T11:49:19+00:00","dateModified":"2017-06-16T11:49:19+00:00","breadcrumb":{"@id":"https:\/\/hudo.com\/si\/aktualno\/pred-britanskim-parlamentom-prijeli-moskega-z-nozem\/#breadcrumb"},"inLanguage":"sl-SI","potentialAction":[{"@type":"ReadAction","target":["https:\/\/hudo.com\/si\/aktualno\/pred-britanskim-parlamentom-prijeli-moskega-z-nozem\/"]}]},{"@type":"BreadcrumbList","@id":"https:\/\/hudo.com\/si\/aktualno\/pred-britanskim-parlamentom-prijeli-moskega-z-nozem\/#breadcrumb","itemListElement":[{"@type":"ListItem","position":1,"name":"Home","item":"https:\/\/hudo.com\/si\/"},{"@type":"ListItem","position":2,"name":"Pred britanskim parlamentom prijeli mo\u0161kega z no\u017eem"}]},{"@type":"WebSite","@id":"https:\/\/hudo.com\/si\/#website","url":"https:\/\/hudo.com\/si\/","name":"Hudo Slovenija","description":"Vse novice iz Slovenije in sveta","publisher":{"@id":"https:\/\/hudo.com\/si\/#organization"},"potentialAction":[{"@type":"SearchAction","target":{"@type":"EntryPoint","urlTemplate":"https:\/\/hudo.com\/si\/?s={search_term_string}"},"query-input":"required name=search_term_string"}],"inLanguage":"sl-SI"},{"@type":"Organization","@id":"https:\/\/hudo.com\/si\/#organization","name":"VSN Media","url":"https:\/\/hudo.com\/si\/","logo":{"@type":"ImageObject","inLanguage":"sl-SI","@id":"https:\/\/hudo.com\/si\/#\/schema\/logo\/image\/","url":"https:\/\/hudo.com\/si\/wp-content\/uploads\/sites\/2\/2021\/03\/hudo-app-2.png","contentUrl":"https:\/\/hudo.com\/si\/wp-content\/uploads\/sites\/2\/2021\/03\/hudo-app-2.png","width":2185,"height":2167,"caption":"VSN Media"},"image":{"@id":"https:\/\/hudo.com\/si\/#\/schema\/logo\/image\/"},"sameAs":["https:\/\/www.facebook.com\/hudo.si","https:\/\/twitter.com\/hudo_si"]},{"@type":"Person","@id":"https:\/\/hudo.com\/si\/#\/schema\/person\/c2f10ce65d2e6ede2aeda5be2a0611fa","name":"M. N., STA","image":{"@type":"ImageObject","inLanguage":"sl-SI","@id":"https:\/\/hudo.com\/si\/#\/schema\/person\/image\/","url":"https:\/\/secure.gravatar.com\/avatar\/f370d38daa10467f755c5c766a4cac20?s=96&d=mm&r=g","contentUrl":"https:\/\/secure.gravatar.com\/avatar\/f370d38daa10467f755c5c766a4cac20?s=96&d=mm&r=g","caption":"M. N., STA"},"url":"https:\/\/hudo.com\/si\/author\/mana\/"}]}},"amp_enabled":true,"_links":{"self":[{"href":"https:\/\/hudo.com\/si\/wp-json\/wp\/v2\/posts\/267288"}],"collection":[{"href":"https:\/\/hudo.com\/si\/wp-json\/wp\/v2\/posts"}],"about":[{"href":"https:\/\/hudo.com\/si\/wp-json\/wp\/v2\/types\/post"}],"author":[{"embeddable":true,"href":"https:\/\/hudo.com\/si\/wp-json\/wp\/v2\/users\/8"}],"replies":[{"embeddable":true,"href":"https:\/\/hudo.com\/si\/wp-json\/wp\/v2\/comments?post=267288"}],"version-history":[{"count":1,"href":"https:\/\/hudo.com\/si\/wp-json\/wp\/v2\/posts\/267288\/revisions"}],"predecessor-version":[{"id":267289,"href":"https:\/\/hudo.com\/si\/wp-json\/wp\/v2\/posts\/267288\/revisions\/267289"}],"wp:featuredmedia":[{"embeddable":true,"href":"https:\/\/hudo.com\/si\/wp-json\/wp\/v2\/media\/225374"}],"wp:attachment":[{"href":"https:\/\/hudo.com\/si\/wp-json\/wp\/v2\/media?parent=267288"}],"wp:term":[{"taxonomy":"category","embeddable":true,"href":"https:\/\/hudo.com\/si\/wp-json\/wp\/v2\/categories?post=267288"},{"taxonomy":"post_tag","embeddable":true,"href":"https:\/\/hudo.com\/si\/wp-json\/wp\/v2\/tags?post=267288"},{"taxonomy":"source","embeddable":true,"href":"https:\/\/hudo.com\/si\/wp-json\/wp\/v2\/source?post=267288"},{"taxonomy":"supertag","embeddable":true,"href":"https:\/\/hudo.com\/si\/wp-json\/wp\/v2\/supertag?post=267288"}],"curies":[{"name":"wp","href":"https:\/\/api.w.org\/{rel}","templated":true}]}}