{"id":267352,"date":"2017-06-16T16:40:50","date_gmt":"2017-06-16T14:40:50","guid":{"rendered":"http:\/\/hudo.com\/si\/?p=267352"},"modified":"2017-06-16T18:19:41","modified_gmt":"2017-06-16T16:19:41","slug":"mezgecu-etapna-zmaga-v-ljubljani-skupno-vodstvo","status":"publish","type":"post","link":"https:\/\/hudo.com\/si\/aktualno\/mezgecu-etapna-zmaga-v-ljubljani-skupno-vodstvo\/","title":{"rendered":"Mezgecu etapna zmaga v Ljubljani in skupno vodstvo"},"content":{"rendered":"<p>Etapo je zaznamovala sedmerica ube\u017enikov, med katerimi je bil tudi Slovenec Gorazd Per (Adria Mobil), najve\u010dja prednost ube\u017ene skupine pa je zna\u0161ala pet minut. Na koncu je v begu ostala \u010detverica s Perom, ta je dobil lete\u010di cilj v Grosupljem, ki jih je glavnina 15 km pred ciljem ujela in o zmagovalcu bi moral odlo\u010dati sprint glavnine v centru Ljubljane, ki pa so ga v fini\u0161u na izredno spolzki cesti prepre\u010dili \u0161tevilni padci.<\/p>\n<p>Mezgec je etapo tako dobil s samostojnim napadom na zadnjih 700 oziroma 800 metrih. Drugo mesto na dana\u0161nji etapi je osvojil Italijan Roberto Ferrari iz ekipe Emiratov, tretje pa Avstralec Mark Renshaw.<\/p>\n<p>V soboto bo na sporedu br\u017ekone odlo\u010dilna tretja etapa med Celjem in Roglo, kon\u010dnega zmagovalca 24. dirke po Sloveniji pa bo po napovedih dal zaklju\u010dni vzpon.<\/p>\n<h2>Mezgec najprej razlagal o dobrih picah, nato osvojil ljubljanskega zmaja<\/h2>\n<p>Mezgec se zaveda, da zelene majice ne bo mogel pripeljati v Novo mesto, kjer se bo kon\u010dala slovenska pentlja, bo pa na Dolenjskem v nedeljo lovil rde\u010do majico. &#8220;Realno majica po to\u010dkah ostaja v igri, \u010de bom zadnjo etapo dobro sprintal,&#8221; pravi \u010dlan avstralske ekipe Orica-Scott, ki je na Slovenski cesti za etapno zmago dobil skulpturo ljubljanskega zmaja.<\/p>\n<p>V soboto se bo v etapi, ki se bo kon\u010dala z vzponom na Roglo, sku\u0161ala Orica-Scott \u010dim bolj spo\u010diti za nedeljski sprint v Novem mestu, toda vso podporo bo nudila glavnemu adutu ekipe Avstralcu Jacku Haigu.<\/p>\n<p>Etapo je zaznamoval tudi padec v zaklju\u010dku, ko je Mezgec kar naenkrat ostal sam v ospredju. Hitro se je moral odlo\u010diti in napasti, na veselje navija\u010dev ob Slovenski cesti je bila njegova izbira za dolg sprint pravilna.<\/p>\n<p>&#8220;Seveda sem bil \u017eiv\u010den. Videl sem, da jih je veliko na tleh, gledal sem nazaj, za\u010deli so zavirati. Izkoristil sem prilo\u017enost in napadel. Rekel sem si, \u010de \u0161e jaz padem, padem, drugi ne bom. Bolje, da zmagam,&#8221; je razlo\u017eil Mezgec in dodal: &#8220;\u010ce ne bi bilo na stavnicah tako veliko, bi ocenil, da je nevarnost za padec previsoka. Mogo\u010de bi odnehal. Vedel sem, da bo danes pri\u0161lo veliko prijateljev, zato sem ve\u010d tvegal.&#8221;<\/p>\n<p>Z njegovim razmi\u0161ljanjem se zagotovo ne strinja njegova soproga, ki je \u0161e drugi dan zaporedoma \u017eiv\u010dno spremljala finale etape. Ko je videla padec, je proti ekranu gledala le \u0161e z enim o\u010desom, a jo je na koncu Mezgec potola\u017eil s \u0161opkom.<\/p>\n<p>Mezgec je priznal, da navkljub etapni zmagi zaklju\u010dnih nekaj 100 metrov ni poznal. &#8220;Nisem se \u0161e s kolesom peljal po Ljubljani. V\u010deraj smo \u0161li z avtom na zaklju\u010dek etape. Razlo\u017eil sem, kaj ho\u010dem, ampak z de\u017ejem se je vse spremenilo,&#8221; je razlo\u017eil Mezgec in s tem priznal, da je ra\u010dunal na napad na etapno zmago v Ljubljani.<\/p>\n<p>Osemindvajsetletnik je danes velik del etape vozil skozi svoje kraje, skozi Kranj in Kamnik z okolico, po cestah, ki jih pozna \u017ee od malega. &#8220;Ko smo \u0161li skozi Kranj in Kamnik, je bilo veliko znanih obrazov, ki jih dolgo nisem videl. Redko pridem domov, \u010de pridem, pa pridem za kratek \u010das. Super je, tudi \u010de jih pozdravi\u0161 pri 50 kilometrih na uro.&#8221;<\/p>\n<p>Mezgec je priznal, da dolgo ni razumel besed kolegov kolesarjev, ki so mu govorili, kako lepo se je vrniti domov in razlagali ob\u010dutke, kako je voziti po slovenskih cestah. &#8220;Po petih letih sem spet tu. Ekipi sem kazal, kje sem treniral, kje sem rojen. Bil sem kar vzhi\u010den. Kar malo so se mi smejali, ko sem razlagal, kje so dobre pice. Vsi pravijo, da imamo res lepe, lepe kraje. Marsikdo od na\u0161ih bo pri\u0161el sem na dopust,&#8221; je \u0161e dejal junak dneva na dirki Po Sloveniji.<\/p>\n","protected":false},"excerpt":{"rendered":"<p>Luka Mezgec (Orica) je zmagovalec 170 km dolge druge etape kolesarske dirke po Sloveniji s startom v ljubljanskem Tivolijem in ciljem na Slovenski cesti pred Namo. Z bonifikacijami je nekdanji gorski kolesar prevzel tudi vodstvo v skupnem se\u0161tevku.<\/p>\n","protected":false},"author":7,"featured_media":267353,"comment_status":"closed","ping_status":"closed","sticky":false,"template":"","format":"standard","meta":{"footnotes":""},"categories":[1179],"tags":[8816,1595,3754],"source":[4511],"supertag":[],"acf":[],"yoast_head":"<!-- This site is optimized with the Yoast SEO plugin v21.3 - https:\/\/yoast.com\/wordpress\/plugins\/seo\/ -->\n<title>Mezgecu etapna zmaga v Ljubljani in skupno vodstvo - Hudo Slovenija<\/title>\n<meta name=\"robots\" content=\"index, follow, max-snippet:-1, max-image-preview:large, max-video-preview:-1\" \/>\n<link rel=\"canonical\" href=\"https:\/\/hudo.com\/si\/aktualno\/mezgecu-etapna-zmaga-v-ljubljani-skupno-vodstvo\/\" \/>\n<meta property=\"og:locale\" content=\"sl_SI\" \/>\n<meta property=\"og:type\" content=\"article\" \/>\n<meta property=\"og:title\" content=\"Mezgecu etapna zmaga v Ljubljani in skupno vodstvo - Hudo Slovenija\" \/>\n<meta property=\"og:description\" content=\"Luka Mezgec (Orica) je zmagovalec 170 km dolge druge etape kolesarske dirke po Sloveniji s startom v ljubljanskem Tivolijem in ciljem na Slovenski cesti pred Namo. Z bonifikacijami je nekdanji gorski kolesar prevzel tudi vodstvo v skupnem se\u0161tevku.\" \/>\n<meta property=\"og:url\" content=\"https:\/\/hudo.com\/si\/aktualno\/mezgecu-etapna-zmaga-v-ljubljani-skupno-vodstvo\/\" \/>\n<meta property=\"og:site_name\" content=\"Hudo Slovenija\" \/>\n<meta property=\"article:publisher\" content=\"https:\/\/www.facebook.com\/hudo.si\" \/>\n<meta property=\"article:published_time\" content=\"2017-06-16T14:40:50+00:00\" \/>\n<meta property=\"article:modified_time\" content=\"2017-06-16T16:19:41+00:00\" \/>\n<meta property=\"og:image\" content=\"https:\/\/hudo.com\/si\/wp-content\/uploads\/sites\/2\/2017\/06\/20170616-00788174.jpg\" \/>\n\t<meta property=\"og:image:width\" content=\"640\" \/>\n\t<meta property=\"og:image:height\" content=\"426\" \/>\n\t<meta property=\"og:image:type\" content=\"image\/jpeg\" \/>\n<meta name=\"author\" content=\"A. P., STA\" \/>\n<meta name=\"twitter:card\" content=\"summary_large_image\" \/>\n<meta name=\"twitter:creator\" content=\"@hudo_si\" \/>\n<meta name=\"twitter:site\" content=\"@hudo_si\" \/>\n<meta name=\"twitter:label1\" content=\"Written by\" \/>\n\t<meta name=\"twitter:data1\" content=\"A. P., STA\" \/>\n\t<meta name=\"twitter:label2\" content=\"Est. reading time\" \/>\n\t<meta name=\"twitter:data2\" content=\"3 minute\" \/>\n<script type=\"application\/ld+json\" class=\"yoast-schema-graph\">{\"@context\":\"https:\/\/schema.org\",\"@graph\":[{\"@type\":\"Article\",\"@id\":\"https:\/\/hudo.com\/si\/aktualno\/mezgecu-etapna-zmaga-v-ljubljani-skupno-vodstvo\/#article\",\"isPartOf\":{\"@id\":\"https:\/\/hudo.com\/si\/aktualno\/mezgecu-etapna-zmaga-v-ljubljani-skupno-vodstvo\/\"},\"author\":{\"name\":\"A. P., STA\",\"@id\":\"https:\/\/hudo.com\/si\/#\/schema\/person\/18f09c02475ba9e606e941a565b80cff\"},\"headline\":\"Mezgecu etapna zmaga v Ljubljani in skupno vodstvo\",\"datePublished\":\"2017-06-16T14:40:50+00:00\",\"dateModified\":\"2017-06-16T16:19:41+00:00\",\"mainEntityOfPage\":{\"@id\":\"https:\/\/hudo.com\/si\/aktualno\/mezgecu-etapna-zmaga-v-ljubljani-skupno-vodstvo\/\"},\"wordCount\":637,\"publisher\":{\"@id\":\"https:\/\/hudo.com\/si\/#organization\"},\"keywords\":[\"kolesarji\",\"Slovenija\",\"\u0161port\"],\"articleSection\":[\"Aktualno\"],\"inLanguage\":\"sl-SI\"},{\"@type\":\"WebPage\",\"@id\":\"https:\/\/hudo.com\/si\/aktualno\/mezgecu-etapna-zmaga-v-ljubljani-skupno-vodstvo\/\",\"url\":\"https:\/\/hudo.com\/si\/aktualno\/mezgecu-etapna-zmaga-v-ljubljani-skupno-vodstvo\/\",\"name\":\"Mezgecu etapna zmaga v Ljubljani in skupno vodstvo - Hudo Slovenija\",\"isPartOf\":{\"@id\":\"https:\/\/hudo.com\/si\/#website\"},\"datePublished\":\"2017-06-16T14:40:50+00:00\",\"dateModified\":\"2017-06-16T16:19:41+00:00\",\"breadcrumb\":{\"@id\":\"https:\/\/hudo.com\/si\/aktualno\/mezgecu-etapna-zmaga-v-ljubljani-skupno-vodstvo\/#breadcrumb\"},\"inLanguage\":\"sl-SI\",\"potentialAction\":[{\"@type\":\"ReadAction\",\"target\":[\"https:\/\/hudo.com\/si\/aktualno\/mezgecu-etapna-zmaga-v-ljubljani-skupno-vodstvo\/\"]}]},{\"@type\":\"BreadcrumbList\",\"@id\":\"https:\/\/hudo.com\/si\/aktualno\/mezgecu-etapna-zmaga-v-ljubljani-skupno-vodstvo\/#breadcrumb\",\"itemListElement\":[{\"@type\":\"ListItem\",\"position\":1,\"name\":\"Home\",\"item\":\"https:\/\/hudo.com\/si\/\"},{\"@type\":\"ListItem\",\"position\":2,\"name\":\"Mezgecu etapna zmaga v Ljubljani in skupno vodstvo\"}]},{\"@type\":\"WebSite\",\"@id\":\"https:\/\/hudo.com\/si\/#website\",\"url\":\"https:\/\/hudo.com\/si\/\",\"name\":\"Hudo Slovenija\",\"description\":\"Vse novice iz Slovenije in sveta\",\"publisher\":{\"@id\":\"https:\/\/hudo.com\/si\/#organization\"},\"potentialAction\":[{\"@type\":\"SearchAction\",\"target\":{\"@type\":\"EntryPoint\",\"urlTemplate\":\"https:\/\/hudo.com\/si\/?s={search_term_string}\"},\"query-input\":\"required name=search_term_string\"}],\"inLanguage\":\"sl-SI\"},{\"@type\":\"Organization\",\"@id\":\"https:\/\/hudo.com\/si\/#organization\",\"name\":\"VSN Media\",\"url\":\"https:\/\/hudo.com\/si\/\",\"logo\":{\"@type\":\"ImageObject\",\"inLanguage\":\"sl-SI\",\"@id\":\"https:\/\/hudo.com\/si\/#\/schema\/logo\/image\/\",\"url\":\"https:\/\/hudo.com\/si\/wp-content\/uploads\/sites\/2\/2021\/03\/hudo-app-2.png\",\"contentUrl\":\"https:\/\/hudo.com\/si\/wp-content\/uploads\/sites\/2\/2021\/03\/hudo-app-2.png\",\"width\":2185,\"height\":2167,\"caption\":\"VSN Media\"},\"image\":{\"@id\":\"https:\/\/hudo.com\/si\/#\/schema\/logo\/image\/\"},\"sameAs\":[\"https:\/\/www.facebook.com\/hudo.si\",\"https:\/\/twitter.com\/hudo_si\"]},{\"@type\":\"Person\",\"@id\":\"https:\/\/hudo.com\/si\/#\/schema\/person\/18f09c02475ba9e606e941a565b80cff\",\"name\":\"A. P., STA\",\"image\":{\"@type\":\"ImageObject\",\"inLanguage\":\"sl-SI\",\"@id\":\"https:\/\/hudo.com\/si\/#\/schema\/person\/image\/\",\"url\":\"https:\/\/secure.gravatar.com\/avatar\/03eac8e609f5f04383125d80eaeaaf3e?s=96&d=mm&r=g\",\"contentUrl\":\"https:\/\/secure.gravatar.com\/avatar\/03eac8e609f5f04383125d80eaeaaf3e?s=96&d=mm&r=g\",\"caption\":\"A. P., STA\"},\"url\":\"https:\/\/hudo.com\/si\/author\/lubu\/\"}]}<\/script>\n<!-- \/ Yoast SEO plugin. -->","yoast_head_json":{"title":"Mezgecu etapna zmaga v Ljubljani in skupno vodstvo - Hudo Slovenija","robots":{"index":"index","follow":"follow","max-snippet":"max-snippet:-1","max-image-preview":"max-image-preview:large","max-video-preview":"max-video-preview:-1"},"canonical":"https:\/\/hudo.com\/si\/aktualno\/mezgecu-etapna-zmaga-v-ljubljani-skupno-vodstvo\/","og_locale":"sl_SI","og_type":"article","og_title":"Mezgecu etapna zmaga v Ljubljani in skupno vodstvo - Hudo Slovenija","og_description":"Luka Mezgec (Orica) je zmagovalec 170 km dolge druge etape kolesarske dirke po Sloveniji s startom v ljubljanskem Tivolijem in ciljem na Slovenski cesti pred Namo. Z bonifikacijami je nekdanji gorski kolesar prevzel tudi vodstvo v skupnem se\u0161tevku.","og_url":"https:\/\/hudo.com\/si\/aktualno\/mezgecu-etapna-zmaga-v-ljubljani-skupno-vodstvo\/","og_site_name":"Hudo Slovenija","article_publisher":"https:\/\/www.facebook.com\/hudo.si","article_published_time":"2017-06-16T14:40:50+00:00","article_modified_time":"2017-06-16T16:19:41+00:00","og_image":[{"width":640,"height":426,"url":"https:\/\/hudo.com\/si\/wp-content\/uploads\/sites\/2\/2017\/06\/20170616-00788174.jpg","type":"image\/jpeg"}],"author":"A. P., STA","twitter_card":"summary_large_image","twitter_creator":"@hudo_si","twitter_site":"@hudo_si","twitter_misc":{"Written by":"A. P., STA","Est. reading time":"3 minute"},"schema":{"@context":"https:\/\/schema.org","@graph":[{"@type":"Article","@id":"https:\/\/hudo.com\/si\/aktualno\/mezgecu-etapna-zmaga-v-ljubljani-skupno-vodstvo\/#article","isPartOf":{"@id":"https:\/\/hudo.com\/si\/aktualno\/mezgecu-etapna-zmaga-v-ljubljani-skupno-vodstvo\/"},"author":{"name":"A. P., STA","@id":"https:\/\/hudo.com\/si\/#\/schema\/person\/18f09c02475ba9e606e941a565b80cff"},"headline":"Mezgecu etapna zmaga v Ljubljani in skupno vodstvo","datePublished":"2017-06-16T14:40:50+00:00","dateModified":"2017-06-16T16:19:41+00:00","mainEntityOfPage":{"@id":"https:\/\/hudo.com\/si\/aktualno\/mezgecu-etapna-zmaga-v-ljubljani-skupno-vodstvo\/"},"wordCount":637,"publisher":{"@id":"https:\/\/hudo.com\/si\/#organization"},"keywords":["kolesarji","Slovenija","\u0161port"],"articleSection":["Aktualno"],"inLanguage":"sl-SI"},{"@type":"WebPage","@id":"https:\/\/hudo.com\/si\/aktualno\/mezgecu-etapna-zmaga-v-ljubljani-skupno-vodstvo\/","url":"https:\/\/hudo.com\/si\/aktualno\/mezgecu-etapna-zmaga-v-ljubljani-skupno-vodstvo\/","name":"Mezgecu etapna zmaga v Ljubljani in skupno vodstvo - Hudo Slovenija","isPartOf":{"@id":"https:\/\/hudo.com\/si\/#website"},"datePublished":"2017-06-16T14:40:50+00:00","dateModified":"2017-06-16T16:19:41+00:00","breadcrumb":{"@id":"https:\/\/hudo.com\/si\/aktualno\/mezgecu-etapna-zmaga-v-ljubljani-skupno-vodstvo\/#breadcrumb"},"inLanguage":"sl-SI","potentialAction":[{"@type":"ReadAction","target":["https:\/\/hudo.com\/si\/aktualno\/mezgecu-etapna-zmaga-v-ljubljani-skupno-vodstvo\/"]}]},{"@type":"BreadcrumbList","@id":"https:\/\/hudo.com\/si\/aktualno\/mezgecu-etapna-zmaga-v-ljubljani-skupno-vodstvo\/#breadcrumb","itemListElement":[{"@type":"ListItem","position":1,"name":"Home","item":"https:\/\/hudo.com\/si\/"},{"@type":"ListItem","position":2,"name":"Mezgecu etapna zmaga v Ljubljani in skupno vodstvo"}]},{"@type":"WebSite","@id":"https:\/\/hudo.com\/si\/#website","url":"https:\/\/hudo.com\/si\/","name":"Hudo Slovenija","description":"Vse novice iz Slovenije in sveta","publisher":{"@id":"https:\/\/hudo.com\/si\/#organization"},"potentialAction":[{"@type":"SearchAction","target":{"@type":"EntryPoint","urlTemplate":"https:\/\/hudo.com\/si\/?s={search_term_string}"},"query-input":"required name=search_term_string"}],"inLanguage":"sl-SI"},{"@type":"Organization","@id":"https:\/\/hudo.com\/si\/#organization","name":"VSN Media","url":"https:\/\/hudo.com\/si\/","logo":{"@type":"ImageObject","inLanguage":"sl-SI","@id":"https:\/\/hudo.com\/si\/#\/schema\/logo\/image\/","url":"https:\/\/hudo.com\/si\/wp-content\/uploads\/sites\/2\/2021\/03\/hudo-app-2.png","contentUrl":"https:\/\/hudo.com\/si\/wp-content\/uploads\/sites\/2\/2021\/03\/hudo-app-2.png","width":2185,"height":2167,"caption":"VSN Media"},"image":{"@id":"https:\/\/hudo.com\/si\/#\/schema\/logo\/image\/"},"sameAs":["https:\/\/www.facebook.com\/hudo.si","https:\/\/twitter.com\/hudo_si"]},{"@type":"Person","@id":"https:\/\/hudo.com\/si\/#\/schema\/person\/18f09c02475ba9e606e941a565b80cff","name":"A. P., STA","image":{"@type":"ImageObject","inLanguage":"sl-SI","@id":"https:\/\/hudo.com\/si\/#\/schema\/person\/image\/","url":"https:\/\/secure.gravatar.com\/avatar\/03eac8e609f5f04383125d80eaeaaf3e?s=96&d=mm&r=g","contentUrl":"https:\/\/secure.gravatar.com\/avatar\/03eac8e609f5f04383125d80eaeaaf3e?s=96&d=mm&r=g","caption":"A. P., STA"},"url":"https:\/\/hudo.com\/si\/author\/lubu\/"}]}},"amp_enabled":true,"_links":{"self":[{"href":"https:\/\/hudo.com\/si\/wp-json\/wp\/v2\/posts\/267352"}],"collection":[{"href":"https:\/\/hudo.com\/si\/wp-json\/wp\/v2\/posts"}],"about":[{"href":"https:\/\/hudo.com\/si\/wp-json\/wp\/v2\/types\/post"}],"author":[{"embeddable":true,"href":"https:\/\/hudo.com\/si\/wp-json\/wp\/v2\/users\/7"}],"replies":[{"embeddable":true,"href":"https:\/\/hudo.com\/si\/wp-json\/wp\/v2\/comments?post=267352"}],"version-history":[{"count":3,"href":"https:\/\/hudo.com\/si\/wp-json\/wp\/v2\/posts\/267352\/revisions"}],"predecessor-version":[{"id":267386,"href":"https:\/\/hudo.com\/si\/wp-json\/wp\/v2\/posts\/267352\/revisions\/267386"}],"wp:featuredmedia":[{"embeddable":true,"href":"https:\/\/hudo.com\/si\/wp-json\/wp\/v2\/media\/267353"}],"wp:attachment":[{"href":"https:\/\/hudo.com\/si\/wp-json\/wp\/v2\/media?parent=267352"}],"wp:term":[{"taxonomy":"category","embeddable":true,"href":"https:\/\/hudo.com\/si\/wp-json\/wp\/v2\/categories?post=267352"},{"taxonomy":"post_tag","embeddable":true,"href":"https:\/\/hudo.com\/si\/wp-json\/wp\/v2\/tags?post=267352"},{"taxonomy":"source","embeddable":true,"href":"https:\/\/hudo.com\/si\/wp-json\/wp\/v2\/source?post=267352"},{"taxonomy":"supertag","embeddable":true,"href":"https:\/\/hudo.com\/si\/wp-json\/wp\/v2\/supertag?post=267352"}],"curies":[{"name":"wp","href":"https:\/\/api.w.org\/{rel}","templated":true}]}}