{"id":267925,"date":"2017-06-18T14:01:00","date_gmt":"2017-06-18T12:01:00","guid":{"rendered":"http:\/\/hudo.com\/si\/2017\/06\/18\/za-predsednika-tudi-andrej-rozman-roza\/"},"modified":"2017-06-18T14:01:00","modified_gmt":"2017-06-18T12:01:00","slug":"za-predsednika-tudi-andrej-rozman-roza","status":"publish","type":"post","link":"https:\/\/hudo.com\/si\/aktualno\/za-predsednika-tudi-andrej-rozman-roza\/","title":{"rendered":"Za predsednika tudi Andrej Rozman &#8211; Roza"},"content":{"rendered":"<p>Med tistimi, ki so najavili vstop v tekmo za predsednika republike na leto\u0161njih volitvah, se nabirajo bolj ali manj znani obrazi iz sveta estrade. Tako so po igralcu in aktualnemu kamni\u0161kemu \u017eupanu Marjanu \u0160arcu ter komiku Papsterju (\u017digi Pape\u017eu) kandidaturo v zadnjih dneh napovedali \u0161e Damjan Murko, Dominik Kozari\u010d in Andrej Rozman &#8211; Roza. Pesnik, dramatik, re\u017eiser in igralec Andrej Rozman &#8211; Roza bo svojo namero, da vstopi v predsedni\u0161ko tekmo, uradno napovedal v sredo na tiskovni konferenci. Kot je zapisal v vabilu, mu ne preostane drugega, saj &#8220;v nasprotnem primeru nih\u010de od kandidatov ne bo zastopal interesov, ki niso zgolj moji&#8221;.<\/p>\n","protected":false},"excerpt":{"rendered":"<p>Med tistimi, ki so najavili vstop v tekmo za predsednika republike na leto\u0161njih volitvah, se nabirajo bolj ali manj znani obrazi iz sveta estrade. Tako so po igralcu in aktualnemu kamni\u0161kemu \u017eupanu Marjanu \u0160arcu ter komiku Papsterju (\u017digi Pape\u017eu) kandidaturo v zadnjih dneh napovedali \u0161e Damjan Murko, Dominik Kozari\u010d in Andrej Rozman &#8211; Roza. Pesnik, dramatik, re\u017eiser in igralec Andrej Rozman &#8211; Roza bo svojo namero, da vstopi v predsedni\u0161ko tekmo, uradno napovedal v sredo na tiskovni konferenci. Kot je zapisal v vabilu, mu ne preostane drugega, saj &#8220;v nasprotnem primeru nih\u010de od kandidatov ne bo zastopal interesov, ki niso zgolj moji&#8221;.<\/p>\n","protected":false},"author":1,"featured_media":0,"comment_status":"closed","ping_status":"closed","sticky":false,"template":"","format":"standard","meta":{"footnotes":""},"categories":[1179],"tags":[],"source":[1711],"supertag":[],"acf":[],"yoast_head":"<!-- This site is optimized with the Yoast SEO plugin v21.3 - https:\/\/yoast.com\/wordpress\/plugins\/seo\/ -->\n<title>Za predsednika tudi Andrej Rozman - Roza - Hudo Slovenija<\/title>\n<meta name=\"robots\" content=\"index, follow, max-snippet:-1, max-image-preview:large, max-video-preview:-1\" \/>\n<link rel=\"canonical\" href=\"https:\/\/hudo.com\/si\/aktualno\/za-predsednika-tudi-andrej-rozman-roza\/\" \/>\n<meta property=\"og:locale\" content=\"sl_SI\" \/>\n<meta property=\"og:type\" content=\"article\" \/>\n<meta property=\"og:title\" content=\"Za predsednika tudi Andrej Rozman - Roza - Hudo Slovenija\" \/>\n<meta property=\"og:description\" content=\"Med tistimi, ki so najavili vstop v tekmo za predsednika republike na leto\u0161njih volitvah, se nabirajo bolj ali manj znani obrazi iz sveta estrade. Tako so po igralcu in aktualnemu kamni\u0161kemu \u017eupanu Marjanu \u0160arcu ter komiku Papsterju (\u017digi Pape\u017eu) kandidaturo v zadnjih dneh napovedali \u0161e Damjan Murko, Dominik Kozari\u010d in Andrej Rozman - Roza. Pesnik, dramatik, re\u017eiser in igralec Andrej Rozman - Roza bo svojo namero, da vstopi v predsedni\u0161ko tekmo, uradno napovedal v sredo na tiskovni konferenci. Kot je zapisal v vabilu, mu ne preostane drugega, saj &quot;v nasprotnem primeru nih\u010de od kandidatov ne bo zastopal interesov, ki niso zgolj moji&quot;.\" \/>\n<meta property=\"og:url\" content=\"https:\/\/hudo.com\/si\/aktualno\/za-predsednika-tudi-andrej-rozman-roza\/\" \/>\n<meta property=\"og:site_name\" content=\"Hudo Slovenija\" \/>\n<meta property=\"article:publisher\" content=\"https:\/\/www.facebook.com\/hudo.si\" \/>\n<meta property=\"article:published_time\" content=\"2017-06-18T12:01:00+00:00\" \/>\n<meta property=\"og:image\" content=\"https:\/\/hudo.com\/si\/wp-content\/uploads\/sites\/2\/2017\/06\/notr1-300.jpg\" \/>\n\t<meta property=\"og:image:width\" content=\"450\" \/>\n\t<meta property=\"og:image:height\" content=\"300\" \/>\n\t<meta property=\"og:image:type\" content=\"image\/jpeg\" \/>\n<meta name=\"author\" content=\"hudo\" \/>\n<meta name=\"twitter:card\" content=\"summary_large_image\" \/>\n<meta name=\"twitter:creator\" content=\"@hudo_si\" \/>\n<meta name=\"twitter:site\" content=\"@hudo_si\" \/>\n<meta name=\"twitter:label1\" content=\"Written by\" \/>\n\t<meta name=\"twitter:data1\" content=\"hudo\" \/>\n\t<meta name=\"twitter:label2\" content=\"Est. reading time\" \/>\n\t<meta name=\"twitter:data2\" content=\"1 minuta\" \/>\n<script type=\"application\/ld+json\" class=\"yoast-schema-graph\">{\"@context\":\"https:\/\/schema.org\",\"@graph\":[{\"@type\":\"Article\",\"@id\":\"https:\/\/hudo.com\/si\/aktualno\/za-predsednika-tudi-andrej-rozman-roza\/#article\",\"isPartOf\":{\"@id\":\"https:\/\/hudo.com\/si\/aktualno\/za-predsednika-tudi-andrej-rozman-roza\/\"},\"author\":{\"name\":\"hudo\",\"@id\":\"https:\/\/hudo.com\/si\/#\/schema\/person\/601cf3379633985b20f7e50f2bb47707\"},\"headline\":\"Za predsednika tudi Andrej Rozman &#8211; Roza\",\"datePublished\":\"2017-06-18T12:01:00+00:00\",\"dateModified\":\"2017-06-18T12:01:00+00:00\",\"mainEntityOfPage\":{\"@id\":\"https:\/\/hudo.com\/si\/aktualno\/za-predsednika-tudi-andrej-rozman-roza\/\"},\"wordCount\":115,\"publisher\":{\"@id\":\"https:\/\/hudo.com\/si\/#organization\"},\"articleSection\":[\"Aktualno\"],\"inLanguage\":\"sl-SI\"},{\"@type\":\"WebPage\",\"@id\":\"https:\/\/hudo.com\/si\/aktualno\/za-predsednika-tudi-andrej-rozman-roza\/\",\"url\":\"https:\/\/hudo.com\/si\/aktualno\/za-predsednika-tudi-andrej-rozman-roza\/\",\"name\":\"Za predsednika tudi Andrej Rozman - Roza - Hudo Slovenija\",\"isPartOf\":{\"@id\":\"https:\/\/hudo.com\/si\/#website\"},\"datePublished\":\"2017-06-18T12:01:00+00:00\",\"dateModified\":\"2017-06-18T12:01:00+00:00\",\"breadcrumb\":{\"@id\":\"https:\/\/hudo.com\/si\/aktualno\/za-predsednika-tudi-andrej-rozman-roza\/#breadcrumb\"},\"inLanguage\":\"sl-SI\",\"potentialAction\":[{\"@type\":\"ReadAction\",\"target\":[\"https:\/\/hudo.com\/si\/aktualno\/za-predsednika-tudi-andrej-rozman-roza\/\"]}]},{\"@type\":\"BreadcrumbList\",\"@id\":\"https:\/\/hudo.com\/si\/aktualno\/za-predsednika-tudi-andrej-rozman-roza\/#breadcrumb\",\"itemListElement\":[{\"@type\":\"ListItem\",\"position\":1,\"name\":\"Home\",\"item\":\"https:\/\/hudo.com\/si\/\"},{\"@type\":\"ListItem\",\"position\":2,\"name\":\"Za predsednika tudi Andrej Rozman &#8211; Roza\"}]},{\"@type\":\"WebSite\",\"@id\":\"https:\/\/hudo.com\/si\/#website\",\"url\":\"https:\/\/hudo.com\/si\/\",\"name\":\"Hudo Slovenija\",\"description\":\"Vse novice iz Slovenije in sveta\",\"publisher\":{\"@id\":\"https:\/\/hudo.com\/si\/#organization\"},\"potentialAction\":[{\"@type\":\"SearchAction\",\"target\":{\"@type\":\"EntryPoint\",\"urlTemplate\":\"https:\/\/hudo.com\/si\/?s={search_term_string}\"},\"query-input\":\"required name=search_term_string\"}],\"inLanguage\":\"sl-SI\"},{\"@type\":\"Organization\",\"@id\":\"https:\/\/hudo.com\/si\/#organization\",\"name\":\"VSN Media\",\"url\":\"https:\/\/hudo.com\/si\/\",\"logo\":{\"@type\":\"ImageObject\",\"inLanguage\":\"sl-SI\",\"@id\":\"https:\/\/hudo.com\/si\/#\/schema\/logo\/image\/\",\"url\":\"https:\/\/hudo.com\/si\/wp-content\/uploads\/sites\/2\/2021\/03\/hudo-app-2.png\",\"contentUrl\":\"https:\/\/hudo.com\/si\/wp-content\/uploads\/sites\/2\/2021\/03\/hudo-app-2.png\",\"width\":2185,\"height\":2167,\"caption\":\"VSN Media\"},\"image\":{\"@id\":\"https:\/\/hudo.com\/si\/#\/schema\/logo\/image\/\"},\"sameAs\":[\"https:\/\/www.facebook.com\/hudo.si\",\"https:\/\/twitter.com\/hudo_si\"]},{\"@type\":\"Person\",\"@id\":\"https:\/\/hudo.com\/si\/#\/schema\/person\/601cf3379633985b20f7e50f2bb47707\",\"name\":\"hudo\",\"image\":{\"@type\":\"ImageObject\",\"inLanguage\":\"sl-SI\",\"@id\":\"https:\/\/hudo.com\/si\/#\/schema\/person\/image\/\",\"url\":\"https:\/\/secure.gravatar.com\/avatar\/c4ca25fa72cace7a696b52ff5db9e095?s=96&d=mm&r=g\",\"contentUrl\":\"https:\/\/secure.gravatar.com\/avatar\/c4ca25fa72cace7a696b52ff5db9e095?s=96&d=mm&r=g\",\"caption\":\"hudo\"},\"url\":\"https:\/\/hudo.com\/si\/author\/hudo\/\"}]}<\/script>\n<!-- \/ Yoast SEO plugin. -->","yoast_head_json":{"title":"Za predsednika tudi Andrej Rozman - Roza - Hudo Slovenija","robots":{"index":"index","follow":"follow","max-snippet":"max-snippet:-1","max-image-preview":"max-image-preview:large","max-video-preview":"max-video-preview:-1"},"canonical":"https:\/\/hudo.com\/si\/aktualno\/za-predsednika-tudi-andrej-rozman-roza\/","og_locale":"sl_SI","og_type":"article","og_title":"Za predsednika tudi Andrej Rozman - Roza - Hudo Slovenija","og_description":"Med tistimi, ki so najavili vstop v tekmo za predsednika republike na leto\u0161njih volitvah, se nabirajo bolj ali manj znani obrazi iz sveta estrade. Tako so po igralcu in aktualnemu kamni\u0161kemu \u017eupanu Marjanu \u0160arcu ter komiku Papsterju (\u017digi Pape\u017eu) kandidaturo v zadnjih dneh napovedali \u0161e Damjan Murko, Dominik Kozari\u010d in Andrej Rozman - Roza. Pesnik, dramatik, re\u017eiser in igralec Andrej Rozman - Roza bo svojo namero, da vstopi v predsedni\u0161ko tekmo, uradno napovedal v sredo na tiskovni konferenci. Kot je zapisal v vabilu, mu ne preostane drugega, saj \"v nasprotnem primeru nih\u010de od kandidatov ne bo zastopal interesov, ki niso zgolj moji\".","og_url":"https:\/\/hudo.com\/si\/aktualno\/za-predsednika-tudi-andrej-rozman-roza\/","og_site_name":"Hudo Slovenija","article_publisher":"https:\/\/www.facebook.com\/hudo.si","article_published_time":"2017-06-18T12:01:00+00:00","og_image":[{"width":450,"height":300,"url":"https:\/\/hudo.com\/si\/wp-content\/uploads\/sites\/2\/2017\/06\/notr1-300.jpg","type":"image\/jpeg"}],"author":"hudo","twitter_card":"summary_large_image","twitter_creator":"@hudo_si","twitter_site":"@hudo_si","twitter_misc":{"Written by":"hudo","Est. reading time":"1 minuta"},"schema":{"@context":"https:\/\/schema.org","@graph":[{"@type":"Article","@id":"https:\/\/hudo.com\/si\/aktualno\/za-predsednika-tudi-andrej-rozman-roza\/#article","isPartOf":{"@id":"https:\/\/hudo.com\/si\/aktualno\/za-predsednika-tudi-andrej-rozman-roza\/"},"author":{"name":"hudo","@id":"https:\/\/hudo.com\/si\/#\/schema\/person\/601cf3379633985b20f7e50f2bb47707"},"headline":"Za predsednika tudi Andrej Rozman &#8211; Roza","datePublished":"2017-06-18T12:01:00+00:00","dateModified":"2017-06-18T12:01:00+00:00","mainEntityOfPage":{"@id":"https:\/\/hudo.com\/si\/aktualno\/za-predsednika-tudi-andrej-rozman-roza\/"},"wordCount":115,"publisher":{"@id":"https:\/\/hudo.com\/si\/#organization"},"articleSection":["Aktualno"],"inLanguage":"sl-SI"},{"@type":"WebPage","@id":"https:\/\/hudo.com\/si\/aktualno\/za-predsednika-tudi-andrej-rozman-roza\/","url":"https:\/\/hudo.com\/si\/aktualno\/za-predsednika-tudi-andrej-rozman-roza\/","name":"Za predsednika tudi Andrej Rozman - Roza - Hudo Slovenija","isPartOf":{"@id":"https:\/\/hudo.com\/si\/#website"},"datePublished":"2017-06-18T12:01:00+00:00","dateModified":"2017-06-18T12:01:00+00:00","breadcrumb":{"@id":"https:\/\/hudo.com\/si\/aktualno\/za-predsednika-tudi-andrej-rozman-roza\/#breadcrumb"},"inLanguage":"sl-SI","potentialAction":[{"@type":"ReadAction","target":["https:\/\/hudo.com\/si\/aktualno\/za-predsednika-tudi-andrej-rozman-roza\/"]}]},{"@type":"BreadcrumbList","@id":"https:\/\/hudo.com\/si\/aktualno\/za-predsednika-tudi-andrej-rozman-roza\/#breadcrumb","itemListElement":[{"@type":"ListItem","position":1,"name":"Home","item":"https:\/\/hudo.com\/si\/"},{"@type":"ListItem","position":2,"name":"Za predsednika tudi Andrej Rozman &#8211; Roza"}]},{"@type":"WebSite","@id":"https:\/\/hudo.com\/si\/#website","url":"https:\/\/hudo.com\/si\/","name":"Hudo Slovenija","description":"Vse novice iz Slovenije in sveta","publisher":{"@id":"https:\/\/hudo.com\/si\/#organization"},"potentialAction":[{"@type":"SearchAction","target":{"@type":"EntryPoint","urlTemplate":"https:\/\/hudo.com\/si\/?s={search_term_string}"},"query-input":"required name=search_term_string"}],"inLanguage":"sl-SI"},{"@type":"Organization","@id":"https:\/\/hudo.com\/si\/#organization","name":"VSN Media","url":"https:\/\/hudo.com\/si\/","logo":{"@type":"ImageObject","inLanguage":"sl-SI","@id":"https:\/\/hudo.com\/si\/#\/schema\/logo\/image\/","url":"https:\/\/hudo.com\/si\/wp-content\/uploads\/sites\/2\/2021\/03\/hudo-app-2.png","contentUrl":"https:\/\/hudo.com\/si\/wp-content\/uploads\/sites\/2\/2021\/03\/hudo-app-2.png","width":2185,"height":2167,"caption":"VSN Media"},"image":{"@id":"https:\/\/hudo.com\/si\/#\/schema\/logo\/image\/"},"sameAs":["https:\/\/www.facebook.com\/hudo.si","https:\/\/twitter.com\/hudo_si"]},{"@type":"Person","@id":"https:\/\/hudo.com\/si\/#\/schema\/person\/601cf3379633985b20f7e50f2bb47707","name":"hudo","image":{"@type":"ImageObject","inLanguage":"sl-SI","@id":"https:\/\/hudo.com\/si\/#\/schema\/person\/image\/","url":"https:\/\/secure.gravatar.com\/avatar\/c4ca25fa72cace7a696b52ff5db9e095?s=96&d=mm&r=g","contentUrl":"https:\/\/secure.gravatar.com\/avatar\/c4ca25fa72cace7a696b52ff5db9e095?s=96&d=mm&r=g","caption":"hudo"},"url":"https:\/\/hudo.com\/si\/author\/hudo\/"}]}},"amp_enabled":true,"_links":{"self":[{"href":"https:\/\/hudo.com\/si\/wp-json\/wp\/v2\/posts\/267925"}],"collection":[{"href":"https:\/\/hudo.com\/si\/wp-json\/wp\/v2\/posts"}],"about":[{"href":"https:\/\/hudo.com\/si\/wp-json\/wp\/v2\/types\/post"}],"author":[{"embeddable":true,"href":"https:\/\/hudo.com\/si\/wp-json\/wp\/v2\/users\/1"}],"replies":[{"embeddable":true,"href":"https:\/\/hudo.com\/si\/wp-json\/wp\/v2\/comments?post=267925"}],"version-history":[{"count":0,"href":"https:\/\/hudo.com\/si\/wp-json\/wp\/v2\/posts\/267925\/revisions"}],"wp:attachment":[{"href":"https:\/\/hudo.com\/si\/wp-json\/wp\/v2\/media?parent=267925"}],"wp:term":[{"taxonomy":"category","embeddable":true,"href":"https:\/\/hudo.com\/si\/wp-json\/wp\/v2\/categories?post=267925"},{"taxonomy":"post_tag","embeddable":true,"href":"https:\/\/hudo.com\/si\/wp-json\/wp\/v2\/tags?post=267925"},{"taxonomy":"source","embeddable":true,"href":"https:\/\/hudo.com\/si\/wp-json\/wp\/v2\/source?post=267925"},{"taxonomy":"supertag","embeddable":true,"href":"https:\/\/hudo.com\/si\/wp-json\/wp\/v2\/supertag?post=267925"}],"curies":[{"name":"wp","href":"https:\/\/api.w.org\/{rel}","templated":true}]}}