{"id":268596,"date":"2017-06-20T10:00:00","date_gmt":"2017-06-20T08:00:00","guid":{"rendered":"http:\/\/hudo.com\/si\/2017\/06\/20\/gasper-kralj-da-bi-o-smrti-pisal-smrtno-resno-le-kdo-bi-to-bral\/"},"modified":"2017-06-20T10:00:00","modified_gmt":"2017-06-20T08:00:00","slug":"gasper-kralj-da-bi-o-smrti-pisal-smrtno-resno-le-kdo-bi-to-bral","status":"publish","type":"post","link":"https:\/\/hudo.com\/si\/aktualno\/gasper-kralj-da-bi-o-smrti-pisal-smrtno-resno-le-kdo-bi-to-bral\/","title":{"rendered":"Ga\u0161per Kralj: \u00bbDa bi o smrti pisal smrtno resno? Le kdo bi to bral?\u00ab"},"content":{"rendered":"<p>Kategorija: Knjiga Tue, 20 Jun 2017 12:00:00 +0200  O Ga\u0161perju Kralju, avtorju \u00bbvisoko artikuliranega romanesknega prvenca\u00ab, \u00bbmo\u010dnega in prepri\u010dljivega prvenca, kot jih je malo, s sve\u017eim pogledom na ve\u010dno aktualno temo\u00ab, ne vemo veliko. Znano je, da je doktoriral iz socialne antropologije, da je avtor monografije Izginuli in vrnjeni in da ne \u017eivi tu. Gospod Kralj, niste tu, ampak tam, v Kataloniji. Kaj po\u010dnete, kako je naneslo, da ste \u0161li tja? Bilo je nekje sredi \u0161panske nepremi\u010dninske krize, ko sem spoznal Katalonko, ki me je povabila na obisk. \u010ce lahko kam postavim za\u010detek te zgodbe, bi ga uvrstil v trenutek, ko sem vstopil v njeno knji\u017enico, ki gleda na morje. Nekateri se ob podobnih sre\u010danjih zaprejo v spalnico, midva sva se v knji\u017enico. In tako so izpuhteli dnevi, tedni, meseci; \u010dez dan branje, zve\u010der sprehodi in debate ob\u00a0&#8230;<\/p>\n","protected":false},"excerpt":{"rendered":"<p>Kategorija: Knjiga Tue, 20 Jun 2017 12:00:00 +0200  O Ga\u0161perju Kralju, avtorju \u00bbvisoko artikuliranega romanesknega prvenca\u00ab, \u00bbmo\u010dnega in prepri\u010dljivega prvenca, kot jih je malo, s sve\u017eim pogledom na ve\u010dno aktualno temo\u00ab, ne vemo veliko. Znano je, da je doktoriral iz socialne antropologije, da je avtor monografije Izginuli in vrnjeni in da ne \u017eivi tu. Gospod Kralj, niste tu, ampak tam, v Kataloniji. Kaj po\u010dnete, kako je naneslo, da ste \u0161li tja? Bilo je nekje sredi \u0161panske nepremi\u010dninske krize, ko sem spoznal Katalonko, ki me je povabila na obisk. \u010ce lahko kam postavim za\u010detek te zgodbe, bi ga uvrstil v trenutek, ko sem vstopil v njeno knji\u017enico, ki gleda na morje. Nekateri se ob podobnih sre\u010danjih zaprejo v spalnico, midva sva se v knji\u017enico. In tako so izpuhteli dnevi, tedni, meseci; \u010dez dan branje, zve\u010der sprehodi in debate ob\u00a0&#8230;<\/p>\n","protected":false},"author":1,"featured_media":0,"comment_status":"closed","ping_status":"closed","sticky":false,"template":"","format":"standard","meta":{"footnotes":""},"categories":[1179],"tags":[],"source":[1703],"supertag":[],"acf":[],"yoast_head":"<!-- This site is optimized with the Yoast SEO plugin v21.3 - https:\/\/yoast.com\/wordpress\/plugins\/seo\/ -->\n<title>Ga\u0161per Kralj: \u00bbDa bi o smrti pisal smrtno resno? Le kdo bi to bral?\u00ab - Hudo Slovenija<\/title>\n<meta name=\"robots\" content=\"index, follow, max-snippet:-1, max-image-preview:large, max-video-preview:-1\" \/>\n<link rel=\"canonical\" href=\"https:\/\/hudo.com\/si\/aktualno\/gasper-kralj-da-bi-o-smrti-pisal-smrtno-resno-le-kdo-bi-to-bral\/\" \/>\n<meta property=\"og:locale\" content=\"sl_SI\" \/>\n<meta property=\"og:type\" content=\"article\" \/>\n<meta property=\"og:title\" content=\"Ga\u0161per Kralj: \u00bbDa bi o smrti pisal smrtno resno? Le kdo bi to bral?\u00ab - Hudo Slovenija\" \/>\n<meta property=\"og:description\" content=\"Kategorija: Knjiga Tue, 20 Jun 2017 12:00:00 +0200 O Ga\u0161perju Kralju, avtorju \u00bbvisoko artikuliranega romanesknega prvenca\u00ab, \u00bbmo\u010dnega in prepri\u010dljivega prvenca, kot jih je malo, s sve\u017eim pogledom na ve\u010dno aktualno temo\u00ab, ne vemo veliko. Znano je, da je doktoriral iz socialne antropologije, da je avtor monografije Izginuli in vrnjeni in da ne \u017eivi tu. Gospod Kralj, niste tu, ampak tam, v Kataloniji. Kaj po\u010dnete, kako je naneslo, da ste \u0161li tja? Bilo je nekje sredi \u0161panske nepremi\u010dninske krize, ko sem spoznal Katalonko, ki me je povabila na obisk. \u010ce lahko kam postavim za\u010detek te zgodbe, bi ga uvrstil v trenutek, ko sem vstopil v njeno knji\u017enico, ki gleda na morje. Nekateri se ob podobnih sre\u010danjih zaprejo v spalnico, midva sva se v knji\u017enico. In tako so izpuhteli dnevi, tedni, meseci; \u010dez dan branje, zve\u010der sprehodi in debate ob\u00a0...\" \/>\n<meta property=\"og:url\" content=\"https:\/\/hudo.com\/si\/aktualno\/gasper-kralj-da-bi-o-smrti-pisal-smrtno-resno-le-kdo-bi-to-bral\/\" \/>\n<meta property=\"og:site_name\" content=\"Hudo Slovenija\" \/>\n<meta property=\"article:publisher\" content=\"https:\/\/www.facebook.com\/hudo.si\" \/>\n<meta property=\"article:published_time\" content=\"2017-06-20T08:00:00+00:00\" \/>\n<meta property=\"og:image\" content=\"https:\/\/hudo.com\/si\/wp-content\/uploads\/sites\/2\/2017\/06\/480x290_gasper-kralj-fotka.jpeg\" \/>\n\t<meta property=\"og:image:width\" content=\"480\" \/>\n\t<meta property=\"og:image:height\" content=\"290\" \/>\n\t<meta property=\"og:image:type\" content=\"image\/jpeg\" \/>\n<meta name=\"author\" content=\"hudo\" \/>\n<meta name=\"twitter:card\" content=\"summary_large_image\" \/>\n<meta name=\"twitter:creator\" content=\"@hudo_si\" \/>\n<meta name=\"twitter:site\" content=\"@hudo_si\" \/>\n<meta name=\"twitter:label1\" content=\"Written by\" \/>\n\t<meta name=\"twitter:data1\" content=\"hudo\" \/>\n\t<meta name=\"twitter:label2\" content=\"Est. reading time\" \/>\n\t<meta name=\"twitter:data2\" content=\"1 minuta\" \/>\n<script type=\"application\/ld+json\" class=\"yoast-schema-graph\">{\"@context\":\"https:\/\/schema.org\",\"@graph\":[{\"@type\":\"Article\",\"@id\":\"https:\/\/hudo.com\/si\/aktualno\/gasper-kralj-da-bi-o-smrti-pisal-smrtno-resno-le-kdo-bi-to-bral\/#article\",\"isPartOf\":{\"@id\":\"https:\/\/hudo.com\/si\/aktualno\/gasper-kralj-da-bi-o-smrti-pisal-smrtno-resno-le-kdo-bi-to-bral\/\"},\"author\":{\"name\":\"hudo\",\"@id\":\"https:\/\/hudo.com\/si\/#\/schema\/person\/601cf3379633985b20f7e50f2bb47707\"},\"headline\":\"Ga\u0161per Kralj: \u00bbDa bi o smrti pisal smrtno resno? Le kdo bi to bral?\u00ab\",\"datePublished\":\"2017-06-20T08:00:00+00:00\",\"dateModified\":\"2017-06-20T08:00:00+00:00\",\"mainEntityOfPage\":{\"@id\":\"https:\/\/hudo.com\/si\/aktualno\/gasper-kralj-da-bi-o-smrti-pisal-smrtno-resno-le-kdo-bi-to-bral\/\"},\"wordCount\":161,\"publisher\":{\"@id\":\"https:\/\/hudo.com\/si\/#organization\"},\"articleSection\":[\"Aktualno\"],\"inLanguage\":\"sl-SI\"},{\"@type\":\"WebPage\",\"@id\":\"https:\/\/hudo.com\/si\/aktualno\/gasper-kralj-da-bi-o-smrti-pisal-smrtno-resno-le-kdo-bi-to-bral\/\",\"url\":\"https:\/\/hudo.com\/si\/aktualno\/gasper-kralj-da-bi-o-smrti-pisal-smrtno-resno-le-kdo-bi-to-bral\/\",\"name\":\"Ga\u0161per Kralj: \u00bbDa bi o smrti pisal smrtno resno? Le kdo bi to bral?\u00ab - Hudo Slovenija\",\"isPartOf\":{\"@id\":\"https:\/\/hudo.com\/si\/#website\"},\"datePublished\":\"2017-06-20T08:00:00+00:00\",\"dateModified\":\"2017-06-20T08:00:00+00:00\",\"breadcrumb\":{\"@id\":\"https:\/\/hudo.com\/si\/aktualno\/gasper-kralj-da-bi-o-smrti-pisal-smrtno-resno-le-kdo-bi-to-bral\/#breadcrumb\"},\"inLanguage\":\"sl-SI\",\"potentialAction\":[{\"@type\":\"ReadAction\",\"target\":[\"https:\/\/hudo.com\/si\/aktualno\/gasper-kralj-da-bi-o-smrti-pisal-smrtno-resno-le-kdo-bi-to-bral\/\"]}]},{\"@type\":\"BreadcrumbList\",\"@id\":\"https:\/\/hudo.com\/si\/aktualno\/gasper-kralj-da-bi-o-smrti-pisal-smrtno-resno-le-kdo-bi-to-bral\/#breadcrumb\",\"itemListElement\":[{\"@type\":\"ListItem\",\"position\":1,\"name\":\"Home\",\"item\":\"https:\/\/hudo.com\/si\/\"},{\"@type\":\"ListItem\",\"position\":2,\"name\":\"Ga\u0161per Kralj: \u00bbDa bi o smrti pisal smrtno resno? Le kdo bi to bral?\u00ab\"}]},{\"@type\":\"WebSite\",\"@id\":\"https:\/\/hudo.com\/si\/#website\",\"url\":\"https:\/\/hudo.com\/si\/\",\"name\":\"Hudo Slovenija\",\"description\":\"Vse novice iz Slovenije in sveta\",\"publisher\":{\"@id\":\"https:\/\/hudo.com\/si\/#organization\"},\"potentialAction\":[{\"@type\":\"SearchAction\",\"target\":{\"@type\":\"EntryPoint\",\"urlTemplate\":\"https:\/\/hudo.com\/si\/?s={search_term_string}\"},\"query-input\":\"required name=search_term_string\"}],\"inLanguage\":\"sl-SI\"},{\"@type\":\"Organization\",\"@id\":\"https:\/\/hudo.com\/si\/#organization\",\"name\":\"VSN Media\",\"url\":\"https:\/\/hudo.com\/si\/\",\"logo\":{\"@type\":\"ImageObject\",\"inLanguage\":\"sl-SI\",\"@id\":\"https:\/\/hudo.com\/si\/#\/schema\/logo\/image\/\",\"url\":\"https:\/\/hudo.com\/si\/wp-content\/uploads\/sites\/2\/2021\/03\/hudo-app-2.png\",\"contentUrl\":\"https:\/\/hudo.com\/si\/wp-content\/uploads\/sites\/2\/2021\/03\/hudo-app-2.png\",\"width\":2185,\"height\":2167,\"caption\":\"VSN Media\"},\"image\":{\"@id\":\"https:\/\/hudo.com\/si\/#\/schema\/logo\/image\/\"},\"sameAs\":[\"https:\/\/www.facebook.com\/hudo.si\",\"https:\/\/twitter.com\/hudo_si\"]},{\"@type\":\"Person\",\"@id\":\"https:\/\/hudo.com\/si\/#\/schema\/person\/601cf3379633985b20f7e50f2bb47707\",\"name\":\"hudo\",\"image\":{\"@type\":\"ImageObject\",\"inLanguage\":\"sl-SI\",\"@id\":\"https:\/\/hudo.com\/si\/#\/schema\/person\/image\/\",\"url\":\"https:\/\/secure.gravatar.com\/avatar\/c4ca25fa72cace7a696b52ff5db9e095?s=96&d=mm&r=g\",\"contentUrl\":\"https:\/\/secure.gravatar.com\/avatar\/c4ca25fa72cace7a696b52ff5db9e095?s=96&d=mm&r=g\",\"caption\":\"hudo\"},\"url\":\"https:\/\/hudo.com\/si\/author\/hudo\/\"}]}<\/script>\n<!-- \/ Yoast SEO plugin. -->","yoast_head_json":{"title":"Ga\u0161per Kralj: \u00bbDa bi o smrti pisal smrtno resno? Le kdo bi to bral?\u00ab - Hudo Slovenija","robots":{"index":"index","follow":"follow","max-snippet":"max-snippet:-1","max-image-preview":"max-image-preview:large","max-video-preview":"max-video-preview:-1"},"canonical":"https:\/\/hudo.com\/si\/aktualno\/gasper-kralj-da-bi-o-smrti-pisal-smrtno-resno-le-kdo-bi-to-bral\/","og_locale":"sl_SI","og_type":"article","og_title":"Ga\u0161per Kralj: \u00bbDa bi o smrti pisal smrtno resno? Le kdo bi to bral?\u00ab - Hudo Slovenija","og_description":"Kategorija: Knjiga Tue, 20 Jun 2017 12:00:00 +0200 O Ga\u0161perju Kralju, avtorju \u00bbvisoko artikuliranega romanesknega prvenca\u00ab, \u00bbmo\u010dnega in prepri\u010dljivega prvenca, kot jih je malo, s sve\u017eim pogledom na ve\u010dno aktualno temo\u00ab, ne vemo veliko. Znano je, da je doktoriral iz socialne antropologije, da je avtor monografije Izginuli in vrnjeni in da ne \u017eivi tu. Gospod Kralj, niste tu, ampak tam, v Kataloniji. Kaj po\u010dnete, kako je naneslo, da ste \u0161li tja? Bilo je nekje sredi \u0161panske nepremi\u010dninske krize, ko sem spoznal Katalonko, ki me je povabila na obisk. \u010ce lahko kam postavim za\u010detek te zgodbe, bi ga uvrstil v trenutek, ko sem vstopil v njeno knji\u017enico, ki gleda na morje. Nekateri se ob podobnih sre\u010danjih zaprejo v spalnico, midva sva se v knji\u017enico. In tako so izpuhteli dnevi, tedni, meseci; \u010dez dan branje, zve\u010der sprehodi in debate ob\u00a0...","og_url":"https:\/\/hudo.com\/si\/aktualno\/gasper-kralj-da-bi-o-smrti-pisal-smrtno-resno-le-kdo-bi-to-bral\/","og_site_name":"Hudo Slovenija","article_publisher":"https:\/\/www.facebook.com\/hudo.si","article_published_time":"2017-06-20T08:00:00+00:00","og_image":[{"width":480,"height":290,"url":"https:\/\/hudo.com\/si\/wp-content\/uploads\/sites\/2\/2017\/06\/480x290_gasper-kralj-fotka.jpeg","type":"image\/jpeg"}],"author":"hudo","twitter_card":"summary_large_image","twitter_creator":"@hudo_si","twitter_site":"@hudo_si","twitter_misc":{"Written by":"hudo","Est. reading time":"1 minuta"},"schema":{"@context":"https:\/\/schema.org","@graph":[{"@type":"Article","@id":"https:\/\/hudo.com\/si\/aktualno\/gasper-kralj-da-bi-o-smrti-pisal-smrtno-resno-le-kdo-bi-to-bral\/#article","isPartOf":{"@id":"https:\/\/hudo.com\/si\/aktualno\/gasper-kralj-da-bi-o-smrti-pisal-smrtno-resno-le-kdo-bi-to-bral\/"},"author":{"name":"hudo","@id":"https:\/\/hudo.com\/si\/#\/schema\/person\/601cf3379633985b20f7e50f2bb47707"},"headline":"Ga\u0161per Kralj: \u00bbDa bi o smrti pisal smrtno resno? Le kdo bi to bral?\u00ab","datePublished":"2017-06-20T08:00:00+00:00","dateModified":"2017-06-20T08:00:00+00:00","mainEntityOfPage":{"@id":"https:\/\/hudo.com\/si\/aktualno\/gasper-kralj-da-bi-o-smrti-pisal-smrtno-resno-le-kdo-bi-to-bral\/"},"wordCount":161,"publisher":{"@id":"https:\/\/hudo.com\/si\/#organization"},"articleSection":["Aktualno"],"inLanguage":"sl-SI"},{"@type":"WebPage","@id":"https:\/\/hudo.com\/si\/aktualno\/gasper-kralj-da-bi-o-smrti-pisal-smrtno-resno-le-kdo-bi-to-bral\/","url":"https:\/\/hudo.com\/si\/aktualno\/gasper-kralj-da-bi-o-smrti-pisal-smrtno-resno-le-kdo-bi-to-bral\/","name":"Ga\u0161per Kralj: \u00bbDa bi o smrti pisal smrtno resno? Le kdo bi to bral?\u00ab - Hudo Slovenija","isPartOf":{"@id":"https:\/\/hudo.com\/si\/#website"},"datePublished":"2017-06-20T08:00:00+00:00","dateModified":"2017-06-20T08:00:00+00:00","breadcrumb":{"@id":"https:\/\/hudo.com\/si\/aktualno\/gasper-kralj-da-bi-o-smrti-pisal-smrtno-resno-le-kdo-bi-to-bral\/#breadcrumb"},"inLanguage":"sl-SI","potentialAction":[{"@type":"ReadAction","target":["https:\/\/hudo.com\/si\/aktualno\/gasper-kralj-da-bi-o-smrti-pisal-smrtno-resno-le-kdo-bi-to-bral\/"]}]},{"@type":"BreadcrumbList","@id":"https:\/\/hudo.com\/si\/aktualno\/gasper-kralj-da-bi-o-smrti-pisal-smrtno-resno-le-kdo-bi-to-bral\/#breadcrumb","itemListElement":[{"@type":"ListItem","position":1,"name":"Home","item":"https:\/\/hudo.com\/si\/"},{"@type":"ListItem","position":2,"name":"Ga\u0161per Kralj: \u00bbDa bi o smrti pisal smrtno resno? Le kdo bi to bral?\u00ab"}]},{"@type":"WebSite","@id":"https:\/\/hudo.com\/si\/#website","url":"https:\/\/hudo.com\/si\/","name":"Hudo Slovenija","description":"Vse novice iz Slovenije in sveta","publisher":{"@id":"https:\/\/hudo.com\/si\/#organization"},"potentialAction":[{"@type":"SearchAction","target":{"@type":"EntryPoint","urlTemplate":"https:\/\/hudo.com\/si\/?s={search_term_string}"},"query-input":"required name=search_term_string"}],"inLanguage":"sl-SI"},{"@type":"Organization","@id":"https:\/\/hudo.com\/si\/#organization","name":"VSN Media","url":"https:\/\/hudo.com\/si\/","logo":{"@type":"ImageObject","inLanguage":"sl-SI","@id":"https:\/\/hudo.com\/si\/#\/schema\/logo\/image\/","url":"https:\/\/hudo.com\/si\/wp-content\/uploads\/sites\/2\/2021\/03\/hudo-app-2.png","contentUrl":"https:\/\/hudo.com\/si\/wp-content\/uploads\/sites\/2\/2021\/03\/hudo-app-2.png","width":2185,"height":2167,"caption":"VSN Media"},"image":{"@id":"https:\/\/hudo.com\/si\/#\/schema\/logo\/image\/"},"sameAs":["https:\/\/www.facebook.com\/hudo.si","https:\/\/twitter.com\/hudo_si"]},{"@type":"Person","@id":"https:\/\/hudo.com\/si\/#\/schema\/person\/601cf3379633985b20f7e50f2bb47707","name":"hudo","image":{"@type":"ImageObject","inLanguage":"sl-SI","@id":"https:\/\/hudo.com\/si\/#\/schema\/person\/image\/","url":"https:\/\/secure.gravatar.com\/avatar\/c4ca25fa72cace7a696b52ff5db9e095?s=96&d=mm&r=g","contentUrl":"https:\/\/secure.gravatar.com\/avatar\/c4ca25fa72cace7a696b52ff5db9e095?s=96&d=mm&r=g","caption":"hudo"},"url":"https:\/\/hudo.com\/si\/author\/hudo\/"}]}},"amp_enabled":true,"_links":{"self":[{"href":"https:\/\/hudo.com\/si\/wp-json\/wp\/v2\/posts\/268596"}],"collection":[{"href":"https:\/\/hudo.com\/si\/wp-json\/wp\/v2\/posts"}],"about":[{"href":"https:\/\/hudo.com\/si\/wp-json\/wp\/v2\/types\/post"}],"author":[{"embeddable":true,"href":"https:\/\/hudo.com\/si\/wp-json\/wp\/v2\/users\/1"}],"replies":[{"embeddable":true,"href":"https:\/\/hudo.com\/si\/wp-json\/wp\/v2\/comments?post=268596"}],"version-history":[{"count":0,"href":"https:\/\/hudo.com\/si\/wp-json\/wp\/v2\/posts\/268596\/revisions"}],"wp:attachment":[{"href":"https:\/\/hudo.com\/si\/wp-json\/wp\/v2\/media?parent=268596"}],"wp:term":[{"taxonomy":"category","embeddable":true,"href":"https:\/\/hudo.com\/si\/wp-json\/wp\/v2\/categories?post=268596"},{"taxonomy":"post_tag","embeddable":true,"href":"https:\/\/hudo.com\/si\/wp-json\/wp\/v2\/tags?post=268596"},{"taxonomy":"source","embeddable":true,"href":"https:\/\/hudo.com\/si\/wp-json\/wp\/v2\/source?post=268596"},{"taxonomy":"supertag","embeddable":true,"href":"https:\/\/hudo.com\/si\/wp-json\/wp\/v2\/supertag?post=268596"}],"curies":[{"name":"wp","href":"https:\/\/api.w.org\/{rel}","templated":true}]}}